{"id":3865,"date":"2025-05-05T11:40:55","date_gmt":"2025-05-05T15:40:55","guid":{"rendered":"https:\/\/gobierno.udd.cl\/cips\/?p=3865"},"modified":"2025-05-06T11:41:53","modified_gmt":"2025-05-06T15:41:53","slug":"radio-agricultura-paula-daza-se-refiere-a-la-campana-de-invierno","status":"publish","type":"post","link":"https:\/\/gobierno.udd.cl\/cips\/2025\/05\/05\/radio-agricultura-paula-daza-se-refiere-a-la-campana-de-invierno\/","title":{"rendered":"Radio Agricultura | Paula Daza se refiere a la campa\u00f1a de invierno"},"content":{"rendered":"\n<p>La directora ejecutiva de CIPS-UDD, Paula Daza, habl\u00f3 para Radio Agricultura sobre el aumento registrado en los casos de virus respiratorios, alcanzando su pico a inicios de mayo. La campa\u00f1a de vacunaci\u00f3n, que comenz\u00f3 hace m\u00e1s de dos meses, se adelant\u00f3 debido a la preocupante situaci\u00f3n en Estados Unidos, donde se reportaron 37 millones de contagios y 21,000 muertes.<\/p>\n\n\n\n<p>Hasta ahora, m\u00e1s del 60% de los grupos objetivos, es decir, m\u00e1s de seis millones de personas, han recibido la vacuna contra la influenza, lo que ofrece un panorama esperanzador, aunque las autoridades siguen alertas ante la circulaci\u00f3n temprana de virus respiratorios.<\/p>\n\n\n\n<figure class=\"wp-block-embed is-type-rich is-provider-gestor-del-servicio wp-block-embed-gestor-del-servicio\"><div class=\"wp-block-embed__wrapper\">\n<audio class=\"wp-audio-shortcode\" id=\"audio-3865-1\" preload=\"none\" style=\"width: 100%;\" controls=\"controls\"><source type=\"audio\/mpeg\" src=\"https:\/\/conectamedia.s3.amazonaws.com\/cuos_ff4b838a-8a3b-4bcd-8e07-4918855235b9.mp3?_=1\" \/><a href=\"https:\/\/conectamedia.s3.amazonaws.com\/cuos_ff4b838a-8a3b-4bcd-8e07-4918855235b9.mp3\">https:\/\/conectamedia.s3.amazonaws.com\/cuos_ff4b838a-8a3b-4bcd-8e07-4918855235b9.mp3<\/a><\/audio>\n<\/div><\/figure>\n","protected":false},"excerpt":{"rendered":"<p>La directora ejecutiva de CIPS-UDD, Paula Daza, habl\u00f3 para Radio Agricultura sobre el aumento registrado en los casos de virus respiratorios, alcanzando su pico a inicios de mayo. La campa\u00f1a de vacunaci\u00f3n, que comenz\u00f3 hace m\u00e1s de dos meses, se adelant\u00f3 debido a la preocupante situaci\u00f3n en Estados Unidos, donde se reportaron 37 millones de [&hellip;]<\/p>\n","protected":false},"author":9192240,"featured_media":1701,"comment_status":"closed","ping_status":"open","sticky":false,"template":"","format":"standard","meta":{"footnotes":""},"categories":[4],"tags":[],"class_list":["post-3865","post","type-post","status-publish","format-standard","has-post-thumbnail","hentry","category-cips-en-la-prensa"],"yoast_head":"<!-- This site is optimized with the Yoast SEO plugin v26.9 - https:\/\/yoast.com\/product\/yoast-seo-wordpress\/ -->\n<title>Radio Agricultura | Paula Daza se refiere a la campa\u00f1a de invierno - Centro de Pol\u00edticas P\u00fablicas e Innovaci\u00f3n en Salud<\/title>\n<meta name=\"robots\" content=\"index, follow, max-snippet:-1, max-image-preview:large, max-video-preview:-1\" \/>\n<link rel=\"canonical\" href=\"https:\/\/gobierno.udd.cl\/cips\/2025\/05\/05\/radio-agricultura-paula-daza-se-refiere-a-la-campana-de-invierno\/\" \/>\n<meta property=\"og:locale\" content=\"es_ES\" \/>\n<meta property=\"og:type\" content=\"article\" \/>\n<meta property=\"og:title\" content=\"Radio Agricultura | Paula Daza se refiere a la campa\u00f1a de invierno - Centro de Pol\u00edticas P\u00fablicas e Innovaci\u00f3n en Salud\" \/>\n<meta property=\"og:description\" content=\"La directora ejecutiva de CIPS-UDD, Paula Daza, habl\u00f3 para Radio Agricultura sobre el aumento registrado en los casos de virus respiratorios, alcanzando su pico a inicios de mayo. La campa\u00f1a de vacunaci\u00f3n, que comenz\u00f3 hace m\u00e1s de dos meses, se adelant\u00f3 debido a la preocupante situaci\u00f3n en Estados Unidos, donde se reportaron 37 millones de [&hellip;]\" \/>\n<meta property=\"og:url\" content=\"https:\/\/gobierno.udd.cl\/cips\/2025\/05\/05\/radio-agricultura-paula-daza-se-refiere-a-la-campana-de-invierno\/\" \/>\n<meta property=\"og:site_name\" content=\"Centro de Pol\u00edticas P\u00fablicas e Innovaci\u00f3n en Salud\" \/>\n<meta property=\"article:publisher\" content=\"https:\/\/www.facebook.com\/CIPS.UDD\" \/>\n<meta property=\"article:published_time\" content=\"2025-05-05T15:40:55+00:00\" \/>\n<meta property=\"article:modified_time\" content=\"2025-05-06T15:41:53+00:00\" \/>\n<meta property=\"og:image\" content=\"https:\/\/gobierno.udd.cl\/cips\/files\/2023\/11\/biobio-paula-daza-1.png\" \/>\n\t<meta property=\"og:image:width\" content=\"519\" \/>\n\t<meta property=\"og:image:height\" content=\"507\" \/>\n\t<meta property=\"og:image:type\" content=\"image\/png\" \/>\n<meta name=\"author\" content=\"claudiagodia\" \/>\n<meta name=\"twitter:card\" content=\"summary_large_image\" \/>\n<meta name=\"twitter:creator\" content=\"@CIPS_UDD\" \/>\n<meta name=\"twitter:site\" content=\"@CIPS_UDD\" \/>\n<meta name=\"twitter:label1\" content=\"Escrito por\" \/>\n\t<meta name=\"twitter:data1\" content=\"claudiagodia\" \/>\n\t<meta name=\"twitter:label2\" content=\"Tiempo de lectura\" \/>\n\t<meta name=\"twitter:data2\" content=\"1 minuto\" \/>\n<script type=\"application\/ld+json\" class=\"yoast-schema-graph\">{\"@context\":\"https:\/\/schema.org\",\"@graph\":[{\"@type\":\"Article\",\"@id\":\"https:\/\/gobierno.udd.cl\/cips\/2025\/05\/05\/radio-agricultura-paula-daza-se-refiere-a-la-campana-de-invierno\/#article\",\"isPartOf\":{\"@id\":\"https:\/\/gobierno.udd.cl\/cips\/2025\/05\/05\/radio-agricultura-paula-daza-se-refiere-a-la-campana-de-invierno\/\"},\"author\":{\"name\":\"claudiagodia\",\"@id\":\"https:\/\/gobierno.udd.cl\/cips\/#\/schema\/person\/a34b5db7e59307019967393aeeca7130\"},\"headline\":\"Radio Agricultura | Paula Daza se refiere a la campa\u00f1a de invierno\",\"datePublished\":\"2025-05-05T15:40:55+00:00\",\"dateModified\":\"2025-05-06T15:41:53+00:00\",\"mainEntityOfPage\":{\"@id\":\"https:\/\/gobierno.udd.cl\/cips\/2025\/05\/05\/radio-agricultura-paula-daza-se-refiere-a-la-campana-de-invierno\/\"},\"wordCount\":133,\"image\":{\"@id\":\"https:\/\/gobierno.udd.cl\/cips\/2025\/05\/05\/radio-agricultura-paula-daza-se-refiere-a-la-campana-de-invierno\/#primaryimage\"},\"thumbnailUrl\":\"https:\/\/gobierno.udd.cl\/cips\/files\/2023\/11\/biobio-paula-daza-1.png\",\"articleSection\":[\"CIPS en la prensa\"],\"inLanguage\":\"es\"},{\"@type\":\"WebPage\",\"@id\":\"https:\/\/gobierno.udd.cl\/cips\/2025\/05\/05\/radio-agricultura-paula-daza-se-refiere-a-la-campana-de-invierno\/\",\"url\":\"https:\/\/gobierno.udd.cl\/cips\/2025\/05\/05\/radio-agricultura-paula-daza-se-refiere-a-la-campana-de-invierno\/\",\"name\":\"Radio Agricultura | Paula Daza se refiere a la campa\u00f1a de invierno - Centro de Pol\u00edticas P\u00fablicas e Innovaci\u00f3n en Salud\",\"isPartOf\":{\"@id\":\"https:\/\/gobierno.udd.cl\/cips\/#website\"},\"primaryImageOfPage\":{\"@id\":\"https:\/\/gobierno.udd.cl\/cips\/2025\/05\/05\/radio-agricultura-paula-daza-se-refiere-a-la-campana-de-invierno\/#primaryimage\"},\"image\":{\"@id\":\"https:\/\/gobierno.udd.cl\/cips\/2025\/05\/05\/radio-agricultura-paula-daza-se-refiere-a-la-campana-de-invierno\/#primaryimage\"},\"thumbnailUrl\":\"https:\/\/gobierno.udd.cl\/cips\/files\/2023\/11\/biobio-paula-daza-1.png\",\"datePublished\":\"2025-05-05T15:40:55+00:00\",\"dateModified\":\"2025-05-06T15:41:53+00:00\",\"author\":{\"@id\":\"https:\/\/gobierno.udd.cl\/cips\/#\/schema\/person\/a34b5db7e59307019967393aeeca7130\"},\"breadcrumb\":{\"@id\":\"https:\/\/gobierno.udd.cl\/cips\/2025\/05\/05\/radio-agricultura-paula-daza-se-refiere-a-la-campana-de-invierno\/#breadcrumb\"},\"inLanguage\":\"es\",\"potentialAction\":[{\"@type\":\"ReadAction\",\"target\":[\"https:\/\/gobierno.udd.cl\/cips\/2025\/05\/05\/radio-agricultura-paula-daza-se-refiere-a-la-campana-de-invierno\/\"]}]},{\"@type\":\"ImageObject\",\"inLanguage\":\"es\",\"@id\":\"https:\/\/gobierno.udd.cl\/cips\/2025\/05\/05\/radio-agricultura-paula-daza-se-refiere-a-la-campana-de-invierno\/#primaryimage\",\"url\":\"https:\/\/gobierno.udd.cl\/cips\/files\/2023\/11\/biobio-paula-daza-1.png\",\"contentUrl\":\"https:\/\/gobierno.udd.cl\/cips\/files\/2023\/11\/biobio-paula-daza-1.png\",\"width\":519,\"height\":507},{\"@type\":\"BreadcrumbList\",\"@id\":\"https:\/\/gobierno.udd.cl\/cips\/2025\/05\/05\/radio-agricultura-paula-daza-se-refiere-a-la-campana-de-invierno\/#breadcrumb\",\"itemListElement\":[{\"@type\":\"ListItem\",\"position\":1,\"name\":\"Portada\",\"item\":\"https:\/\/gobierno.udd.cl\/cips\/\"},{\"@type\":\"ListItem\",\"position\":2,\"name\":\"Radio Agricultura | Paula Daza se refiere a la campa\u00f1a de invierno\"}]},{\"@type\":\"WebSite\",\"@id\":\"https:\/\/gobierno.udd.cl\/cips\/#website\",\"url\":\"https:\/\/gobierno.udd.cl\/cips\/\",\"name\":\"Centro de Pol\u00edticas P\u00fablicas e Innovaci\u00f3n en Salud\",\"description\":\"CIPS-UDD\",\"inLanguage\":\"es\"},{\"@type\":\"Person\",\"@id\":\"https:\/\/gobierno.udd.cl\/cips\/#\/schema\/person\/a34b5db7e59307019967393aeeca7130\",\"name\":\"claudiagodia\",\"image\":{\"@type\":\"ImageObject\",\"inLanguage\":\"es\",\"@id\":\"https:\/\/gobierno.udd.cl\/cips\/#\/schema\/person\/image\/\",\"url\":\"https:\/\/secure.gravatar.com\/avatar\/c7c585f20c9cd5b1fc8956abfd060f1af449288eb4e630466a5a53a84641a9ca?s=96&d=mm&r=g\",\"contentUrl\":\"https:\/\/secure.gravatar.com\/avatar\/c7c585f20c9cd5b1fc8956abfd060f1af449288eb4e630466a5a53a84641a9ca?s=96&d=mm&r=g\",\"caption\":\"claudiagodia\"},\"url\":\"https:\/\/gobierno.udd.cl\/cips\/author\/claudiagodia\/\"}]}<\/script>\n<!-- \/ Yoast SEO plugin. -->","yoast_head_json":{"title":"Radio Agricultura | Paula Daza se refiere a la campa\u00f1a de invierno - Centro de Pol\u00edticas P\u00fablicas e Innovaci\u00f3n en Salud","robots":{"index":"index","follow":"follow","max-snippet":"max-snippet:-1","max-image-preview":"max-image-preview:large","max-video-preview":"max-video-preview:-1"},"canonical":"https:\/\/gobierno.udd.cl\/cips\/2025\/05\/05\/radio-agricultura-paula-daza-se-refiere-a-la-campana-de-invierno\/","og_locale":"es_ES","og_type":"article","og_title":"Radio Agricultura | Paula Daza se refiere a la campa\u00f1a de invierno - Centro de Pol\u00edticas P\u00fablicas e Innovaci\u00f3n en Salud","og_description":"La directora ejecutiva de CIPS-UDD, Paula Daza, habl\u00f3 para Radio Agricultura sobre el aumento registrado en los casos de virus respiratorios, alcanzando su pico a inicios de mayo. La campa\u00f1a de vacunaci\u00f3n, que comenz\u00f3 hace m\u00e1s de dos meses, se adelant\u00f3 debido a la preocupante situaci\u00f3n en Estados Unidos, donde se reportaron 37 millones de [&hellip;]","og_url":"https:\/\/gobierno.udd.cl\/cips\/2025\/05\/05\/radio-agricultura-paula-daza-se-refiere-a-la-campana-de-invierno\/","og_site_name":"Centro de Pol\u00edticas P\u00fablicas e Innovaci\u00f3n en Salud","article_publisher":"https:\/\/www.facebook.com\/CIPS.UDD","article_published_time":"2025-05-05T15:40:55+00:00","article_modified_time":"2025-05-06T15:41:53+00:00","og_image":[{"width":519,"height":507,"url":"https:\/\/gobierno.udd.cl\/cips\/files\/2023\/11\/biobio-paula-daza-1.png","type":"image\/png"}],"author":"claudiagodia","twitter_card":"summary_large_image","twitter_creator":"@CIPS_UDD","twitter_site":"@CIPS_UDD","twitter_misc":{"Escrito por":"claudiagodia","Tiempo de lectura":"1 minuto"},"schema":{"@context":"https:\/\/schema.org","@graph":[{"@type":"Article","@id":"https:\/\/gobierno.udd.cl\/cips\/2025\/05\/05\/radio-agricultura-paula-daza-se-refiere-a-la-campana-de-invierno\/#article","isPartOf":{"@id":"https:\/\/gobierno.udd.cl\/cips\/2025\/05\/05\/radio-agricultura-paula-daza-se-refiere-a-la-campana-de-invierno\/"},"author":{"name":"claudiagodia","@id":"https:\/\/gobierno.udd.cl\/cips\/#\/schema\/person\/a34b5db7e59307019967393aeeca7130"},"headline":"Radio Agricultura | Paula Daza se refiere a la campa\u00f1a de invierno","datePublished":"2025-05-05T15:40:55+00:00","dateModified":"2025-05-06T15:41:53+00:00","mainEntityOfPage":{"@id":"https:\/\/gobierno.udd.cl\/cips\/2025\/05\/05\/radio-agricultura-paula-daza-se-refiere-a-la-campana-de-invierno\/"},"wordCount":133,"image":{"@id":"https:\/\/gobierno.udd.cl\/cips\/2025\/05\/05\/radio-agricultura-paula-daza-se-refiere-a-la-campana-de-invierno\/#primaryimage"},"thumbnailUrl":"https:\/\/gobierno.udd.cl\/cips\/files\/2023\/11\/biobio-paula-daza-1.png","articleSection":["CIPS en la prensa"],"inLanguage":"es"},{"@type":"WebPage","@id":"https:\/\/gobierno.udd.cl\/cips\/2025\/05\/05\/radio-agricultura-paula-daza-se-refiere-a-la-campana-de-invierno\/","url":"https:\/\/gobierno.udd.cl\/cips\/2025\/05\/05\/radio-agricultura-paula-daza-se-refiere-a-la-campana-de-invierno\/","name":"Radio Agricultura | Paula Daza se refiere a la campa\u00f1a de invierno - Centro de Pol\u00edticas P\u00fablicas e Innovaci\u00f3n en Salud","isPartOf":{"@id":"https:\/\/gobierno.udd.cl\/cips\/#website"},"primaryImageOfPage":{"@id":"https:\/\/gobierno.udd.cl\/cips\/2025\/05\/05\/radio-agricultura-paula-daza-se-refiere-a-la-campana-de-invierno\/#primaryimage"},"image":{"@id":"https:\/\/gobierno.udd.cl\/cips\/2025\/05\/05\/radio-agricultura-paula-daza-se-refiere-a-la-campana-de-invierno\/#primaryimage"},"thumbnailUrl":"https:\/\/gobierno.udd.cl\/cips\/files\/2023\/11\/biobio-paula-daza-1.png","datePublished":"2025-05-05T15:40:55+00:00","dateModified":"2025-05-06T15:41:53+00:00","author":{"@id":"https:\/\/gobierno.udd.cl\/cips\/#\/schema\/person\/a34b5db7e59307019967393aeeca7130"},"breadcrumb":{"@id":"https:\/\/gobierno.udd.cl\/cips\/2025\/05\/05\/radio-agricultura-paula-daza-se-refiere-a-la-campana-de-invierno\/#breadcrumb"},"inLanguage":"es","potentialAction":[{"@type":"ReadAction","target":["https:\/\/gobierno.udd.cl\/cips\/2025\/05\/05\/radio-agricultura-paula-daza-se-refiere-a-la-campana-de-invierno\/"]}]},{"@type":"ImageObject","inLanguage":"es","@id":"https:\/\/gobierno.udd.cl\/cips\/2025\/05\/05\/radio-agricultura-paula-daza-se-refiere-a-la-campana-de-invierno\/#primaryimage","url":"https:\/\/gobierno.udd.cl\/cips\/files\/2023\/11\/biobio-paula-daza-1.png","contentUrl":"https:\/\/gobierno.udd.cl\/cips\/files\/2023\/11\/biobio-paula-daza-1.png","width":519,"height":507},{"@type":"BreadcrumbList","@id":"https:\/\/gobierno.udd.cl\/cips\/2025\/05\/05\/radio-agricultura-paula-daza-se-refiere-a-la-campana-de-invierno\/#breadcrumb","itemListElement":[{"@type":"ListItem","position":1,"name":"Portada","item":"https:\/\/gobierno.udd.cl\/cips\/"},{"@type":"ListItem","position":2,"name":"Radio Agricultura | Paula Daza se refiere a la campa\u00f1a de invierno"}]},{"@type":"WebSite","@id":"https:\/\/gobierno.udd.cl\/cips\/#website","url":"https:\/\/gobierno.udd.cl\/cips\/","name":"Centro de Pol\u00edticas P\u00fablicas e Innovaci\u00f3n en Salud","description":"CIPS-UDD","inLanguage":"es"},{"@type":"Person","@id":"https:\/\/gobierno.udd.cl\/cips\/#\/schema\/person\/a34b5db7e59307019967393aeeca7130","name":"claudiagodia","image":{"@type":"ImageObject","inLanguage":"es","@id":"https:\/\/gobierno.udd.cl\/cips\/#\/schema\/person\/image\/","url":"https:\/\/secure.gravatar.com\/avatar\/c7c585f20c9cd5b1fc8956abfd060f1af449288eb4e630466a5a53a84641a9ca?s=96&d=mm&r=g","contentUrl":"https:\/\/secure.gravatar.com\/avatar\/c7c585f20c9cd5b1fc8956abfd060f1af449288eb4e630466a5a53a84641a9ca?s=96&d=mm&r=g","caption":"claudiagodia"},"url":"https:\/\/gobierno.udd.cl\/cips\/author\/claudiagodia\/"}]}},"featured_image_url":"https:\/\/gobierno.udd.cl\/cips\/files\/2023\/11\/biobio-paula-daza-1.png","_links":{"self":[{"href":"https:\/\/gobierno.udd.cl\/cips\/wp-json\/wp\/v2\/posts\/3865","targetHints":{"allow":["GET"]}}],"collection":[{"href":"https:\/\/gobierno.udd.cl\/cips\/wp-json\/wp\/v2\/posts"}],"about":[{"href":"https:\/\/gobierno.udd.cl\/cips\/wp-json\/wp\/v2\/types\/post"}],"author":[{"embeddable":true,"href":"https:\/\/gobierno.udd.cl\/cips\/wp-json\/wp\/v2\/users\/9192240"}],"replies":[{"embeddable":true,"href":"https:\/\/gobierno.udd.cl\/cips\/wp-json\/wp\/v2\/comments?post=3865"}],"version-history":[{"count":1,"href":"https:\/\/gobierno.udd.cl\/cips\/wp-json\/wp\/v2\/posts\/3865\/revisions"}],"predecessor-version":[{"id":3866,"href":"https:\/\/gobierno.udd.cl\/cips\/wp-json\/wp\/v2\/posts\/3865\/revisions\/3866"}],"wp:featuredmedia":[{"embeddable":true,"href":"https:\/\/gobierno.udd.cl\/cips\/wp-json\/wp\/v2\/media\/1701"}],"wp:attachment":[{"href":"https:\/\/gobierno.udd.cl\/cips\/wp-json\/wp\/v2\/media?parent=3865"}],"wp:term":[{"taxonomy":"category","embeddable":true,"href":"https:\/\/gobierno.udd.cl\/cips\/wp-json\/wp\/v2\/categories?post=3865"},{"taxonomy":"post_tag","embeddable":true,"href":"https:\/\/gobierno.udd.cl\/cips\/wp-json\/wp\/v2\/tags?post=3865"}],"curies":[{"name":"wp","href":"https:\/\/api.w.org\/{rel}","templated":true}]}}