{"id":3771,"date":"2025-03-26T14:30:56","date_gmt":"2025-03-26T17:30:56","guid":{"rendered":"https:\/\/gobierno.udd.cl\/cips\/?p=3771"},"modified":"2025-03-26T14:30:57","modified_gmt":"2025-03-26T17:30:57","slug":"cips-udd-lanza-visualizador-de-retrasos-ges-en-cancer","status":"publish","type":"post","link":"https:\/\/gobierno.udd.cl\/cips\/2025\/03\/26\/cips-udd-lanza-visualizador-de-retrasos-ges-en-cancer\/","title":{"rendered":"CIPS UDD lanza visualizador de retrasos GES en c\u00e1ncer"},"content":{"rendered":"\n<p><em>La herramienta permite buscar por regi\u00f3n, comuna, tipo de c\u00e1ncer y prestaci\u00f3n, entre otras variables. \u201cEs una gu\u00eda poderosa para tomadores de decisiones y medios de comunicaci\u00f3n\u201d, afirma Paula Daza, Directora Ejecutiva de CIPS UDD.<\/em><\/p>\n\n\n\n<p>\u00bfCu\u00e1l es la comuna con mayor cantidad de prestaciones GES retrasadas en c\u00e1ncer en 2024? \u00bfQu\u00e9 tipo de c\u00e1ncer son los m\u00e1s retrasados en cada una de las comunas del pa\u00eds? \u00bfCu\u00e1l es la regi\u00f3n que tienen m\u00e1s comunas con listas de espera en c\u00e1ncer de mama?, esta y un sinf\u00edn de preguntas en relaci\u00f3n a la lista de espera en c\u00e1ncer pueden ser resueltas a trav\u00e9s del visualizador de CIPS UDD.<\/p>\n\n\n\n<p>Esta herramienta contiene datos oficiales del Ministerio de Salud del a\u00f1o 2023 y 2024 y permite identificar por lugar y por tipo de c\u00e1ncer d\u00f3nde hay mayor o menor cantidad de retrasos GES de esta enfermedad.<\/p>\n\n\n\n<p><strong>\u201cPensamos este visualizador como una gu\u00eda poderosa para los tomadores de decisiones para que sepan c\u00f3mo y d\u00f3nde focalizar sus estrategias para reducir las listas de espera. Tambi\u00e9n es una fuente fidedigna y valiosa para los medios de comunicaci\u00f3n para mantener informados a la ciudadan\u00eda en pro de la transparencia\u201d<\/strong>, dice Paula Daza, Directora Ejecutiva de CIPS UDD.<\/p>\n\n\n\n<p><strong>C\u00f3mo funciona<\/strong><\/p>\n\n\n\n<p>Hay cuatro p\u00e1ginas distintas: Garant\u00edas de oportunidad de c\u00e1ncer vencidas a la fecha; garant\u00edas de oportunidad de c\u00e1ncer vencidas desde 2016 a 2024; garanticas de oportunidad de c\u00e1ncer vencidas por servicio y Garant\u00edas de oportunidad de c\u00e1ncer vencidas por comuna.&nbsp;&nbsp; Dentro de cada una de ellas, seg\u00fan lo que se quiere buscar se pueden realizar distintos cruces y filtros. Por ejemplo, si se quiere saber en los \u00faltimos ocho a\u00f1os los retrasos de c\u00e1ncer de mama en Los R\u00edos, se puede ir a las garant\u00edas vencidas entre 2006 y 2024 y se puede filtrar solo ese c\u00e1ncer y ver, incluso, por tipo de intervenci\u00f3n sanitaria (si es tratamiento, diagn\u00f3stico, etc).<\/p>\n\n\n\n<p>La informaci\u00f3n que muestra el visualizador es muy importante para los propios servicios de salud y seremis porque hay informaci\u00f3n regional. Por ejemplo, las regiones con mayor tasa de prestaciones GES asociadas a c\u00e1ncer atrasadas por cada 100.000 habitantes durante el cuarto trimestre de 2024 son Los R\u00edos, con 174,2, seguida de Tarapac\u00e1, con 141,8, y O\u2019Higgins, con 118,6. Luego se encuentran Biob\u00edo, con 107,9, y Araucan\u00eda, con 106,6.<\/p>\n\n\n\n<p><strong>\u00abCrear estrategias regionales focalizadas seg\u00fan tipo de c\u00e1ncer y prestaci\u00f3n es fundamental, y esto tiene que ser un trabajo colaborativo entre los distintos servicios de salud y los seremis, pero aqu\u00ed tambi\u00e9n es muy importante incorporar a la academia y la colaboraci\u00f3n privada\u201d<\/strong>, dice Daza.<\/p>\n\n\n\n<p><a href=\"https:\/\/app.powerbi.com\/view?r=eyJrIjoiNGYzM2FkNWItMDRlZC00M2M5LWI2NDAtZTlhMDk3MmM5MTY1IiwidCI6ImI1ZDc4OTI3LTI1ZDAtNDRhOS04MzcwLWQ4NmU1N2M3YmE5NiIsImMiOjR9\">\u00a1Conoce nuestro visualizador!<\/a><\/p>\n\n\n\n<p>Si lo usas para trabajos period\u00edsticos y\/o acad\u00e9micos te pedimos que pongas como fuente&nbsp;<strong>VISUALIZADOR CIPS-UDD.<\/strong><\/p>\n","protected":false},"excerpt":{"rendered":"<p>La herramienta permite buscar por regi\u00f3n, comuna, tipo de c\u00e1ncer y prestaci\u00f3n, entre otras variables. \u201cEs una gu\u00eda poderosa para tomadores de decisiones y medios de comunicaci\u00f3n\u201d, afirma Paula Daza, Directora Ejecutiva de CIPS UDD. \u00bfCu\u00e1l es la comuna con mayor cantidad de prestaciones GES retrasadas en c\u00e1ncer en 2024? \u00bfQu\u00e9 tipo de c\u00e1ncer son [&hellip;]<\/p>\n","protected":false},"author":9192240,"featured_media":3772,"comment_status":"closed","ping_status":"open","sticky":false,"template":"","format":"standard","meta":{"footnotes":""},"categories":[3],"tags":[],"class_list":["post-3771","post","type-post","status-publish","format-standard","has-post-thumbnail","hentry","category-noticias"],"yoast_head":"<!-- This site is optimized with the Yoast SEO plugin v26.9 - https:\/\/yoast.com\/product\/yoast-seo-wordpress\/ -->\n<title>CIPS UDD lanza visualizador de retrasos GES en c\u00e1ncer - Centro de Pol\u00edticas P\u00fablicas e Innovaci\u00f3n en Salud<\/title>\n<meta name=\"robots\" content=\"index, follow, max-snippet:-1, max-image-preview:large, max-video-preview:-1\" \/>\n<link rel=\"canonical\" href=\"https:\/\/gobierno.udd.cl\/cips\/2025\/03\/26\/cips-udd-lanza-visualizador-de-retrasos-ges-en-cancer\/\" \/>\n<meta property=\"og:locale\" content=\"es_ES\" \/>\n<meta property=\"og:type\" content=\"article\" \/>\n<meta property=\"og:title\" content=\"CIPS UDD lanza visualizador de retrasos GES en c\u00e1ncer - Centro de Pol\u00edticas P\u00fablicas e Innovaci\u00f3n en Salud\" \/>\n<meta property=\"og:description\" content=\"La herramienta permite buscar por regi\u00f3n, comuna, tipo de c\u00e1ncer y prestaci\u00f3n, entre otras variables. \u201cEs una gu\u00eda poderosa para tomadores de decisiones y medios de comunicaci\u00f3n\u201d, afirma Paula Daza, Directora Ejecutiva de CIPS UDD. \u00bfCu\u00e1l es la comuna con mayor cantidad de prestaciones GES retrasadas en c\u00e1ncer en 2024? \u00bfQu\u00e9 tipo de c\u00e1ncer son [&hellip;]\" \/>\n<meta property=\"og:url\" content=\"https:\/\/gobierno.udd.cl\/cips\/2025\/03\/26\/cips-udd-lanza-visualizador-de-retrasos-ges-en-cancer\/\" \/>\n<meta property=\"og:site_name\" content=\"Centro de Pol\u00edticas P\u00fablicas e Innovaci\u00f3n en Salud\" \/>\n<meta property=\"article:publisher\" content=\"https:\/\/www.facebook.com\/CIPS.UDD\" \/>\n<meta property=\"article:published_time\" content=\"2025-03-26T17:30:56+00:00\" \/>\n<meta property=\"article:modified_time\" content=\"2025-03-26T17:30:57+00:00\" \/>\n<meta property=\"og:image\" content=\"https:\/\/gobierno.udd.cl\/cips\/files\/2025\/03\/istock-1485546577.jpg\" \/>\n\t<meta property=\"og:image:width\" content=\"970\" \/>\n\t<meta property=\"og:image:height\" content=\"648\" \/>\n\t<meta property=\"og:image:type\" content=\"image\/jpeg\" \/>\n<meta name=\"author\" content=\"claudiagodia\" \/>\n<meta name=\"twitter:card\" content=\"summary_large_image\" \/>\n<meta name=\"twitter:creator\" content=\"@CIPS_UDD\" \/>\n<meta name=\"twitter:site\" content=\"@CIPS_UDD\" \/>\n<meta name=\"twitter:label1\" content=\"Escrito por\" \/>\n\t<meta name=\"twitter:data1\" content=\"claudiagodia\" \/>\n\t<meta name=\"twitter:label2\" content=\"Tiempo de lectura\" \/>\n\t<meta name=\"twitter:data2\" content=\"3 minutos\" \/>\n<script type=\"application\/ld+json\" class=\"yoast-schema-graph\">{\"@context\":\"https:\/\/schema.org\",\"@graph\":[{\"@type\":\"Article\",\"@id\":\"https:\/\/gobierno.udd.cl\/cips\/2025\/03\/26\/cips-udd-lanza-visualizador-de-retrasos-ges-en-cancer\/#article\",\"isPartOf\":{\"@id\":\"https:\/\/gobierno.udd.cl\/cips\/2025\/03\/26\/cips-udd-lanza-visualizador-de-retrasos-ges-en-cancer\/\"},\"author\":{\"name\":\"claudiagodia\",\"@id\":\"https:\/\/gobierno.udd.cl\/cips\/#\/schema\/person\/a34b5db7e59307019967393aeeca7130\"},\"headline\":\"CIPS UDD lanza visualizador de retrasos GES en c\u00e1ncer\",\"datePublished\":\"2025-03-26T17:30:56+00:00\",\"dateModified\":\"2025-03-26T17:30:57+00:00\",\"mainEntityOfPage\":{\"@id\":\"https:\/\/gobierno.udd.cl\/cips\/2025\/03\/26\/cips-udd-lanza-visualizador-de-retrasos-ges-en-cancer\/\"},\"wordCount\":504,\"image\":{\"@id\":\"https:\/\/gobierno.udd.cl\/cips\/2025\/03\/26\/cips-udd-lanza-visualizador-de-retrasos-ges-en-cancer\/#primaryimage\"},\"thumbnailUrl\":\"https:\/\/gobierno.udd.cl\/cips\/files\/2025\/03\/istock-1485546577.jpg\",\"articleSection\":[\"Noticias\"],\"inLanguage\":\"es\"},{\"@type\":\"WebPage\",\"@id\":\"https:\/\/gobierno.udd.cl\/cips\/2025\/03\/26\/cips-udd-lanza-visualizador-de-retrasos-ges-en-cancer\/\",\"url\":\"https:\/\/gobierno.udd.cl\/cips\/2025\/03\/26\/cips-udd-lanza-visualizador-de-retrasos-ges-en-cancer\/\",\"name\":\"CIPS UDD lanza visualizador de retrasos GES en c\u00e1ncer - Centro de Pol\u00edticas P\u00fablicas e Innovaci\u00f3n en Salud\",\"isPartOf\":{\"@id\":\"https:\/\/gobierno.udd.cl\/cips\/#website\"},\"primaryImageOfPage\":{\"@id\":\"https:\/\/gobierno.udd.cl\/cips\/2025\/03\/26\/cips-udd-lanza-visualizador-de-retrasos-ges-en-cancer\/#primaryimage\"},\"image\":{\"@id\":\"https:\/\/gobierno.udd.cl\/cips\/2025\/03\/26\/cips-udd-lanza-visualizador-de-retrasos-ges-en-cancer\/#primaryimage\"},\"thumbnailUrl\":\"https:\/\/gobierno.udd.cl\/cips\/files\/2025\/03\/istock-1485546577.jpg\",\"datePublished\":\"2025-03-26T17:30:56+00:00\",\"dateModified\":\"2025-03-26T17:30:57+00:00\",\"author\":{\"@id\":\"https:\/\/gobierno.udd.cl\/cips\/#\/schema\/person\/a34b5db7e59307019967393aeeca7130\"},\"breadcrumb\":{\"@id\":\"https:\/\/gobierno.udd.cl\/cips\/2025\/03\/26\/cips-udd-lanza-visualizador-de-retrasos-ges-en-cancer\/#breadcrumb\"},\"inLanguage\":\"es\",\"potentialAction\":[{\"@type\":\"ReadAction\",\"target\":[\"https:\/\/gobierno.udd.cl\/cips\/2025\/03\/26\/cips-udd-lanza-visualizador-de-retrasos-ges-en-cancer\/\"]}]},{\"@type\":\"ImageObject\",\"inLanguage\":\"es\",\"@id\":\"https:\/\/gobierno.udd.cl\/cips\/2025\/03\/26\/cips-udd-lanza-visualizador-de-retrasos-ges-en-cancer\/#primaryimage\",\"url\":\"https:\/\/gobierno.udd.cl\/cips\/files\/2025\/03\/istock-1485546577.jpg\",\"contentUrl\":\"https:\/\/gobierno.udd.cl\/cips\/files\/2025\/03\/istock-1485546577.jpg\",\"width\":970,\"height\":648,\"caption\":\"Minimal closeup of male arm with IV drip infusion in treatment session at clinic\"},{\"@type\":\"BreadcrumbList\",\"@id\":\"https:\/\/gobierno.udd.cl\/cips\/2025\/03\/26\/cips-udd-lanza-visualizador-de-retrasos-ges-en-cancer\/#breadcrumb\",\"itemListElement\":[{\"@type\":\"ListItem\",\"position\":1,\"name\":\"Portada\",\"item\":\"https:\/\/gobierno.udd.cl\/cips\/\"},{\"@type\":\"ListItem\",\"position\":2,\"name\":\"CIPS UDD lanza visualizador de retrasos GES en c\u00e1ncer\"}]},{\"@type\":\"WebSite\",\"@id\":\"https:\/\/gobierno.udd.cl\/cips\/#website\",\"url\":\"https:\/\/gobierno.udd.cl\/cips\/\",\"name\":\"Centro de Pol\u00edticas P\u00fablicas e Innovaci\u00f3n en Salud\",\"description\":\"CIPS-UDD\",\"inLanguage\":\"es\"},{\"@type\":\"Person\",\"@id\":\"https:\/\/gobierno.udd.cl\/cips\/#\/schema\/person\/a34b5db7e59307019967393aeeca7130\",\"name\":\"claudiagodia\",\"image\":{\"@type\":\"ImageObject\",\"inLanguage\":\"es\",\"@id\":\"https:\/\/gobierno.udd.cl\/cips\/#\/schema\/person\/image\/\",\"url\":\"https:\/\/secure.gravatar.com\/avatar\/c7c585f20c9cd5b1fc8956abfd060f1af449288eb4e630466a5a53a84641a9ca?s=96&d=mm&r=g\",\"contentUrl\":\"https:\/\/secure.gravatar.com\/avatar\/c7c585f20c9cd5b1fc8956abfd060f1af449288eb4e630466a5a53a84641a9ca?s=96&d=mm&r=g\",\"caption\":\"claudiagodia\"},\"url\":\"https:\/\/gobierno.udd.cl\/cips\/author\/claudiagodia\/\"}]}<\/script>\n<!-- \/ Yoast SEO plugin. -->","yoast_head_json":{"title":"CIPS UDD lanza visualizador de retrasos GES en c\u00e1ncer - Centro de Pol\u00edticas P\u00fablicas e Innovaci\u00f3n en Salud","robots":{"index":"index","follow":"follow","max-snippet":"max-snippet:-1","max-image-preview":"max-image-preview:large","max-video-preview":"max-video-preview:-1"},"canonical":"https:\/\/gobierno.udd.cl\/cips\/2025\/03\/26\/cips-udd-lanza-visualizador-de-retrasos-ges-en-cancer\/","og_locale":"es_ES","og_type":"article","og_title":"CIPS UDD lanza visualizador de retrasos GES en c\u00e1ncer - Centro de Pol\u00edticas P\u00fablicas e Innovaci\u00f3n en Salud","og_description":"La herramienta permite buscar por regi\u00f3n, comuna, tipo de c\u00e1ncer y prestaci\u00f3n, entre otras variables. \u201cEs una gu\u00eda poderosa para tomadores de decisiones y medios de comunicaci\u00f3n\u201d, afirma Paula Daza, Directora Ejecutiva de CIPS UDD. \u00bfCu\u00e1l es la comuna con mayor cantidad de prestaciones GES retrasadas en c\u00e1ncer en 2024? \u00bfQu\u00e9 tipo de c\u00e1ncer son [&hellip;]","og_url":"https:\/\/gobierno.udd.cl\/cips\/2025\/03\/26\/cips-udd-lanza-visualizador-de-retrasos-ges-en-cancer\/","og_site_name":"Centro de Pol\u00edticas P\u00fablicas e Innovaci\u00f3n en Salud","article_publisher":"https:\/\/www.facebook.com\/CIPS.UDD","article_published_time":"2025-03-26T17:30:56+00:00","article_modified_time":"2025-03-26T17:30:57+00:00","og_image":[{"width":970,"height":648,"url":"https:\/\/gobierno.udd.cl\/cips\/files\/2025\/03\/istock-1485546577.jpg","type":"image\/jpeg"}],"author":"claudiagodia","twitter_card":"summary_large_image","twitter_creator":"@CIPS_UDD","twitter_site":"@CIPS_UDD","twitter_misc":{"Escrito por":"claudiagodia","Tiempo de lectura":"3 minutos"},"schema":{"@context":"https:\/\/schema.org","@graph":[{"@type":"Article","@id":"https:\/\/gobierno.udd.cl\/cips\/2025\/03\/26\/cips-udd-lanza-visualizador-de-retrasos-ges-en-cancer\/#article","isPartOf":{"@id":"https:\/\/gobierno.udd.cl\/cips\/2025\/03\/26\/cips-udd-lanza-visualizador-de-retrasos-ges-en-cancer\/"},"author":{"name":"claudiagodia","@id":"https:\/\/gobierno.udd.cl\/cips\/#\/schema\/person\/a34b5db7e59307019967393aeeca7130"},"headline":"CIPS UDD lanza visualizador de retrasos GES en c\u00e1ncer","datePublished":"2025-03-26T17:30:56+00:00","dateModified":"2025-03-26T17:30:57+00:00","mainEntityOfPage":{"@id":"https:\/\/gobierno.udd.cl\/cips\/2025\/03\/26\/cips-udd-lanza-visualizador-de-retrasos-ges-en-cancer\/"},"wordCount":504,"image":{"@id":"https:\/\/gobierno.udd.cl\/cips\/2025\/03\/26\/cips-udd-lanza-visualizador-de-retrasos-ges-en-cancer\/#primaryimage"},"thumbnailUrl":"https:\/\/gobierno.udd.cl\/cips\/files\/2025\/03\/istock-1485546577.jpg","articleSection":["Noticias"],"inLanguage":"es"},{"@type":"WebPage","@id":"https:\/\/gobierno.udd.cl\/cips\/2025\/03\/26\/cips-udd-lanza-visualizador-de-retrasos-ges-en-cancer\/","url":"https:\/\/gobierno.udd.cl\/cips\/2025\/03\/26\/cips-udd-lanza-visualizador-de-retrasos-ges-en-cancer\/","name":"CIPS UDD lanza visualizador de retrasos GES en c\u00e1ncer - Centro de Pol\u00edticas P\u00fablicas e Innovaci\u00f3n en Salud","isPartOf":{"@id":"https:\/\/gobierno.udd.cl\/cips\/#website"},"primaryImageOfPage":{"@id":"https:\/\/gobierno.udd.cl\/cips\/2025\/03\/26\/cips-udd-lanza-visualizador-de-retrasos-ges-en-cancer\/#primaryimage"},"image":{"@id":"https:\/\/gobierno.udd.cl\/cips\/2025\/03\/26\/cips-udd-lanza-visualizador-de-retrasos-ges-en-cancer\/#primaryimage"},"thumbnailUrl":"https:\/\/gobierno.udd.cl\/cips\/files\/2025\/03\/istock-1485546577.jpg","datePublished":"2025-03-26T17:30:56+00:00","dateModified":"2025-03-26T17:30:57+00:00","author":{"@id":"https:\/\/gobierno.udd.cl\/cips\/#\/schema\/person\/a34b5db7e59307019967393aeeca7130"},"breadcrumb":{"@id":"https:\/\/gobierno.udd.cl\/cips\/2025\/03\/26\/cips-udd-lanza-visualizador-de-retrasos-ges-en-cancer\/#breadcrumb"},"inLanguage":"es","potentialAction":[{"@type":"ReadAction","target":["https:\/\/gobierno.udd.cl\/cips\/2025\/03\/26\/cips-udd-lanza-visualizador-de-retrasos-ges-en-cancer\/"]}]},{"@type":"ImageObject","inLanguage":"es","@id":"https:\/\/gobierno.udd.cl\/cips\/2025\/03\/26\/cips-udd-lanza-visualizador-de-retrasos-ges-en-cancer\/#primaryimage","url":"https:\/\/gobierno.udd.cl\/cips\/files\/2025\/03\/istock-1485546577.jpg","contentUrl":"https:\/\/gobierno.udd.cl\/cips\/files\/2025\/03\/istock-1485546577.jpg","width":970,"height":648,"caption":"Minimal closeup of male arm with IV drip infusion in treatment session at clinic"},{"@type":"BreadcrumbList","@id":"https:\/\/gobierno.udd.cl\/cips\/2025\/03\/26\/cips-udd-lanza-visualizador-de-retrasos-ges-en-cancer\/#breadcrumb","itemListElement":[{"@type":"ListItem","position":1,"name":"Portada","item":"https:\/\/gobierno.udd.cl\/cips\/"},{"@type":"ListItem","position":2,"name":"CIPS UDD lanza visualizador de retrasos GES en c\u00e1ncer"}]},{"@type":"WebSite","@id":"https:\/\/gobierno.udd.cl\/cips\/#website","url":"https:\/\/gobierno.udd.cl\/cips\/","name":"Centro de Pol\u00edticas P\u00fablicas e Innovaci\u00f3n en Salud","description":"CIPS-UDD","inLanguage":"es"},{"@type":"Person","@id":"https:\/\/gobierno.udd.cl\/cips\/#\/schema\/person\/a34b5db7e59307019967393aeeca7130","name":"claudiagodia","image":{"@type":"ImageObject","inLanguage":"es","@id":"https:\/\/gobierno.udd.cl\/cips\/#\/schema\/person\/image\/","url":"https:\/\/secure.gravatar.com\/avatar\/c7c585f20c9cd5b1fc8956abfd060f1af449288eb4e630466a5a53a84641a9ca?s=96&d=mm&r=g","contentUrl":"https:\/\/secure.gravatar.com\/avatar\/c7c585f20c9cd5b1fc8956abfd060f1af449288eb4e630466a5a53a84641a9ca?s=96&d=mm&r=g","caption":"claudiagodia"},"url":"https:\/\/gobierno.udd.cl\/cips\/author\/claudiagodia\/"}]}},"featured_image_url":"https:\/\/gobierno.udd.cl\/cips\/files\/2025\/03\/istock-1485546577.jpg","_links":{"self":[{"href":"https:\/\/gobierno.udd.cl\/cips\/wp-json\/wp\/v2\/posts\/3771","targetHints":{"allow":["GET"]}}],"collection":[{"href":"https:\/\/gobierno.udd.cl\/cips\/wp-json\/wp\/v2\/posts"}],"about":[{"href":"https:\/\/gobierno.udd.cl\/cips\/wp-json\/wp\/v2\/types\/post"}],"author":[{"embeddable":true,"href":"https:\/\/gobierno.udd.cl\/cips\/wp-json\/wp\/v2\/users\/9192240"}],"replies":[{"embeddable":true,"href":"https:\/\/gobierno.udd.cl\/cips\/wp-json\/wp\/v2\/comments?post=3771"}],"version-history":[{"count":1,"href":"https:\/\/gobierno.udd.cl\/cips\/wp-json\/wp\/v2\/posts\/3771\/revisions"}],"predecessor-version":[{"id":3773,"href":"https:\/\/gobierno.udd.cl\/cips\/wp-json\/wp\/v2\/posts\/3771\/revisions\/3773"}],"wp:featuredmedia":[{"embeddable":true,"href":"https:\/\/gobierno.udd.cl\/cips\/wp-json\/wp\/v2\/media\/3772"}],"wp:attachment":[{"href":"https:\/\/gobierno.udd.cl\/cips\/wp-json\/wp\/v2\/media?parent=3771"}],"wp:term":[{"taxonomy":"category","embeddable":true,"href":"https:\/\/gobierno.udd.cl\/cips\/wp-json\/wp\/v2\/categories?post=3771"},{"taxonomy":"post_tag","embeddable":true,"href":"https:\/\/gobierno.udd.cl\/cips\/wp-json\/wp\/v2\/tags?post=3771"}],"curies":[{"name":"wp","href":"https:\/\/api.w.org\/{rel}","templated":true}]}}