{"id":3673,"date":"2025-02-02T14:46:00","date_gmt":"2025-02-02T17:46:00","guid":{"rendered":"https:\/\/gobierno.udd.cl\/cips\/?p=3673"},"modified":"2025-02-26T14:50:54","modified_gmt":"2025-02-26T17:50:54","slug":"carta-al-director-de-paula-daza-rumbo-seguro","status":"publish","type":"post","link":"https:\/\/gobierno.udd.cl\/cips\/2025\/02\/02\/carta-al-director-de-paula-daza-rumbo-seguro\/","title":{"rendered":"Carta al director de Paula Daza: Rumbo seguro"},"content":{"rendered":"\n<p><span style=\", sans-serif;font-size: 14px;text-align: justify\">SE\u00d1OR DIRECTOR: Son seis los fallecidos menores de 18 a\u00f1os que debemos lamentar en estos primeros 30 d\u00edas de 2025 por accidentes de auto; el m\u00e1s peque\u00f1o ten\u00eda tan solo un a\u00f1o de edad.\u00a0En 2024, en las urgencias de los hospitales de Chile llegaron 2.432 casos de menores de 15 a\u00f1os por accidentes de tr\u00e1nsito, concentr\u00e1ndose el 76% de ellos en el rango de 5 a 14 a\u00f1os.\u00a0El sistema de retenci\u00f3n infantil est\u00e1 hecho para proteger la vida de ni\u00f1os y ni\u00f1as. Si no lo utilizan y chocan, la fuerza del impacto es similar a que caigan de un cuarto piso.\u00a0Lamentablemente, no se visibilizan las consecuencias que ocasionan los siniestros de tr\u00e1nsito en la salud p\u00fablica, y no solo por la atenci\u00f3n m\u00e9dica que requieren, sino tambi\u00e9n por las secuelas permanentes en la salud y, sobre todo, por estas fatales p\u00e9rdidas. Aunque sea un viaje corto, no dejemos de utilizar este sistema de seguridad.\u00a0Basta un segundo para que cambie el rumbo.<\/span><br><br><span style=\"font-weight: 700;, sans-serif;font-size: 14px;text-align: justify\">Paula Daza<\/span><br><span style=\"font-weight: 700;, sans-serif;font-size: 14px;text-align: justify\">Directora ejecutiva de CIPS-UDD<\/span><\/p>\n\n\n\n<figure class=\"wp-block-image size-full\"><a href=\"https:\/\/www.latercera.com\/opinion\/noticia\/rumbo-seguro\/V6WFKWTZLFG6NPSQUDXIBR5T3Q\/\" target=\"_blank\" rel=\"noreferrer noopener\"><img loading=\"lazy\" decoding=\"async\" width=\"786\" height=\"617\" src=\"https:\/\/gobierno.udd.cl\/cips\/files\/2025\/02\/image.png\" alt=\"\" class=\"wp-image-3674\" srcset=\"https:\/\/gobierno.udd.cl\/cips\/files\/2025\/02\/image.png 786w, https:\/\/gobierno.udd.cl\/cips\/files\/2025\/02\/image-300x235.png 300w, https:\/\/gobierno.udd.cl\/cips\/files\/2025\/02\/image-768x603.png 768w\" sizes=\"auto, (max-width: 786px) 100vw, 786px\" \/><\/a><\/figure>\n","protected":false},"excerpt":{"rendered":"<p>SE\u00d1OR DIRECTOR: Son seis los fallecidos menores de 18 a\u00f1os que debemos lamentar en estos primeros 30 d\u00edas de 2025 por accidentes de auto; el m\u00e1s peque\u00f1o ten\u00eda tan solo un a\u00f1o de edad.\u00a0En 2024, en las urgencias de los hospitales de Chile llegaron 2.432 casos de menores de 15 a\u00f1os por accidentes de tr\u00e1nsito, [&hellip;]<\/p>\n","protected":false},"author":9192236,"featured_media":3677,"comment_status":"closed","ping_status":"open","sticky":false,"template":"","format":"standard","meta":{"footnotes":""},"categories":[4],"tags":[],"class_list":["post-3673","post","type-post","status-publish","format-standard","has-post-thumbnail","hentry","category-cips-en-la-prensa"],"yoast_head":"<!-- This site is optimized with the Yoast SEO plugin v26.9 - https:\/\/yoast.com\/product\/yoast-seo-wordpress\/ -->\n<title>Carta al director de Paula Daza: Rumbo seguro - Centro de Pol\u00edticas P\u00fablicas e Innovaci\u00f3n en Salud<\/title>\n<meta name=\"robots\" content=\"index, follow, max-snippet:-1, max-image-preview:large, max-video-preview:-1\" \/>\n<link rel=\"canonical\" href=\"https:\/\/gobierno.udd.cl\/cips\/2025\/02\/02\/carta-al-director-de-paula-daza-rumbo-seguro\/\" \/>\n<meta property=\"og:locale\" content=\"es_ES\" \/>\n<meta property=\"og:type\" content=\"article\" \/>\n<meta property=\"og:title\" content=\"Carta al director de Paula Daza: Rumbo seguro - Centro de Pol\u00edticas P\u00fablicas e Innovaci\u00f3n en Salud\" \/>\n<meta property=\"og:description\" content=\"SE\u00d1OR DIRECTOR: Son seis los fallecidos menores de 18 a\u00f1os que debemos lamentar en estos primeros 30 d\u00edas de 2025 por accidentes de auto; el m\u00e1s peque\u00f1o ten\u00eda tan solo un a\u00f1o de edad.\u00a0En 2024, en las urgencias de los hospitales de Chile llegaron 2.432 casos de menores de 15 a\u00f1os por accidentes de tr\u00e1nsito, [&hellip;]\" \/>\n<meta property=\"og:url\" content=\"https:\/\/gobierno.udd.cl\/cips\/2025\/02\/02\/carta-al-director-de-paula-daza-rumbo-seguro\/\" \/>\n<meta property=\"og:site_name\" content=\"Centro de Pol\u00edticas P\u00fablicas e Innovaci\u00f3n en Salud\" \/>\n<meta property=\"article:publisher\" content=\"https:\/\/www.facebook.com\/CIPS.UDD\" \/>\n<meta property=\"article:published_time\" content=\"2025-02-02T17:46:00+00:00\" \/>\n<meta property=\"article:modified_time\" content=\"2025-02-26T17:50:54+00:00\" \/>\n<meta property=\"og:image\" content=\"https:\/\/gobierno.udd.cl\/cips\/files\/2025\/02\/image-1.png\" \/>\n\t<meta property=\"og:image:width\" content=\"690\" \/>\n\t<meta property=\"og:image:height\" content=\"502\" \/>\n\t<meta property=\"og:image:type\" content=\"image\/png\" \/>\n<meta name=\"author\" content=\"ccararo\" \/>\n<meta name=\"twitter:card\" content=\"summary_large_image\" \/>\n<meta name=\"twitter:creator\" content=\"@CIPS_UDD\" \/>\n<meta name=\"twitter:site\" content=\"@CIPS_UDD\" \/>\n<meta name=\"twitter:label1\" content=\"Escrito por\" \/>\n\t<meta name=\"twitter:data1\" content=\"ccararo\" \/>\n\t<meta name=\"twitter:label2\" content=\"Tiempo de lectura\" \/>\n\t<meta name=\"twitter:data2\" content=\"2 minutos\" \/>\n<script type=\"application\/ld+json\" class=\"yoast-schema-graph\">{\"@context\":\"https:\/\/schema.org\",\"@graph\":[{\"@type\":\"Article\",\"@id\":\"https:\/\/gobierno.udd.cl\/cips\/2025\/02\/02\/carta-al-director-de-paula-daza-rumbo-seguro\/#article\",\"isPartOf\":{\"@id\":\"https:\/\/gobierno.udd.cl\/cips\/2025\/02\/02\/carta-al-director-de-paula-daza-rumbo-seguro\/\"},\"author\":{\"name\":\"ccararo\",\"@id\":\"https:\/\/gobierno.udd.cl\/cips\/#\/schema\/person\/9d509bb16e7d8299d075f0e90b5d7d00\"},\"headline\":\"Carta al director de Paula Daza: Rumbo seguro\",\"datePublished\":\"2025-02-02T17:46:00+00:00\",\"dateModified\":\"2025-02-26T17:50:54+00:00\",\"mainEntityOfPage\":{\"@id\":\"https:\/\/gobierno.udd.cl\/cips\/2025\/02\/02\/carta-al-director-de-paula-daza-rumbo-seguro\/\"},\"wordCount\":190,\"image\":{\"@id\":\"https:\/\/gobierno.udd.cl\/cips\/2025\/02\/02\/carta-al-director-de-paula-daza-rumbo-seguro\/#primaryimage\"},\"thumbnailUrl\":\"https:\/\/gobierno.udd.cl\/cips\/files\/2025\/02\/image-1.png\",\"articleSection\":[\"CIPS en la prensa\"],\"inLanguage\":\"es\"},{\"@type\":\"WebPage\",\"@id\":\"https:\/\/gobierno.udd.cl\/cips\/2025\/02\/02\/carta-al-director-de-paula-daza-rumbo-seguro\/\",\"url\":\"https:\/\/gobierno.udd.cl\/cips\/2025\/02\/02\/carta-al-director-de-paula-daza-rumbo-seguro\/\",\"name\":\"Carta al director de Paula Daza: Rumbo seguro - Centro de Pol\u00edticas P\u00fablicas e Innovaci\u00f3n en Salud\",\"isPartOf\":{\"@id\":\"https:\/\/gobierno.udd.cl\/cips\/#website\"},\"primaryImageOfPage\":{\"@id\":\"https:\/\/gobierno.udd.cl\/cips\/2025\/02\/02\/carta-al-director-de-paula-daza-rumbo-seguro\/#primaryimage\"},\"image\":{\"@id\":\"https:\/\/gobierno.udd.cl\/cips\/2025\/02\/02\/carta-al-director-de-paula-daza-rumbo-seguro\/#primaryimage\"},\"thumbnailUrl\":\"https:\/\/gobierno.udd.cl\/cips\/files\/2025\/02\/image-1.png\",\"datePublished\":\"2025-02-02T17:46:00+00:00\",\"dateModified\":\"2025-02-26T17:50:54+00:00\",\"author\":{\"@id\":\"https:\/\/gobierno.udd.cl\/cips\/#\/schema\/person\/9d509bb16e7d8299d075f0e90b5d7d00\"},\"breadcrumb\":{\"@id\":\"https:\/\/gobierno.udd.cl\/cips\/2025\/02\/02\/carta-al-director-de-paula-daza-rumbo-seguro\/#breadcrumb\"},\"inLanguage\":\"es\",\"potentialAction\":[{\"@type\":\"ReadAction\",\"target\":[\"https:\/\/gobierno.udd.cl\/cips\/2025\/02\/02\/carta-al-director-de-paula-daza-rumbo-seguro\/\"]}]},{\"@type\":\"ImageObject\",\"inLanguage\":\"es\",\"@id\":\"https:\/\/gobierno.udd.cl\/cips\/2025\/02\/02\/carta-al-director-de-paula-daza-rumbo-seguro\/#primaryimage\",\"url\":\"https:\/\/gobierno.udd.cl\/cips\/files\/2025\/02\/image-1.png\",\"contentUrl\":\"https:\/\/gobierno.udd.cl\/cips\/files\/2025\/02\/image-1.png\",\"width\":690,\"height\":502},{\"@type\":\"BreadcrumbList\",\"@id\":\"https:\/\/gobierno.udd.cl\/cips\/2025\/02\/02\/carta-al-director-de-paula-daza-rumbo-seguro\/#breadcrumb\",\"itemListElement\":[{\"@type\":\"ListItem\",\"position\":1,\"name\":\"Portada\",\"item\":\"https:\/\/gobierno.udd.cl\/cips\/\"},{\"@type\":\"ListItem\",\"position\":2,\"name\":\"Carta al director de Paula Daza: Rumbo seguro\"}]},{\"@type\":\"WebSite\",\"@id\":\"https:\/\/gobierno.udd.cl\/cips\/#website\",\"url\":\"https:\/\/gobierno.udd.cl\/cips\/\",\"name\":\"Centro de Pol\u00edticas P\u00fablicas e Innovaci\u00f3n en Salud\",\"description\":\"CIPS-UDD\",\"inLanguage\":\"es\"},{\"@type\":\"Person\",\"@id\":\"https:\/\/gobierno.udd.cl\/cips\/#\/schema\/person\/9d509bb16e7d8299d075f0e90b5d7d00\",\"name\":\"ccararo\",\"image\":{\"@type\":\"ImageObject\",\"inLanguage\":\"es\",\"@id\":\"https:\/\/gobierno.udd.cl\/cips\/#\/schema\/person\/image\/\",\"url\":\"https:\/\/secure.gravatar.com\/avatar\/fe809aec6c8a49b41db481a62d9671eec512578ac25cf41f7420b8069513828c?s=96&d=mm&r=g\",\"contentUrl\":\"https:\/\/secure.gravatar.com\/avatar\/fe809aec6c8a49b41db481a62d9671eec512578ac25cf41f7420b8069513828c?s=96&d=mm&r=g\",\"caption\":\"ccararo\"},\"url\":\"https:\/\/gobierno.udd.cl\/cips\/author\/ccararo\/\"}]}<\/script>\n<!-- \/ Yoast SEO plugin. -->","yoast_head_json":{"title":"Carta al director de Paula Daza: Rumbo seguro - Centro de Pol\u00edticas P\u00fablicas e Innovaci\u00f3n en Salud","robots":{"index":"index","follow":"follow","max-snippet":"max-snippet:-1","max-image-preview":"max-image-preview:large","max-video-preview":"max-video-preview:-1"},"canonical":"https:\/\/gobierno.udd.cl\/cips\/2025\/02\/02\/carta-al-director-de-paula-daza-rumbo-seguro\/","og_locale":"es_ES","og_type":"article","og_title":"Carta al director de Paula Daza: Rumbo seguro - Centro de Pol\u00edticas P\u00fablicas e Innovaci\u00f3n en Salud","og_description":"SE\u00d1OR DIRECTOR: Son seis los fallecidos menores de 18 a\u00f1os que debemos lamentar en estos primeros 30 d\u00edas de 2025 por accidentes de auto; el m\u00e1s peque\u00f1o ten\u00eda tan solo un a\u00f1o de edad.\u00a0En 2024, en las urgencias de los hospitales de Chile llegaron 2.432 casos de menores de 15 a\u00f1os por accidentes de tr\u00e1nsito, [&hellip;]","og_url":"https:\/\/gobierno.udd.cl\/cips\/2025\/02\/02\/carta-al-director-de-paula-daza-rumbo-seguro\/","og_site_name":"Centro de Pol\u00edticas P\u00fablicas e Innovaci\u00f3n en Salud","article_publisher":"https:\/\/www.facebook.com\/CIPS.UDD","article_published_time":"2025-02-02T17:46:00+00:00","article_modified_time":"2025-02-26T17:50:54+00:00","og_image":[{"width":690,"height":502,"url":"https:\/\/gobierno.udd.cl\/cips\/files\/2025\/02\/image-1.png","type":"image\/png"}],"author":"ccararo","twitter_card":"summary_large_image","twitter_creator":"@CIPS_UDD","twitter_site":"@CIPS_UDD","twitter_misc":{"Escrito por":"ccararo","Tiempo de lectura":"2 minutos"},"schema":{"@context":"https:\/\/schema.org","@graph":[{"@type":"Article","@id":"https:\/\/gobierno.udd.cl\/cips\/2025\/02\/02\/carta-al-director-de-paula-daza-rumbo-seguro\/#article","isPartOf":{"@id":"https:\/\/gobierno.udd.cl\/cips\/2025\/02\/02\/carta-al-director-de-paula-daza-rumbo-seguro\/"},"author":{"name":"ccararo","@id":"https:\/\/gobierno.udd.cl\/cips\/#\/schema\/person\/9d509bb16e7d8299d075f0e90b5d7d00"},"headline":"Carta al director de Paula Daza: Rumbo seguro","datePublished":"2025-02-02T17:46:00+00:00","dateModified":"2025-02-26T17:50:54+00:00","mainEntityOfPage":{"@id":"https:\/\/gobierno.udd.cl\/cips\/2025\/02\/02\/carta-al-director-de-paula-daza-rumbo-seguro\/"},"wordCount":190,"image":{"@id":"https:\/\/gobierno.udd.cl\/cips\/2025\/02\/02\/carta-al-director-de-paula-daza-rumbo-seguro\/#primaryimage"},"thumbnailUrl":"https:\/\/gobierno.udd.cl\/cips\/files\/2025\/02\/image-1.png","articleSection":["CIPS en la prensa"],"inLanguage":"es"},{"@type":"WebPage","@id":"https:\/\/gobierno.udd.cl\/cips\/2025\/02\/02\/carta-al-director-de-paula-daza-rumbo-seguro\/","url":"https:\/\/gobierno.udd.cl\/cips\/2025\/02\/02\/carta-al-director-de-paula-daza-rumbo-seguro\/","name":"Carta al director de Paula Daza: Rumbo seguro - Centro de Pol\u00edticas P\u00fablicas e Innovaci\u00f3n en Salud","isPartOf":{"@id":"https:\/\/gobierno.udd.cl\/cips\/#website"},"primaryImageOfPage":{"@id":"https:\/\/gobierno.udd.cl\/cips\/2025\/02\/02\/carta-al-director-de-paula-daza-rumbo-seguro\/#primaryimage"},"image":{"@id":"https:\/\/gobierno.udd.cl\/cips\/2025\/02\/02\/carta-al-director-de-paula-daza-rumbo-seguro\/#primaryimage"},"thumbnailUrl":"https:\/\/gobierno.udd.cl\/cips\/files\/2025\/02\/image-1.png","datePublished":"2025-02-02T17:46:00+00:00","dateModified":"2025-02-26T17:50:54+00:00","author":{"@id":"https:\/\/gobierno.udd.cl\/cips\/#\/schema\/person\/9d509bb16e7d8299d075f0e90b5d7d00"},"breadcrumb":{"@id":"https:\/\/gobierno.udd.cl\/cips\/2025\/02\/02\/carta-al-director-de-paula-daza-rumbo-seguro\/#breadcrumb"},"inLanguage":"es","potentialAction":[{"@type":"ReadAction","target":["https:\/\/gobierno.udd.cl\/cips\/2025\/02\/02\/carta-al-director-de-paula-daza-rumbo-seguro\/"]}]},{"@type":"ImageObject","inLanguage":"es","@id":"https:\/\/gobierno.udd.cl\/cips\/2025\/02\/02\/carta-al-director-de-paula-daza-rumbo-seguro\/#primaryimage","url":"https:\/\/gobierno.udd.cl\/cips\/files\/2025\/02\/image-1.png","contentUrl":"https:\/\/gobierno.udd.cl\/cips\/files\/2025\/02\/image-1.png","width":690,"height":502},{"@type":"BreadcrumbList","@id":"https:\/\/gobierno.udd.cl\/cips\/2025\/02\/02\/carta-al-director-de-paula-daza-rumbo-seguro\/#breadcrumb","itemListElement":[{"@type":"ListItem","position":1,"name":"Portada","item":"https:\/\/gobierno.udd.cl\/cips\/"},{"@type":"ListItem","position":2,"name":"Carta al director de Paula Daza: Rumbo seguro"}]},{"@type":"WebSite","@id":"https:\/\/gobierno.udd.cl\/cips\/#website","url":"https:\/\/gobierno.udd.cl\/cips\/","name":"Centro de Pol\u00edticas P\u00fablicas e Innovaci\u00f3n en Salud","description":"CIPS-UDD","inLanguage":"es"},{"@type":"Person","@id":"https:\/\/gobierno.udd.cl\/cips\/#\/schema\/person\/9d509bb16e7d8299d075f0e90b5d7d00","name":"ccararo","image":{"@type":"ImageObject","inLanguage":"es","@id":"https:\/\/gobierno.udd.cl\/cips\/#\/schema\/person\/image\/","url":"https:\/\/secure.gravatar.com\/avatar\/fe809aec6c8a49b41db481a62d9671eec512578ac25cf41f7420b8069513828c?s=96&d=mm&r=g","contentUrl":"https:\/\/secure.gravatar.com\/avatar\/fe809aec6c8a49b41db481a62d9671eec512578ac25cf41f7420b8069513828c?s=96&d=mm&r=g","caption":"ccararo"},"url":"https:\/\/gobierno.udd.cl\/cips\/author\/ccararo\/"}]}},"featured_image_url":"https:\/\/gobierno.udd.cl\/cips\/files\/2025\/02\/image-1.png","_links":{"self":[{"href":"https:\/\/gobierno.udd.cl\/cips\/wp-json\/wp\/v2\/posts\/3673","targetHints":{"allow":["GET"]}}],"collection":[{"href":"https:\/\/gobierno.udd.cl\/cips\/wp-json\/wp\/v2\/posts"}],"about":[{"href":"https:\/\/gobierno.udd.cl\/cips\/wp-json\/wp\/v2\/types\/post"}],"author":[{"embeddable":true,"href":"https:\/\/gobierno.udd.cl\/cips\/wp-json\/wp\/v2\/users\/9192236"}],"replies":[{"embeddable":true,"href":"https:\/\/gobierno.udd.cl\/cips\/wp-json\/wp\/v2\/comments?post=3673"}],"version-history":[{"count":1,"href":"https:\/\/gobierno.udd.cl\/cips\/wp-json\/wp\/v2\/posts\/3673\/revisions"}],"predecessor-version":[{"id":3675,"href":"https:\/\/gobierno.udd.cl\/cips\/wp-json\/wp\/v2\/posts\/3673\/revisions\/3675"}],"wp:featuredmedia":[{"embeddable":true,"href":"https:\/\/gobierno.udd.cl\/cips\/wp-json\/wp\/v2\/media\/3677"}],"wp:attachment":[{"href":"https:\/\/gobierno.udd.cl\/cips\/wp-json\/wp\/v2\/media?parent=3673"}],"wp:term":[{"taxonomy":"category","embeddable":true,"href":"https:\/\/gobierno.udd.cl\/cips\/wp-json\/wp\/v2\/categories?post=3673"},{"taxonomy":"post_tag","embeddable":true,"href":"https:\/\/gobierno.udd.cl\/cips\/wp-json\/wp\/v2\/tags?post=3673"}],"curies":[{"name":"wp","href":"https:\/\/api.w.org\/{rel}","templated":true}]}}