{"id":3645,"date":"2025-01-01T10:25:07","date_gmt":"2025-01-01T13:25:07","guid":{"rendered":"https:\/\/gobierno.udd.cl\/cips\/?p=3645"},"modified":"2025-01-07T10:27:18","modified_gmt":"2025-01-07T13:27:18","slug":"el-mercurio-paula-daza-se-refiere-a-los-desafios-del-sistema-de-salud-para-el-2025","status":"publish","type":"post","link":"https:\/\/gobierno.udd.cl\/cips\/2025\/01\/01\/el-mercurio-paula-daza-se-refiere-a-los-desafios-del-sistema-de-salud-para-el-2025\/","title":{"rendered":"El Mercurio | Paula Daza se refiere a los desaf\u00edos del sistema de salud para el 2025"},"content":{"rendered":"\n<p>Un problema que se repite cada a\u00f1o son las prestaciones m\u00e9dicas pendientes y la abultada lista de espera por especialidades. Este 2025, \u00bfexiste una posibilidad real de reducir las listas de espera?<\/p>\n\n\n\n<p>Paula Daza, directora del Centro de Pol\u00edticas P\u00fablicas e Innovaci\u00f3n en Salud (CIPS) de la UDD: \u201cProponemos activar autom\u00e1ticamente un segundo prestador en casos cr\u00edticos como GES C\u00e1ncer\u201d. Seg\u00fan la exsubsecretaria de Salud P\u00fablica, las cifras actuales evidencian que se requiere una intervenci\u00f3n \u201curgente\u201d. \u201cLa lista de espera por especialidad m\u00e9dica ha crecido un 33%, acumulando m\u00e1s de 2,5 millones de prestaciones atrasadas. La lista GES aument\u00f3 un 63%, con casi 86 mil prestaciones pendientes. Estamos frente a una crisis sanitaria que exige medidas urgentes\u201d, plantea.<\/p>\n\n\n\n<p>En ese sentido, apunta que \u201cdesde CIPS-UDD, junto a expertos acad\u00e9micos, de la sociedad civil y del sector privado, hemos dise\u00f1ado un plan de acci\u00f3n concreto, a implementar en 100 d\u00edas, que aborda los principales nudos del sistema con un sentido de urgencia real\u201d.<\/p>\n\n\n\n<figure class=\"wp-block-image size-full is-resized\"><img loading=\"lazy\" decoding=\"async\" width=\"1362\" height=\"2560\" src=\"https:\/\/gobierno.udd.cl\/cips\/files\/2025\/01\/1_2025-01-01_o64gj5nh-scaled.jpg\" alt=\"\" class=\"wp-image-3646\" style=\"width:1135px;height:auto\" srcset=\"https:\/\/gobierno.udd.cl\/cips\/files\/2025\/01\/1_2025-01-01_o64gj5nh-scaled.jpg 1362w, https:\/\/gobierno.udd.cl\/cips\/files\/2025\/01\/1_2025-01-01_o64gj5nh-160x300.jpg 160w, https:\/\/gobierno.udd.cl\/cips\/files\/2025\/01\/1_2025-01-01_o64gj5nh-545x1024.jpg 545w, https:\/\/gobierno.udd.cl\/cips\/files\/2025\/01\/1_2025-01-01_o64gj5nh-768x1443.jpg 768w, https:\/\/gobierno.udd.cl\/cips\/files\/2025\/01\/1_2025-01-01_o64gj5nh-817x1536.jpg 817w, https:\/\/gobierno.udd.cl\/cips\/files\/2025\/01\/1_2025-01-01_o64gj5nh-1090x2048.jpg 1090w\" sizes=\"auto, (max-width: 1362px) 100vw, 1362px\" \/><\/figure>\n","protected":false},"excerpt":{"rendered":"<p>Un problema que se repite cada a\u00f1o son las prestaciones m\u00e9dicas pendientes y la abultada lista de espera por especialidades. Este 2025, \u00bfexiste una posibilidad real de reducir las listas de espera? Paula Daza, directora del Centro de Pol\u00edticas P\u00fablicas e Innovaci\u00f3n en Salud (CIPS) de la UDD: \u201cProponemos activar autom\u00e1ticamente un segundo prestador en [&hellip;]<\/p>\n","protected":false},"author":9192240,"featured_media":1827,"comment_status":"closed","ping_status":"open","sticky":false,"template":"","format":"standard","meta":{"footnotes":""},"categories":[4],"tags":[],"class_list":["post-3645","post","type-post","status-publish","format-standard","has-post-thumbnail","hentry","category-cips-en-la-prensa"],"yoast_head":"<!-- This site is optimized with the Yoast SEO plugin v26.9 - https:\/\/yoast.com\/product\/yoast-seo-wordpress\/ -->\n<title>El Mercurio | Paula Daza se refiere a los desaf\u00edos del sistema de salud para el 2025 - Centro de Pol\u00edticas P\u00fablicas e Innovaci\u00f3n en Salud<\/title>\n<meta name=\"robots\" content=\"index, follow, max-snippet:-1, max-image-preview:large, max-video-preview:-1\" \/>\n<link rel=\"canonical\" href=\"https:\/\/gobierno.udd.cl\/cips\/2025\/01\/01\/el-mercurio-paula-daza-se-refiere-a-los-desafios-del-sistema-de-salud-para-el-2025\/\" \/>\n<meta property=\"og:locale\" content=\"es_ES\" \/>\n<meta property=\"og:type\" content=\"article\" \/>\n<meta property=\"og:title\" content=\"El Mercurio | Paula Daza se refiere a los desaf\u00edos del sistema de salud para el 2025 - Centro de Pol\u00edticas P\u00fablicas e Innovaci\u00f3n en Salud\" \/>\n<meta property=\"og:description\" content=\"Un problema que se repite cada a\u00f1o son las prestaciones m\u00e9dicas pendientes y la abultada lista de espera por especialidades. Este 2025, \u00bfexiste una posibilidad real de reducir las listas de espera? Paula Daza, directora del Centro de Pol\u00edticas P\u00fablicas e Innovaci\u00f3n en Salud (CIPS) de la UDD: \u201cProponemos activar autom\u00e1ticamente un segundo prestador en [&hellip;]\" \/>\n<meta property=\"og:url\" content=\"https:\/\/gobierno.udd.cl\/cips\/2025\/01\/01\/el-mercurio-paula-daza-se-refiere-a-los-desafios-del-sistema-de-salud-para-el-2025\/\" \/>\n<meta property=\"og:site_name\" content=\"Centro de Pol\u00edticas P\u00fablicas e Innovaci\u00f3n en Salud\" \/>\n<meta property=\"article:publisher\" content=\"https:\/\/www.facebook.com\/CIPS.UDD\" \/>\n<meta property=\"article:published_time\" content=\"2025-01-01T13:25:07+00:00\" \/>\n<meta property=\"article:modified_time\" content=\"2025-01-07T13:27:18+00:00\" \/>\n<meta property=\"og:image\" content=\"https:\/\/gobierno.udd.cl\/cips\/files\/2023\/12\/paula-daza-2.png\" \/>\n\t<meta property=\"og:image:width\" content=\"477\" \/>\n\t<meta property=\"og:image:height\" content=\"483\" \/>\n\t<meta property=\"og:image:type\" content=\"image\/png\" \/>\n<meta name=\"author\" content=\"claudiagodia\" \/>\n<meta name=\"twitter:card\" content=\"summary_large_image\" \/>\n<meta name=\"twitter:creator\" content=\"@CIPS_UDD\" \/>\n<meta name=\"twitter:site\" content=\"@CIPS_UDD\" \/>\n<meta name=\"twitter:label1\" content=\"Escrito por\" \/>\n\t<meta name=\"twitter:data1\" content=\"claudiagodia\" \/>\n\t<meta name=\"twitter:label2\" content=\"Tiempo de lectura\" \/>\n\t<meta name=\"twitter:data2\" content=\"2 minutos\" \/>\n<script type=\"application\/ld+json\" class=\"yoast-schema-graph\">{\"@context\":\"https:\/\/schema.org\",\"@graph\":[{\"@type\":\"Article\",\"@id\":\"https:\/\/gobierno.udd.cl\/cips\/2025\/01\/01\/el-mercurio-paula-daza-se-refiere-a-los-desafios-del-sistema-de-salud-para-el-2025\/#article\",\"isPartOf\":{\"@id\":\"https:\/\/gobierno.udd.cl\/cips\/2025\/01\/01\/el-mercurio-paula-daza-se-refiere-a-los-desafios-del-sistema-de-salud-para-el-2025\/\"},\"author\":{\"name\":\"claudiagodia\",\"@id\":\"https:\/\/gobierno.udd.cl\/cips\/#\/schema\/person\/a34b5db7e59307019967393aeeca7130\"},\"headline\":\"El Mercurio | Paula Daza se refiere a los desaf\u00edos del sistema de salud para el 2025\",\"datePublished\":\"2025-01-01T13:25:07+00:00\",\"dateModified\":\"2025-01-07T13:27:18+00:00\",\"mainEntityOfPage\":{\"@id\":\"https:\/\/gobierno.udd.cl\/cips\/2025\/01\/01\/el-mercurio-paula-daza-se-refiere-a-los-desafios-del-sistema-de-salud-para-el-2025\/\"},\"wordCount\":189,\"image\":{\"@id\":\"https:\/\/gobierno.udd.cl\/cips\/2025\/01\/01\/el-mercurio-paula-daza-se-refiere-a-los-desafios-del-sistema-de-salud-para-el-2025\/#primaryimage\"},\"thumbnailUrl\":\"https:\/\/gobierno.udd.cl\/cips\/files\/2023\/12\/paula-daza-2.png\",\"articleSection\":[\"CIPS en la prensa\"],\"inLanguage\":\"es\"},{\"@type\":\"WebPage\",\"@id\":\"https:\/\/gobierno.udd.cl\/cips\/2025\/01\/01\/el-mercurio-paula-daza-se-refiere-a-los-desafios-del-sistema-de-salud-para-el-2025\/\",\"url\":\"https:\/\/gobierno.udd.cl\/cips\/2025\/01\/01\/el-mercurio-paula-daza-se-refiere-a-los-desafios-del-sistema-de-salud-para-el-2025\/\",\"name\":\"El Mercurio | Paula Daza se refiere a los desaf\u00edos del sistema de salud para el 2025 - Centro de Pol\u00edticas P\u00fablicas e Innovaci\u00f3n en Salud\",\"isPartOf\":{\"@id\":\"https:\/\/gobierno.udd.cl\/cips\/#website\"},\"primaryImageOfPage\":{\"@id\":\"https:\/\/gobierno.udd.cl\/cips\/2025\/01\/01\/el-mercurio-paula-daza-se-refiere-a-los-desafios-del-sistema-de-salud-para-el-2025\/#primaryimage\"},\"image\":{\"@id\":\"https:\/\/gobierno.udd.cl\/cips\/2025\/01\/01\/el-mercurio-paula-daza-se-refiere-a-los-desafios-del-sistema-de-salud-para-el-2025\/#primaryimage\"},\"thumbnailUrl\":\"https:\/\/gobierno.udd.cl\/cips\/files\/2023\/12\/paula-daza-2.png\",\"datePublished\":\"2025-01-01T13:25:07+00:00\",\"dateModified\":\"2025-01-07T13:27:18+00:00\",\"author\":{\"@id\":\"https:\/\/gobierno.udd.cl\/cips\/#\/schema\/person\/a34b5db7e59307019967393aeeca7130\"},\"breadcrumb\":{\"@id\":\"https:\/\/gobierno.udd.cl\/cips\/2025\/01\/01\/el-mercurio-paula-daza-se-refiere-a-los-desafios-del-sistema-de-salud-para-el-2025\/#breadcrumb\"},\"inLanguage\":\"es\",\"potentialAction\":[{\"@type\":\"ReadAction\",\"target\":[\"https:\/\/gobierno.udd.cl\/cips\/2025\/01\/01\/el-mercurio-paula-daza-se-refiere-a-los-desafios-del-sistema-de-salud-para-el-2025\/\"]}]},{\"@type\":\"ImageObject\",\"inLanguage\":\"es\",\"@id\":\"https:\/\/gobierno.udd.cl\/cips\/2025\/01\/01\/el-mercurio-paula-daza-se-refiere-a-los-desafios-del-sistema-de-salud-para-el-2025\/#primaryimage\",\"url\":\"https:\/\/gobierno.udd.cl\/cips\/files\/2023\/12\/paula-daza-2.png\",\"contentUrl\":\"https:\/\/gobierno.udd.cl\/cips\/files\/2023\/12\/paula-daza-2.png\",\"width\":477,\"height\":483},{\"@type\":\"BreadcrumbList\",\"@id\":\"https:\/\/gobierno.udd.cl\/cips\/2025\/01\/01\/el-mercurio-paula-daza-se-refiere-a-los-desafios-del-sistema-de-salud-para-el-2025\/#breadcrumb\",\"itemListElement\":[{\"@type\":\"ListItem\",\"position\":1,\"name\":\"Portada\",\"item\":\"https:\/\/gobierno.udd.cl\/cips\/\"},{\"@type\":\"ListItem\",\"position\":2,\"name\":\"El Mercurio | Paula Daza se refiere a los desaf\u00edos del sistema de salud para el 2025\"}]},{\"@type\":\"WebSite\",\"@id\":\"https:\/\/gobierno.udd.cl\/cips\/#website\",\"url\":\"https:\/\/gobierno.udd.cl\/cips\/\",\"name\":\"Centro de Pol\u00edticas P\u00fablicas e Innovaci\u00f3n en Salud\",\"description\":\"CIPS-UDD\",\"inLanguage\":\"es\"},{\"@type\":\"Person\",\"@id\":\"https:\/\/gobierno.udd.cl\/cips\/#\/schema\/person\/a34b5db7e59307019967393aeeca7130\",\"name\":\"claudiagodia\",\"image\":{\"@type\":\"ImageObject\",\"inLanguage\":\"es\",\"@id\":\"https:\/\/gobierno.udd.cl\/cips\/#\/schema\/person\/image\/\",\"url\":\"https:\/\/secure.gravatar.com\/avatar\/c7c585f20c9cd5b1fc8956abfd060f1af449288eb4e630466a5a53a84641a9ca?s=96&d=mm&r=g\",\"contentUrl\":\"https:\/\/secure.gravatar.com\/avatar\/c7c585f20c9cd5b1fc8956abfd060f1af449288eb4e630466a5a53a84641a9ca?s=96&d=mm&r=g\",\"caption\":\"claudiagodia\"},\"url\":\"https:\/\/gobierno.udd.cl\/cips\/author\/claudiagodia\/\"}]}<\/script>\n<!-- \/ Yoast SEO plugin. -->","yoast_head_json":{"title":"El Mercurio | Paula Daza se refiere a los desaf\u00edos del sistema de salud para el 2025 - Centro de Pol\u00edticas P\u00fablicas e Innovaci\u00f3n en Salud","robots":{"index":"index","follow":"follow","max-snippet":"max-snippet:-1","max-image-preview":"max-image-preview:large","max-video-preview":"max-video-preview:-1"},"canonical":"https:\/\/gobierno.udd.cl\/cips\/2025\/01\/01\/el-mercurio-paula-daza-se-refiere-a-los-desafios-del-sistema-de-salud-para-el-2025\/","og_locale":"es_ES","og_type":"article","og_title":"El Mercurio | Paula Daza se refiere a los desaf\u00edos del sistema de salud para el 2025 - Centro de Pol\u00edticas P\u00fablicas e Innovaci\u00f3n en Salud","og_description":"Un problema que se repite cada a\u00f1o son las prestaciones m\u00e9dicas pendientes y la abultada lista de espera por especialidades. Este 2025, \u00bfexiste una posibilidad real de reducir las listas de espera? Paula Daza, directora del Centro de Pol\u00edticas P\u00fablicas e Innovaci\u00f3n en Salud (CIPS) de la UDD: \u201cProponemos activar autom\u00e1ticamente un segundo prestador en [&hellip;]","og_url":"https:\/\/gobierno.udd.cl\/cips\/2025\/01\/01\/el-mercurio-paula-daza-se-refiere-a-los-desafios-del-sistema-de-salud-para-el-2025\/","og_site_name":"Centro de Pol\u00edticas P\u00fablicas e Innovaci\u00f3n en Salud","article_publisher":"https:\/\/www.facebook.com\/CIPS.UDD","article_published_time":"2025-01-01T13:25:07+00:00","article_modified_time":"2025-01-07T13:27:18+00:00","og_image":[{"width":477,"height":483,"url":"https:\/\/gobierno.udd.cl\/cips\/files\/2023\/12\/paula-daza-2.png","type":"image\/png"}],"author":"claudiagodia","twitter_card":"summary_large_image","twitter_creator":"@CIPS_UDD","twitter_site":"@CIPS_UDD","twitter_misc":{"Escrito por":"claudiagodia","Tiempo de lectura":"2 minutos"},"schema":{"@context":"https:\/\/schema.org","@graph":[{"@type":"Article","@id":"https:\/\/gobierno.udd.cl\/cips\/2025\/01\/01\/el-mercurio-paula-daza-se-refiere-a-los-desafios-del-sistema-de-salud-para-el-2025\/#article","isPartOf":{"@id":"https:\/\/gobierno.udd.cl\/cips\/2025\/01\/01\/el-mercurio-paula-daza-se-refiere-a-los-desafios-del-sistema-de-salud-para-el-2025\/"},"author":{"name":"claudiagodia","@id":"https:\/\/gobierno.udd.cl\/cips\/#\/schema\/person\/a34b5db7e59307019967393aeeca7130"},"headline":"El Mercurio | Paula Daza se refiere a los desaf\u00edos del sistema de salud para el 2025","datePublished":"2025-01-01T13:25:07+00:00","dateModified":"2025-01-07T13:27:18+00:00","mainEntityOfPage":{"@id":"https:\/\/gobierno.udd.cl\/cips\/2025\/01\/01\/el-mercurio-paula-daza-se-refiere-a-los-desafios-del-sistema-de-salud-para-el-2025\/"},"wordCount":189,"image":{"@id":"https:\/\/gobierno.udd.cl\/cips\/2025\/01\/01\/el-mercurio-paula-daza-se-refiere-a-los-desafios-del-sistema-de-salud-para-el-2025\/#primaryimage"},"thumbnailUrl":"https:\/\/gobierno.udd.cl\/cips\/files\/2023\/12\/paula-daza-2.png","articleSection":["CIPS en la prensa"],"inLanguage":"es"},{"@type":"WebPage","@id":"https:\/\/gobierno.udd.cl\/cips\/2025\/01\/01\/el-mercurio-paula-daza-se-refiere-a-los-desafios-del-sistema-de-salud-para-el-2025\/","url":"https:\/\/gobierno.udd.cl\/cips\/2025\/01\/01\/el-mercurio-paula-daza-se-refiere-a-los-desafios-del-sistema-de-salud-para-el-2025\/","name":"El Mercurio | Paula Daza se refiere a los desaf\u00edos del sistema de salud para el 2025 - Centro de Pol\u00edticas P\u00fablicas e Innovaci\u00f3n en Salud","isPartOf":{"@id":"https:\/\/gobierno.udd.cl\/cips\/#website"},"primaryImageOfPage":{"@id":"https:\/\/gobierno.udd.cl\/cips\/2025\/01\/01\/el-mercurio-paula-daza-se-refiere-a-los-desafios-del-sistema-de-salud-para-el-2025\/#primaryimage"},"image":{"@id":"https:\/\/gobierno.udd.cl\/cips\/2025\/01\/01\/el-mercurio-paula-daza-se-refiere-a-los-desafios-del-sistema-de-salud-para-el-2025\/#primaryimage"},"thumbnailUrl":"https:\/\/gobierno.udd.cl\/cips\/files\/2023\/12\/paula-daza-2.png","datePublished":"2025-01-01T13:25:07+00:00","dateModified":"2025-01-07T13:27:18+00:00","author":{"@id":"https:\/\/gobierno.udd.cl\/cips\/#\/schema\/person\/a34b5db7e59307019967393aeeca7130"},"breadcrumb":{"@id":"https:\/\/gobierno.udd.cl\/cips\/2025\/01\/01\/el-mercurio-paula-daza-se-refiere-a-los-desafios-del-sistema-de-salud-para-el-2025\/#breadcrumb"},"inLanguage":"es","potentialAction":[{"@type":"ReadAction","target":["https:\/\/gobierno.udd.cl\/cips\/2025\/01\/01\/el-mercurio-paula-daza-se-refiere-a-los-desafios-del-sistema-de-salud-para-el-2025\/"]}]},{"@type":"ImageObject","inLanguage":"es","@id":"https:\/\/gobierno.udd.cl\/cips\/2025\/01\/01\/el-mercurio-paula-daza-se-refiere-a-los-desafios-del-sistema-de-salud-para-el-2025\/#primaryimage","url":"https:\/\/gobierno.udd.cl\/cips\/files\/2023\/12\/paula-daza-2.png","contentUrl":"https:\/\/gobierno.udd.cl\/cips\/files\/2023\/12\/paula-daza-2.png","width":477,"height":483},{"@type":"BreadcrumbList","@id":"https:\/\/gobierno.udd.cl\/cips\/2025\/01\/01\/el-mercurio-paula-daza-se-refiere-a-los-desafios-del-sistema-de-salud-para-el-2025\/#breadcrumb","itemListElement":[{"@type":"ListItem","position":1,"name":"Portada","item":"https:\/\/gobierno.udd.cl\/cips\/"},{"@type":"ListItem","position":2,"name":"El Mercurio | Paula Daza se refiere a los desaf\u00edos del sistema de salud para el 2025"}]},{"@type":"WebSite","@id":"https:\/\/gobierno.udd.cl\/cips\/#website","url":"https:\/\/gobierno.udd.cl\/cips\/","name":"Centro de Pol\u00edticas P\u00fablicas e Innovaci\u00f3n en Salud","description":"CIPS-UDD","inLanguage":"es"},{"@type":"Person","@id":"https:\/\/gobierno.udd.cl\/cips\/#\/schema\/person\/a34b5db7e59307019967393aeeca7130","name":"claudiagodia","image":{"@type":"ImageObject","inLanguage":"es","@id":"https:\/\/gobierno.udd.cl\/cips\/#\/schema\/person\/image\/","url":"https:\/\/secure.gravatar.com\/avatar\/c7c585f20c9cd5b1fc8956abfd060f1af449288eb4e630466a5a53a84641a9ca?s=96&d=mm&r=g","contentUrl":"https:\/\/secure.gravatar.com\/avatar\/c7c585f20c9cd5b1fc8956abfd060f1af449288eb4e630466a5a53a84641a9ca?s=96&d=mm&r=g","caption":"claudiagodia"},"url":"https:\/\/gobierno.udd.cl\/cips\/author\/claudiagodia\/"}]}},"featured_image_url":"https:\/\/gobierno.udd.cl\/cips\/files\/2023\/12\/paula-daza-2.png","_links":{"self":[{"href":"https:\/\/gobierno.udd.cl\/cips\/wp-json\/wp\/v2\/posts\/3645","targetHints":{"allow":["GET"]}}],"collection":[{"href":"https:\/\/gobierno.udd.cl\/cips\/wp-json\/wp\/v2\/posts"}],"about":[{"href":"https:\/\/gobierno.udd.cl\/cips\/wp-json\/wp\/v2\/types\/post"}],"author":[{"embeddable":true,"href":"https:\/\/gobierno.udd.cl\/cips\/wp-json\/wp\/v2\/users\/9192240"}],"replies":[{"embeddable":true,"href":"https:\/\/gobierno.udd.cl\/cips\/wp-json\/wp\/v2\/comments?post=3645"}],"version-history":[{"count":1,"href":"https:\/\/gobierno.udd.cl\/cips\/wp-json\/wp\/v2\/posts\/3645\/revisions"}],"predecessor-version":[{"id":3647,"href":"https:\/\/gobierno.udd.cl\/cips\/wp-json\/wp\/v2\/posts\/3645\/revisions\/3647"}],"wp:featuredmedia":[{"embeddable":true,"href":"https:\/\/gobierno.udd.cl\/cips\/wp-json\/wp\/v2\/media\/1827"}],"wp:attachment":[{"href":"https:\/\/gobierno.udd.cl\/cips\/wp-json\/wp\/v2\/media?parent=3645"}],"wp:term":[{"taxonomy":"category","embeddable":true,"href":"https:\/\/gobierno.udd.cl\/cips\/wp-json\/wp\/v2\/categories?post=3645"},{"taxonomy":"post_tag","embeddable":true,"href":"https:\/\/gobierno.udd.cl\/cips\/wp-json\/wp\/v2\/tags?post=3645"}],"curies":[{"name":"wp","href":"https:\/\/api.w.org\/{rel}","templated":true}]}}