{"id":3600,"date":"2024-12-12T09:42:56","date_gmt":"2024-12-12T12:42:56","guid":{"rendered":"https:\/\/gobierno.udd.cl\/cips\/?p=3600"},"modified":"2024-12-20T09:46:05","modified_gmt":"2024-12-20T12:46:05","slug":"emol-tv-seminario-internacional-cancer-cervicouterino-en-chile-recomendaciones-para-su-eliminacion","status":"publish","type":"post","link":"https:\/\/gobierno.udd.cl\/cips\/2024\/12\/12\/emol-tv-seminario-internacional-cancer-cervicouterino-en-chile-recomendaciones-para-su-eliminacion\/","title":{"rendered":"Emol TV | Seminario Internacional C\u00e1ncer cervicouterino en Chile: Recomendaciones para su eliminaci\u00f3n"},"content":{"rendered":"\n<p>Seminario organizado por CIPS-UDD, que aborda las conclusiones de los expertos en materia de pol\u00edticas p\u00fablicas para la erradicaci\u00f3n del c\u00e1ncer cervicouterino.<\/p>\n\n\n\n<figure class=\"wp-block-embed is-type-rich is-provider-gestor-del-servicio wp-block-embed-gestor-del-servicio\"><div class=\"wp-block-embed__wrapper\">\n<div style=\"width: 640px;\" class=\"wp-video\"><video class=\"wp-video-shortcode\" id=\"video-3600-1\" width=\"640\" height=\"360\" preload=\"metadata\" controls=\"controls\"><source type=\"video\/mp4\" src=\"https:\/\/videosetv.ecn.cl\/EMOLTV_V2_20241214105901439_480p.mp4?_=1\" \/><a href=\"https:\/\/videosetv.ecn.cl\/EMOLTV_V2_20241214105901439_480p.mp4\">https:\/\/videosetv.ecn.cl\/EMOLTV_V2_20241214105901439_480p.mp4<\/a><\/video><\/div>\n<\/div><\/figure>\n","protected":false},"excerpt":{"rendered":"<p>Seminario organizado por CIPS-UDD, que aborda las conclusiones de los expertos en materia de pol\u00edticas p\u00fablicas para la erradicaci\u00f3n del c\u00e1ncer cervicouterino.<\/p>\n","protected":false},"author":9192240,"featured_media":3601,"comment_status":"closed","ping_status":"open","sticky":false,"template":"","format":"standard","meta":{"footnotes":""},"categories":[4],"tags":[],"class_list":["post-3600","post","type-post","status-publish","format-standard","has-post-thumbnail","hentry","category-cips-en-la-prensa"],"yoast_head":"<!-- This site is optimized with the Yoast SEO plugin v26.9 - https:\/\/yoast.com\/product\/yoast-seo-wordpress\/ -->\n<title>Emol TV | Seminario Internacional C\u00e1ncer cervicouterino en Chile: Recomendaciones para su eliminaci\u00f3n - Centro de Pol\u00edticas P\u00fablicas e Innovaci\u00f3n en Salud<\/title>\n<meta name=\"robots\" content=\"index, follow, max-snippet:-1, max-image-preview:large, max-video-preview:-1\" \/>\n<link rel=\"canonical\" href=\"https:\/\/gobierno.udd.cl\/cips\/2024\/12\/12\/emol-tv-seminario-internacional-cancer-cervicouterino-en-chile-recomendaciones-para-su-eliminacion\/\" \/>\n<meta property=\"og:locale\" content=\"es_ES\" \/>\n<meta property=\"og:type\" content=\"article\" \/>\n<meta property=\"og:title\" content=\"Emol TV | Seminario Internacional C\u00e1ncer cervicouterino en Chile: Recomendaciones para su eliminaci\u00f3n - Centro de Pol\u00edticas P\u00fablicas e Innovaci\u00f3n en Salud\" \/>\n<meta property=\"og:description\" content=\"Seminario organizado por CIPS-UDD, que aborda las conclusiones de los expertos en materia de pol\u00edticas p\u00fablicas para la erradicaci\u00f3n del c\u00e1ncer cervicouterino.\" \/>\n<meta property=\"og:url\" content=\"https:\/\/gobierno.udd.cl\/cips\/2024\/12\/12\/emol-tv-seminario-internacional-cancer-cervicouterino-en-chile-recomendaciones-para-su-eliminacion\/\" \/>\n<meta property=\"og:site_name\" content=\"Centro de Pol\u00edticas P\u00fablicas e Innovaci\u00f3n en Salud\" \/>\n<meta property=\"article:publisher\" content=\"https:\/\/www.facebook.com\/CIPS.UDD\" \/>\n<meta property=\"article:published_time\" content=\"2024-12-12T12:42:56+00:00\" \/>\n<meta property=\"article:modified_time\" content=\"2024-12-20T12:46:05+00:00\" \/>\n<meta property=\"og:image\" content=\"https:\/\/gobierno.udd.cl\/cips\/files\/2024\/12\/seminario-internacional-cips-vst-9609_1.jpg\" \/>\n\t<meta property=\"og:image:width\" content=\"1620\" \/>\n\t<meta property=\"og:image:height\" content=\"1080\" \/>\n\t<meta property=\"og:image:type\" content=\"image\/jpeg\" \/>\n<meta name=\"author\" content=\"claudiagodia\" \/>\n<meta name=\"twitter:card\" content=\"summary_large_image\" \/>\n<meta name=\"twitter:creator\" content=\"@CIPS_UDD\" \/>\n<meta name=\"twitter:site\" content=\"@CIPS_UDD\" \/>\n<meta name=\"twitter:label1\" content=\"Escrito por\" \/>\n\t<meta name=\"twitter:data1\" content=\"claudiagodia\" \/>\n\t<meta name=\"twitter:label2\" content=\"Tiempo de lectura\" \/>\n\t<meta name=\"twitter:data2\" content=\"1 minuto\" \/>\n<script type=\"application\/ld+json\" class=\"yoast-schema-graph\">{\"@context\":\"https:\/\/schema.org\",\"@graph\":[{\"@type\":\"Article\",\"@id\":\"https:\/\/gobierno.udd.cl\/cips\/2024\/12\/12\/emol-tv-seminario-internacional-cancer-cervicouterino-en-chile-recomendaciones-para-su-eliminacion\/#article\",\"isPartOf\":{\"@id\":\"https:\/\/gobierno.udd.cl\/cips\/2024\/12\/12\/emol-tv-seminario-internacional-cancer-cervicouterino-en-chile-recomendaciones-para-su-eliminacion\/\"},\"author\":{\"name\":\"claudiagodia\",\"@id\":\"https:\/\/gobierno.udd.cl\/cips\/#\/schema\/person\/a34b5db7e59307019967393aeeca7130\"},\"headline\":\"Emol TV | Seminario Internacional C\u00e1ncer cervicouterino en Chile: Recomendaciones para su eliminaci\u00f3n\",\"datePublished\":\"2024-12-12T12:42:56+00:00\",\"dateModified\":\"2024-12-20T12:46:05+00:00\",\"mainEntityOfPage\":{\"@id\":\"https:\/\/gobierno.udd.cl\/cips\/2024\/12\/12\/emol-tv-seminario-internacional-cancer-cervicouterino-en-chile-recomendaciones-para-su-eliminacion\/\"},\"wordCount\":48,\"image\":{\"@id\":\"https:\/\/gobierno.udd.cl\/cips\/2024\/12\/12\/emol-tv-seminario-internacional-cancer-cervicouterino-en-chile-recomendaciones-para-su-eliminacion\/#primaryimage\"},\"thumbnailUrl\":\"https:\/\/gobierno.udd.cl\/cips\/files\/2024\/12\/seminario-internacional-cips-vst-9609_1.jpg\",\"articleSection\":[\"CIPS en la prensa\"],\"inLanguage\":\"es\"},{\"@type\":\"WebPage\",\"@id\":\"https:\/\/gobierno.udd.cl\/cips\/2024\/12\/12\/emol-tv-seminario-internacional-cancer-cervicouterino-en-chile-recomendaciones-para-su-eliminacion\/\",\"url\":\"https:\/\/gobierno.udd.cl\/cips\/2024\/12\/12\/emol-tv-seminario-internacional-cancer-cervicouterino-en-chile-recomendaciones-para-su-eliminacion\/\",\"name\":\"Emol TV | Seminario Internacional C\u00e1ncer cervicouterino en Chile: Recomendaciones para su eliminaci\u00f3n - Centro de Pol\u00edticas P\u00fablicas e Innovaci\u00f3n en Salud\",\"isPartOf\":{\"@id\":\"https:\/\/gobierno.udd.cl\/cips\/#website\"},\"primaryImageOfPage\":{\"@id\":\"https:\/\/gobierno.udd.cl\/cips\/2024\/12\/12\/emol-tv-seminario-internacional-cancer-cervicouterino-en-chile-recomendaciones-para-su-eliminacion\/#primaryimage\"},\"image\":{\"@id\":\"https:\/\/gobierno.udd.cl\/cips\/2024\/12\/12\/emol-tv-seminario-internacional-cancer-cervicouterino-en-chile-recomendaciones-para-su-eliminacion\/#primaryimage\"},\"thumbnailUrl\":\"https:\/\/gobierno.udd.cl\/cips\/files\/2024\/12\/seminario-internacional-cips-vst-9609_1.jpg\",\"datePublished\":\"2024-12-12T12:42:56+00:00\",\"dateModified\":\"2024-12-20T12:46:05+00:00\",\"author\":{\"@id\":\"https:\/\/gobierno.udd.cl\/cips\/#\/schema\/person\/a34b5db7e59307019967393aeeca7130\"},\"breadcrumb\":{\"@id\":\"https:\/\/gobierno.udd.cl\/cips\/2024\/12\/12\/emol-tv-seminario-internacional-cancer-cervicouterino-en-chile-recomendaciones-para-su-eliminacion\/#breadcrumb\"},\"inLanguage\":\"es\",\"potentialAction\":[{\"@type\":\"ReadAction\",\"target\":[\"https:\/\/gobierno.udd.cl\/cips\/2024\/12\/12\/emol-tv-seminario-internacional-cancer-cervicouterino-en-chile-recomendaciones-para-su-eliminacion\/\"]}]},{\"@type\":\"ImageObject\",\"inLanguage\":\"es\",\"@id\":\"https:\/\/gobierno.udd.cl\/cips\/2024\/12\/12\/emol-tv-seminario-internacional-cancer-cervicouterino-en-chile-recomendaciones-para-su-eliminacion\/#primaryimage\",\"url\":\"https:\/\/gobierno.udd.cl\/cips\/files\/2024\/12\/seminario-internacional-cips-vst-9609_1.jpg\",\"contentUrl\":\"https:\/\/gobierno.udd.cl\/cips\/files\/2024\/12\/seminario-internacional-cips-vst-9609_1.jpg\",\"width\":1620,\"height\":1080},{\"@type\":\"BreadcrumbList\",\"@id\":\"https:\/\/gobierno.udd.cl\/cips\/2024\/12\/12\/emol-tv-seminario-internacional-cancer-cervicouterino-en-chile-recomendaciones-para-su-eliminacion\/#breadcrumb\",\"itemListElement\":[{\"@type\":\"ListItem\",\"position\":1,\"name\":\"Portada\",\"item\":\"https:\/\/gobierno.udd.cl\/cips\/\"},{\"@type\":\"ListItem\",\"position\":2,\"name\":\"Emol TV | Seminario Internacional C\u00e1ncer cervicouterino en Chile: Recomendaciones para su eliminaci\u00f3n\"}]},{\"@type\":\"WebSite\",\"@id\":\"https:\/\/gobierno.udd.cl\/cips\/#website\",\"url\":\"https:\/\/gobierno.udd.cl\/cips\/\",\"name\":\"Centro de Pol\u00edticas P\u00fablicas e Innovaci\u00f3n en Salud\",\"description\":\"CIPS-UDD\",\"inLanguage\":\"es\"},{\"@type\":\"Person\",\"@id\":\"https:\/\/gobierno.udd.cl\/cips\/#\/schema\/person\/a34b5db7e59307019967393aeeca7130\",\"name\":\"claudiagodia\",\"image\":{\"@type\":\"ImageObject\",\"inLanguage\":\"es\",\"@id\":\"https:\/\/gobierno.udd.cl\/cips\/#\/schema\/person\/image\/\",\"url\":\"https:\/\/secure.gravatar.com\/avatar\/c7c585f20c9cd5b1fc8956abfd060f1af449288eb4e630466a5a53a84641a9ca?s=96&d=mm&r=g\",\"contentUrl\":\"https:\/\/secure.gravatar.com\/avatar\/c7c585f20c9cd5b1fc8956abfd060f1af449288eb4e630466a5a53a84641a9ca?s=96&d=mm&r=g\",\"caption\":\"claudiagodia\"},\"url\":\"https:\/\/gobierno.udd.cl\/cips\/author\/claudiagodia\/\"}]}<\/script>\n<!-- \/ Yoast SEO plugin. -->","yoast_head_json":{"title":"Emol TV | Seminario Internacional C\u00e1ncer cervicouterino en Chile: Recomendaciones para su eliminaci\u00f3n - Centro de Pol\u00edticas P\u00fablicas e Innovaci\u00f3n en Salud","robots":{"index":"index","follow":"follow","max-snippet":"max-snippet:-1","max-image-preview":"max-image-preview:large","max-video-preview":"max-video-preview:-1"},"canonical":"https:\/\/gobierno.udd.cl\/cips\/2024\/12\/12\/emol-tv-seminario-internacional-cancer-cervicouterino-en-chile-recomendaciones-para-su-eliminacion\/","og_locale":"es_ES","og_type":"article","og_title":"Emol TV | Seminario Internacional C\u00e1ncer cervicouterino en Chile: Recomendaciones para su eliminaci\u00f3n - Centro de Pol\u00edticas P\u00fablicas e Innovaci\u00f3n en Salud","og_description":"Seminario organizado por CIPS-UDD, que aborda las conclusiones de los expertos en materia de pol\u00edticas p\u00fablicas para la erradicaci\u00f3n del c\u00e1ncer cervicouterino.","og_url":"https:\/\/gobierno.udd.cl\/cips\/2024\/12\/12\/emol-tv-seminario-internacional-cancer-cervicouterino-en-chile-recomendaciones-para-su-eliminacion\/","og_site_name":"Centro de Pol\u00edticas P\u00fablicas e Innovaci\u00f3n en Salud","article_publisher":"https:\/\/www.facebook.com\/CIPS.UDD","article_published_time":"2024-12-12T12:42:56+00:00","article_modified_time":"2024-12-20T12:46:05+00:00","og_image":[{"width":1620,"height":1080,"url":"https:\/\/gobierno.udd.cl\/cips\/files\/2024\/12\/seminario-internacional-cips-vst-9609_1.jpg","type":"image\/jpeg"}],"author":"claudiagodia","twitter_card":"summary_large_image","twitter_creator":"@CIPS_UDD","twitter_site":"@CIPS_UDD","twitter_misc":{"Escrito por":"claudiagodia","Tiempo de lectura":"1 minuto"},"schema":{"@context":"https:\/\/schema.org","@graph":[{"@type":"Article","@id":"https:\/\/gobierno.udd.cl\/cips\/2024\/12\/12\/emol-tv-seminario-internacional-cancer-cervicouterino-en-chile-recomendaciones-para-su-eliminacion\/#article","isPartOf":{"@id":"https:\/\/gobierno.udd.cl\/cips\/2024\/12\/12\/emol-tv-seminario-internacional-cancer-cervicouterino-en-chile-recomendaciones-para-su-eliminacion\/"},"author":{"name":"claudiagodia","@id":"https:\/\/gobierno.udd.cl\/cips\/#\/schema\/person\/a34b5db7e59307019967393aeeca7130"},"headline":"Emol TV | Seminario Internacional C\u00e1ncer cervicouterino en Chile: Recomendaciones para su eliminaci\u00f3n","datePublished":"2024-12-12T12:42:56+00:00","dateModified":"2024-12-20T12:46:05+00:00","mainEntityOfPage":{"@id":"https:\/\/gobierno.udd.cl\/cips\/2024\/12\/12\/emol-tv-seminario-internacional-cancer-cervicouterino-en-chile-recomendaciones-para-su-eliminacion\/"},"wordCount":48,"image":{"@id":"https:\/\/gobierno.udd.cl\/cips\/2024\/12\/12\/emol-tv-seminario-internacional-cancer-cervicouterino-en-chile-recomendaciones-para-su-eliminacion\/#primaryimage"},"thumbnailUrl":"https:\/\/gobierno.udd.cl\/cips\/files\/2024\/12\/seminario-internacional-cips-vst-9609_1.jpg","articleSection":["CIPS en la prensa"],"inLanguage":"es"},{"@type":"WebPage","@id":"https:\/\/gobierno.udd.cl\/cips\/2024\/12\/12\/emol-tv-seminario-internacional-cancer-cervicouterino-en-chile-recomendaciones-para-su-eliminacion\/","url":"https:\/\/gobierno.udd.cl\/cips\/2024\/12\/12\/emol-tv-seminario-internacional-cancer-cervicouterino-en-chile-recomendaciones-para-su-eliminacion\/","name":"Emol TV | Seminario Internacional C\u00e1ncer cervicouterino en Chile: Recomendaciones para su eliminaci\u00f3n - Centro de Pol\u00edticas P\u00fablicas e Innovaci\u00f3n en Salud","isPartOf":{"@id":"https:\/\/gobierno.udd.cl\/cips\/#website"},"primaryImageOfPage":{"@id":"https:\/\/gobierno.udd.cl\/cips\/2024\/12\/12\/emol-tv-seminario-internacional-cancer-cervicouterino-en-chile-recomendaciones-para-su-eliminacion\/#primaryimage"},"image":{"@id":"https:\/\/gobierno.udd.cl\/cips\/2024\/12\/12\/emol-tv-seminario-internacional-cancer-cervicouterino-en-chile-recomendaciones-para-su-eliminacion\/#primaryimage"},"thumbnailUrl":"https:\/\/gobierno.udd.cl\/cips\/files\/2024\/12\/seminario-internacional-cips-vst-9609_1.jpg","datePublished":"2024-12-12T12:42:56+00:00","dateModified":"2024-12-20T12:46:05+00:00","author":{"@id":"https:\/\/gobierno.udd.cl\/cips\/#\/schema\/person\/a34b5db7e59307019967393aeeca7130"},"breadcrumb":{"@id":"https:\/\/gobierno.udd.cl\/cips\/2024\/12\/12\/emol-tv-seminario-internacional-cancer-cervicouterino-en-chile-recomendaciones-para-su-eliminacion\/#breadcrumb"},"inLanguage":"es","potentialAction":[{"@type":"ReadAction","target":["https:\/\/gobierno.udd.cl\/cips\/2024\/12\/12\/emol-tv-seminario-internacional-cancer-cervicouterino-en-chile-recomendaciones-para-su-eliminacion\/"]}]},{"@type":"ImageObject","inLanguage":"es","@id":"https:\/\/gobierno.udd.cl\/cips\/2024\/12\/12\/emol-tv-seminario-internacional-cancer-cervicouterino-en-chile-recomendaciones-para-su-eliminacion\/#primaryimage","url":"https:\/\/gobierno.udd.cl\/cips\/files\/2024\/12\/seminario-internacional-cips-vst-9609_1.jpg","contentUrl":"https:\/\/gobierno.udd.cl\/cips\/files\/2024\/12\/seminario-internacional-cips-vst-9609_1.jpg","width":1620,"height":1080},{"@type":"BreadcrumbList","@id":"https:\/\/gobierno.udd.cl\/cips\/2024\/12\/12\/emol-tv-seminario-internacional-cancer-cervicouterino-en-chile-recomendaciones-para-su-eliminacion\/#breadcrumb","itemListElement":[{"@type":"ListItem","position":1,"name":"Portada","item":"https:\/\/gobierno.udd.cl\/cips\/"},{"@type":"ListItem","position":2,"name":"Emol TV | Seminario Internacional C\u00e1ncer cervicouterino en Chile: Recomendaciones para su eliminaci\u00f3n"}]},{"@type":"WebSite","@id":"https:\/\/gobierno.udd.cl\/cips\/#website","url":"https:\/\/gobierno.udd.cl\/cips\/","name":"Centro de Pol\u00edticas P\u00fablicas e Innovaci\u00f3n en Salud","description":"CIPS-UDD","inLanguage":"es"},{"@type":"Person","@id":"https:\/\/gobierno.udd.cl\/cips\/#\/schema\/person\/a34b5db7e59307019967393aeeca7130","name":"claudiagodia","image":{"@type":"ImageObject","inLanguage":"es","@id":"https:\/\/gobierno.udd.cl\/cips\/#\/schema\/person\/image\/","url":"https:\/\/secure.gravatar.com\/avatar\/c7c585f20c9cd5b1fc8956abfd060f1af449288eb4e630466a5a53a84641a9ca?s=96&d=mm&r=g","contentUrl":"https:\/\/secure.gravatar.com\/avatar\/c7c585f20c9cd5b1fc8956abfd060f1af449288eb4e630466a5a53a84641a9ca?s=96&d=mm&r=g","caption":"claudiagodia"},"url":"https:\/\/gobierno.udd.cl\/cips\/author\/claudiagodia\/"}]}},"featured_image_url":"https:\/\/gobierno.udd.cl\/cips\/files\/2024\/12\/seminario-internacional-cips-vst-9609_1.jpg","_links":{"self":[{"href":"https:\/\/gobierno.udd.cl\/cips\/wp-json\/wp\/v2\/posts\/3600","targetHints":{"allow":["GET"]}}],"collection":[{"href":"https:\/\/gobierno.udd.cl\/cips\/wp-json\/wp\/v2\/posts"}],"about":[{"href":"https:\/\/gobierno.udd.cl\/cips\/wp-json\/wp\/v2\/types\/post"}],"author":[{"embeddable":true,"href":"https:\/\/gobierno.udd.cl\/cips\/wp-json\/wp\/v2\/users\/9192240"}],"replies":[{"embeddable":true,"href":"https:\/\/gobierno.udd.cl\/cips\/wp-json\/wp\/v2\/comments?post=3600"}],"version-history":[{"count":1,"href":"https:\/\/gobierno.udd.cl\/cips\/wp-json\/wp\/v2\/posts\/3600\/revisions"}],"predecessor-version":[{"id":3602,"href":"https:\/\/gobierno.udd.cl\/cips\/wp-json\/wp\/v2\/posts\/3600\/revisions\/3602"}],"wp:featuredmedia":[{"embeddable":true,"href":"https:\/\/gobierno.udd.cl\/cips\/wp-json\/wp\/v2\/media\/3601"}],"wp:attachment":[{"href":"https:\/\/gobierno.udd.cl\/cips\/wp-json\/wp\/v2\/media?parent=3600"}],"wp:term":[{"taxonomy":"category","embeddable":true,"href":"https:\/\/gobierno.udd.cl\/cips\/wp-json\/wp\/v2\/categories?post=3600"},{"taxonomy":"post_tag","embeddable":true,"href":"https:\/\/gobierno.udd.cl\/cips\/wp-json\/wp\/v2\/tags?post=3600"}],"curies":[{"name":"wp","href":"https:\/\/api.w.org\/{rel}","templated":true}]}}