{"id":3495,"date":"2024-11-20T09:20:37","date_gmt":"2024-11-20T12:20:37","guid":{"rendered":"https:\/\/gobierno.udd.cl\/cips\/?p=3495"},"modified":"2024-11-29T09:40:20","modified_gmt":"2024-11-29T12:40:20","slug":"mesas-de-expertos-finalizan-trabajo-para-presentar-propuesta-sobre-eliminacion-del-cancer-cervicouterino","status":"publish","type":"post","link":"https:\/\/gobierno.udd.cl\/cips\/2024\/11\/20\/mesas-de-expertos-finalizan-trabajo-para-presentar-propuesta-sobre-eliminacion-del-cancer-cervicouterino\/","title":{"rendered":"Mesas de expertos finalizan trabajo para presentar propuesta sobre eliminaci\u00f3n del c\u00e1ncer cervicouterino"},"content":{"rendered":"\n<p><em>Durante un a\u00f1o trabajaron los m\u00e1s de 15 especialistas en esta patolog\u00eda para generar recomendaciones en las \u00e1reas de vacunaci\u00f3n, detecci\u00f3n y tratamiento.<\/em><\/p>\n\n\n\n<p>Con el objetivo de desarrollar un documento que re\u00fana propuestas y recomendaciones para la eliminaci\u00f3n del C\u00e1ncer Cervicouterino en Chile, durante este a\u00f1o 2024, el Centro de Pol\u00edticas P\u00fablicas e Innovaci\u00f3n en Salud, CIPS-UDD, organiz\u00f3 el trabajo de mesas de expertos que pudieran discutir y realizar este proyecto.<\/p>\n\n\n\n<p>Durante el mes de noviembre, los especialistas que conforman las tres mesas de trabajo, enfocadas en vacunaci\u00f3n, detecci\u00f3n y tratamiento, tuvieron su \u00faltima reuni\u00f3n, para definir los \u00faltimos detalles de este documento, que se presentar\u00e1 en su totalidad el pr\u00f3ximo mi\u00e9rcoles 11 de diciembre, durante el Seminario Internacional C\u00e1ncer Cervicouterino en Chile: Recomendaciones para su eliminaci\u00f3n, que se efectuar\u00e1 en el Aula Magna de la Universidad del Desarrollo.<\/p>\n\n\n\n<p>La directora ejecutiva de CIPS-UDD, Paula Daza, comparti\u00f3 con los especialistas durante el \u00faltimo encuentro, y les agradeci\u00f3 por su colaboraci\u00f3n y compromiso hacia la eliminaci\u00f3n de esta enfermedad: <strong>\u201chan logrado hacer un trabajo incre\u00edble. Durante el seminario podremos profundizar en todas las recomendaciones, con el objetivo de lograr una mayor cobertura y demostrar que este c\u00e1ncer se puede prevenir, y por ende, erradicar\u201d.\u00a0<\/strong><\/p>\n\n\n<section class=\"wp-block-udd-gallery-carousel wp-carousel-gallery\">\n\t<div class=\"container\">\n\t\t<div\n\t\t\tclass=\"slick-carousel gallery-slick-carousel gallery-carousel--1\"\n\t\t\tdata-slick='{&quot;slidesToScroll&quot;:1,&quot;slidesToShow&quot;:1,&quot;appendDots&quot;:&quot;#dots-69f2be95d9ef7&quot;,&quot;prevArrow&quot;:&quot;&lt;button type=\\&quot;button\\&quot; class=\\&quot;btn btn-primary slick-prev\\&quot;&gt;&lt;svg class=\\&quot;svg-chevron-left-dims\\&quot;&gt;&lt;use xlink:href=&#039;https:\\\/\\\/gobierno.udd.cl\\\/cips\\\/wp-content\\\/themes\\\/facultades-2018\\\/assets\\\/img\\\/svg\\\/dist\\\/main.svg?version=1695853099#chevron-left&#039;&gt;&lt;\\\/use&gt;&lt;\\\/svg&gt;&lt;span class=\\&quot;sr-only\\&quot;&gt;Anterior&lt;\\\/span&gt;&lt;\\\/button&gt;&quot;,&quot;nextArrow&quot;:&quot;&lt;button type=\\&quot;button\\&quot; class=\\&quot;btn btn-primary slick-next\\&quot;&gt;&lt;svg class=\\&quot;svg-chevron-right-dims\\&quot;&gt;&lt;use xlink:href=&#039;https:\\\/\\\/gobierno.udd.cl\\\/cips\\\/wp-content\\\/themes\\\/facultades-2018\\\/assets\\\/img\\\/svg\\\/dist\\\/main.svg?version=1695853099#chevron-right&#039;&gt;&lt;\\\/use&gt;&lt;\\\/svg&gt;&lt;span class=\\&quot;sr-only\\&quot;&gt;Siguiente&lt;\\\/span&gt;&lt;\\\/button&gt;&quot;,&quot;infinite&quot;:true,&quot;dots&quot;:true}'\n\t\t>\n\t\t\t\t\t\t\t<figure>\n\t\t\t\t\t<img loading=\"lazy\" decoding=\"async\" width=\"1280\" height=\"720\" src=\"https:\/\/gobierno.udd.cl\/cips\/wp-content\/plugins\/wp-async-img-load\/blank.png\" class=\"attachment-1280x720 size-1280x720 lazyload\" alt=\"\" sizes=\"auto, (max-width: 1280px) 100vw, 1280px\" data-src=\"https:\/\/gobierno.udd.cl\/cips\/files\/2024\/11\/whatsapp-image-2024-11-29-at-09-23-03-1-1366x768.jpeg\" data-srcset=\"https:\/\/gobierno.udd.cl\/cips\/files\/2024\/11\/whatsapp-image-2024-11-29-at-09-23-03-1-1366x768.jpeg 1366w, https:\/\/gobierno.udd.cl\/cips\/files\/2024\/11\/whatsapp-image-2024-11-29-at-09-23-03-1-1920x1080.jpeg 1920w, https:\/\/gobierno.udd.cl\/cips\/files\/2024\/11\/whatsapp-image-2024-11-29-at-09-23-03-1-680x382.jpeg 680w\" \/>\t\t\t\t\t\t\t\t\t<\/figure>\n\t\t\t\t\t\t\t<figure>\n\t\t\t\t\t<img loading=\"lazy\" decoding=\"async\" width=\"1280\" height=\"720\" src=\"https:\/\/gobierno.udd.cl\/cips\/wp-content\/plugins\/wp-async-img-load\/blank.png\" class=\"attachment-1280x720 size-1280x720 lazyload\" alt=\"\" sizes=\"auto, (max-width: 1280px) 100vw, 1280px\" data-src=\"https:\/\/gobierno.udd.cl\/cips\/files\/2024\/11\/whatsapp-image-2024-11-29-at-09-23-03-1366x768.jpeg\" data-srcset=\"https:\/\/gobierno.udd.cl\/cips\/files\/2024\/11\/whatsapp-image-2024-11-29-at-09-23-03-1366x768.jpeg 1366w, https:\/\/gobierno.udd.cl\/cips\/files\/2024\/11\/whatsapp-image-2024-11-29-at-09-23-03-1920x1080.jpeg 1920w, https:\/\/gobierno.udd.cl\/cips\/files\/2024\/11\/whatsapp-image-2024-11-29-at-09-23-03-680x382.jpeg 680w\" \/>\t\t\t\t\t\t\t\t\t<\/figure>\n\t\t\t\t\t\t\t<figure>\n\t\t\t\t\t<img loading=\"lazy\" decoding=\"async\" width=\"1280\" height=\"720\" src=\"https:\/\/gobierno.udd.cl\/cips\/wp-content\/plugins\/wp-async-img-load\/blank.png\" class=\"attachment-1280x720 size-1280x720 lazyload\" alt=\"\" sizes=\"auto, (max-width: 1280px) 100vw, 1280px\" data-src=\"https:\/\/gobierno.udd.cl\/cips\/files\/2024\/11\/whatsapp-image-2024-11-29-at-09-22-59-1-1366x768.jpeg\" data-srcset=\"https:\/\/gobierno.udd.cl\/cips\/files\/2024\/11\/whatsapp-image-2024-11-29-at-09-22-59-1-1366x768.jpeg 1366w, https:\/\/gobierno.udd.cl\/cips\/files\/2024\/11\/whatsapp-image-2024-11-29-at-09-22-59-1-1920x1080.jpeg 1920w, https:\/\/gobierno.udd.cl\/cips\/files\/2024\/11\/whatsapp-image-2024-11-29-at-09-22-59-1-680x382.jpeg 680w\" \/>\t\t\t\t\t\t\t\t\t<\/figure>\n\t\t\t\t\t\t\t<figure>\n\t\t\t\t\t<img loading=\"lazy\" decoding=\"async\" width=\"1280\" height=\"720\" src=\"https:\/\/gobierno.udd.cl\/cips\/wp-content\/plugins\/wp-async-img-load\/blank.png\" class=\"attachment-1280x720 size-1280x720 lazyload\" alt=\"\" sizes=\"auto, (max-width: 1280px) 100vw, 1280px\" data-src=\"https:\/\/gobierno.udd.cl\/cips\/files\/2024\/11\/whatsapp-image-2024-11-29-at-09-22-59-1366x768.jpeg\" data-srcset=\"https:\/\/gobierno.udd.cl\/cips\/files\/2024\/11\/whatsapp-image-2024-11-29-at-09-22-59-1366x768.jpeg 1366w, https:\/\/gobierno.udd.cl\/cips\/files\/2024\/11\/whatsapp-image-2024-11-29-at-09-22-59-1920x1080.jpeg 1920w, https:\/\/gobierno.udd.cl\/cips\/files\/2024\/11\/whatsapp-image-2024-11-29-at-09-22-59-680x382.jpeg 680w\" \/>\t\t\t\t\t\t\t\t\t<\/figure>\n\t\t\t\t\t\t\t<figure>\n\t\t\t\t\t<img loading=\"lazy\" decoding=\"async\" width=\"1280\" height=\"720\" src=\"https:\/\/gobierno.udd.cl\/cips\/wp-content\/plugins\/wp-async-img-load\/blank.png\" class=\"attachment-1280x720 size-1280x720 lazyload\" alt=\"\" sizes=\"auto, (max-width: 1280px) 100vw, 1280px\" data-src=\"https:\/\/gobierno.udd.cl\/cips\/files\/2024\/11\/whatsapp-image-2024-11-29-at-09-22-58-1-1366x768.jpeg\" data-srcset=\"https:\/\/gobierno.udd.cl\/cips\/files\/2024\/11\/whatsapp-image-2024-11-29-at-09-22-58-1-1366x768.jpeg 1366w, https:\/\/gobierno.udd.cl\/cips\/files\/2024\/11\/whatsapp-image-2024-11-29-at-09-22-58-1-1920x1080.jpeg 1920w, https:\/\/gobierno.udd.cl\/cips\/files\/2024\/11\/whatsapp-image-2024-11-29-at-09-22-58-1-680x382.jpeg 680w\" \/>\t\t\t\t\t\t\t\t\t<\/figure>\n\t\t\t\t\t\t\t<figure>\n\t\t\t\t\t<img loading=\"lazy\" decoding=\"async\" width=\"1280\" height=\"720\" src=\"https:\/\/gobierno.udd.cl\/cips\/wp-content\/plugins\/wp-async-img-load\/blank.png\" class=\"attachment-1280x720 size-1280x720 lazyload\" alt=\"\" sizes=\"auto, (max-width: 1280px) 100vw, 1280px\" data-src=\"https:\/\/gobierno.udd.cl\/cips\/files\/2024\/11\/whatsapp-image-2024-11-29-at-09-22-52-1366x768.jpeg\" data-srcset=\"https:\/\/gobierno.udd.cl\/cips\/files\/2024\/11\/whatsapp-image-2024-11-29-at-09-22-52-1366x768.jpeg 1366w, https:\/\/gobierno.udd.cl\/cips\/files\/2024\/11\/whatsapp-image-2024-11-29-at-09-22-52-1920x1080.jpeg 1920w, https:\/\/gobierno.udd.cl\/cips\/files\/2024\/11\/whatsapp-image-2024-11-29-at-09-22-52-680x382.jpeg 680w\" \/>\t\t\t\t\t\t\t\t\t<\/figure>\n\t\t\t\t\t<\/div>\n\t\t<div\n\t\t\tclass=\"carousel-gallery--carousel-dots\"\n\t\t\tid=\"dots-69f2be95d9ef7\"\n\t\t><\/div>\n\t<\/div>\n<\/section>\n\n\n\n<p>La primera mesa de trabajo con foco en vacunaci\u00f3n, estuvo compuesta por la Dra. Cecilia Gonz\u00e1lez como presidenta; acompa\u00f1ada del Dr. Jaime Rodr\u00edguez, Dra. Pamela Oyarz\u00fan y Dra. Andrea Schilling; adem\u00e1s contaron con la colaboraci\u00f3n del Dr. Cristi\u00e1n Iribarren.<\/p>\n\n\n\n<p>La segunda mesa de trabajo se centr\u00f3 en detecci\u00f3n, con la participaci\u00f3n del Dr. Roberto Altamirano como presidente; adem\u00e1s, la matrona Gina Merino, la matrona Isabel Cisterna y la Dra. Adriana Castiblanco; tuvieron tambi\u00e9n la colaboraci\u00f3n de la matrona Fernanda Rivera.<\/p>\n\n\n\n<p>Y la tercera y \u00faltima mesa de trabajo se enfoc\u00f3 en el tratamiento, compuesta por el Dr. Omar Nazzal, como presidente; el Dr. Dino Sep\u00falveda, Dr. Nicolas Isa y la Dra. Javiera Silva; y la colaboraci\u00f3n de la Dra. Paulina Reyes, Dr. Mauricio Cuello y Dr. Patricio Gay\u00e1n.<\/p>\n\n\n\n<p>Inscripciones y m\u00e1s informaci\u00f3n sobre el Seminario Internacional C\u00e1ncer Cervicouterino en Chile: Recomendaciones para su eliminaci\u00f3n, <a href=\"https:\/\/gobierno.udd.cl\/cips\/ver-seminario\/seminario-internacional-cancer-cervicouterino-en-chile-avanzando-hacia-la-eliminacion\/\">aqu\u00ed<\/a>. <\/p>\n","protected":false},"excerpt":{"rendered":"<p>Durante un a\u00f1o trabajaron los m\u00e1s de 15 especialistas en esta patolog\u00eda para generar recomendaciones en las \u00e1reas de vacunaci\u00f3n, detecci\u00f3n y tratamiento. Con el objetivo de desarrollar un documento que re\u00fana propuestas y recomendaciones para la eliminaci\u00f3n del C\u00e1ncer Cervicouterino en Chile, durante este a\u00f1o 2024, el Centro de Pol\u00edticas P\u00fablicas e Innovaci\u00f3n en [&hellip;]<\/p>\n","protected":false},"author":9192240,"featured_media":3500,"comment_status":"closed","ping_status":"open","sticky":false,"template":"","format":"standard","meta":{"footnotes":""},"categories":[3],"tags":[],"class_list":["post-3495","post","type-post","status-publish","format-standard","has-post-thumbnail","hentry","category-noticias"],"yoast_head":"<!-- This site is optimized with the Yoast SEO plugin v26.9 - https:\/\/yoast.com\/product\/yoast-seo-wordpress\/ -->\n<title>Mesas de expertos finalizan trabajo para presentar propuesta sobre eliminaci\u00f3n del c\u00e1ncer cervicouterino - Centro de Pol\u00edticas P\u00fablicas e Innovaci\u00f3n en Salud<\/title>\n<meta name=\"robots\" content=\"index, follow, max-snippet:-1, max-image-preview:large, max-video-preview:-1\" \/>\n<link rel=\"canonical\" href=\"https:\/\/gobierno.udd.cl\/cips\/2024\/11\/20\/mesas-de-expertos-finalizan-trabajo-para-presentar-propuesta-sobre-eliminacion-del-cancer-cervicouterino\/\" \/>\n<meta property=\"og:locale\" content=\"es_ES\" \/>\n<meta property=\"og:type\" content=\"article\" \/>\n<meta property=\"og:title\" content=\"Mesas de expertos finalizan trabajo para presentar propuesta sobre eliminaci\u00f3n del c\u00e1ncer cervicouterino - Centro de Pol\u00edticas P\u00fablicas e Innovaci\u00f3n en Salud\" \/>\n<meta property=\"og:description\" content=\"Durante un a\u00f1o trabajaron los m\u00e1s de 15 especialistas en esta patolog\u00eda para generar recomendaciones en las \u00e1reas de vacunaci\u00f3n, detecci\u00f3n y tratamiento. Con el objetivo de desarrollar un documento que re\u00fana propuestas y recomendaciones para la eliminaci\u00f3n del C\u00e1ncer Cervicouterino en Chile, durante este a\u00f1o 2024, el Centro de Pol\u00edticas P\u00fablicas e Innovaci\u00f3n en [&hellip;]\" \/>\n<meta property=\"og:url\" content=\"https:\/\/gobierno.udd.cl\/cips\/2024\/11\/20\/mesas-de-expertos-finalizan-trabajo-para-presentar-propuesta-sobre-eliminacion-del-cancer-cervicouterino\/\" \/>\n<meta property=\"og:site_name\" content=\"Centro de Pol\u00edticas P\u00fablicas e Innovaci\u00f3n en Salud\" \/>\n<meta property=\"article:publisher\" content=\"https:\/\/www.facebook.com\/CIPS.UDD\" \/>\n<meta property=\"article:published_time\" content=\"2024-11-20T12:20:37+00:00\" \/>\n<meta property=\"article:modified_time\" content=\"2024-11-29T12:40:20+00:00\" \/>\n<meta property=\"og:image\" content=\"https:\/\/gobierno.udd.cl\/cips\/files\/2024\/11\/whatsapp-image-2024-11-29-at-09-22-59-scaled.jpeg\" \/>\n\t<meta property=\"og:image:width\" content=\"2560\" \/>\n\t<meta property=\"og:image:height\" content=\"1920\" \/>\n\t<meta property=\"og:image:type\" content=\"image\/jpeg\" \/>\n<meta name=\"author\" content=\"claudiagodia\" \/>\n<meta name=\"twitter:card\" content=\"summary_large_image\" \/>\n<meta name=\"twitter:creator\" content=\"@CIPS_UDD\" \/>\n<meta name=\"twitter:site\" content=\"@CIPS_UDD\" \/>\n<meta name=\"twitter:label1\" content=\"Escrito por\" \/>\n\t<meta name=\"twitter:data1\" content=\"claudiagodia\" \/>\n\t<meta name=\"twitter:label2\" content=\"Tiempo de lectura\" \/>\n\t<meta name=\"twitter:data2\" content=\"3 minutos\" \/>\n<script type=\"application\/ld+json\" class=\"yoast-schema-graph\">{\"@context\":\"https:\/\/schema.org\",\"@graph\":[{\"@type\":\"Article\",\"@id\":\"https:\/\/gobierno.udd.cl\/cips\/2024\/11\/20\/mesas-de-expertos-finalizan-trabajo-para-presentar-propuesta-sobre-eliminacion-del-cancer-cervicouterino\/#article\",\"isPartOf\":{\"@id\":\"https:\/\/gobierno.udd.cl\/cips\/2024\/11\/20\/mesas-de-expertos-finalizan-trabajo-para-presentar-propuesta-sobre-eliminacion-del-cancer-cervicouterino\/\"},\"author\":{\"name\":\"claudiagodia\",\"@id\":\"https:\/\/gobierno.udd.cl\/cips\/#\/schema\/person\/a34b5db7e59307019967393aeeca7130\"},\"headline\":\"Mesas de expertos finalizan trabajo para presentar propuesta sobre eliminaci\u00f3n del c\u00e1ncer cervicouterino\",\"datePublished\":\"2024-11-20T12:20:37+00:00\",\"dateModified\":\"2024-11-29T12:40:20+00:00\",\"mainEntityOfPage\":{\"@id\":\"https:\/\/gobierno.udd.cl\/cips\/2024\/11\/20\/mesas-de-expertos-finalizan-trabajo-para-presentar-propuesta-sobre-eliminacion-del-cancer-cervicouterino\/\"},\"wordCount\":403,\"image\":{\"@id\":\"https:\/\/gobierno.udd.cl\/cips\/2024\/11\/20\/mesas-de-expertos-finalizan-trabajo-para-presentar-propuesta-sobre-eliminacion-del-cancer-cervicouterino\/#primaryimage\"},\"thumbnailUrl\":\"https:\/\/gobierno.udd.cl\/cips\/files\/2024\/11\/whatsapp-image-2024-11-29-at-09-22-59-scaled.jpeg\",\"articleSection\":[\"Noticias\"],\"inLanguage\":\"es\"},{\"@type\":\"WebPage\",\"@id\":\"https:\/\/gobierno.udd.cl\/cips\/2024\/11\/20\/mesas-de-expertos-finalizan-trabajo-para-presentar-propuesta-sobre-eliminacion-del-cancer-cervicouterino\/\",\"url\":\"https:\/\/gobierno.udd.cl\/cips\/2024\/11\/20\/mesas-de-expertos-finalizan-trabajo-para-presentar-propuesta-sobre-eliminacion-del-cancer-cervicouterino\/\",\"name\":\"Mesas de expertos finalizan trabajo para presentar propuesta sobre eliminaci\u00f3n del c\u00e1ncer cervicouterino - Centro de Pol\u00edticas P\u00fablicas e Innovaci\u00f3n en Salud\",\"isPartOf\":{\"@id\":\"https:\/\/gobierno.udd.cl\/cips\/#website\"},\"primaryImageOfPage\":{\"@id\":\"https:\/\/gobierno.udd.cl\/cips\/2024\/11\/20\/mesas-de-expertos-finalizan-trabajo-para-presentar-propuesta-sobre-eliminacion-del-cancer-cervicouterino\/#primaryimage\"},\"image\":{\"@id\":\"https:\/\/gobierno.udd.cl\/cips\/2024\/11\/20\/mesas-de-expertos-finalizan-trabajo-para-presentar-propuesta-sobre-eliminacion-del-cancer-cervicouterino\/#primaryimage\"},\"thumbnailUrl\":\"https:\/\/gobierno.udd.cl\/cips\/files\/2024\/11\/whatsapp-image-2024-11-29-at-09-22-59-scaled.jpeg\",\"datePublished\":\"2024-11-20T12:20:37+00:00\",\"dateModified\":\"2024-11-29T12:40:20+00:00\",\"author\":{\"@id\":\"https:\/\/gobierno.udd.cl\/cips\/#\/schema\/person\/a34b5db7e59307019967393aeeca7130\"},\"breadcrumb\":{\"@id\":\"https:\/\/gobierno.udd.cl\/cips\/2024\/11\/20\/mesas-de-expertos-finalizan-trabajo-para-presentar-propuesta-sobre-eliminacion-del-cancer-cervicouterino\/#breadcrumb\"},\"inLanguage\":\"es\",\"potentialAction\":[{\"@type\":\"ReadAction\",\"target\":[\"https:\/\/gobierno.udd.cl\/cips\/2024\/11\/20\/mesas-de-expertos-finalizan-trabajo-para-presentar-propuesta-sobre-eliminacion-del-cancer-cervicouterino\/\"]}]},{\"@type\":\"ImageObject\",\"inLanguage\":\"es\",\"@id\":\"https:\/\/gobierno.udd.cl\/cips\/2024\/11\/20\/mesas-de-expertos-finalizan-trabajo-para-presentar-propuesta-sobre-eliminacion-del-cancer-cervicouterino\/#primaryimage\",\"url\":\"https:\/\/gobierno.udd.cl\/cips\/files\/2024\/11\/whatsapp-image-2024-11-29-at-09-22-59-scaled.jpeg\",\"contentUrl\":\"https:\/\/gobierno.udd.cl\/cips\/files\/2024\/11\/whatsapp-image-2024-11-29-at-09-22-59-scaled.jpeg\",\"width\":2560,\"height\":1920},{\"@type\":\"BreadcrumbList\",\"@id\":\"https:\/\/gobierno.udd.cl\/cips\/2024\/11\/20\/mesas-de-expertos-finalizan-trabajo-para-presentar-propuesta-sobre-eliminacion-del-cancer-cervicouterino\/#breadcrumb\",\"itemListElement\":[{\"@type\":\"ListItem\",\"position\":1,\"name\":\"Portada\",\"item\":\"https:\/\/gobierno.udd.cl\/cips\/\"},{\"@type\":\"ListItem\",\"position\":2,\"name\":\"Mesas de expertos finalizan trabajo para presentar propuesta sobre eliminaci\u00f3n del c\u00e1ncer cervicouterino\"}]},{\"@type\":\"WebSite\",\"@id\":\"https:\/\/gobierno.udd.cl\/cips\/#website\",\"url\":\"https:\/\/gobierno.udd.cl\/cips\/\",\"name\":\"Centro de Pol\u00edticas P\u00fablicas e Innovaci\u00f3n en Salud\",\"description\":\"CIPS-UDD\",\"inLanguage\":\"es\"},{\"@type\":\"Person\",\"@id\":\"https:\/\/gobierno.udd.cl\/cips\/#\/schema\/person\/a34b5db7e59307019967393aeeca7130\",\"name\":\"claudiagodia\",\"image\":{\"@type\":\"ImageObject\",\"inLanguage\":\"es\",\"@id\":\"https:\/\/gobierno.udd.cl\/cips\/#\/schema\/person\/image\/\",\"url\":\"https:\/\/secure.gravatar.com\/avatar\/c7c585f20c9cd5b1fc8956abfd060f1af449288eb4e630466a5a53a84641a9ca?s=96&d=mm&r=g\",\"contentUrl\":\"https:\/\/secure.gravatar.com\/avatar\/c7c585f20c9cd5b1fc8956abfd060f1af449288eb4e630466a5a53a84641a9ca?s=96&d=mm&r=g\",\"caption\":\"claudiagodia\"},\"url\":\"https:\/\/gobierno.udd.cl\/cips\/author\/claudiagodia\/\"}]}<\/script>\n<!-- \/ Yoast SEO plugin. -->","yoast_head_json":{"title":"Mesas de expertos finalizan trabajo para presentar propuesta sobre eliminaci\u00f3n del c\u00e1ncer cervicouterino - Centro de Pol\u00edticas P\u00fablicas e Innovaci\u00f3n en Salud","robots":{"index":"index","follow":"follow","max-snippet":"max-snippet:-1","max-image-preview":"max-image-preview:large","max-video-preview":"max-video-preview:-1"},"canonical":"https:\/\/gobierno.udd.cl\/cips\/2024\/11\/20\/mesas-de-expertos-finalizan-trabajo-para-presentar-propuesta-sobre-eliminacion-del-cancer-cervicouterino\/","og_locale":"es_ES","og_type":"article","og_title":"Mesas de expertos finalizan trabajo para presentar propuesta sobre eliminaci\u00f3n del c\u00e1ncer cervicouterino - Centro de Pol\u00edticas P\u00fablicas e Innovaci\u00f3n en Salud","og_description":"Durante un a\u00f1o trabajaron los m\u00e1s de 15 especialistas en esta patolog\u00eda para generar recomendaciones en las \u00e1reas de vacunaci\u00f3n, detecci\u00f3n y tratamiento. Con el objetivo de desarrollar un documento que re\u00fana propuestas y recomendaciones para la eliminaci\u00f3n del C\u00e1ncer Cervicouterino en Chile, durante este a\u00f1o 2024, el Centro de Pol\u00edticas P\u00fablicas e Innovaci\u00f3n en [&hellip;]","og_url":"https:\/\/gobierno.udd.cl\/cips\/2024\/11\/20\/mesas-de-expertos-finalizan-trabajo-para-presentar-propuesta-sobre-eliminacion-del-cancer-cervicouterino\/","og_site_name":"Centro de Pol\u00edticas P\u00fablicas e Innovaci\u00f3n en Salud","article_publisher":"https:\/\/www.facebook.com\/CIPS.UDD","article_published_time":"2024-11-20T12:20:37+00:00","article_modified_time":"2024-11-29T12:40:20+00:00","og_image":[{"width":2560,"height":1920,"url":"https:\/\/gobierno.udd.cl\/cips\/files\/2024\/11\/whatsapp-image-2024-11-29-at-09-22-59-scaled.jpeg","type":"image\/jpeg"}],"author":"claudiagodia","twitter_card":"summary_large_image","twitter_creator":"@CIPS_UDD","twitter_site":"@CIPS_UDD","twitter_misc":{"Escrito por":"claudiagodia","Tiempo de lectura":"3 minutos"},"schema":{"@context":"https:\/\/schema.org","@graph":[{"@type":"Article","@id":"https:\/\/gobierno.udd.cl\/cips\/2024\/11\/20\/mesas-de-expertos-finalizan-trabajo-para-presentar-propuesta-sobre-eliminacion-del-cancer-cervicouterino\/#article","isPartOf":{"@id":"https:\/\/gobierno.udd.cl\/cips\/2024\/11\/20\/mesas-de-expertos-finalizan-trabajo-para-presentar-propuesta-sobre-eliminacion-del-cancer-cervicouterino\/"},"author":{"name":"claudiagodia","@id":"https:\/\/gobierno.udd.cl\/cips\/#\/schema\/person\/a34b5db7e59307019967393aeeca7130"},"headline":"Mesas de expertos finalizan trabajo para presentar propuesta sobre eliminaci\u00f3n del c\u00e1ncer cervicouterino","datePublished":"2024-11-20T12:20:37+00:00","dateModified":"2024-11-29T12:40:20+00:00","mainEntityOfPage":{"@id":"https:\/\/gobierno.udd.cl\/cips\/2024\/11\/20\/mesas-de-expertos-finalizan-trabajo-para-presentar-propuesta-sobre-eliminacion-del-cancer-cervicouterino\/"},"wordCount":403,"image":{"@id":"https:\/\/gobierno.udd.cl\/cips\/2024\/11\/20\/mesas-de-expertos-finalizan-trabajo-para-presentar-propuesta-sobre-eliminacion-del-cancer-cervicouterino\/#primaryimage"},"thumbnailUrl":"https:\/\/gobierno.udd.cl\/cips\/files\/2024\/11\/whatsapp-image-2024-11-29-at-09-22-59-scaled.jpeg","articleSection":["Noticias"],"inLanguage":"es"},{"@type":"WebPage","@id":"https:\/\/gobierno.udd.cl\/cips\/2024\/11\/20\/mesas-de-expertos-finalizan-trabajo-para-presentar-propuesta-sobre-eliminacion-del-cancer-cervicouterino\/","url":"https:\/\/gobierno.udd.cl\/cips\/2024\/11\/20\/mesas-de-expertos-finalizan-trabajo-para-presentar-propuesta-sobre-eliminacion-del-cancer-cervicouterino\/","name":"Mesas de expertos finalizan trabajo para presentar propuesta sobre eliminaci\u00f3n del c\u00e1ncer cervicouterino - Centro de Pol\u00edticas P\u00fablicas e Innovaci\u00f3n en Salud","isPartOf":{"@id":"https:\/\/gobierno.udd.cl\/cips\/#website"},"primaryImageOfPage":{"@id":"https:\/\/gobierno.udd.cl\/cips\/2024\/11\/20\/mesas-de-expertos-finalizan-trabajo-para-presentar-propuesta-sobre-eliminacion-del-cancer-cervicouterino\/#primaryimage"},"image":{"@id":"https:\/\/gobierno.udd.cl\/cips\/2024\/11\/20\/mesas-de-expertos-finalizan-trabajo-para-presentar-propuesta-sobre-eliminacion-del-cancer-cervicouterino\/#primaryimage"},"thumbnailUrl":"https:\/\/gobierno.udd.cl\/cips\/files\/2024\/11\/whatsapp-image-2024-11-29-at-09-22-59-scaled.jpeg","datePublished":"2024-11-20T12:20:37+00:00","dateModified":"2024-11-29T12:40:20+00:00","author":{"@id":"https:\/\/gobierno.udd.cl\/cips\/#\/schema\/person\/a34b5db7e59307019967393aeeca7130"},"breadcrumb":{"@id":"https:\/\/gobierno.udd.cl\/cips\/2024\/11\/20\/mesas-de-expertos-finalizan-trabajo-para-presentar-propuesta-sobre-eliminacion-del-cancer-cervicouterino\/#breadcrumb"},"inLanguage":"es","potentialAction":[{"@type":"ReadAction","target":["https:\/\/gobierno.udd.cl\/cips\/2024\/11\/20\/mesas-de-expertos-finalizan-trabajo-para-presentar-propuesta-sobre-eliminacion-del-cancer-cervicouterino\/"]}]},{"@type":"ImageObject","inLanguage":"es","@id":"https:\/\/gobierno.udd.cl\/cips\/2024\/11\/20\/mesas-de-expertos-finalizan-trabajo-para-presentar-propuesta-sobre-eliminacion-del-cancer-cervicouterino\/#primaryimage","url":"https:\/\/gobierno.udd.cl\/cips\/files\/2024\/11\/whatsapp-image-2024-11-29-at-09-22-59-scaled.jpeg","contentUrl":"https:\/\/gobierno.udd.cl\/cips\/files\/2024\/11\/whatsapp-image-2024-11-29-at-09-22-59-scaled.jpeg","width":2560,"height":1920},{"@type":"BreadcrumbList","@id":"https:\/\/gobierno.udd.cl\/cips\/2024\/11\/20\/mesas-de-expertos-finalizan-trabajo-para-presentar-propuesta-sobre-eliminacion-del-cancer-cervicouterino\/#breadcrumb","itemListElement":[{"@type":"ListItem","position":1,"name":"Portada","item":"https:\/\/gobierno.udd.cl\/cips\/"},{"@type":"ListItem","position":2,"name":"Mesas de expertos finalizan trabajo para presentar propuesta sobre eliminaci\u00f3n del c\u00e1ncer cervicouterino"}]},{"@type":"WebSite","@id":"https:\/\/gobierno.udd.cl\/cips\/#website","url":"https:\/\/gobierno.udd.cl\/cips\/","name":"Centro de Pol\u00edticas P\u00fablicas e Innovaci\u00f3n en Salud","description":"CIPS-UDD","inLanguage":"es"},{"@type":"Person","@id":"https:\/\/gobierno.udd.cl\/cips\/#\/schema\/person\/a34b5db7e59307019967393aeeca7130","name":"claudiagodia","image":{"@type":"ImageObject","inLanguage":"es","@id":"https:\/\/gobierno.udd.cl\/cips\/#\/schema\/person\/image\/","url":"https:\/\/secure.gravatar.com\/avatar\/c7c585f20c9cd5b1fc8956abfd060f1af449288eb4e630466a5a53a84641a9ca?s=96&d=mm&r=g","contentUrl":"https:\/\/secure.gravatar.com\/avatar\/c7c585f20c9cd5b1fc8956abfd060f1af449288eb4e630466a5a53a84641a9ca?s=96&d=mm&r=g","caption":"claudiagodia"},"url":"https:\/\/gobierno.udd.cl\/cips\/author\/claudiagodia\/"}]}},"featured_image_url":"https:\/\/gobierno.udd.cl\/cips\/files\/2024\/11\/whatsapp-image-2024-11-29-at-09-22-59-scaled.jpeg","_links":{"self":[{"href":"https:\/\/gobierno.udd.cl\/cips\/wp-json\/wp\/v2\/posts\/3495","targetHints":{"allow":["GET"]}}],"collection":[{"href":"https:\/\/gobierno.udd.cl\/cips\/wp-json\/wp\/v2\/posts"}],"about":[{"href":"https:\/\/gobierno.udd.cl\/cips\/wp-json\/wp\/v2\/types\/post"}],"author":[{"embeddable":true,"href":"https:\/\/gobierno.udd.cl\/cips\/wp-json\/wp\/v2\/users\/9192240"}],"replies":[{"embeddable":true,"href":"https:\/\/gobierno.udd.cl\/cips\/wp-json\/wp\/v2\/comments?post=3495"}],"version-history":[{"count":1,"href":"https:\/\/gobierno.udd.cl\/cips\/wp-json\/wp\/v2\/posts\/3495\/revisions"}],"predecessor-version":[{"id":3502,"href":"https:\/\/gobierno.udd.cl\/cips\/wp-json\/wp\/v2\/posts\/3495\/revisions\/3502"}],"wp:featuredmedia":[{"embeddable":true,"href":"https:\/\/gobierno.udd.cl\/cips\/wp-json\/wp\/v2\/media\/3500"}],"wp:attachment":[{"href":"https:\/\/gobierno.udd.cl\/cips\/wp-json\/wp\/v2\/media?parent=3495"}],"wp:term":[{"taxonomy":"category","embeddable":true,"href":"https:\/\/gobierno.udd.cl\/cips\/wp-json\/wp\/v2\/categories?post=3495"},{"taxonomy":"post_tag","embeddable":true,"href":"https:\/\/gobierno.udd.cl\/cips\/wp-json\/wp\/v2\/tags?post=3495"}],"curies":[{"name":"wp","href":"https:\/\/api.w.org\/{rel}","templated":true}]}}