{"id":3471,"date":"2024-11-21T09:44:45","date_gmt":"2024-11-21T12:44:45","guid":{"rendered":"https:\/\/gobierno.udd.cl\/cips\/?p=3471"},"modified":"2024-11-21T09:44:46","modified_gmt":"2024-11-21T12:44:46","slug":"radio-agricultura-paula-daza-comenta-las-propuestas-para-enfrentar-la-crisis-en-salud-y-listas-de-espera","status":"publish","type":"post","link":"https:\/\/gobierno.udd.cl\/cips\/2024\/11\/21\/radio-agricultura-paula-daza-comenta-las-propuestas-para-enfrentar-la-crisis-en-salud-y-listas-de-espera\/","title":{"rendered":"Radio Agricultura | Paula Daza comenta las propuestas para enfrentar la crisis en salud y listas de espera"},"content":{"rendered":"\n<p>La directora ejecutiva de CIPS-UDD, Paula Daza, fue entrevistada en Radio Agricultura para conversar sobre la propuesta que fue presentada para enfrentar la grave crisis en listas de espera y, adem\u00e1s, los problemas que existen en presupuesto en salud en nuestro pa\u00eds. <\/p>\n\n\n\n<figure class=\"wp-block-embed is-type-video is-provider-youtube wp-block-embed-youtube wp-embed-aspect-16-9 wp-has-aspect-ratio\"><div class=\"wp-block-embed__wrapper\">\n<iframe loading=\"lazy\" title=\"Juntos en Agricultura - An\u00e1lisis de la visita de Emmanuel Macron a Chile\" width=\"500\" height=\"281\" src=\"https:\/\/www.youtube.com\/embed\/1PA5EPFfgSE?start=2662&#038;feature=oembed\" frameborder=\"0\" allow=\"accelerometer; autoplay; clipboard-write; encrypted-media; gyroscope; picture-in-picture; web-share\" referrerpolicy=\"strict-origin-when-cross-origin\" allowfullscreen><\/iframe>\n<\/div><\/figure>\n","protected":false},"excerpt":{"rendered":"<p>La directora ejecutiva de CIPS-UDD, Paula Daza, fue entrevistada en Radio Agricultura para conversar sobre la propuesta que fue presentada para enfrentar la grave crisis en listas de espera y, adem\u00e1s, los problemas que existen en presupuesto en salud en nuestro pa\u00eds.<\/p>\n","protected":false},"author":9192236,"featured_media":3472,"comment_status":"closed","ping_status":"open","sticky":false,"template":"","format":"standard","meta":{"footnotes":""},"categories":[4],"tags":[],"class_list":["post-3471","post","type-post","status-publish","format-standard","has-post-thumbnail","hentry","category-cips-en-la-prensa"],"yoast_head":"<!-- This site is optimized with the Yoast SEO plugin v26.9 - https:\/\/yoast.com\/product\/yoast-seo-wordpress\/ -->\n<title>Radio Agricultura | Paula Daza comenta las propuestas para enfrentar la crisis en salud y listas de espera - Centro de Pol\u00edticas P\u00fablicas e Innovaci\u00f3n en Salud<\/title>\n<meta name=\"robots\" content=\"index, follow, max-snippet:-1, max-image-preview:large, max-video-preview:-1\" \/>\n<link rel=\"canonical\" href=\"https:\/\/gobierno.udd.cl\/cips\/2024\/11\/21\/radio-agricultura-paula-daza-comenta-las-propuestas-para-enfrentar-la-crisis-en-salud-y-listas-de-espera\/\" \/>\n<meta property=\"og:locale\" content=\"es_ES\" \/>\n<meta property=\"og:type\" content=\"article\" \/>\n<meta property=\"og:title\" content=\"Radio Agricultura | Paula Daza comenta las propuestas para enfrentar la crisis en salud y listas de espera - Centro de Pol\u00edticas P\u00fablicas e Innovaci\u00f3n en Salud\" \/>\n<meta property=\"og:description\" content=\"La directora ejecutiva de CIPS-UDD, Paula Daza, fue entrevistada en Radio Agricultura para conversar sobre la propuesta que fue presentada para enfrentar la grave crisis en listas de espera y, adem\u00e1s, los problemas que existen en presupuesto en salud en nuestro pa\u00eds.\" \/>\n<meta property=\"og:url\" content=\"https:\/\/gobierno.udd.cl\/cips\/2024\/11\/21\/radio-agricultura-paula-daza-comenta-las-propuestas-para-enfrentar-la-crisis-en-salud-y-listas-de-espera\/\" \/>\n<meta property=\"og:site_name\" content=\"Centro de Pol\u00edticas P\u00fablicas e Innovaci\u00f3n en Salud\" \/>\n<meta property=\"article:publisher\" content=\"https:\/\/www.facebook.com\/CIPS.UDD\" \/>\n<meta property=\"article:published_time\" content=\"2024-11-21T12:44:45+00:00\" \/>\n<meta property=\"article:modified_time\" content=\"2024-11-21T12:44:46+00:00\" \/>\n<meta property=\"og:image\" content=\"https:\/\/gobierno.udd.cl\/cips\/files\/2024\/11\/image-27.png\" \/>\n\t<meta property=\"og:image:width\" content=\"1125\" \/>\n\t<meta property=\"og:image:height\" content=\"625\" \/>\n\t<meta property=\"og:image:type\" content=\"image\/png\" \/>\n<meta name=\"author\" content=\"ccararo\" \/>\n<meta name=\"twitter:card\" content=\"summary_large_image\" \/>\n<meta name=\"twitter:creator\" content=\"@CIPS_UDD\" \/>\n<meta name=\"twitter:site\" content=\"@CIPS_UDD\" \/>\n<meta name=\"twitter:label1\" content=\"Escrito por\" \/>\n\t<meta name=\"twitter:data1\" content=\"ccararo\" \/>\n\t<meta name=\"twitter:label2\" content=\"Tiempo de lectura\" \/>\n\t<meta name=\"twitter:data2\" content=\"1 minuto\" \/>\n<script type=\"application\/ld+json\" class=\"yoast-schema-graph\">{\"@context\":\"https:\/\/schema.org\",\"@graph\":[{\"@type\":\"Article\",\"@id\":\"https:\/\/gobierno.udd.cl\/cips\/2024\/11\/21\/radio-agricultura-paula-daza-comenta-las-propuestas-para-enfrentar-la-crisis-en-salud-y-listas-de-espera\/#article\",\"isPartOf\":{\"@id\":\"https:\/\/gobierno.udd.cl\/cips\/2024\/11\/21\/radio-agricultura-paula-daza-comenta-las-propuestas-para-enfrentar-la-crisis-en-salud-y-listas-de-espera\/\"},\"author\":{\"name\":\"ccararo\",\"@id\":\"https:\/\/gobierno.udd.cl\/cips\/#\/schema\/person\/9d509bb16e7d8299d075f0e90b5d7d00\"},\"headline\":\"Radio Agricultura | Paula Daza comenta las propuestas para enfrentar la crisis en salud y listas de espera\",\"datePublished\":\"2024-11-21T12:44:45+00:00\",\"dateModified\":\"2024-11-21T12:44:46+00:00\",\"mainEntityOfPage\":{\"@id\":\"https:\/\/gobierno.udd.cl\/cips\/2024\/11\/21\/radio-agricultura-paula-daza-comenta-las-propuestas-para-enfrentar-la-crisis-en-salud-y-listas-de-espera\/\"},\"wordCount\":73,\"image\":{\"@id\":\"https:\/\/gobierno.udd.cl\/cips\/2024\/11\/21\/radio-agricultura-paula-daza-comenta-las-propuestas-para-enfrentar-la-crisis-en-salud-y-listas-de-espera\/#primaryimage\"},\"thumbnailUrl\":\"https:\/\/gobierno.udd.cl\/cips\/files\/2024\/11\/image-27.png\",\"articleSection\":[\"CIPS en la prensa\"],\"inLanguage\":\"es\"},{\"@type\":\"WebPage\",\"@id\":\"https:\/\/gobierno.udd.cl\/cips\/2024\/11\/21\/radio-agricultura-paula-daza-comenta-las-propuestas-para-enfrentar-la-crisis-en-salud-y-listas-de-espera\/\",\"url\":\"https:\/\/gobierno.udd.cl\/cips\/2024\/11\/21\/radio-agricultura-paula-daza-comenta-las-propuestas-para-enfrentar-la-crisis-en-salud-y-listas-de-espera\/\",\"name\":\"Radio Agricultura | Paula Daza comenta las propuestas para enfrentar la crisis en salud y listas de espera - Centro de Pol\u00edticas P\u00fablicas e Innovaci\u00f3n en Salud\",\"isPartOf\":{\"@id\":\"https:\/\/gobierno.udd.cl\/cips\/#website\"},\"primaryImageOfPage\":{\"@id\":\"https:\/\/gobierno.udd.cl\/cips\/2024\/11\/21\/radio-agricultura-paula-daza-comenta-las-propuestas-para-enfrentar-la-crisis-en-salud-y-listas-de-espera\/#primaryimage\"},\"image\":{\"@id\":\"https:\/\/gobierno.udd.cl\/cips\/2024\/11\/21\/radio-agricultura-paula-daza-comenta-las-propuestas-para-enfrentar-la-crisis-en-salud-y-listas-de-espera\/#primaryimage\"},\"thumbnailUrl\":\"https:\/\/gobierno.udd.cl\/cips\/files\/2024\/11\/image-27.png\",\"datePublished\":\"2024-11-21T12:44:45+00:00\",\"dateModified\":\"2024-11-21T12:44:46+00:00\",\"author\":{\"@id\":\"https:\/\/gobierno.udd.cl\/cips\/#\/schema\/person\/9d509bb16e7d8299d075f0e90b5d7d00\"},\"breadcrumb\":{\"@id\":\"https:\/\/gobierno.udd.cl\/cips\/2024\/11\/21\/radio-agricultura-paula-daza-comenta-las-propuestas-para-enfrentar-la-crisis-en-salud-y-listas-de-espera\/#breadcrumb\"},\"inLanguage\":\"es\",\"potentialAction\":[{\"@type\":\"ReadAction\",\"target\":[\"https:\/\/gobierno.udd.cl\/cips\/2024\/11\/21\/radio-agricultura-paula-daza-comenta-las-propuestas-para-enfrentar-la-crisis-en-salud-y-listas-de-espera\/\"]}]},{\"@type\":\"ImageObject\",\"inLanguage\":\"es\",\"@id\":\"https:\/\/gobierno.udd.cl\/cips\/2024\/11\/21\/radio-agricultura-paula-daza-comenta-las-propuestas-para-enfrentar-la-crisis-en-salud-y-listas-de-espera\/#primaryimage\",\"url\":\"https:\/\/gobierno.udd.cl\/cips\/files\/2024\/11\/image-27.png\",\"contentUrl\":\"https:\/\/gobierno.udd.cl\/cips\/files\/2024\/11\/image-27.png\",\"width\":1125,\"height\":625},{\"@type\":\"BreadcrumbList\",\"@id\":\"https:\/\/gobierno.udd.cl\/cips\/2024\/11\/21\/radio-agricultura-paula-daza-comenta-las-propuestas-para-enfrentar-la-crisis-en-salud-y-listas-de-espera\/#breadcrumb\",\"itemListElement\":[{\"@type\":\"ListItem\",\"position\":1,\"name\":\"Portada\",\"item\":\"https:\/\/gobierno.udd.cl\/cips\/\"},{\"@type\":\"ListItem\",\"position\":2,\"name\":\"Radio Agricultura | Paula Daza comenta las propuestas para enfrentar la crisis en salud y listas de espera\"}]},{\"@type\":\"WebSite\",\"@id\":\"https:\/\/gobierno.udd.cl\/cips\/#website\",\"url\":\"https:\/\/gobierno.udd.cl\/cips\/\",\"name\":\"Centro de Pol\u00edticas P\u00fablicas e Innovaci\u00f3n en Salud\",\"description\":\"CIPS-UDD\",\"inLanguage\":\"es\"},{\"@type\":\"Person\",\"@id\":\"https:\/\/gobierno.udd.cl\/cips\/#\/schema\/person\/9d509bb16e7d8299d075f0e90b5d7d00\",\"name\":\"ccararo\",\"image\":{\"@type\":\"ImageObject\",\"inLanguage\":\"es\",\"@id\":\"https:\/\/gobierno.udd.cl\/cips\/#\/schema\/person\/image\/\",\"url\":\"https:\/\/secure.gravatar.com\/avatar\/fe809aec6c8a49b41db481a62d9671eec512578ac25cf41f7420b8069513828c?s=96&d=mm&r=g\",\"contentUrl\":\"https:\/\/secure.gravatar.com\/avatar\/fe809aec6c8a49b41db481a62d9671eec512578ac25cf41f7420b8069513828c?s=96&d=mm&r=g\",\"caption\":\"ccararo\"},\"url\":\"https:\/\/gobierno.udd.cl\/cips\/author\/ccararo\/\"}]}<\/script>\n<!-- \/ Yoast SEO plugin. -->","yoast_head_json":{"title":"Radio Agricultura | Paula Daza comenta las propuestas para enfrentar la crisis en salud y listas de espera - Centro de Pol\u00edticas P\u00fablicas e Innovaci\u00f3n en Salud","robots":{"index":"index","follow":"follow","max-snippet":"max-snippet:-1","max-image-preview":"max-image-preview:large","max-video-preview":"max-video-preview:-1"},"canonical":"https:\/\/gobierno.udd.cl\/cips\/2024\/11\/21\/radio-agricultura-paula-daza-comenta-las-propuestas-para-enfrentar-la-crisis-en-salud-y-listas-de-espera\/","og_locale":"es_ES","og_type":"article","og_title":"Radio Agricultura | Paula Daza comenta las propuestas para enfrentar la crisis en salud y listas de espera - Centro de Pol\u00edticas P\u00fablicas e Innovaci\u00f3n en Salud","og_description":"La directora ejecutiva de CIPS-UDD, Paula Daza, fue entrevistada en Radio Agricultura para conversar sobre la propuesta que fue presentada para enfrentar la grave crisis en listas de espera y, adem\u00e1s, los problemas que existen en presupuesto en salud en nuestro pa\u00eds.","og_url":"https:\/\/gobierno.udd.cl\/cips\/2024\/11\/21\/radio-agricultura-paula-daza-comenta-las-propuestas-para-enfrentar-la-crisis-en-salud-y-listas-de-espera\/","og_site_name":"Centro de Pol\u00edticas P\u00fablicas e Innovaci\u00f3n en Salud","article_publisher":"https:\/\/www.facebook.com\/CIPS.UDD","article_published_time":"2024-11-21T12:44:45+00:00","article_modified_time":"2024-11-21T12:44:46+00:00","og_image":[{"width":1125,"height":625,"url":"https:\/\/gobierno.udd.cl\/cips\/files\/2024\/11\/image-27.png","type":"image\/png"}],"author":"ccararo","twitter_card":"summary_large_image","twitter_creator":"@CIPS_UDD","twitter_site":"@CIPS_UDD","twitter_misc":{"Escrito por":"ccararo","Tiempo de lectura":"1 minuto"},"schema":{"@context":"https:\/\/schema.org","@graph":[{"@type":"Article","@id":"https:\/\/gobierno.udd.cl\/cips\/2024\/11\/21\/radio-agricultura-paula-daza-comenta-las-propuestas-para-enfrentar-la-crisis-en-salud-y-listas-de-espera\/#article","isPartOf":{"@id":"https:\/\/gobierno.udd.cl\/cips\/2024\/11\/21\/radio-agricultura-paula-daza-comenta-las-propuestas-para-enfrentar-la-crisis-en-salud-y-listas-de-espera\/"},"author":{"name":"ccararo","@id":"https:\/\/gobierno.udd.cl\/cips\/#\/schema\/person\/9d509bb16e7d8299d075f0e90b5d7d00"},"headline":"Radio Agricultura | Paula Daza comenta las propuestas para enfrentar la crisis en salud y listas de espera","datePublished":"2024-11-21T12:44:45+00:00","dateModified":"2024-11-21T12:44:46+00:00","mainEntityOfPage":{"@id":"https:\/\/gobierno.udd.cl\/cips\/2024\/11\/21\/radio-agricultura-paula-daza-comenta-las-propuestas-para-enfrentar-la-crisis-en-salud-y-listas-de-espera\/"},"wordCount":73,"image":{"@id":"https:\/\/gobierno.udd.cl\/cips\/2024\/11\/21\/radio-agricultura-paula-daza-comenta-las-propuestas-para-enfrentar-la-crisis-en-salud-y-listas-de-espera\/#primaryimage"},"thumbnailUrl":"https:\/\/gobierno.udd.cl\/cips\/files\/2024\/11\/image-27.png","articleSection":["CIPS en la prensa"],"inLanguage":"es"},{"@type":"WebPage","@id":"https:\/\/gobierno.udd.cl\/cips\/2024\/11\/21\/radio-agricultura-paula-daza-comenta-las-propuestas-para-enfrentar-la-crisis-en-salud-y-listas-de-espera\/","url":"https:\/\/gobierno.udd.cl\/cips\/2024\/11\/21\/radio-agricultura-paula-daza-comenta-las-propuestas-para-enfrentar-la-crisis-en-salud-y-listas-de-espera\/","name":"Radio Agricultura | Paula Daza comenta las propuestas para enfrentar la crisis en salud y listas de espera - Centro de Pol\u00edticas P\u00fablicas e Innovaci\u00f3n en Salud","isPartOf":{"@id":"https:\/\/gobierno.udd.cl\/cips\/#website"},"primaryImageOfPage":{"@id":"https:\/\/gobierno.udd.cl\/cips\/2024\/11\/21\/radio-agricultura-paula-daza-comenta-las-propuestas-para-enfrentar-la-crisis-en-salud-y-listas-de-espera\/#primaryimage"},"image":{"@id":"https:\/\/gobierno.udd.cl\/cips\/2024\/11\/21\/radio-agricultura-paula-daza-comenta-las-propuestas-para-enfrentar-la-crisis-en-salud-y-listas-de-espera\/#primaryimage"},"thumbnailUrl":"https:\/\/gobierno.udd.cl\/cips\/files\/2024\/11\/image-27.png","datePublished":"2024-11-21T12:44:45+00:00","dateModified":"2024-11-21T12:44:46+00:00","author":{"@id":"https:\/\/gobierno.udd.cl\/cips\/#\/schema\/person\/9d509bb16e7d8299d075f0e90b5d7d00"},"breadcrumb":{"@id":"https:\/\/gobierno.udd.cl\/cips\/2024\/11\/21\/radio-agricultura-paula-daza-comenta-las-propuestas-para-enfrentar-la-crisis-en-salud-y-listas-de-espera\/#breadcrumb"},"inLanguage":"es","potentialAction":[{"@type":"ReadAction","target":["https:\/\/gobierno.udd.cl\/cips\/2024\/11\/21\/radio-agricultura-paula-daza-comenta-las-propuestas-para-enfrentar-la-crisis-en-salud-y-listas-de-espera\/"]}]},{"@type":"ImageObject","inLanguage":"es","@id":"https:\/\/gobierno.udd.cl\/cips\/2024\/11\/21\/radio-agricultura-paula-daza-comenta-las-propuestas-para-enfrentar-la-crisis-en-salud-y-listas-de-espera\/#primaryimage","url":"https:\/\/gobierno.udd.cl\/cips\/files\/2024\/11\/image-27.png","contentUrl":"https:\/\/gobierno.udd.cl\/cips\/files\/2024\/11\/image-27.png","width":1125,"height":625},{"@type":"BreadcrumbList","@id":"https:\/\/gobierno.udd.cl\/cips\/2024\/11\/21\/radio-agricultura-paula-daza-comenta-las-propuestas-para-enfrentar-la-crisis-en-salud-y-listas-de-espera\/#breadcrumb","itemListElement":[{"@type":"ListItem","position":1,"name":"Portada","item":"https:\/\/gobierno.udd.cl\/cips\/"},{"@type":"ListItem","position":2,"name":"Radio Agricultura | Paula Daza comenta las propuestas para enfrentar la crisis en salud y listas de espera"}]},{"@type":"WebSite","@id":"https:\/\/gobierno.udd.cl\/cips\/#website","url":"https:\/\/gobierno.udd.cl\/cips\/","name":"Centro de Pol\u00edticas P\u00fablicas e Innovaci\u00f3n en Salud","description":"CIPS-UDD","inLanguage":"es"},{"@type":"Person","@id":"https:\/\/gobierno.udd.cl\/cips\/#\/schema\/person\/9d509bb16e7d8299d075f0e90b5d7d00","name":"ccararo","image":{"@type":"ImageObject","inLanguage":"es","@id":"https:\/\/gobierno.udd.cl\/cips\/#\/schema\/person\/image\/","url":"https:\/\/secure.gravatar.com\/avatar\/fe809aec6c8a49b41db481a62d9671eec512578ac25cf41f7420b8069513828c?s=96&d=mm&r=g","contentUrl":"https:\/\/secure.gravatar.com\/avatar\/fe809aec6c8a49b41db481a62d9671eec512578ac25cf41f7420b8069513828c?s=96&d=mm&r=g","caption":"ccararo"},"url":"https:\/\/gobierno.udd.cl\/cips\/author\/ccararo\/"}]}},"featured_image_url":"https:\/\/gobierno.udd.cl\/cips\/files\/2024\/11\/image-27.png","_links":{"self":[{"href":"https:\/\/gobierno.udd.cl\/cips\/wp-json\/wp\/v2\/posts\/3471","targetHints":{"allow":["GET"]}}],"collection":[{"href":"https:\/\/gobierno.udd.cl\/cips\/wp-json\/wp\/v2\/posts"}],"about":[{"href":"https:\/\/gobierno.udd.cl\/cips\/wp-json\/wp\/v2\/types\/post"}],"author":[{"embeddable":true,"href":"https:\/\/gobierno.udd.cl\/cips\/wp-json\/wp\/v2\/users\/9192236"}],"replies":[{"embeddable":true,"href":"https:\/\/gobierno.udd.cl\/cips\/wp-json\/wp\/v2\/comments?post=3471"}],"version-history":[{"count":1,"href":"https:\/\/gobierno.udd.cl\/cips\/wp-json\/wp\/v2\/posts\/3471\/revisions"}],"predecessor-version":[{"id":3473,"href":"https:\/\/gobierno.udd.cl\/cips\/wp-json\/wp\/v2\/posts\/3471\/revisions\/3473"}],"wp:featuredmedia":[{"embeddable":true,"href":"https:\/\/gobierno.udd.cl\/cips\/wp-json\/wp\/v2\/media\/3472"}],"wp:attachment":[{"href":"https:\/\/gobierno.udd.cl\/cips\/wp-json\/wp\/v2\/media?parent=3471"}],"wp:term":[{"taxonomy":"category","embeddable":true,"href":"https:\/\/gobierno.udd.cl\/cips\/wp-json\/wp\/v2\/categories?post=3471"},{"taxonomy":"post_tag","embeddable":true,"href":"https:\/\/gobierno.udd.cl\/cips\/wp-json\/wp\/v2\/tags?post=3471"}],"curies":[{"name":"wp","href":"https:\/\/api.w.org\/{rel}","templated":true}]}}