{"id":3405,"date":"2024-11-11T17:42:41","date_gmt":"2024-11-11T20:42:41","guid":{"rendered":"https:\/\/gobierno.udd.cl\/cips\/?p=3405"},"modified":"2024-11-11T17:42:42","modified_gmt":"2024-11-11T20:42:42","slug":"radio-duna-emilio-santelices-y-sistema-de-salud-no-es-un-problema-de-listas-de-espera-es-uno-de-estructura-y-de-la-mirad-de-lo-que-queremos-hacer-con-la-agenda-publica-en-salud-en-los-pro","status":"publish","type":"post","link":"https:\/\/gobierno.udd.cl\/cips\/2024\/11\/11\/radio-duna-emilio-santelices-y-sistema-de-salud-no-es-un-problema-de-listas-de-espera-es-uno-de-estructura-y-de-la-mirad-de-lo-que-queremos-hacer-con-la-agenda-publica-en-salud-en-los-pro\/","title":{"rendered":"Radio Duna | Emilio Santelices y sistema de salud: \u201cNo es un problema de listas de espera, es uno de estructura y de la mirad de lo que queremos hacer con la agenda p\u00fablica en salud en los pr\u00f3ximos a\u00f1os\u201d"},"content":{"rendered":"\n<p>Te invitamos a escuchar y leer la entrevista a Emilio Santelices, miembro del comit\u00e9 ejecutivo de CIPS-UDD, sobre la crisis en salud que vive nuestro pa\u00eds. <\/p>\n\n\n\n<figure class=\"wp-block-image size-large\"><a href=\"https:\/\/www.duna.cl\/programa\/hablemos-en-off\/2024\/11\/11\/emilio-santelices-y-sistema-de-salud-no-es-un-problema-de-listas-de-espera-es-uno-de-estructura-y-de-la-mirad-de-lo-que-queremos-hacer-con-la-agenda-publica-en-salud-en-los-proximos-anos\/\" target=\"_blank\" rel=\"noreferrer noopener\"><img loading=\"lazy\" decoding=\"async\" width=\"1024\" height=\"687\" src=\"https:\/\/gobierno.udd.cl\/cips\/files\/2024\/11\/image-5-1024x687.png\" alt=\"\" class=\"wp-image-3406\" srcset=\"https:\/\/gobierno.udd.cl\/cips\/files\/2024\/11\/image-5-1024x687.png 1024w, https:\/\/gobierno.udd.cl\/cips\/files\/2024\/11\/image-5-300x201.png 300w, https:\/\/gobierno.udd.cl\/cips\/files\/2024\/11\/image-5-768x515.png 768w, https:\/\/gobierno.udd.cl\/cips\/files\/2024\/11\/image-5.png 1326w\" sizes=\"auto, (max-width: 1024px) 100vw, 1024px\" \/><\/a><\/figure>\n","protected":false},"excerpt":{"rendered":"<p>Te invitamos a escuchar y leer la entrevista a Emilio Santelices, miembro del comit\u00e9 ejecutivo de CIPS-UDD, sobre la crisis en salud que vive nuestro pa\u00eds.<\/p>\n","protected":false},"author":9192236,"featured_media":3407,"comment_status":"closed","ping_status":"open","sticky":false,"template":"","format":"standard","meta":{"footnotes":""},"categories":[4],"tags":[],"class_list":["post-3405","post","type-post","status-publish","format-standard","has-post-thumbnail","hentry","category-cips-en-la-prensa"],"yoast_head":"<!-- This site is optimized with the Yoast SEO plugin v26.9 - https:\/\/yoast.com\/product\/yoast-seo-wordpress\/ -->\n<title>Radio Duna | Emilio Santelices y sistema de salud: \u201cNo es un problema de listas de espera, es uno de estructura y de la mirad de lo que queremos hacer con la agenda p\u00fablica en salud en los pr\u00f3ximos a\u00f1os\u201d - Centro de Pol\u00edticas P\u00fablicas e Innovaci\u00f3n en Salud<\/title>\n<meta name=\"robots\" content=\"index, follow, max-snippet:-1, max-image-preview:large, max-video-preview:-1\" \/>\n<link rel=\"canonical\" href=\"https:\/\/gobierno.udd.cl\/cips\/2024\/11\/11\/radio-duna-emilio-santelices-y-sistema-de-salud-no-es-un-problema-de-listas-de-espera-es-uno-de-estructura-y-de-la-mirad-de-lo-que-queremos-hacer-con-la-agenda-publica-en-salud-en-los-pro\/\" \/>\n<meta property=\"og:locale\" content=\"es_ES\" \/>\n<meta property=\"og:type\" content=\"article\" \/>\n<meta property=\"og:title\" content=\"Radio Duna | Emilio Santelices y sistema de salud: \u201cNo es un problema de listas de espera, es uno de estructura y de la mirad de lo que queremos hacer con la agenda p\u00fablica en salud en los pr\u00f3ximos a\u00f1os\u201d - Centro de Pol\u00edticas P\u00fablicas e Innovaci\u00f3n en Salud\" \/>\n<meta property=\"og:description\" content=\"Te invitamos a escuchar y leer la entrevista a Emilio Santelices, miembro del comit\u00e9 ejecutivo de CIPS-UDD, sobre la crisis en salud que vive nuestro pa\u00eds.\" \/>\n<meta property=\"og:url\" content=\"https:\/\/gobierno.udd.cl\/cips\/2024\/11\/11\/radio-duna-emilio-santelices-y-sistema-de-salud-no-es-un-problema-de-listas-de-espera-es-uno-de-estructura-y-de-la-mirad-de-lo-que-queremos-hacer-con-la-agenda-publica-en-salud-en-los-pro\/\" \/>\n<meta property=\"og:site_name\" content=\"Centro de Pol\u00edticas P\u00fablicas e Innovaci\u00f3n en Salud\" \/>\n<meta property=\"article:publisher\" content=\"https:\/\/www.facebook.com\/CIPS.UDD\" \/>\n<meta property=\"article:published_time\" content=\"2024-11-11T20:42:41+00:00\" \/>\n<meta property=\"article:modified_time\" content=\"2024-11-11T20:42:42+00:00\" \/>\n<meta property=\"og:image\" content=\"https:\/\/gobierno.udd.cl\/cips\/files\/2024\/11\/image-6.png\" \/>\n\t<meta property=\"og:image:width\" content=\"700\" \/>\n\t<meta property=\"og:image:height\" content=\"415\" \/>\n\t<meta property=\"og:image:type\" content=\"image\/png\" \/>\n<meta name=\"author\" content=\"ccararo\" \/>\n<meta name=\"twitter:card\" content=\"summary_large_image\" \/>\n<meta name=\"twitter:creator\" content=\"@CIPS_UDD\" \/>\n<meta name=\"twitter:site\" content=\"@CIPS_UDD\" \/>\n<meta name=\"twitter:label1\" content=\"Escrito por\" \/>\n\t<meta name=\"twitter:data1\" content=\"ccararo\" \/>\n\t<meta name=\"twitter:label2\" content=\"Tiempo de lectura\" \/>\n\t<meta name=\"twitter:data2\" content=\"1 minuto\" \/>\n<script type=\"application\/ld+json\" class=\"yoast-schema-graph\">{\"@context\":\"https:\/\/schema.org\",\"@graph\":[{\"@type\":\"Article\",\"@id\":\"https:\/\/gobierno.udd.cl\/cips\/2024\/11\/11\/radio-duna-emilio-santelices-y-sistema-de-salud-no-es-un-problema-de-listas-de-espera-es-uno-de-estructura-y-de-la-mirad-de-lo-que-queremos-hacer-con-la-agenda-publica-en-salud-en-los-pro\/#article\",\"isPartOf\":{\"@id\":\"https:\/\/gobierno.udd.cl\/cips\/2024\/11\/11\/radio-duna-emilio-santelices-y-sistema-de-salud-no-es-un-problema-de-listas-de-espera-es-uno-de-estructura-y-de-la-mirad-de-lo-que-queremos-hacer-con-la-agenda-publica-en-salud-en-los-pro\/\"},\"author\":{\"name\":\"ccararo\",\"@id\":\"https:\/\/gobierno.udd.cl\/cips\/#\/schema\/person\/9d509bb16e7d8299d075f0e90b5d7d00\"},\"headline\":\"Radio Duna | Emilio Santelices y sistema de salud: \u201cNo es un problema de listas de espera, es uno de estructura y de la mirad de lo que queremos hacer con la agenda p\u00fablica en salud en los pr\u00f3ximos a\u00f1os\u201d\",\"datePublished\":\"2024-11-11T20:42:41+00:00\",\"dateModified\":\"2024-11-11T20:42:42+00:00\",\"mainEntityOfPage\":{\"@id\":\"https:\/\/gobierno.udd.cl\/cips\/2024\/11\/11\/radio-duna-emilio-santelices-y-sistema-de-salud-no-es-un-problema-de-listas-de-espera-es-uno-de-estructura-y-de-la-mirad-de-lo-que-queremos-hacer-con-la-agenda-publica-en-salud-en-los-pro\/\"},\"wordCount\":69,\"image\":{\"@id\":\"https:\/\/gobierno.udd.cl\/cips\/2024\/11\/11\/radio-duna-emilio-santelices-y-sistema-de-salud-no-es-un-problema-de-listas-de-espera-es-uno-de-estructura-y-de-la-mirad-de-lo-que-queremos-hacer-con-la-agenda-publica-en-salud-en-los-pro\/#primaryimage\"},\"thumbnailUrl\":\"https:\/\/gobierno.udd.cl\/cips\/files\/2024\/11\/image-6.png\",\"articleSection\":[\"CIPS en la prensa\"],\"inLanguage\":\"es\"},{\"@type\":\"WebPage\",\"@id\":\"https:\/\/gobierno.udd.cl\/cips\/2024\/11\/11\/radio-duna-emilio-santelices-y-sistema-de-salud-no-es-un-problema-de-listas-de-espera-es-uno-de-estructura-y-de-la-mirad-de-lo-que-queremos-hacer-con-la-agenda-publica-en-salud-en-los-pro\/\",\"url\":\"https:\/\/gobierno.udd.cl\/cips\/2024\/11\/11\/radio-duna-emilio-santelices-y-sistema-de-salud-no-es-un-problema-de-listas-de-espera-es-uno-de-estructura-y-de-la-mirad-de-lo-que-queremos-hacer-con-la-agenda-publica-en-salud-en-los-pro\/\",\"name\":\"Radio Duna | Emilio Santelices y sistema de salud: \u201cNo es un problema de listas de espera, es uno de estructura y de la mirad de lo que queremos hacer con la agenda p\u00fablica en salud en los pr\u00f3ximos a\u00f1os\u201d - Centro de Pol\u00edticas P\u00fablicas e Innovaci\u00f3n en Salud\",\"isPartOf\":{\"@id\":\"https:\/\/gobierno.udd.cl\/cips\/#website\"},\"primaryImageOfPage\":{\"@id\":\"https:\/\/gobierno.udd.cl\/cips\/2024\/11\/11\/radio-duna-emilio-santelices-y-sistema-de-salud-no-es-un-problema-de-listas-de-espera-es-uno-de-estructura-y-de-la-mirad-de-lo-que-queremos-hacer-con-la-agenda-publica-en-salud-en-los-pro\/#primaryimage\"},\"image\":{\"@id\":\"https:\/\/gobierno.udd.cl\/cips\/2024\/11\/11\/radio-duna-emilio-santelices-y-sistema-de-salud-no-es-un-problema-de-listas-de-espera-es-uno-de-estructura-y-de-la-mirad-de-lo-que-queremos-hacer-con-la-agenda-publica-en-salud-en-los-pro\/#primaryimage\"},\"thumbnailUrl\":\"https:\/\/gobierno.udd.cl\/cips\/files\/2024\/11\/image-6.png\",\"datePublished\":\"2024-11-11T20:42:41+00:00\",\"dateModified\":\"2024-11-11T20:42:42+00:00\",\"author\":{\"@id\":\"https:\/\/gobierno.udd.cl\/cips\/#\/schema\/person\/9d509bb16e7d8299d075f0e90b5d7d00\"},\"breadcrumb\":{\"@id\":\"https:\/\/gobierno.udd.cl\/cips\/2024\/11\/11\/radio-duna-emilio-santelices-y-sistema-de-salud-no-es-un-problema-de-listas-de-espera-es-uno-de-estructura-y-de-la-mirad-de-lo-que-queremos-hacer-con-la-agenda-publica-en-salud-en-los-pro\/#breadcrumb\"},\"inLanguage\":\"es\",\"potentialAction\":[{\"@type\":\"ReadAction\",\"target\":[\"https:\/\/gobierno.udd.cl\/cips\/2024\/11\/11\/radio-duna-emilio-santelices-y-sistema-de-salud-no-es-un-problema-de-listas-de-espera-es-uno-de-estructura-y-de-la-mirad-de-lo-que-queremos-hacer-con-la-agenda-publica-en-salud-en-los-pro\/\"]}]},{\"@type\":\"ImageObject\",\"inLanguage\":\"es\",\"@id\":\"https:\/\/gobierno.udd.cl\/cips\/2024\/11\/11\/radio-duna-emilio-santelices-y-sistema-de-salud-no-es-un-problema-de-listas-de-espera-es-uno-de-estructura-y-de-la-mirad-de-lo-que-queremos-hacer-con-la-agenda-publica-en-salud-en-los-pro\/#primaryimage\",\"url\":\"https:\/\/gobierno.udd.cl\/cips\/files\/2024\/11\/image-6.png\",\"contentUrl\":\"https:\/\/gobierno.udd.cl\/cips\/files\/2024\/11\/image-6.png\",\"width\":700,\"height\":415},{\"@type\":\"BreadcrumbList\",\"@id\":\"https:\/\/gobierno.udd.cl\/cips\/2024\/11\/11\/radio-duna-emilio-santelices-y-sistema-de-salud-no-es-un-problema-de-listas-de-espera-es-uno-de-estructura-y-de-la-mirad-de-lo-que-queremos-hacer-con-la-agenda-publica-en-salud-en-los-pro\/#breadcrumb\",\"itemListElement\":[{\"@type\":\"ListItem\",\"position\":1,\"name\":\"Portada\",\"item\":\"https:\/\/gobierno.udd.cl\/cips\/\"},{\"@type\":\"ListItem\",\"position\":2,\"name\":\"Radio Duna | Emilio Santelices y sistema de salud: \u201cNo es un problema de listas de espera, es uno de estructura y de la mirad de lo que queremos hacer con la agenda p\u00fablica en salud en los pr\u00f3ximos a\u00f1os\u201d\"}]},{\"@type\":\"WebSite\",\"@id\":\"https:\/\/gobierno.udd.cl\/cips\/#website\",\"url\":\"https:\/\/gobierno.udd.cl\/cips\/\",\"name\":\"Centro de Pol\u00edticas P\u00fablicas e Innovaci\u00f3n en Salud\",\"description\":\"CIPS-UDD\",\"inLanguage\":\"es\"},{\"@type\":\"Person\",\"@id\":\"https:\/\/gobierno.udd.cl\/cips\/#\/schema\/person\/9d509bb16e7d8299d075f0e90b5d7d00\",\"name\":\"ccararo\",\"image\":{\"@type\":\"ImageObject\",\"inLanguage\":\"es\",\"@id\":\"https:\/\/gobierno.udd.cl\/cips\/#\/schema\/person\/image\/\",\"url\":\"https:\/\/secure.gravatar.com\/avatar\/fe809aec6c8a49b41db481a62d9671eec512578ac25cf41f7420b8069513828c?s=96&d=mm&r=g\",\"contentUrl\":\"https:\/\/secure.gravatar.com\/avatar\/fe809aec6c8a49b41db481a62d9671eec512578ac25cf41f7420b8069513828c?s=96&d=mm&r=g\",\"caption\":\"ccararo\"},\"url\":\"https:\/\/gobierno.udd.cl\/cips\/author\/ccararo\/\"}]}<\/script>\n<!-- \/ Yoast SEO plugin. -->","yoast_head_json":{"title":"Radio Duna | Emilio Santelices y sistema de salud: \u201cNo es un problema de listas de espera, es uno de estructura y de la mirad de lo que queremos hacer con la agenda p\u00fablica en salud en los pr\u00f3ximos a\u00f1os\u201d - Centro de Pol\u00edticas P\u00fablicas e Innovaci\u00f3n en Salud","robots":{"index":"index","follow":"follow","max-snippet":"max-snippet:-1","max-image-preview":"max-image-preview:large","max-video-preview":"max-video-preview:-1"},"canonical":"https:\/\/gobierno.udd.cl\/cips\/2024\/11\/11\/radio-duna-emilio-santelices-y-sistema-de-salud-no-es-un-problema-de-listas-de-espera-es-uno-de-estructura-y-de-la-mirad-de-lo-que-queremos-hacer-con-la-agenda-publica-en-salud-en-los-pro\/","og_locale":"es_ES","og_type":"article","og_title":"Radio Duna | Emilio Santelices y sistema de salud: \u201cNo es un problema de listas de espera, es uno de estructura y de la mirad de lo que queremos hacer con la agenda p\u00fablica en salud en los pr\u00f3ximos a\u00f1os\u201d - Centro de Pol\u00edticas P\u00fablicas e Innovaci\u00f3n en Salud","og_description":"Te invitamos a escuchar y leer la entrevista a Emilio Santelices, miembro del comit\u00e9 ejecutivo de CIPS-UDD, sobre la crisis en salud que vive nuestro pa\u00eds.","og_url":"https:\/\/gobierno.udd.cl\/cips\/2024\/11\/11\/radio-duna-emilio-santelices-y-sistema-de-salud-no-es-un-problema-de-listas-de-espera-es-uno-de-estructura-y-de-la-mirad-de-lo-que-queremos-hacer-con-la-agenda-publica-en-salud-en-los-pro\/","og_site_name":"Centro de Pol\u00edticas P\u00fablicas e Innovaci\u00f3n en Salud","article_publisher":"https:\/\/www.facebook.com\/CIPS.UDD","article_published_time":"2024-11-11T20:42:41+00:00","article_modified_time":"2024-11-11T20:42:42+00:00","og_image":[{"width":700,"height":415,"url":"https:\/\/gobierno.udd.cl\/cips\/files\/2024\/11\/image-6.png","type":"image\/png"}],"author":"ccararo","twitter_card":"summary_large_image","twitter_creator":"@CIPS_UDD","twitter_site":"@CIPS_UDD","twitter_misc":{"Escrito por":"ccararo","Tiempo de lectura":"1 minuto"},"schema":{"@context":"https:\/\/schema.org","@graph":[{"@type":"Article","@id":"https:\/\/gobierno.udd.cl\/cips\/2024\/11\/11\/radio-duna-emilio-santelices-y-sistema-de-salud-no-es-un-problema-de-listas-de-espera-es-uno-de-estructura-y-de-la-mirad-de-lo-que-queremos-hacer-con-la-agenda-publica-en-salud-en-los-pro\/#article","isPartOf":{"@id":"https:\/\/gobierno.udd.cl\/cips\/2024\/11\/11\/radio-duna-emilio-santelices-y-sistema-de-salud-no-es-un-problema-de-listas-de-espera-es-uno-de-estructura-y-de-la-mirad-de-lo-que-queremos-hacer-con-la-agenda-publica-en-salud-en-los-pro\/"},"author":{"name":"ccararo","@id":"https:\/\/gobierno.udd.cl\/cips\/#\/schema\/person\/9d509bb16e7d8299d075f0e90b5d7d00"},"headline":"Radio Duna | Emilio Santelices y sistema de salud: \u201cNo es un problema de listas de espera, es uno de estructura y de la mirad de lo que queremos hacer con la agenda p\u00fablica en salud en los pr\u00f3ximos a\u00f1os\u201d","datePublished":"2024-11-11T20:42:41+00:00","dateModified":"2024-11-11T20:42:42+00:00","mainEntityOfPage":{"@id":"https:\/\/gobierno.udd.cl\/cips\/2024\/11\/11\/radio-duna-emilio-santelices-y-sistema-de-salud-no-es-un-problema-de-listas-de-espera-es-uno-de-estructura-y-de-la-mirad-de-lo-que-queremos-hacer-con-la-agenda-publica-en-salud-en-los-pro\/"},"wordCount":69,"image":{"@id":"https:\/\/gobierno.udd.cl\/cips\/2024\/11\/11\/radio-duna-emilio-santelices-y-sistema-de-salud-no-es-un-problema-de-listas-de-espera-es-uno-de-estructura-y-de-la-mirad-de-lo-que-queremos-hacer-con-la-agenda-publica-en-salud-en-los-pro\/#primaryimage"},"thumbnailUrl":"https:\/\/gobierno.udd.cl\/cips\/files\/2024\/11\/image-6.png","articleSection":["CIPS en la prensa"],"inLanguage":"es"},{"@type":"WebPage","@id":"https:\/\/gobierno.udd.cl\/cips\/2024\/11\/11\/radio-duna-emilio-santelices-y-sistema-de-salud-no-es-un-problema-de-listas-de-espera-es-uno-de-estructura-y-de-la-mirad-de-lo-que-queremos-hacer-con-la-agenda-publica-en-salud-en-los-pro\/","url":"https:\/\/gobierno.udd.cl\/cips\/2024\/11\/11\/radio-duna-emilio-santelices-y-sistema-de-salud-no-es-un-problema-de-listas-de-espera-es-uno-de-estructura-y-de-la-mirad-de-lo-que-queremos-hacer-con-la-agenda-publica-en-salud-en-los-pro\/","name":"Radio Duna | Emilio Santelices y sistema de salud: \u201cNo es un problema de listas de espera, es uno de estructura y de la mirad de lo que queremos hacer con la agenda p\u00fablica en salud en los pr\u00f3ximos a\u00f1os\u201d - Centro de Pol\u00edticas P\u00fablicas e Innovaci\u00f3n en Salud","isPartOf":{"@id":"https:\/\/gobierno.udd.cl\/cips\/#website"},"primaryImageOfPage":{"@id":"https:\/\/gobierno.udd.cl\/cips\/2024\/11\/11\/radio-duna-emilio-santelices-y-sistema-de-salud-no-es-un-problema-de-listas-de-espera-es-uno-de-estructura-y-de-la-mirad-de-lo-que-queremos-hacer-con-la-agenda-publica-en-salud-en-los-pro\/#primaryimage"},"image":{"@id":"https:\/\/gobierno.udd.cl\/cips\/2024\/11\/11\/radio-duna-emilio-santelices-y-sistema-de-salud-no-es-un-problema-de-listas-de-espera-es-uno-de-estructura-y-de-la-mirad-de-lo-que-queremos-hacer-con-la-agenda-publica-en-salud-en-los-pro\/#primaryimage"},"thumbnailUrl":"https:\/\/gobierno.udd.cl\/cips\/files\/2024\/11\/image-6.png","datePublished":"2024-11-11T20:42:41+00:00","dateModified":"2024-11-11T20:42:42+00:00","author":{"@id":"https:\/\/gobierno.udd.cl\/cips\/#\/schema\/person\/9d509bb16e7d8299d075f0e90b5d7d00"},"breadcrumb":{"@id":"https:\/\/gobierno.udd.cl\/cips\/2024\/11\/11\/radio-duna-emilio-santelices-y-sistema-de-salud-no-es-un-problema-de-listas-de-espera-es-uno-de-estructura-y-de-la-mirad-de-lo-que-queremos-hacer-con-la-agenda-publica-en-salud-en-los-pro\/#breadcrumb"},"inLanguage":"es","potentialAction":[{"@type":"ReadAction","target":["https:\/\/gobierno.udd.cl\/cips\/2024\/11\/11\/radio-duna-emilio-santelices-y-sistema-de-salud-no-es-un-problema-de-listas-de-espera-es-uno-de-estructura-y-de-la-mirad-de-lo-que-queremos-hacer-con-la-agenda-publica-en-salud-en-los-pro\/"]}]},{"@type":"ImageObject","inLanguage":"es","@id":"https:\/\/gobierno.udd.cl\/cips\/2024\/11\/11\/radio-duna-emilio-santelices-y-sistema-de-salud-no-es-un-problema-de-listas-de-espera-es-uno-de-estructura-y-de-la-mirad-de-lo-que-queremos-hacer-con-la-agenda-publica-en-salud-en-los-pro\/#primaryimage","url":"https:\/\/gobierno.udd.cl\/cips\/files\/2024\/11\/image-6.png","contentUrl":"https:\/\/gobierno.udd.cl\/cips\/files\/2024\/11\/image-6.png","width":700,"height":415},{"@type":"BreadcrumbList","@id":"https:\/\/gobierno.udd.cl\/cips\/2024\/11\/11\/radio-duna-emilio-santelices-y-sistema-de-salud-no-es-un-problema-de-listas-de-espera-es-uno-de-estructura-y-de-la-mirad-de-lo-que-queremos-hacer-con-la-agenda-publica-en-salud-en-los-pro\/#breadcrumb","itemListElement":[{"@type":"ListItem","position":1,"name":"Portada","item":"https:\/\/gobierno.udd.cl\/cips\/"},{"@type":"ListItem","position":2,"name":"Radio Duna | Emilio Santelices y sistema de salud: \u201cNo es un problema de listas de espera, es uno de estructura y de la mirad de lo que queremos hacer con la agenda p\u00fablica en salud en los pr\u00f3ximos a\u00f1os\u201d"}]},{"@type":"WebSite","@id":"https:\/\/gobierno.udd.cl\/cips\/#website","url":"https:\/\/gobierno.udd.cl\/cips\/","name":"Centro de Pol\u00edticas P\u00fablicas e Innovaci\u00f3n en Salud","description":"CIPS-UDD","inLanguage":"es"},{"@type":"Person","@id":"https:\/\/gobierno.udd.cl\/cips\/#\/schema\/person\/9d509bb16e7d8299d075f0e90b5d7d00","name":"ccararo","image":{"@type":"ImageObject","inLanguage":"es","@id":"https:\/\/gobierno.udd.cl\/cips\/#\/schema\/person\/image\/","url":"https:\/\/secure.gravatar.com\/avatar\/fe809aec6c8a49b41db481a62d9671eec512578ac25cf41f7420b8069513828c?s=96&d=mm&r=g","contentUrl":"https:\/\/secure.gravatar.com\/avatar\/fe809aec6c8a49b41db481a62d9671eec512578ac25cf41f7420b8069513828c?s=96&d=mm&r=g","caption":"ccararo"},"url":"https:\/\/gobierno.udd.cl\/cips\/author\/ccararo\/"}]}},"featured_image_url":"https:\/\/gobierno.udd.cl\/cips\/files\/2024\/11\/image-6.png","_links":{"self":[{"href":"https:\/\/gobierno.udd.cl\/cips\/wp-json\/wp\/v2\/posts\/3405","targetHints":{"allow":["GET"]}}],"collection":[{"href":"https:\/\/gobierno.udd.cl\/cips\/wp-json\/wp\/v2\/posts"}],"about":[{"href":"https:\/\/gobierno.udd.cl\/cips\/wp-json\/wp\/v2\/types\/post"}],"author":[{"embeddable":true,"href":"https:\/\/gobierno.udd.cl\/cips\/wp-json\/wp\/v2\/users\/9192236"}],"replies":[{"embeddable":true,"href":"https:\/\/gobierno.udd.cl\/cips\/wp-json\/wp\/v2\/comments?post=3405"}],"version-history":[{"count":1,"href":"https:\/\/gobierno.udd.cl\/cips\/wp-json\/wp\/v2\/posts\/3405\/revisions"}],"predecessor-version":[{"id":3408,"href":"https:\/\/gobierno.udd.cl\/cips\/wp-json\/wp\/v2\/posts\/3405\/revisions\/3408"}],"wp:featuredmedia":[{"embeddable":true,"href":"https:\/\/gobierno.udd.cl\/cips\/wp-json\/wp\/v2\/media\/3407"}],"wp:attachment":[{"href":"https:\/\/gobierno.udd.cl\/cips\/wp-json\/wp\/v2\/media?parent=3405"}],"wp:term":[{"taxonomy":"category","embeddable":true,"href":"https:\/\/gobierno.udd.cl\/cips\/wp-json\/wp\/v2\/categories?post=3405"},{"taxonomy":"post_tag","embeddable":true,"href":"https:\/\/gobierno.udd.cl\/cips\/wp-json\/wp\/v2\/tags?post=3405"}],"curies":[{"name":"wp","href":"https:\/\/api.w.org\/{rel}","templated":true}]}}