{"id":3389,"date":"2024-11-11T10:35:00","date_gmt":"2024-11-11T13:35:00","guid":{"rendered":"https:\/\/gobierno.udd.cl\/cips\/?p=3389"},"modified":"2024-11-15T09:57:01","modified_gmt":"2024-11-15T12:57:01","slug":"grupo-de-expertos-entrega-propuestas-para-enfrentar-la-crisis-de-lista-de-espera-en-los-proximos-100-dias","status":"publish","type":"post","link":"https:\/\/gobierno.udd.cl\/cips\/2024\/11\/11\/grupo-de-expertos-entrega-propuestas-para-enfrentar-la-crisis-de-lista-de-espera-en-los-proximos-100-dias\/","title":{"rendered":"Grupo de expertos entrega propuestas para enfrentar la crisis de lista de espera en los pr\u00f3ximos 100 d\u00edas"},"content":{"rendered":"\n<p><em>Liderados por la Directora Ejecutiva de CIPS UDD, Paula Daza, acad\u00e9micos y expertos pertenecientes de centros de estudios, fundaciones, universidades e instituciones del \u00e1rea de la salud y sociedad civil dieron a conocer hoy un plan con cinco medidas de contingencia para implementar inmediatamente y as\u00ed mitigar la crisis sanitaria de atenci\u00f3n y subsanar los errores en la gesti\u00f3n de datos y hospitalaria.<\/em><\/p>\n\n\n\n<p>Durante casi dos meses y de forma peri\u00f3dica un grupo compuesto por ex autoridades y expertos de distintas casas de estudios, fundaciones e instituciones de la salud trabajaron un plan que incluyera medidas concretas para enfrentar el crecimiento desmedido en los atrasos en la atenci\u00f3n en salud.&nbsp; La lista de espera en cuatro a\u00f1os por especialidad m\u00e9dica ha aumentado en 33% con m\u00e1s de dos millones y medio de prestaciones atrasadas y la lista de espera en GES creci\u00f3 63% en estos cuatro a\u00f1os con casi 86 mil prestaciones con retraso. \u201cDebemos tomar medidas y acciones urgentes e inmediatas y enfrentar las listas de espera como una crisis sanitaria. Porque eso es: una crisis sanitaria a la cual debemos considerarla y gestionarla como tal. Este grupo de expertos est\u00e1 dispuesto a colaborar desde lo t\u00e9cnico y a contribuir con estas ideas que son plausibles de ejecutar\u201d, dijo Paula Daza, Directora Ejecutiva de CIPS-UDD, en representaci\u00f3n del grupo de expertos.<\/p>\n\n\n\n<p>Aunque aclar\u00f3 que el problema no se acaba r\u00e1pidamente, coment\u00f3 que hay cinco medidas inmediatas que proponen para llevar a cabo en los pr\u00f3ximos 100 d\u00edas considerando que es una crisis sanitaria. \u201cMuchas de ellas las hemos implementado en la pandemia, por lo tanto, sabemos que podemos ejecutarlas como pa\u00eds. Son acciones enfocadas en resolver temporalmente los problemas de gesti\u00f3n de datos y gesti\u00f3n hospitalaria\u201d, agreg\u00f3 Daza quien le entreg\u00f3 el documento a los alcaldes Evelyn Matthei de Providencia y Jos\u00e9 Manuel Palacios de La Reina quienes se suman a la lista de autoridades que ya han recibido este plan como la ministra de salud, Ximena Aguilera y legisladores.<\/p>\n\n\n\n<p>\u201cEl crecimiento de las listas de espera es preocupante. Por eso, quiero valorar y destacar el extraordinario trabajo realizado por esta mesa de expertos con propuestas concretas y reales para que las personas reciban las atenciones que necesitan. Ac\u00e1 hay un primer paso para reducir las listas de espera. Espero que las autoridades acojan est\u00e1n sugerencias y las pongan en marcha por el bien de millones de chilenos que requieren soluciones urgentes\u201d, coment\u00f3 la alcaldesa Matthei.<\/p>\n\n\n\n<p>En tanto el alcalde Palacios agreg\u00f3 que \u201cc\u00f3mo municipio hemos avanzado en la misma l\u00ednea de estas excelentes propuestas: con consejos consultivos en nuestros Cesfam y una exitosa experiencia de trazabilidad realizada en pandemia. Es hora de generar el cambio y que las autoridades acojan estas propuestas para dar vida y atenci\u00f3n digna a nuestros vecinos y vecinas, no s\u00f3lo de La Reina, sino que del pa\u00eds.\u201d<\/p>\n\n\n\n<p>Las cinco medidas para implementar en os pr\u00f3ximos 100 d\u00edas que propone el grupo de expertos son:<\/p>\n\n\n\n<p><strong>Comit\u00e9 Asesor de Crisis con Participaci\u00f3n Ciudadana<\/strong>, de car\u00e1cter transitorio, que incluya autoridades, expertos, pero sobre todo agrupaciones. Una de las principales conclusiones de este grupo de expertos es que Chile debe comenzar con un trabajo de participaci\u00f3n social sistem\u00e1tico, en el \u00e1rea de salud, para la toma de decisiones. La importancia de la ciudadan\u00eda es fundamental, ya que permite identificar problem\u00e1ticas en los procesos de salud y en la ruta del paciente, aspectos esenciales para garantizar la entrega de atenci\u00f3n. Precisamente su rol es sesionar de manera peri\u00f3dica como un comit\u00e9 de crisis, para orientarlas acciones relativas a la gesti\u00f3n de la lista de espera y supervisar el cumplimiento de los compromisos tomados.<\/p>\n\n\n\n<p><strong>Centros de Trazabilidad y Monitoreo de Pacientes en Listas de Espera.<\/strong> La interoperabilidad es una meta a cumplir, pero eso requiere tiempo. Por mientras, se sugiere crear centros en cada servicio de salud que tribute a un centro de trazabilidad nacional, cuyo objetivo sea identificar a todos los pacientes que esperan por alguna atenci\u00f3n GES o no GES. El objetivo de este sistema de trazabilidad estandarizado es identificar a los pacientes que se encuentran en la lista de espera y mantener esos registros actualizados para cada una de las prestaciones, a fin de gestionar de forma estructurada e integrada la informaci\u00f3n. Como beneficio adicional, todos los servicios de salud manejar\u00e1n informaci\u00f3n actualizada y confiable.<\/p>\n\n\n\n<p><strong>Centro de Gesti\u00f3n de Atenci\u00f3n para Pacientes en Lista de Espera<\/strong> para solucionar los problemas de mala gesti\u00f3n en hospitales es importante conocer su gesti\u00f3n. Para eso se recomienda soliciar un informe mensual de capacidad productiva para cada hospital: este informe debe indicar la infraestructura y la cantidad de personal disponible para ofrecer las prestaciones requeridas, los equipos m\u00e9dicos en inventario, los horarios de atenci\u00f3n, los insumos y medicamentos. El primer informe debe indicar, adem\u00e1s, una proyecci\u00f3n con un horizonte de 3 meses para estimar la productividad en ese periodo. Este informe deber ser p\u00fablico<\/p>\n\n\n\n<p>Por otro lado, los hospitales no pueden estar solos en la resoluci\u00f3n de listas de espera. Para eso hay que Fortalecer el uso de las c\u00e9lulas de especialidad en Hospital Digital y la orientaci\u00f3n a los usuarios a trav\u00e9s de Salud Responde, para que los pacientes en espera puedan acceder, de manera r\u00e1pida, a informaci\u00f3n o a una teleconsulta, pero, sobre todo, hay que recurrir a la Integraci\u00f3n p\u00fablico-privada: el Ministerio de Salud deber\u00e1 mandatar a los prestadores privados para que entreguen la oferta disponible de atenci\u00f3n especializada, la realizaci\u00f3n de ex\u00e1menes y procedimientos, as\u00ed como la oferta quir\u00fargica para los siguientes tres meses.<\/p>\n\n\n\n<p><strong>Tel\u00e9fono de atenci\u00f3n de Listas de Espera<\/strong>. Este es paralelo a Salud Responde y estar\u00e1 enfocado solo a resolver preguntas y gestionar solicitudes de los usuarios sobre su situaci\u00f3n personal en la lista de espera. Este punto es clave porque, para que este plan de acci\u00f3n se implemente exitosamente, es necesario que haya comunicaci\u00f3n continua y rec\u00edproca con los pacientes. La comunicaci\u00f3n bidireccional generar\u00e1 confianza en los usuarios y agilizar\u00e1 el proceso de los Centros de Trazabilidad y Monitoreo de Pacientes en Listas de Espera.<\/p>\n\n\n\n<p><strong>Activaci\u00f3n autom\u00e1tica del Segundo Prestador GES FONASA<\/strong> . El desconocimiento por parte de los usuarios del beneficio de activaci\u00f3n del Segundo Prestador GES contribuye al incremento de las listas de espera. Dado el aumento en las listas de espera asociadas al c\u00e1ncer y considerando que es la principal causa de muerte en Chile, se sugiere que, por un tiempo determinado, se automatice la activaci\u00f3n para patolog\u00edas GES priorizadas por morbimortalidad, comenzando con todos los c\u00e1nceres GES.<\/p>\n\n\n\n<p>Para conocer m\u00e1s sobre estas cinco medidas a corto plazo y otras medidas propuestas para mediano plazo ingresa <strong><a href=\"https:\/\/gobierno.udd.cl\/cips\/files\/2024\/11\/2024-11-15_plan-de-accion-de-crisis-en-listas-de-espera-en-salud.pdf\">aqu\u00ed<\/a><\/strong>.<\/p>\n\n\n\n<figure class=\"wp-block-gallery has-nested-images columns-default is-cropped wp-block-gallery-1 is-layout-flex wp-block-gallery-is-layout-flex\">\n<figure class=\"wp-block-image size-large\"><img loading=\"lazy\" decoding=\"async\" width=\"1024\" height=\"768\" data-id=\"3392\" src=\"https:\/\/gobierno.udd.cl\/cips\/files\/2024\/11\/grafica1_page-0001-1024x768.jpg\" alt=\"\" class=\"wp-image-3392\" srcset=\"https:\/\/gobierno.udd.cl\/cips\/files\/2024\/11\/grafica1_page-0001-1024x768.jpg 1024w, https:\/\/gobierno.udd.cl\/cips\/files\/2024\/11\/grafica1_page-0001-300x225.jpg 300w, https:\/\/gobierno.udd.cl\/cips\/files\/2024\/11\/grafica1_page-0001-768x576.jpg 768w\" sizes=\"auto, (max-width: 1024px) 100vw, 1024px\" \/><\/figure>\n\n\n\n<figure class=\"wp-block-image size-large\"><img loading=\"lazy\" decoding=\"async\" width=\"1024\" height=\"768\" data-id=\"3393\" src=\"https:\/\/gobierno.udd.cl\/cips\/files\/2024\/11\/grafica2_page-0001-1024x768.jpg\" alt=\"\" class=\"wp-image-3393\" srcset=\"https:\/\/gobierno.udd.cl\/cips\/files\/2024\/11\/grafica2_page-0001-1024x768.jpg 1024w, https:\/\/gobierno.udd.cl\/cips\/files\/2024\/11\/grafica2_page-0001-300x225.jpg 300w, https:\/\/gobierno.udd.cl\/cips\/files\/2024\/11\/grafica2_page-0001-768x576.jpg 768w\" sizes=\"auto, (max-width: 1024px) 100vw, 1024px\" \/><\/figure>\n\n\n\n<figure class=\"wp-block-image size-large\"><img loading=\"lazy\" decoding=\"async\" width=\"1024\" height=\"768\" data-id=\"3394\" src=\"https:\/\/gobierno.udd.cl\/cips\/files\/2024\/11\/grafica3_page-0001-1024x768.jpg\" alt=\"\" class=\"wp-image-3394\" srcset=\"https:\/\/gobierno.udd.cl\/cips\/files\/2024\/11\/grafica3_page-0001-1024x768.jpg 1024w, https:\/\/gobierno.udd.cl\/cips\/files\/2024\/11\/grafica3_page-0001-300x225.jpg 300w, https:\/\/gobierno.udd.cl\/cips\/files\/2024\/11\/grafica3_page-0001-768x576.jpg 768w\" sizes=\"auto, (max-width: 1024px) 100vw, 1024px\" \/><\/figure>\n<\/figure>\n","protected":false},"excerpt":{"rendered":"<p>Liderados por la Directora Ejecutiva de CIPS UDD, Paula Daza, acad\u00e9micos y expertos pertenecientes de centros de estudios, fundaciones, universidades e instituciones del \u00e1rea de la salud y sociedad civil dieron a conocer hoy un plan con cinco medidas de contingencia para implementar inmediatamente y as\u00ed mitigar la crisis sanitaria de atenci\u00f3n y subsanar los [&hellip;]<\/p>\n","protected":false},"author":9192236,"featured_media":3396,"comment_status":"closed","ping_status":"open","sticky":false,"template":"","format":"standard","meta":{"footnotes":""},"categories":[3],"tags":[],"class_list":["post-3389","post","type-post","status-publish","format-standard","has-post-thumbnail","hentry","category-noticias"],"yoast_head":"<!-- This site is optimized with the Yoast SEO plugin v26.9 - https:\/\/yoast.com\/product\/yoast-seo-wordpress\/ -->\n<title>Grupo de expertos entrega propuestas para enfrentar la crisis de lista de espera en los pr\u00f3ximos 100 d\u00edas - Centro de Pol\u00edticas P\u00fablicas e Innovaci\u00f3n en Salud<\/title>\n<meta name=\"robots\" content=\"index, follow, max-snippet:-1, max-image-preview:large, max-video-preview:-1\" \/>\n<link rel=\"canonical\" href=\"https:\/\/gobierno.udd.cl\/cips\/2024\/11\/11\/grupo-de-expertos-entrega-propuestas-para-enfrentar-la-crisis-de-lista-de-espera-en-los-proximos-100-dias\/\" \/>\n<meta property=\"og:locale\" content=\"es_ES\" \/>\n<meta property=\"og:type\" content=\"article\" \/>\n<meta property=\"og:title\" content=\"Grupo de expertos entrega propuestas para enfrentar la crisis de lista de espera en los pr\u00f3ximos 100 d\u00edas - Centro de Pol\u00edticas P\u00fablicas e Innovaci\u00f3n en Salud\" \/>\n<meta property=\"og:description\" content=\"Liderados por la Directora Ejecutiva de CIPS UDD, Paula Daza, acad\u00e9micos y expertos pertenecientes de centros de estudios, fundaciones, universidades e instituciones del \u00e1rea de la salud y sociedad civil dieron a conocer hoy un plan con cinco medidas de contingencia para implementar inmediatamente y as\u00ed mitigar la crisis sanitaria de atenci\u00f3n y subsanar los [&hellip;]\" \/>\n<meta property=\"og:url\" content=\"https:\/\/gobierno.udd.cl\/cips\/2024\/11\/11\/grupo-de-expertos-entrega-propuestas-para-enfrentar-la-crisis-de-lista-de-espera-en-los-proximos-100-dias\/\" \/>\n<meta property=\"og:site_name\" content=\"Centro de Pol\u00edticas P\u00fablicas e Innovaci\u00f3n en Salud\" \/>\n<meta property=\"article:publisher\" content=\"https:\/\/www.facebook.com\/CIPS.UDD\" \/>\n<meta property=\"article:published_time\" content=\"2024-11-11T13:35:00+00:00\" \/>\n<meta property=\"article:modified_time\" content=\"2024-11-15T12:57:01+00:00\" \/>\n<meta property=\"og:image\" content=\"https:\/\/gobierno.udd.cl\/cips\/files\/2024\/11\/image-2.png\" \/>\n\t<meta property=\"og:image:width\" content=\"1004\" \/>\n\t<meta property=\"og:image:height\" content=\"414\" \/>\n\t<meta property=\"og:image:type\" content=\"image\/png\" \/>\n<meta name=\"author\" content=\"ccararo\" \/>\n<meta name=\"twitter:card\" content=\"summary_large_image\" \/>\n<meta name=\"twitter:creator\" content=\"@CIPS_UDD\" \/>\n<meta name=\"twitter:site\" content=\"@CIPS_UDD\" \/>\n<meta name=\"twitter:label1\" content=\"Escrito por\" \/>\n\t<meta name=\"twitter:data1\" content=\"ccararo\" \/>\n\t<meta name=\"twitter:label2\" content=\"Tiempo de lectura\" \/>\n\t<meta name=\"twitter:data2\" content=\"6 minutos\" \/>\n<script type=\"application\/ld+json\" class=\"yoast-schema-graph\">{\"@context\":\"https:\/\/schema.org\",\"@graph\":[{\"@type\":\"Article\",\"@id\":\"https:\/\/gobierno.udd.cl\/cips\/2024\/11\/11\/grupo-de-expertos-entrega-propuestas-para-enfrentar-la-crisis-de-lista-de-espera-en-los-proximos-100-dias\/#article\",\"isPartOf\":{\"@id\":\"https:\/\/gobierno.udd.cl\/cips\/2024\/11\/11\/grupo-de-expertos-entrega-propuestas-para-enfrentar-la-crisis-de-lista-de-espera-en-los-proximos-100-dias\/\"},\"author\":{\"name\":\"ccararo\",\"@id\":\"https:\/\/gobierno.udd.cl\/cips\/#\/schema\/person\/9d509bb16e7d8299d075f0e90b5d7d00\"},\"headline\":\"Grupo de expertos entrega propuestas para enfrentar la crisis de lista de espera en los pr\u00f3ximos 100 d\u00edas\",\"datePublished\":\"2024-11-11T13:35:00+00:00\",\"dateModified\":\"2024-11-15T12:57:01+00:00\",\"mainEntityOfPage\":{\"@id\":\"https:\/\/gobierno.udd.cl\/cips\/2024\/11\/11\/grupo-de-expertos-entrega-propuestas-para-enfrentar-la-crisis-de-lista-de-espera-en-los-proximos-100-dias\/\"},\"wordCount\":1185,\"image\":{\"@id\":\"https:\/\/gobierno.udd.cl\/cips\/2024\/11\/11\/grupo-de-expertos-entrega-propuestas-para-enfrentar-la-crisis-de-lista-de-espera-en-los-proximos-100-dias\/#primaryimage\"},\"thumbnailUrl\":\"https:\/\/gobierno.udd.cl\/cips\/files\/2024\/11\/image-2.png\",\"articleSection\":[\"Noticias\"],\"inLanguage\":\"es\"},{\"@type\":\"WebPage\",\"@id\":\"https:\/\/gobierno.udd.cl\/cips\/2024\/11\/11\/grupo-de-expertos-entrega-propuestas-para-enfrentar-la-crisis-de-lista-de-espera-en-los-proximos-100-dias\/\",\"url\":\"https:\/\/gobierno.udd.cl\/cips\/2024\/11\/11\/grupo-de-expertos-entrega-propuestas-para-enfrentar-la-crisis-de-lista-de-espera-en-los-proximos-100-dias\/\",\"name\":\"Grupo de expertos entrega propuestas para enfrentar la crisis de lista de espera en los pr\u00f3ximos 100 d\u00edas - Centro de Pol\u00edticas P\u00fablicas e Innovaci\u00f3n en Salud\",\"isPartOf\":{\"@id\":\"https:\/\/gobierno.udd.cl\/cips\/#website\"},\"primaryImageOfPage\":{\"@id\":\"https:\/\/gobierno.udd.cl\/cips\/2024\/11\/11\/grupo-de-expertos-entrega-propuestas-para-enfrentar-la-crisis-de-lista-de-espera-en-los-proximos-100-dias\/#primaryimage\"},\"image\":{\"@id\":\"https:\/\/gobierno.udd.cl\/cips\/2024\/11\/11\/grupo-de-expertos-entrega-propuestas-para-enfrentar-la-crisis-de-lista-de-espera-en-los-proximos-100-dias\/#primaryimage\"},\"thumbnailUrl\":\"https:\/\/gobierno.udd.cl\/cips\/files\/2024\/11\/image-2.png\",\"datePublished\":\"2024-11-11T13:35:00+00:00\",\"dateModified\":\"2024-11-15T12:57:01+00:00\",\"author\":{\"@id\":\"https:\/\/gobierno.udd.cl\/cips\/#\/schema\/person\/9d509bb16e7d8299d075f0e90b5d7d00\"},\"breadcrumb\":{\"@id\":\"https:\/\/gobierno.udd.cl\/cips\/2024\/11\/11\/grupo-de-expertos-entrega-propuestas-para-enfrentar-la-crisis-de-lista-de-espera-en-los-proximos-100-dias\/#breadcrumb\"},\"inLanguage\":\"es\",\"potentialAction\":[{\"@type\":\"ReadAction\",\"target\":[\"https:\/\/gobierno.udd.cl\/cips\/2024\/11\/11\/grupo-de-expertos-entrega-propuestas-para-enfrentar-la-crisis-de-lista-de-espera-en-los-proximos-100-dias\/\"]}]},{\"@type\":\"ImageObject\",\"inLanguage\":\"es\",\"@id\":\"https:\/\/gobierno.udd.cl\/cips\/2024\/11\/11\/grupo-de-expertos-entrega-propuestas-para-enfrentar-la-crisis-de-lista-de-espera-en-los-proximos-100-dias\/#primaryimage\",\"url\":\"https:\/\/gobierno.udd.cl\/cips\/files\/2024\/11\/image-2.png\",\"contentUrl\":\"https:\/\/gobierno.udd.cl\/cips\/files\/2024\/11\/image-2.png\",\"width\":1004,\"height\":414},{\"@type\":\"BreadcrumbList\",\"@id\":\"https:\/\/gobierno.udd.cl\/cips\/2024\/11\/11\/grupo-de-expertos-entrega-propuestas-para-enfrentar-la-crisis-de-lista-de-espera-en-los-proximos-100-dias\/#breadcrumb\",\"itemListElement\":[{\"@type\":\"ListItem\",\"position\":1,\"name\":\"Portada\",\"item\":\"https:\/\/gobierno.udd.cl\/cips\/\"},{\"@type\":\"ListItem\",\"position\":2,\"name\":\"Grupo de expertos entrega propuestas para enfrentar la crisis de lista de espera en los pr\u00f3ximos 100 d\u00edas\"}]},{\"@type\":\"WebSite\",\"@id\":\"https:\/\/gobierno.udd.cl\/cips\/#website\",\"url\":\"https:\/\/gobierno.udd.cl\/cips\/\",\"name\":\"Centro de Pol\u00edticas P\u00fablicas e Innovaci\u00f3n en Salud\",\"description\":\"CIPS-UDD\",\"inLanguage\":\"es\"},{\"@type\":\"Person\",\"@id\":\"https:\/\/gobierno.udd.cl\/cips\/#\/schema\/person\/9d509bb16e7d8299d075f0e90b5d7d00\",\"name\":\"ccararo\",\"image\":{\"@type\":\"ImageObject\",\"inLanguage\":\"es\",\"@id\":\"https:\/\/gobierno.udd.cl\/cips\/#\/schema\/person\/image\/\",\"url\":\"https:\/\/secure.gravatar.com\/avatar\/fe809aec6c8a49b41db481a62d9671eec512578ac25cf41f7420b8069513828c?s=96&d=mm&r=g\",\"contentUrl\":\"https:\/\/secure.gravatar.com\/avatar\/fe809aec6c8a49b41db481a62d9671eec512578ac25cf41f7420b8069513828c?s=96&d=mm&r=g\",\"caption\":\"ccararo\"},\"url\":\"https:\/\/gobierno.udd.cl\/cips\/author\/ccararo\/\"}]}<\/script>\n<!-- \/ Yoast SEO plugin. -->","yoast_head_json":{"title":"Grupo de expertos entrega propuestas para enfrentar la crisis de lista de espera en los pr\u00f3ximos 100 d\u00edas - Centro de Pol\u00edticas P\u00fablicas e Innovaci\u00f3n en Salud","robots":{"index":"index","follow":"follow","max-snippet":"max-snippet:-1","max-image-preview":"max-image-preview:large","max-video-preview":"max-video-preview:-1"},"canonical":"https:\/\/gobierno.udd.cl\/cips\/2024\/11\/11\/grupo-de-expertos-entrega-propuestas-para-enfrentar-la-crisis-de-lista-de-espera-en-los-proximos-100-dias\/","og_locale":"es_ES","og_type":"article","og_title":"Grupo de expertos entrega propuestas para enfrentar la crisis de lista de espera en los pr\u00f3ximos 100 d\u00edas - Centro de Pol\u00edticas P\u00fablicas e Innovaci\u00f3n en Salud","og_description":"Liderados por la Directora Ejecutiva de CIPS UDD, Paula Daza, acad\u00e9micos y expertos pertenecientes de centros de estudios, fundaciones, universidades e instituciones del \u00e1rea de la salud y sociedad civil dieron a conocer hoy un plan con cinco medidas de contingencia para implementar inmediatamente y as\u00ed mitigar la crisis sanitaria de atenci\u00f3n y subsanar los [&hellip;]","og_url":"https:\/\/gobierno.udd.cl\/cips\/2024\/11\/11\/grupo-de-expertos-entrega-propuestas-para-enfrentar-la-crisis-de-lista-de-espera-en-los-proximos-100-dias\/","og_site_name":"Centro de Pol\u00edticas P\u00fablicas e Innovaci\u00f3n en Salud","article_publisher":"https:\/\/www.facebook.com\/CIPS.UDD","article_published_time":"2024-11-11T13:35:00+00:00","article_modified_time":"2024-11-15T12:57:01+00:00","og_image":[{"width":1004,"height":414,"url":"https:\/\/gobierno.udd.cl\/cips\/files\/2024\/11\/image-2.png","type":"image\/png"}],"author":"ccararo","twitter_card":"summary_large_image","twitter_creator":"@CIPS_UDD","twitter_site":"@CIPS_UDD","twitter_misc":{"Escrito por":"ccararo","Tiempo de lectura":"6 minutos"},"schema":{"@context":"https:\/\/schema.org","@graph":[{"@type":"Article","@id":"https:\/\/gobierno.udd.cl\/cips\/2024\/11\/11\/grupo-de-expertos-entrega-propuestas-para-enfrentar-la-crisis-de-lista-de-espera-en-los-proximos-100-dias\/#article","isPartOf":{"@id":"https:\/\/gobierno.udd.cl\/cips\/2024\/11\/11\/grupo-de-expertos-entrega-propuestas-para-enfrentar-la-crisis-de-lista-de-espera-en-los-proximos-100-dias\/"},"author":{"name":"ccararo","@id":"https:\/\/gobierno.udd.cl\/cips\/#\/schema\/person\/9d509bb16e7d8299d075f0e90b5d7d00"},"headline":"Grupo de expertos entrega propuestas para enfrentar la crisis de lista de espera en los pr\u00f3ximos 100 d\u00edas","datePublished":"2024-11-11T13:35:00+00:00","dateModified":"2024-11-15T12:57:01+00:00","mainEntityOfPage":{"@id":"https:\/\/gobierno.udd.cl\/cips\/2024\/11\/11\/grupo-de-expertos-entrega-propuestas-para-enfrentar-la-crisis-de-lista-de-espera-en-los-proximos-100-dias\/"},"wordCount":1185,"image":{"@id":"https:\/\/gobierno.udd.cl\/cips\/2024\/11\/11\/grupo-de-expertos-entrega-propuestas-para-enfrentar-la-crisis-de-lista-de-espera-en-los-proximos-100-dias\/#primaryimage"},"thumbnailUrl":"https:\/\/gobierno.udd.cl\/cips\/files\/2024\/11\/image-2.png","articleSection":["Noticias"],"inLanguage":"es"},{"@type":"WebPage","@id":"https:\/\/gobierno.udd.cl\/cips\/2024\/11\/11\/grupo-de-expertos-entrega-propuestas-para-enfrentar-la-crisis-de-lista-de-espera-en-los-proximos-100-dias\/","url":"https:\/\/gobierno.udd.cl\/cips\/2024\/11\/11\/grupo-de-expertos-entrega-propuestas-para-enfrentar-la-crisis-de-lista-de-espera-en-los-proximos-100-dias\/","name":"Grupo de expertos entrega propuestas para enfrentar la crisis de lista de espera en los pr\u00f3ximos 100 d\u00edas - Centro de Pol\u00edticas P\u00fablicas e Innovaci\u00f3n en Salud","isPartOf":{"@id":"https:\/\/gobierno.udd.cl\/cips\/#website"},"primaryImageOfPage":{"@id":"https:\/\/gobierno.udd.cl\/cips\/2024\/11\/11\/grupo-de-expertos-entrega-propuestas-para-enfrentar-la-crisis-de-lista-de-espera-en-los-proximos-100-dias\/#primaryimage"},"image":{"@id":"https:\/\/gobierno.udd.cl\/cips\/2024\/11\/11\/grupo-de-expertos-entrega-propuestas-para-enfrentar-la-crisis-de-lista-de-espera-en-los-proximos-100-dias\/#primaryimage"},"thumbnailUrl":"https:\/\/gobierno.udd.cl\/cips\/files\/2024\/11\/image-2.png","datePublished":"2024-11-11T13:35:00+00:00","dateModified":"2024-11-15T12:57:01+00:00","author":{"@id":"https:\/\/gobierno.udd.cl\/cips\/#\/schema\/person\/9d509bb16e7d8299d075f0e90b5d7d00"},"breadcrumb":{"@id":"https:\/\/gobierno.udd.cl\/cips\/2024\/11\/11\/grupo-de-expertos-entrega-propuestas-para-enfrentar-la-crisis-de-lista-de-espera-en-los-proximos-100-dias\/#breadcrumb"},"inLanguage":"es","potentialAction":[{"@type":"ReadAction","target":["https:\/\/gobierno.udd.cl\/cips\/2024\/11\/11\/grupo-de-expertos-entrega-propuestas-para-enfrentar-la-crisis-de-lista-de-espera-en-los-proximos-100-dias\/"]}]},{"@type":"ImageObject","inLanguage":"es","@id":"https:\/\/gobierno.udd.cl\/cips\/2024\/11\/11\/grupo-de-expertos-entrega-propuestas-para-enfrentar-la-crisis-de-lista-de-espera-en-los-proximos-100-dias\/#primaryimage","url":"https:\/\/gobierno.udd.cl\/cips\/files\/2024\/11\/image-2.png","contentUrl":"https:\/\/gobierno.udd.cl\/cips\/files\/2024\/11\/image-2.png","width":1004,"height":414},{"@type":"BreadcrumbList","@id":"https:\/\/gobierno.udd.cl\/cips\/2024\/11\/11\/grupo-de-expertos-entrega-propuestas-para-enfrentar-la-crisis-de-lista-de-espera-en-los-proximos-100-dias\/#breadcrumb","itemListElement":[{"@type":"ListItem","position":1,"name":"Portada","item":"https:\/\/gobierno.udd.cl\/cips\/"},{"@type":"ListItem","position":2,"name":"Grupo de expertos entrega propuestas para enfrentar la crisis de lista de espera en los pr\u00f3ximos 100 d\u00edas"}]},{"@type":"WebSite","@id":"https:\/\/gobierno.udd.cl\/cips\/#website","url":"https:\/\/gobierno.udd.cl\/cips\/","name":"Centro de Pol\u00edticas P\u00fablicas e Innovaci\u00f3n en Salud","description":"CIPS-UDD","inLanguage":"es"},{"@type":"Person","@id":"https:\/\/gobierno.udd.cl\/cips\/#\/schema\/person\/9d509bb16e7d8299d075f0e90b5d7d00","name":"ccararo","image":{"@type":"ImageObject","inLanguage":"es","@id":"https:\/\/gobierno.udd.cl\/cips\/#\/schema\/person\/image\/","url":"https:\/\/secure.gravatar.com\/avatar\/fe809aec6c8a49b41db481a62d9671eec512578ac25cf41f7420b8069513828c?s=96&d=mm&r=g","contentUrl":"https:\/\/secure.gravatar.com\/avatar\/fe809aec6c8a49b41db481a62d9671eec512578ac25cf41f7420b8069513828c?s=96&d=mm&r=g","caption":"ccararo"},"url":"https:\/\/gobierno.udd.cl\/cips\/author\/ccararo\/"}]}},"featured_image_url":"https:\/\/gobierno.udd.cl\/cips\/files\/2024\/11\/image-2.png","_links":{"self":[{"href":"https:\/\/gobierno.udd.cl\/cips\/wp-json\/wp\/v2\/posts\/3389","targetHints":{"allow":["GET"]}}],"collection":[{"href":"https:\/\/gobierno.udd.cl\/cips\/wp-json\/wp\/v2\/posts"}],"about":[{"href":"https:\/\/gobierno.udd.cl\/cips\/wp-json\/wp\/v2\/types\/post"}],"author":[{"embeddable":true,"href":"https:\/\/gobierno.udd.cl\/cips\/wp-json\/wp\/v2\/users\/9192236"}],"replies":[{"embeddable":true,"href":"https:\/\/gobierno.udd.cl\/cips\/wp-json\/wp\/v2\/comments?post=3389"}],"version-history":[{"count":3,"href":"https:\/\/gobierno.udd.cl\/cips\/wp-json\/wp\/v2\/posts\/3389\/revisions"}],"predecessor-version":[{"id":3461,"href":"https:\/\/gobierno.udd.cl\/cips\/wp-json\/wp\/v2\/posts\/3389\/revisions\/3461"}],"wp:featuredmedia":[{"embeddable":true,"href":"https:\/\/gobierno.udd.cl\/cips\/wp-json\/wp\/v2\/media\/3396"}],"wp:attachment":[{"href":"https:\/\/gobierno.udd.cl\/cips\/wp-json\/wp\/v2\/media?parent=3389"}],"wp:term":[{"taxonomy":"category","embeddable":true,"href":"https:\/\/gobierno.udd.cl\/cips\/wp-json\/wp\/v2\/categories?post=3389"},{"taxonomy":"post_tag","embeddable":true,"href":"https:\/\/gobierno.udd.cl\/cips\/wp-json\/wp\/v2\/tags?post=3389"}],"curies":[{"name":"wp","href":"https:\/\/api.w.org\/{rel}","templated":true}]}}