{"id":3364,"date":"2024-10-17T09:48:45","date_gmt":"2024-10-17T12:48:45","guid":{"rendered":"https:\/\/gobierno.udd.cl\/cips\/?p=3364"},"modified":"2024-10-18T09:51:43","modified_gmt":"2024-10-18T12:51:43","slug":"directora-ejecutiva-de-cips-udd-participa-en-encuentro-de-mujeres-lideres-para-promover-deteccion-precoz-del-cancer-de-mamas","status":"publish","type":"post","link":"https:\/\/gobierno.udd.cl\/cips\/2024\/10\/17\/directora-ejecutiva-de-cips-udd-participa-en-encuentro-de-mujeres-lideres-para-promover-deteccion-precoz-del-cancer-de-mamas\/","title":{"rendered":"Directora ejecutiva de CIPS-UDD participa en encuentro de mujeres l\u00edderes para promover detecci\u00f3n precoz del c\u00e1ncer de mamas"},"content":{"rendered":"\n<p><em>En Chile, cinco mujeres&nbsp;mueren&nbsp;por d\u00eda de c\u00e1ncer de mamas, siendo la primera causa de muerte entre las mujeres por c\u00e1ncer en el pa\u00eds.<\/em><\/p>\n\n\n\n<p>En una jornada que buscaba promover la importancia de los ex\u00e1menes preventivos y la detecci\u00f3n precoz del c\u00e1ncer de mamas, la directora ejecutiva del Centro de Pol\u00edticas P\u00fablicas e Innovaci\u00f3n en Salud, CIPS-UDD, Paula Daza, se reuni\u00f3n con la alcaldesa de Providencia, Evelyn Matthei, junto a diversas mujeres l\u00edderes que buscan difundir este mensaje.<\/p>\n\n\n\n<p>En el encuentro participaron la ex primera dama&nbsp;<strong>Cecilia Morel<\/strong>; la presidenta de Fundaci\u00f3n CARE (C\u00e1ncer, Acceso, Red y Esperanza),&nbsp;<strong>Cecilia Bolocco<\/strong>;<strong>&nbsp;Carolina Goic,<\/strong>&nbsp;ex senadora y Directora Ejecutiva del Centro para la Prevenci\u00f3n y Control del C\u00e1ncer (CECAN);<strong>&nbsp;Marcela Sabat<\/strong>, ex senadora y fundadora de Woman &amp; Equality Solutions;<strong>&nbsp;Carmen Gloria Arroyo,<\/strong>&nbsp;abogada y conductora de televisi\u00f3n;&nbsp;<strong>Carla Zunino,<\/strong>&nbsp;periodista;&nbsp;<strong>\u2060Natalia Duco,<\/strong>&nbsp;ex atleta ol\u00edmpica;&nbsp;<strong>Isabel Saffie,<\/strong>&nbsp;m\u00e9dico investigador de la Unidad de Investigaci\u00f3n Epidemiol\u00f3gica y Cl\u00ednica FALP;&nbsp;<strong>Margarita Hanckes,<\/strong>&nbsp;directora ejecutiva de la Campa\u00f1a Contra el C\u00e1ncer de Mama de Est\u00e9e Lauder Companies; adem\u00e1s de representantes de Carabineros de Chile, Polic\u00eda de Investigaciones, Bomberos, y de la Direcci\u00f3n de Salud de Providencia.<\/p>\n\n\n\n<p>En la oportunidad, la directora ejecutiva de CIPS-UDD enfatiz\u00f3 que\u00a0\u00ab<strong>hoy el c\u00e1ncer de mamas nos exige tomar medidas en forma urgente y crucial. Tenemos m\u00e1s de 4.000 prestaciones GES atrasadas. De ellas, el 57% est\u00e1n esperando un diagn\u00f3stico, probablemente una biopsia. Un 42% est\u00e1n esperando un tratamiento. Mujeres que tienen un diagn\u00f3stico, que tienen derecho a un segundo prestador y no se lo hemos dado. Por lo tanto, es urgente avanzar en pol\u00edticas p\u00fablicas que le permitan en forma oportuna tratar a las mujeres<\/strong>\u00ab.<\/p>\n\n\n<section class=\"wp-block-udd-gallery-carousel wp-carousel-gallery\">\n\t<div class=\"container\">\n\t\t<div\n\t\t\tclass=\"slick-carousel gallery-slick-carousel gallery-carousel--1\"\n\t\t\tdata-slick='{&quot;slidesToScroll&quot;:1,&quot;slidesToShow&quot;:1,&quot;appendDots&quot;:&quot;#dots-69f40e352a82c&quot;,&quot;prevArrow&quot;:&quot;&lt;button type=\\&quot;button\\&quot; class=\\&quot;btn btn-primary slick-prev\\&quot;&gt;&lt;svg class=\\&quot;svg-chevron-left-dims\\&quot;&gt;&lt;use xlink:href=&#039;https:\\\/\\\/gobierno.udd.cl\\\/cips\\\/wp-content\\\/themes\\\/facultades-2018\\\/assets\\\/img\\\/svg\\\/dist\\\/main.svg?version=1695853099#chevron-left&#039;&gt;&lt;\\\/use&gt;&lt;\\\/svg&gt;&lt;span class=\\&quot;sr-only\\&quot;&gt;Anterior&lt;\\\/span&gt;&lt;\\\/button&gt;&quot;,&quot;nextArrow&quot;:&quot;&lt;button type=\\&quot;button\\&quot; class=\\&quot;btn btn-primary slick-next\\&quot;&gt;&lt;svg class=\\&quot;svg-chevron-right-dims\\&quot;&gt;&lt;use xlink:href=&#039;https:\\\/\\\/gobierno.udd.cl\\\/cips\\\/wp-content\\\/themes\\\/facultades-2018\\\/assets\\\/img\\\/svg\\\/dist\\\/main.svg?version=1695853099#chevron-right&#039;&gt;&lt;\\\/use&gt;&lt;\\\/svg&gt;&lt;span class=\\&quot;sr-only\\&quot;&gt;Siguiente&lt;\\\/span&gt;&lt;\\\/button&gt;&quot;,&quot;infinite&quot;:true,&quot;dots&quot;:true}'\n\t\t>\n\t\t\t\t\t\t\t<figure>\n\t\t\t\t\t<img loading=\"lazy\" decoding=\"async\" width=\"1037\" height=\"720\" src=\"https:\/\/gobierno.udd.cl\/cips\/wp-content\/plugins\/wp-async-img-load\/blank.png\" class=\"attachment-1280x720 size-1280x720 lazyload\" alt=\"\" sizes=\"auto, (max-width: 1037px) 100vw, 1037px\" data-src=\"https:\/\/gobierno.udd.cl\/cips\/files\/2024\/10\/dsc_4677-2-scaled.jpg\" data-srcset=\"https:\/\/gobierno.udd.cl\/cips\/files\/2024\/10\/dsc_4677-2-scaled.jpg 2560w, https:\/\/gobierno.udd.cl\/cips\/files\/2024\/10\/dsc_4677-2-300x208.jpg 300w, https:\/\/gobierno.udd.cl\/cips\/files\/2024\/10\/dsc_4677-2-1024x711.jpg 1024w, https:\/\/gobierno.udd.cl\/cips\/files\/2024\/10\/dsc_4677-2-768x533.jpg 768w, https:\/\/gobierno.udd.cl\/cips\/files\/2024\/10\/dsc_4677-2-1536x1066.jpg 1536w\" \/>\t\t\t\t\t\t\t\t\t<\/figure>\n\t\t\t\t\t\t\t<figure>\n\t\t\t\t\t<img loading=\"lazy\" decoding=\"async\" width=\"1023\" height=\"720\" src=\"https:\/\/gobierno.udd.cl\/cips\/wp-content\/plugins\/wp-async-img-load\/blank.png\" class=\"attachment-1280x720 size-1280x720 lazyload\" alt=\"\" sizes=\"auto, (max-width: 1023px) 100vw, 1023px\" data-src=\"https:\/\/gobierno.udd.cl\/cips\/files\/2024\/10\/dsc_4966-2-scaled.jpg\" data-srcset=\"https:\/\/gobierno.udd.cl\/cips\/files\/2024\/10\/dsc_4966-2-scaled.jpg 2560w, https:\/\/gobierno.udd.cl\/cips\/files\/2024\/10\/dsc_4966-2-300x211.jpg 300w, https:\/\/gobierno.udd.cl\/cips\/files\/2024\/10\/dsc_4966-2-1024x721.jpg 1024w, https:\/\/gobierno.udd.cl\/cips\/files\/2024\/10\/dsc_4966-2-768x540.jpg 768w, https:\/\/gobierno.udd.cl\/cips\/files\/2024\/10\/dsc_4966-2-87x62.jpg 87w, https:\/\/gobierno.udd.cl\/cips\/files\/2024\/10\/dsc_4966-2-1536x1081.jpg 1536w\" \/>\t\t\t\t\t\t\t\t\t<\/figure>\n\t\t\t\t\t\t\t<figure>\n\t\t\t\t\t<img loading=\"lazy\" decoding=\"async\" width=\"1280\" height=\"720\" src=\"https:\/\/gobierno.udd.cl\/cips\/wp-content\/plugins\/wp-async-img-load\/blank.png\" class=\"attachment-1280x720 size-1280x720 lazyload\" alt=\"\" sizes=\"auto, (max-width: 1280px) 100vw, 1280px\" data-src=\"https:\/\/gobierno.udd.cl\/cips\/files\/2024\/10\/dsc_5035-2-1-1366x768.jpg\" data-srcset=\"https:\/\/gobierno.udd.cl\/cips\/files\/2024\/10\/dsc_5035-2-1-1366x768.jpg 1366w, https:\/\/gobierno.udd.cl\/cips\/files\/2024\/10\/dsc_5035-2-1-1920x1080.jpg 1920w, https:\/\/gobierno.udd.cl\/cips\/files\/2024\/10\/dsc_5035-2-1-680x382.jpg 680w\" \/>\t\t\t\t\t\t\t\t\t<\/figure>\n\t\t\t\t\t\t\t<figure>\n\t\t\t\t\t<img loading=\"lazy\" decoding=\"async\" width=\"1080\" height=\"720\" src=\"https:\/\/gobierno.udd.cl\/cips\/wp-content\/plugins\/wp-async-img-load\/blank.png\" class=\"attachment-1280x720 size-1280x720 lazyload\" alt=\"\" sizes=\"auto, (max-width: 1080px) 100vw, 1080px\" data-src=\"https:\/\/gobierno.udd.cl\/cips\/files\/2024\/10\/dsc_4924-2-scaled.jpg\" data-srcset=\"https:\/\/gobierno.udd.cl\/cips\/files\/2024\/10\/dsc_4924-2-scaled.jpg 2560w, https:\/\/gobierno.udd.cl\/cips\/files\/2024\/10\/dsc_4924-2-300x200.jpg 300w, https:\/\/gobierno.udd.cl\/cips\/files\/2024\/10\/dsc_4924-2-1024x683.jpg 1024w, https:\/\/gobierno.udd.cl\/cips\/files\/2024\/10\/dsc_4924-2-768x512.jpg 768w, https:\/\/gobierno.udd.cl\/cips\/files\/2024\/10\/dsc_4924-2-1536x1024.jpg 1536w, https:\/\/gobierno.udd.cl\/cips\/files\/2024\/10\/dsc_4924-2-2048x1365.jpg 2048w\" \/>\t\t\t\t\t\t\t\t\t<\/figure>\n\t\t\t\t\t<\/div>\n\t\t<div\n\t\t\tclass=\"carousel-gallery--carousel-dots\"\n\t\t\tid=\"dots-69f40e352a82c\"\n\t\t><\/div>\n\t<\/div>\n<\/section>\n\n\n\n<p>La alcaldesa de Providencia se\u00f1al\u00f3 que \u201cel c\u00e1ncer de mamas no se puede prevenir, pero s\u00ed se puede detectar a tiempo, y la detecci\u00f3n temprana salva vidas. Una mujer que detecta a tiempo el c\u00e1ncer de mamas tiene un 96% de probabilidades de superar la enfermedad\u201d.<\/p>\n\n\n\n<p>Por su parte, la ex primera dama Cecilia Morel asegur\u00f3 que \u00aba pesar de que tenemos conciencia, muchas veces las mujeres nos postergamos a nosotras mismas o decimos: que atroz, que lata ir al doctor, que lata me tengo que hacer un examen, y no tomamos conciencia de lo importante que es la vida para nosotras mismas, como para nuestros hijos, para nuestras familias. Por lo tanto, sea dif\u00edcil o no sea dif\u00edcil, el primer paso est\u00e1 en nosotras. Y por supuesto, tambi\u00e9n pedirles a todos los pol\u00edticos y al Gobierno que pongan en urgencia la facilidad de acceso para la mamograf\u00eda, que sabemos que es muy dif\u00edcil, especialmente en regiones, y por lo tanto ah\u00ed hago un llamado a todos los pol\u00edticos de todos los colores\u00bb.<\/p>\n\n\n\n<p>En tanto, la presidenta de la Fundaci\u00f3n CARE Cecilia Bolocco, afirm\u00f3 que \u00abel c\u00e1ncer de mamas no es un tema de conciencia, es un tema de falta de acceso. La mujer hoy no puede acceder a esa mamograf\u00eda que sabe necesita hac\u00e9rsela. Estamos haciendo lo mismo desde el a\u00f1o 2002 y tenemos las mismas cifras. Es decir, tan s\u00f3lo el 40% de las chilenas se realiza la mamograf\u00eda. \u00bfY por qu\u00e9? Porque es dif\u00edcil acceder a ella. Y cuando te la haces tienes que pedir hora y te demoras meses en que, si finalmente tienes un resultado de c\u00e1ncer, una biopsia que determina que tienes c\u00e1ncer; ha pasado m\u00e1s de un a\u00f1o. Desafortunadamente, las mujeres de escasos recursos mueren ocho veces m\u00e1s que una mujer que tiene acceso a la mamograf\u00eda. Esta brecha se tiene que terminar. Tenemos que dejar de hacer lo mismo si queremos obtener resultados distintos. Urjo al Gobierno para tomar las medidas necesarias y colocar al c\u00e1ncer como prioridad nacional\u201d.<\/p>\n\n\n\n<p><\/p>\n","protected":false},"excerpt":{"rendered":"<p>En Chile, cinco mujeres&nbsp;mueren&nbsp;por d\u00eda de c\u00e1ncer de mamas, siendo la primera causa de muerte entre las mujeres por c\u00e1ncer en el pa\u00eds. En una jornada que buscaba promover la importancia de los ex\u00e1menes preventivos y la detecci\u00f3n precoz del c\u00e1ncer de mamas, la directora ejecutiva del Centro de Pol\u00edticas P\u00fablicas e Innovaci\u00f3n en Salud, [&hellip;]<\/p>\n","protected":false},"author":9192240,"featured_media":3366,"comment_status":"closed","ping_status":"open","sticky":false,"template":"","format":"standard","meta":{"footnotes":""},"categories":[3],"tags":[],"class_list":["post-3364","post","type-post","status-publish","format-standard","has-post-thumbnail","hentry","category-noticias"],"yoast_head":"<!-- This site is optimized with the Yoast SEO plugin v26.9 - https:\/\/yoast.com\/product\/yoast-seo-wordpress\/ -->\n<title>Directora ejecutiva de CIPS-UDD participa en encuentro de mujeres l\u00edderes para promover detecci\u00f3n precoz del c\u00e1ncer de mamas - Centro de Pol\u00edticas P\u00fablicas e Innovaci\u00f3n en Salud<\/title>\n<meta name=\"robots\" content=\"index, follow, max-snippet:-1, max-image-preview:large, max-video-preview:-1\" \/>\n<link rel=\"canonical\" href=\"https:\/\/gobierno.udd.cl\/cips\/2024\/10\/17\/directora-ejecutiva-de-cips-udd-participa-en-encuentro-de-mujeres-lideres-para-promover-deteccion-precoz-del-cancer-de-mamas\/\" \/>\n<meta property=\"og:locale\" content=\"es_ES\" \/>\n<meta property=\"og:type\" content=\"article\" \/>\n<meta property=\"og:title\" content=\"Directora ejecutiva de CIPS-UDD participa en encuentro de mujeres l\u00edderes para promover detecci\u00f3n precoz del c\u00e1ncer de mamas - Centro de Pol\u00edticas P\u00fablicas e Innovaci\u00f3n en Salud\" \/>\n<meta property=\"og:description\" content=\"En Chile, cinco mujeres&nbsp;mueren&nbsp;por d\u00eda de c\u00e1ncer de mamas, siendo la primera causa de muerte entre las mujeres por c\u00e1ncer en el pa\u00eds. En una jornada que buscaba promover la importancia de los ex\u00e1menes preventivos y la detecci\u00f3n precoz del c\u00e1ncer de mamas, la directora ejecutiva del Centro de Pol\u00edticas P\u00fablicas e Innovaci\u00f3n en Salud, [&hellip;]\" \/>\n<meta property=\"og:url\" content=\"https:\/\/gobierno.udd.cl\/cips\/2024\/10\/17\/directora-ejecutiva-de-cips-udd-participa-en-encuentro-de-mujeres-lideres-para-promover-deteccion-precoz-del-cancer-de-mamas\/\" \/>\n<meta property=\"og:site_name\" content=\"Centro de Pol\u00edticas P\u00fablicas e Innovaci\u00f3n en Salud\" \/>\n<meta property=\"article:publisher\" content=\"https:\/\/www.facebook.com\/CIPS.UDD\" \/>\n<meta property=\"article:published_time\" content=\"2024-10-17T12:48:45+00:00\" \/>\n<meta property=\"article:modified_time\" content=\"2024-10-18T12:51:43+00:00\" \/>\n<meta property=\"og:image\" content=\"https:\/\/gobierno.udd.cl\/cips\/files\/2024\/10\/dsc_4677-2-scaled.jpg\" \/>\n\t<meta property=\"og:image:width\" content=\"2560\" \/>\n\t<meta property=\"og:image:height\" content=\"1777\" \/>\n\t<meta property=\"og:image:type\" content=\"image\/jpeg\" \/>\n<meta name=\"author\" content=\"claudiagodia\" \/>\n<meta name=\"twitter:card\" content=\"summary_large_image\" \/>\n<meta name=\"twitter:creator\" content=\"@CIPS_UDD\" \/>\n<meta name=\"twitter:site\" content=\"@CIPS_UDD\" \/>\n<meta name=\"twitter:label1\" content=\"Escrito por\" \/>\n\t<meta name=\"twitter:data1\" content=\"claudiagodia\" \/>\n\t<meta name=\"twitter:label2\" content=\"Tiempo de lectura\" \/>\n\t<meta name=\"twitter:data2\" content=\"4 minutos\" \/>\n<script type=\"application\/ld+json\" class=\"yoast-schema-graph\">{\"@context\":\"https:\/\/schema.org\",\"@graph\":[{\"@type\":\"Article\",\"@id\":\"https:\/\/gobierno.udd.cl\/cips\/2024\/10\/17\/directora-ejecutiva-de-cips-udd-participa-en-encuentro-de-mujeres-lideres-para-promover-deteccion-precoz-del-cancer-de-mamas\/#article\",\"isPartOf\":{\"@id\":\"https:\/\/gobierno.udd.cl\/cips\/2024\/10\/17\/directora-ejecutiva-de-cips-udd-participa-en-encuentro-de-mujeres-lideres-para-promover-deteccion-precoz-del-cancer-de-mamas\/\"},\"author\":{\"name\":\"claudiagodia\",\"@id\":\"https:\/\/gobierno.udd.cl\/cips\/#\/schema\/person\/a34b5db7e59307019967393aeeca7130\"},\"headline\":\"Directora ejecutiva de CIPS-UDD participa en encuentro de mujeres l\u00edderes para promover detecci\u00f3n precoz del c\u00e1ncer de mamas\",\"datePublished\":\"2024-10-17T12:48:45+00:00\",\"dateModified\":\"2024-10-18T12:51:43+00:00\",\"mainEntityOfPage\":{\"@id\":\"https:\/\/gobierno.udd.cl\/cips\/2024\/10\/17\/directora-ejecutiva-de-cips-udd-participa-en-encuentro-de-mujeres-lideres-para-promover-deteccion-precoz-del-cancer-de-mamas\/\"},\"wordCount\":709,\"image\":{\"@id\":\"https:\/\/gobierno.udd.cl\/cips\/2024\/10\/17\/directora-ejecutiva-de-cips-udd-participa-en-encuentro-de-mujeres-lideres-para-promover-deteccion-precoz-del-cancer-de-mamas\/#primaryimage\"},\"thumbnailUrl\":\"https:\/\/gobierno.udd.cl\/cips\/files\/2024\/10\/dsc_4677-2-scaled.jpg\",\"articleSection\":[\"Noticias\"],\"inLanguage\":\"es\"},{\"@type\":\"WebPage\",\"@id\":\"https:\/\/gobierno.udd.cl\/cips\/2024\/10\/17\/directora-ejecutiva-de-cips-udd-participa-en-encuentro-de-mujeres-lideres-para-promover-deteccion-precoz-del-cancer-de-mamas\/\",\"url\":\"https:\/\/gobierno.udd.cl\/cips\/2024\/10\/17\/directora-ejecutiva-de-cips-udd-participa-en-encuentro-de-mujeres-lideres-para-promover-deteccion-precoz-del-cancer-de-mamas\/\",\"name\":\"Directora ejecutiva de CIPS-UDD participa en encuentro de mujeres l\u00edderes para promover detecci\u00f3n precoz del c\u00e1ncer de mamas - Centro de Pol\u00edticas P\u00fablicas e Innovaci\u00f3n en Salud\",\"isPartOf\":{\"@id\":\"https:\/\/gobierno.udd.cl\/cips\/#website\"},\"primaryImageOfPage\":{\"@id\":\"https:\/\/gobierno.udd.cl\/cips\/2024\/10\/17\/directora-ejecutiva-de-cips-udd-participa-en-encuentro-de-mujeres-lideres-para-promover-deteccion-precoz-del-cancer-de-mamas\/#primaryimage\"},\"image\":{\"@id\":\"https:\/\/gobierno.udd.cl\/cips\/2024\/10\/17\/directora-ejecutiva-de-cips-udd-participa-en-encuentro-de-mujeres-lideres-para-promover-deteccion-precoz-del-cancer-de-mamas\/#primaryimage\"},\"thumbnailUrl\":\"https:\/\/gobierno.udd.cl\/cips\/files\/2024\/10\/dsc_4677-2-scaled.jpg\",\"datePublished\":\"2024-10-17T12:48:45+00:00\",\"dateModified\":\"2024-10-18T12:51:43+00:00\",\"author\":{\"@id\":\"https:\/\/gobierno.udd.cl\/cips\/#\/schema\/person\/a34b5db7e59307019967393aeeca7130\"},\"breadcrumb\":{\"@id\":\"https:\/\/gobierno.udd.cl\/cips\/2024\/10\/17\/directora-ejecutiva-de-cips-udd-participa-en-encuentro-de-mujeres-lideres-para-promover-deteccion-precoz-del-cancer-de-mamas\/#breadcrumb\"},\"inLanguage\":\"es\",\"potentialAction\":[{\"@type\":\"ReadAction\",\"target\":[\"https:\/\/gobierno.udd.cl\/cips\/2024\/10\/17\/directora-ejecutiva-de-cips-udd-participa-en-encuentro-de-mujeres-lideres-para-promover-deteccion-precoz-del-cancer-de-mamas\/\"]}]},{\"@type\":\"ImageObject\",\"inLanguage\":\"es\",\"@id\":\"https:\/\/gobierno.udd.cl\/cips\/2024\/10\/17\/directora-ejecutiva-de-cips-udd-participa-en-encuentro-de-mujeres-lideres-para-promover-deteccion-precoz-del-cancer-de-mamas\/#primaryimage\",\"url\":\"https:\/\/gobierno.udd.cl\/cips\/files\/2024\/10\/dsc_4677-2-scaled.jpg\",\"contentUrl\":\"https:\/\/gobierno.udd.cl\/cips\/files\/2024\/10\/dsc_4677-2-scaled.jpg\",\"width\":2560,\"height\":1777},{\"@type\":\"BreadcrumbList\",\"@id\":\"https:\/\/gobierno.udd.cl\/cips\/2024\/10\/17\/directora-ejecutiva-de-cips-udd-participa-en-encuentro-de-mujeres-lideres-para-promover-deteccion-precoz-del-cancer-de-mamas\/#breadcrumb\",\"itemListElement\":[{\"@type\":\"ListItem\",\"position\":1,\"name\":\"Portada\",\"item\":\"https:\/\/gobierno.udd.cl\/cips\/\"},{\"@type\":\"ListItem\",\"position\":2,\"name\":\"Directora ejecutiva de CIPS-UDD participa en encuentro de mujeres l\u00edderes para promover detecci\u00f3n precoz del c\u00e1ncer de mamas\"}]},{\"@type\":\"WebSite\",\"@id\":\"https:\/\/gobierno.udd.cl\/cips\/#website\",\"url\":\"https:\/\/gobierno.udd.cl\/cips\/\",\"name\":\"Centro de Pol\u00edticas P\u00fablicas e Innovaci\u00f3n en Salud\",\"description\":\"CIPS-UDD\",\"inLanguage\":\"es\"},{\"@type\":\"Person\",\"@id\":\"https:\/\/gobierno.udd.cl\/cips\/#\/schema\/person\/a34b5db7e59307019967393aeeca7130\",\"name\":\"claudiagodia\",\"image\":{\"@type\":\"ImageObject\",\"inLanguage\":\"es\",\"@id\":\"https:\/\/gobierno.udd.cl\/cips\/#\/schema\/person\/image\/\",\"url\":\"https:\/\/secure.gravatar.com\/avatar\/c7c585f20c9cd5b1fc8956abfd060f1af449288eb4e630466a5a53a84641a9ca?s=96&d=mm&r=g\",\"contentUrl\":\"https:\/\/secure.gravatar.com\/avatar\/c7c585f20c9cd5b1fc8956abfd060f1af449288eb4e630466a5a53a84641a9ca?s=96&d=mm&r=g\",\"caption\":\"claudiagodia\"},\"url\":\"https:\/\/gobierno.udd.cl\/cips\/author\/claudiagodia\/\"}]}<\/script>\n<!-- \/ Yoast SEO plugin. -->","yoast_head_json":{"title":"Directora ejecutiva de CIPS-UDD participa en encuentro de mujeres l\u00edderes para promover detecci\u00f3n precoz del c\u00e1ncer de mamas - Centro de Pol\u00edticas P\u00fablicas e Innovaci\u00f3n en Salud","robots":{"index":"index","follow":"follow","max-snippet":"max-snippet:-1","max-image-preview":"max-image-preview:large","max-video-preview":"max-video-preview:-1"},"canonical":"https:\/\/gobierno.udd.cl\/cips\/2024\/10\/17\/directora-ejecutiva-de-cips-udd-participa-en-encuentro-de-mujeres-lideres-para-promover-deteccion-precoz-del-cancer-de-mamas\/","og_locale":"es_ES","og_type":"article","og_title":"Directora ejecutiva de CIPS-UDD participa en encuentro de mujeres l\u00edderes para promover detecci\u00f3n precoz del c\u00e1ncer de mamas - Centro de Pol\u00edticas P\u00fablicas e Innovaci\u00f3n en Salud","og_description":"En Chile, cinco mujeres&nbsp;mueren&nbsp;por d\u00eda de c\u00e1ncer de mamas, siendo la primera causa de muerte entre las mujeres por c\u00e1ncer en el pa\u00eds. En una jornada que buscaba promover la importancia de los ex\u00e1menes preventivos y la detecci\u00f3n precoz del c\u00e1ncer de mamas, la directora ejecutiva del Centro de Pol\u00edticas P\u00fablicas e Innovaci\u00f3n en Salud, [&hellip;]","og_url":"https:\/\/gobierno.udd.cl\/cips\/2024\/10\/17\/directora-ejecutiva-de-cips-udd-participa-en-encuentro-de-mujeres-lideres-para-promover-deteccion-precoz-del-cancer-de-mamas\/","og_site_name":"Centro de Pol\u00edticas P\u00fablicas e Innovaci\u00f3n en Salud","article_publisher":"https:\/\/www.facebook.com\/CIPS.UDD","article_published_time":"2024-10-17T12:48:45+00:00","article_modified_time":"2024-10-18T12:51:43+00:00","og_image":[{"width":2560,"height":1777,"url":"https:\/\/gobierno.udd.cl\/cips\/files\/2024\/10\/dsc_4677-2-scaled.jpg","type":"image\/jpeg"}],"author":"claudiagodia","twitter_card":"summary_large_image","twitter_creator":"@CIPS_UDD","twitter_site":"@CIPS_UDD","twitter_misc":{"Escrito por":"claudiagodia","Tiempo de lectura":"4 minutos"},"schema":{"@context":"https:\/\/schema.org","@graph":[{"@type":"Article","@id":"https:\/\/gobierno.udd.cl\/cips\/2024\/10\/17\/directora-ejecutiva-de-cips-udd-participa-en-encuentro-de-mujeres-lideres-para-promover-deteccion-precoz-del-cancer-de-mamas\/#article","isPartOf":{"@id":"https:\/\/gobierno.udd.cl\/cips\/2024\/10\/17\/directora-ejecutiva-de-cips-udd-participa-en-encuentro-de-mujeres-lideres-para-promover-deteccion-precoz-del-cancer-de-mamas\/"},"author":{"name":"claudiagodia","@id":"https:\/\/gobierno.udd.cl\/cips\/#\/schema\/person\/a34b5db7e59307019967393aeeca7130"},"headline":"Directora ejecutiva de CIPS-UDD participa en encuentro de mujeres l\u00edderes para promover detecci\u00f3n precoz del c\u00e1ncer de mamas","datePublished":"2024-10-17T12:48:45+00:00","dateModified":"2024-10-18T12:51:43+00:00","mainEntityOfPage":{"@id":"https:\/\/gobierno.udd.cl\/cips\/2024\/10\/17\/directora-ejecutiva-de-cips-udd-participa-en-encuentro-de-mujeres-lideres-para-promover-deteccion-precoz-del-cancer-de-mamas\/"},"wordCount":709,"image":{"@id":"https:\/\/gobierno.udd.cl\/cips\/2024\/10\/17\/directora-ejecutiva-de-cips-udd-participa-en-encuentro-de-mujeres-lideres-para-promover-deteccion-precoz-del-cancer-de-mamas\/#primaryimage"},"thumbnailUrl":"https:\/\/gobierno.udd.cl\/cips\/files\/2024\/10\/dsc_4677-2-scaled.jpg","articleSection":["Noticias"],"inLanguage":"es"},{"@type":"WebPage","@id":"https:\/\/gobierno.udd.cl\/cips\/2024\/10\/17\/directora-ejecutiva-de-cips-udd-participa-en-encuentro-de-mujeres-lideres-para-promover-deteccion-precoz-del-cancer-de-mamas\/","url":"https:\/\/gobierno.udd.cl\/cips\/2024\/10\/17\/directora-ejecutiva-de-cips-udd-participa-en-encuentro-de-mujeres-lideres-para-promover-deteccion-precoz-del-cancer-de-mamas\/","name":"Directora ejecutiva de CIPS-UDD participa en encuentro de mujeres l\u00edderes para promover detecci\u00f3n precoz del c\u00e1ncer de mamas - Centro de Pol\u00edticas P\u00fablicas e Innovaci\u00f3n en Salud","isPartOf":{"@id":"https:\/\/gobierno.udd.cl\/cips\/#website"},"primaryImageOfPage":{"@id":"https:\/\/gobierno.udd.cl\/cips\/2024\/10\/17\/directora-ejecutiva-de-cips-udd-participa-en-encuentro-de-mujeres-lideres-para-promover-deteccion-precoz-del-cancer-de-mamas\/#primaryimage"},"image":{"@id":"https:\/\/gobierno.udd.cl\/cips\/2024\/10\/17\/directora-ejecutiva-de-cips-udd-participa-en-encuentro-de-mujeres-lideres-para-promover-deteccion-precoz-del-cancer-de-mamas\/#primaryimage"},"thumbnailUrl":"https:\/\/gobierno.udd.cl\/cips\/files\/2024\/10\/dsc_4677-2-scaled.jpg","datePublished":"2024-10-17T12:48:45+00:00","dateModified":"2024-10-18T12:51:43+00:00","author":{"@id":"https:\/\/gobierno.udd.cl\/cips\/#\/schema\/person\/a34b5db7e59307019967393aeeca7130"},"breadcrumb":{"@id":"https:\/\/gobierno.udd.cl\/cips\/2024\/10\/17\/directora-ejecutiva-de-cips-udd-participa-en-encuentro-de-mujeres-lideres-para-promover-deteccion-precoz-del-cancer-de-mamas\/#breadcrumb"},"inLanguage":"es","potentialAction":[{"@type":"ReadAction","target":["https:\/\/gobierno.udd.cl\/cips\/2024\/10\/17\/directora-ejecutiva-de-cips-udd-participa-en-encuentro-de-mujeres-lideres-para-promover-deteccion-precoz-del-cancer-de-mamas\/"]}]},{"@type":"ImageObject","inLanguage":"es","@id":"https:\/\/gobierno.udd.cl\/cips\/2024\/10\/17\/directora-ejecutiva-de-cips-udd-participa-en-encuentro-de-mujeres-lideres-para-promover-deteccion-precoz-del-cancer-de-mamas\/#primaryimage","url":"https:\/\/gobierno.udd.cl\/cips\/files\/2024\/10\/dsc_4677-2-scaled.jpg","contentUrl":"https:\/\/gobierno.udd.cl\/cips\/files\/2024\/10\/dsc_4677-2-scaled.jpg","width":2560,"height":1777},{"@type":"BreadcrumbList","@id":"https:\/\/gobierno.udd.cl\/cips\/2024\/10\/17\/directora-ejecutiva-de-cips-udd-participa-en-encuentro-de-mujeres-lideres-para-promover-deteccion-precoz-del-cancer-de-mamas\/#breadcrumb","itemListElement":[{"@type":"ListItem","position":1,"name":"Portada","item":"https:\/\/gobierno.udd.cl\/cips\/"},{"@type":"ListItem","position":2,"name":"Directora ejecutiva de CIPS-UDD participa en encuentro de mujeres l\u00edderes para promover detecci\u00f3n precoz del c\u00e1ncer de mamas"}]},{"@type":"WebSite","@id":"https:\/\/gobierno.udd.cl\/cips\/#website","url":"https:\/\/gobierno.udd.cl\/cips\/","name":"Centro de Pol\u00edticas P\u00fablicas e Innovaci\u00f3n en Salud","description":"CIPS-UDD","inLanguage":"es"},{"@type":"Person","@id":"https:\/\/gobierno.udd.cl\/cips\/#\/schema\/person\/a34b5db7e59307019967393aeeca7130","name":"claudiagodia","image":{"@type":"ImageObject","inLanguage":"es","@id":"https:\/\/gobierno.udd.cl\/cips\/#\/schema\/person\/image\/","url":"https:\/\/secure.gravatar.com\/avatar\/c7c585f20c9cd5b1fc8956abfd060f1af449288eb4e630466a5a53a84641a9ca?s=96&d=mm&r=g","contentUrl":"https:\/\/secure.gravatar.com\/avatar\/c7c585f20c9cd5b1fc8956abfd060f1af449288eb4e630466a5a53a84641a9ca?s=96&d=mm&r=g","caption":"claudiagodia"},"url":"https:\/\/gobierno.udd.cl\/cips\/author\/claudiagodia\/"}]}},"featured_image_url":"https:\/\/gobierno.udd.cl\/cips\/files\/2024\/10\/dsc_4677-2-scaled.jpg","_links":{"self":[{"href":"https:\/\/gobierno.udd.cl\/cips\/wp-json\/wp\/v2\/posts\/3364","targetHints":{"allow":["GET"]}}],"collection":[{"href":"https:\/\/gobierno.udd.cl\/cips\/wp-json\/wp\/v2\/posts"}],"about":[{"href":"https:\/\/gobierno.udd.cl\/cips\/wp-json\/wp\/v2\/types\/post"}],"author":[{"embeddable":true,"href":"https:\/\/gobierno.udd.cl\/cips\/wp-json\/wp\/v2\/users\/9192240"}],"replies":[{"embeddable":true,"href":"https:\/\/gobierno.udd.cl\/cips\/wp-json\/wp\/v2\/comments?post=3364"}],"version-history":[{"count":1,"href":"https:\/\/gobierno.udd.cl\/cips\/wp-json\/wp\/v2\/posts\/3364\/revisions"}],"predecessor-version":[{"id":3369,"href":"https:\/\/gobierno.udd.cl\/cips\/wp-json\/wp\/v2\/posts\/3364\/revisions\/3369"}],"wp:featuredmedia":[{"embeddable":true,"href":"https:\/\/gobierno.udd.cl\/cips\/wp-json\/wp\/v2\/media\/3366"}],"wp:attachment":[{"href":"https:\/\/gobierno.udd.cl\/cips\/wp-json\/wp\/v2\/media?parent=3364"}],"wp:term":[{"taxonomy":"category","embeddable":true,"href":"https:\/\/gobierno.udd.cl\/cips\/wp-json\/wp\/v2\/categories?post=3364"},{"taxonomy":"post_tag","embeddable":true,"href":"https:\/\/gobierno.udd.cl\/cips\/wp-json\/wp\/v2\/tags?post=3364"}],"curies":[{"name":"wp","href":"https:\/\/api.w.org\/{rel}","templated":true}]}}