{"id":3290,"date":"2024-09-05T16:36:01","date_gmt":"2024-09-05T20:36:01","guid":{"rendered":"https:\/\/gobierno.udd.cl\/cips\/?p=3290"},"modified":"2024-09-05T16:38:32","modified_gmt":"2024-09-05T20:38:32","slug":"24-horas-informe-cips-udd-alerta-aumento-de-listas-de-espera-por-cancer-de-mama","status":"publish","type":"post","link":"https:\/\/gobierno.udd.cl\/cips\/2024\/09\/05\/24-horas-informe-cips-udd-alerta-aumento-de-listas-de-espera-por-cancer-de-mama\/","title":{"rendered":"24 Horas | Informe CIPS-UDD alerta aumento de listas de espera por c\u00e1ncer de mama"},"content":{"rendered":"\n<p>Revisa la nota de 24 horas sobre el \u00faltimo informe que elabor\u00f3 CIPS-UDD sobre el aumento de retrasos de GES en c\u00e1ncer. \u00a1M\u00edrala <strong><a href=\"https:\/\/www.24horas.cl\/actualidad\/politica\/alarma-por-aumento-de-listas-de-espera-por-cancer-de-mama-ofician-al-minsal\">aqu\u00ed<\/a><\/strong>!<\/p>\n\n\n\n<figure class=\"wp-block-image size-large\"><a href=\"https:\/\/www.24horas.cl\/actualidad\/politica\/alarma-por-aumento-de-listas-de-espera-por-cancer-de-mama-ofician-al-minsal\" target=\"_blank\" rel=\"noreferrer noopener\"><img loading=\"lazy\" decoding=\"async\" width=\"1024\" height=\"462\" src=\"https:\/\/gobierno.udd.cl\/cips\/files\/2024\/09\/image-1-1024x462.png\" alt=\"\" class=\"wp-image-3291\" srcset=\"https:\/\/gobierno.udd.cl\/cips\/files\/2024\/09\/image-1-1024x462.png 1024w, https:\/\/gobierno.udd.cl\/cips\/files\/2024\/09\/image-1-300x135.png 300w, https:\/\/gobierno.udd.cl\/cips\/files\/2024\/09\/image-1-768x347.png 768w, https:\/\/gobierno.udd.cl\/cips\/files\/2024\/09\/image-1.png 1485w\" sizes=\"auto, (max-width: 1024px) 100vw, 1024px\" \/><\/a><\/figure>\n","protected":false},"excerpt":{"rendered":"<p>Revisa la nota de 24 horas sobre el \u00faltimo informe que elabor\u00f3 CIPS-UDD sobre el aumento de retrasos de GES en c\u00e1ncer. \u00a1M\u00edrala aqu\u00ed!<\/p>\n","protected":false},"author":9192236,"featured_media":3292,"comment_status":"closed","ping_status":"open","sticky":false,"template":"","format":"standard","meta":{"footnotes":""},"categories":[4],"tags":[],"class_list":["post-3290","post","type-post","status-publish","format-standard","has-post-thumbnail","hentry","category-cips-en-la-prensa"],"yoast_head":"<!-- This site is optimized with the Yoast SEO plugin v26.9 - https:\/\/yoast.com\/product\/yoast-seo-wordpress\/ -->\n<title>24 Horas | Informe CIPS-UDD alerta aumento de listas de espera por c\u00e1ncer de mama - Centro de Pol\u00edticas P\u00fablicas e Innovaci\u00f3n en Salud<\/title>\n<meta name=\"robots\" content=\"index, follow, max-snippet:-1, max-image-preview:large, max-video-preview:-1\" \/>\n<link rel=\"canonical\" href=\"https:\/\/gobierno.udd.cl\/cips\/2024\/09\/05\/24-horas-informe-cips-udd-alerta-aumento-de-listas-de-espera-por-cancer-de-mama\/\" \/>\n<meta property=\"og:locale\" content=\"es_ES\" \/>\n<meta property=\"og:type\" content=\"article\" \/>\n<meta property=\"og:title\" content=\"24 Horas | Informe CIPS-UDD alerta aumento de listas de espera por c\u00e1ncer de mama - Centro de Pol\u00edticas P\u00fablicas e Innovaci\u00f3n en Salud\" \/>\n<meta property=\"og:description\" content=\"Revisa la nota de 24 horas sobre el \u00faltimo informe que elabor\u00f3 CIPS-UDD sobre el aumento de retrasos de GES en c\u00e1ncer. \u00a1M\u00edrala aqu\u00ed!\" \/>\n<meta property=\"og:url\" content=\"https:\/\/gobierno.udd.cl\/cips\/2024\/09\/05\/24-horas-informe-cips-udd-alerta-aumento-de-listas-de-espera-por-cancer-de-mama\/\" \/>\n<meta property=\"og:site_name\" content=\"Centro de Pol\u00edticas P\u00fablicas e Innovaci\u00f3n en Salud\" \/>\n<meta property=\"article:publisher\" content=\"https:\/\/www.facebook.com\/CIPS.UDD\" \/>\n<meta property=\"article:published_time\" content=\"2024-09-05T20:36:01+00:00\" \/>\n<meta property=\"article:modified_time\" content=\"2024-09-05T20:38:32+00:00\" \/>\n<meta property=\"og:image\" content=\"https:\/\/gobierno.udd.cl\/cips\/files\/2024\/09\/image-2.png\" \/>\n\t<meta property=\"og:image:width\" content=\"1600\" \/>\n\t<meta property=\"og:image:height\" content=\"900\" \/>\n\t<meta property=\"og:image:type\" content=\"image\/png\" \/>\n<meta name=\"author\" content=\"ccararo\" \/>\n<meta name=\"twitter:card\" content=\"summary_large_image\" \/>\n<meta name=\"twitter:creator\" content=\"@CIPS_UDD\" \/>\n<meta name=\"twitter:site\" content=\"@CIPS_UDD\" \/>\n<meta name=\"twitter:label1\" content=\"Escrito por\" \/>\n\t<meta name=\"twitter:data1\" content=\"ccararo\" \/>\n\t<meta name=\"twitter:label2\" content=\"Tiempo de lectura\" \/>\n\t<meta name=\"twitter:data2\" content=\"1 minuto\" \/>\n<script type=\"application\/ld+json\" class=\"yoast-schema-graph\">{\"@context\":\"https:\/\/schema.org\",\"@graph\":[{\"@type\":\"Article\",\"@id\":\"https:\/\/gobierno.udd.cl\/cips\/2024\/09\/05\/24-horas-informe-cips-udd-alerta-aumento-de-listas-de-espera-por-cancer-de-mama\/#article\",\"isPartOf\":{\"@id\":\"https:\/\/gobierno.udd.cl\/cips\/2024\/09\/05\/24-horas-informe-cips-udd-alerta-aumento-de-listas-de-espera-por-cancer-de-mama\/\"},\"author\":{\"name\":\"ccararo\",\"@id\":\"https:\/\/gobierno.udd.cl\/cips\/#\/schema\/person\/9d509bb16e7d8299d075f0e90b5d7d00\"},\"headline\":\"24 Horas | Informe CIPS-UDD alerta aumento de listas de espera por c\u00e1ncer de mama\",\"datePublished\":\"2024-09-05T20:36:01+00:00\",\"dateModified\":\"2024-09-05T20:38:32+00:00\",\"mainEntityOfPage\":{\"@id\":\"https:\/\/gobierno.udd.cl\/cips\/2024\/09\/05\/24-horas-informe-cips-udd-alerta-aumento-de-listas-de-espera-por-cancer-de-mama\/\"},\"wordCount\":39,\"image\":{\"@id\":\"https:\/\/gobierno.udd.cl\/cips\/2024\/09\/05\/24-horas-informe-cips-udd-alerta-aumento-de-listas-de-espera-por-cancer-de-mama\/#primaryimage\"},\"thumbnailUrl\":\"https:\/\/gobierno.udd.cl\/cips\/files\/2024\/09\/image-2.png\",\"articleSection\":[\"CIPS en la prensa\"],\"inLanguage\":\"es\"},{\"@type\":\"WebPage\",\"@id\":\"https:\/\/gobierno.udd.cl\/cips\/2024\/09\/05\/24-horas-informe-cips-udd-alerta-aumento-de-listas-de-espera-por-cancer-de-mama\/\",\"url\":\"https:\/\/gobierno.udd.cl\/cips\/2024\/09\/05\/24-horas-informe-cips-udd-alerta-aumento-de-listas-de-espera-por-cancer-de-mama\/\",\"name\":\"24 Horas | Informe CIPS-UDD alerta aumento de listas de espera por c\u00e1ncer de mama - Centro de Pol\u00edticas P\u00fablicas e Innovaci\u00f3n en Salud\",\"isPartOf\":{\"@id\":\"https:\/\/gobierno.udd.cl\/cips\/#website\"},\"primaryImageOfPage\":{\"@id\":\"https:\/\/gobierno.udd.cl\/cips\/2024\/09\/05\/24-horas-informe-cips-udd-alerta-aumento-de-listas-de-espera-por-cancer-de-mama\/#primaryimage\"},\"image\":{\"@id\":\"https:\/\/gobierno.udd.cl\/cips\/2024\/09\/05\/24-horas-informe-cips-udd-alerta-aumento-de-listas-de-espera-por-cancer-de-mama\/#primaryimage\"},\"thumbnailUrl\":\"https:\/\/gobierno.udd.cl\/cips\/files\/2024\/09\/image-2.png\",\"datePublished\":\"2024-09-05T20:36:01+00:00\",\"dateModified\":\"2024-09-05T20:38:32+00:00\",\"author\":{\"@id\":\"https:\/\/gobierno.udd.cl\/cips\/#\/schema\/person\/9d509bb16e7d8299d075f0e90b5d7d00\"},\"breadcrumb\":{\"@id\":\"https:\/\/gobierno.udd.cl\/cips\/2024\/09\/05\/24-horas-informe-cips-udd-alerta-aumento-de-listas-de-espera-por-cancer-de-mama\/#breadcrumb\"},\"inLanguage\":\"es\",\"potentialAction\":[{\"@type\":\"ReadAction\",\"target\":[\"https:\/\/gobierno.udd.cl\/cips\/2024\/09\/05\/24-horas-informe-cips-udd-alerta-aumento-de-listas-de-espera-por-cancer-de-mama\/\"]}]},{\"@type\":\"ImageObject\",\"inLanguage\":\"es\",\"@id\":\"https:\/\/gobierno.udd.cl\/cips\/2024\/09\/05\/24-horas-informe-cips-udd-alerta-aumento-de-listas-de-espera-por-cancer-de-mama\/#primaryimage\",\"url\":\"https:\/\/gobierno.udd.cl\/cips\/files\/2024\/09\/image-2.png\",\"contentUrl\":\"https:\/\/gobierno.udd.cl\/cips\/files\/2024\/09\/image-2.png\",\"width\":1600,\"height\":900},{\"@type\":\"BreadcrumbList\",\"@id\":\"https:\/\/gobierno.udd.cl\/cips\/2024\/09\/05\/24-horas-informe-cips-udd-alerta-aumento-de-listas-de-espera-por-cancer-de-mama\/#breadcrumb\",\"itemListElement\":[{\"@type\":\"ListItem\",\"position\":1,\"name\":\"Portada\",\"item\":\"https:\/\/gobierno.udd.cl\/cips\/\"},{\"@type\":\"ListItem\",\"position\":2,\"name\":\"24 Horas | Informe CIPS-UDD alerta aumento de listas de espera por c\u00e1ncer de mama\"}]},{\"@type\":\"WebSite\",\"@id\":\"https:\/\/gobierno.udd.cl\/cips\/#website\",\"url\":\"https:\/\/gobierno.udd.cl\/cips\/\",\"name\":\"Centro de Pol\u00edticas P\u00fablicas e Innovaci\u00f3n en Salud\",\"description\":\"CIPS-UDD\",\"inLanguage\":\"es\"},{\"@type\":\"Person\",\"@id\":\"https:\/\/gobierno.udd.cl\/cips\/#\/schema\/person\/9d509bb16e7d8299d075f0e90b5d7d00\",\"name\":\"ccararo\",\"image\":{\"@type\":\"ImageObject\",\"inLanguage\":\"es\",\"@id\":\"https:\/\/gobierno.udd.cl\/cips\/#\/schema\/person\/image\/\",\"url\":\"https:\/\/secure.gravatar.com\/avatar\/fe809aec6c8a49b41db481a62d9671eec512578ac25cf41f7420b8069513828c?s=96&d=mm&r=g\",\"contentUrl\":\"https:\/\/secure.gravatar.com\/avatar\/fe809aec6c8a49b41db481a62d9671eec512578ac25cf41f7420b8069513828c?s=96&d=mm&r=g\",\"caption\":\"ccararo\"},\"url\":\"https:\/\/gobierno.udd.cl\/cips\/author\/ccararo\/\"}]}<\/script>\n<!-- \/ Yoast SEO plugin. -->","yoast_head_json":{"title":"24 Horas | Informe CIPS-UDD alerta aumento de listas de espera por c\u00e1ncer de mama - Centro de Pol\u00edticas P\u00fablicas e Innovaci\u00f3n en Salud","robots":{"index":"index","follow":"follow","max-snippet":"max-snippet:-1","max-image-preview":"max-image-preview:large","max-video-preview":"max-video-preview:-1"},"canonical":"https:\/\/gobierno.udd.cl\/cips\/2024\/09\/05\/24-horas-informe-cips-udd-alerta-aumento-de-listas-de-espera-por-cancer-de-mama\/","og_locale":"es_ES","og_type":"article","og_title":"24 Horas | Informe CIPS-UDD alerta aumento de listas de espera por c\u00e1ncer de mama - Centro de Pol\u00edticas P\u00fablicas e Innovaci\u00f3n en Salud","og_description":"Revisa la nota de 24 horas sobre el \u00faltimo informe que elabor\u00f3 CIPS-UDD sobre el aumento de retrasos de GES en c\u00e1ncer. \u00a1M\u00edrala aqu\u00ed!","og_url":"https:\/\/gobierno.udd.cl\/cips\/2024\/09\/05\/24-horas-informe-cips-udd-alerta-aumento-de-listas-de-espera-por-cancer-de-mama\/","og_site_name":"Centro de Pol\u00edticas P\u00fablicas e Innovaci\u00f3n en Salud","article_publisher":"https:\/\/www.facebook.com\/CIPS.UDD","article_published_time":"2024-09-05T20:36:01+00:00","article_modified_time":"2024-09-05T20:38:32+00:00","og_image":[{"width":1600,"height":900,"url":"https:\/\/gobierno.udd.cl\/cips\/files\/2024\/09\/image-2.png","type":"image\/png"}],"author":"ccararo","twitter_card":"summary_large_image","twitter_creator":"@CIPS_UDD","twitter_site":"@CIPS_UDD","twitter_misc":{"Escrito por":"ccararo","Tiempo de lectura":"1 minuto"},"schema":{"@context":"https:\/\/schema.org","@graph":[{"@type":"Article","@id":"https:\/\/gobierno.udd.cl\/cips\/2024\/09\/05\/24-horas-informe-cips-udd-alerta-aumento-de-listas-de-espera-por-cancer-de-mama\/#article","isPartOf":{"@id":"https:\/\/gobierno.udd.cl\/cips\/2024\/09\/05\/24-horas-informe-cips-udd-alerta-aumento-de-listas-de-espera-por-cancer-de-mama\/"},"author":{"name":"ccararo","@id":"https:\/\/gobierno.udd.cl\/cips\/#\/schema\/person\/9d509bb16e7d8299d075f0e90b5d7d00"},"headline":"24 Horas | Informe CIPS-UDD alerta aumento de listas de espera por c\u00e1ncer de mama","datePublished":"2024-09-05T20:36:01+00:00","dateModified":"2024-09-05T20:38:32+00:00","mainEntityOfPage":{"@id":"https:\/\/gobierno.udd.cl\/cips\/2024\/09\/05\/24-horas-informe-cips-udd-alerta-aumento-de-listas-de-espera-por-cancer-de-mama\/"},"wordCount":39,"image":{"@id":"https:\/\/gobierno.udd.cl\/cips\/2024\/09\/05\/24-horas-informe-cips-udd-alerta-aumento-de-listas-de-espera-por-cancer-de-mama\/#primaryimage"},"thumbnailUrl":"https:\/\/gobierno.udd.cl\/cips\/files\/2024\/09\/image-2.png","articleSection":["CIPS en la prensa"],"inLanguage":"es"},{"@type":"WebPage","@id":"https:\/\/gobierno.udd.cl\/cips\/2024\/09\/05\/24-horas-informe-cips-udd-alerta-aumento-de-listas-de-espera-por-cancer-de-mama\/","url":"https:\/\/gobierno.udd.cl\/cips\/2024\/09\/05\/24-horas-informe-cips-udd-alerta-aumento-de-listas-de-espera-por-cancer-de-mama\/","name":"24 Horas | Informe CIPS-UDD alerta aumento de listas de espera por c\u00e1ncer de mama - Centro de Pol\u00edticas P\u00fablicas e Innovaci\u00f3n en Salud","isPartOf":{"@id":"https:\/\/gobierno.udd.cl\/cips\/#website"},"primaryImageOfPage":{"@id":"https:\/\/gobierno.udd.cl\/cips\/2024\/09\/05\/24-horas-informe-cips-udd-alerta-aumento-de-listas-de-espera-por-cancer-de-mama\/#primaryimage"},"image":{"@id":"https:\/\/gobierno.udd.cl\/cips\/2024\/09\/05\/24-horas-informe-cips-udd-alerta-aumento-de-listas-de-espera-por-cancer-de-mama\/#primaryimage"},"thumbnailUrl":"https:\/\/gobierno.udd.cl\/cips\/files\/2024\/09\/image-2.png","datePublished":"2024-09-05T20:36:01+00:00","dateModified":"2024-09-05T20:38:32+00:00","author":{"@id":"https:\/\/gobierno.udd.cl\/cips\/#\/schema\/person\/9d509bb16e7d8299d075f0e90b5d7d00"},"breadcrumb":{"@id":"https:\/\/gobierno.udd.cl\/cips\/2024\/09\/05\/24-horas-informe-cips-udd-alerta-aumento-de-listas-de-espera-por-cancer-de-mama\/#breadcrumb"},"inLanguage":"es","potentialAction":[{"@type":"ReadAction","target":["https:\/\/gobierno.udd.cl\/cips\/2024\/09\/05\/24-horas-informe-cips-udd-alerta-aumento-de-listas-de-espera-por-cancer-de-mama\/"]}]},{"@type":"ImageObject","inLanguage":"es","@id":"https:\/\/gobierno.udd.cl\/cips\/2024\/09\/05\/24-horas-informe-cips-udd-alerta-aumento-de-listas-de-espera-por-cancer-de-mama\/#primaryimage","url":"https:\/\/gobierno.udd.cl\/cips\/files\/2024\/09\/image-2.png","contentUrl":"https:\/\/gobierno.udd.cl\/cips\/files\/2024\/09\/image-2.png","width":1600,"height":900},{"@type":"BreadcrumbList","@id":"https:\/\/gobierno.udd.cl\/cips\/2024\/09\/05\/24-horas-informe-cips-udd-alerta-aumento-de-listas-de-espera-por-cancer-de-mama\/#breadcrumb","itemListElement":[{"@type":"ListItem","position":1,"name":"Portada","item":"https:\/\/gobierno.udd.cl\/cips\/"},{"@type":"ListItem","position":2,"name":"24 Horas | Informe CIPS-UDD alerta aumento de listas de espera por c\u00e1ncer de mama"}]},{"@type":"WebSite","@id":"https:\/\/gobierno.udd.cl\/cips\/#website","url":"https:\/\/gobierno.udd.cl\/cips\/","name":"Centro de Pol\u00edticas P\u00fablicas e Innovaci\u00f3n en Salud","description":"CIPS-UDD","inLanguage":"es"},{"@type":"Person","@id":"https:\/\/gobierno.udd.cl\/cips\/#\/schema\/person\/9d509bb16e7d8299d075f0e90b5d7d00","name":"ccararo","image":{"@type":"ImageObject","inLanguage":"es","@id":"https:\/\/gobierno.udd.cl\/cips\/#\/schema\/person\/image\/","url":"https:\/\/secure.gravatar.com\/avatar\/fe809aec6c8a49b41db481a62d9671eec512578ac25cf41f7420b8069513828c?s=96&d=mm&r=g","contentUrl":"https:\/\/secure.gravatar.com\/avatar\/fe809aec6c8a49b41db481a62d9671eec512578ac25cf41f7420b8069513828c?s=96&d=mm&r=g","caption":"ccararo"},"url":"https:\/\/gobierno.udd.cl\/cips\/author\/ccararo\/"}]}},"featured_image_url":"https:\/\/gobierno.udd.cl\/cips\/files\/2024\/09\/image-2.png","_links":{"self":[{"href":"https:\/\/gobierno.udd.cl\/cips\/wp-json\/wp\/v2\/posts\/3290","targetHints":{"allow":["GET"]}}],"collection":[{"href":"https:\/\/gobierno.udd.cl\/cips\/wp-json\/wp\/v2\/posts"}],"about":[{"href":"https:\/\/gobierno.udd.cl\/cips\/wp-json\/wp\/v2\/types\/post"}],"author":[{"embeddable":true,"href":"https:\/\/gobierno.udd.cl\/cips\/wp-json\/wp\/v2\/users\/9192236"}],"replies":[{"embeddable":true,"href":"https:\/\/gobierno.udd.cl\/cips\/wp-json\/wp\/v2\/comments?post=3290"}],"version-history":[{"count":2,"href":"https:\/\/gobierno.udd.cl\/cips\/wp-json\/wp\/v2\/posts\/3290\/revisions"}],"predecessor-version":[{"id":3294,"href":"https:\/\/gobierno.udd.cl\/cips\/wp-json\/wp\/v2\/posts\/3290\/revisions\/3294"}],"wp:featuredmedia":[{"embeddable":true,"href":"https:\/\/gobierno.udd.cl\/cips\/wp-json\/wp\/v2\/media\/3292"}],"wp:attachment":[{"href":"https:\/\/gobierno.udd.cl\/cips\/wp-json\/wp\/v2\/media?parent=3290"}],"wp:term":[{"taxonomy":"category","embeddable":true,"href":"https:\/\/gobierno.udd.cl\/cips\/wp-json\/wp\/v2\/categories?post=3290"},{"taxonomy":"post_tag","embeddable":true,"href":"https:\/\/gobierno.udd.cl\/cips\/wp-json\/wp\/v2\/tags?post=3290"}],"curies":[{"name":"wp","href":"https:\/\/api.w.org\/{rel}","templated":true}]}}