{"id":3181,"date":"2024-07-26T11:53:21","date_gmt":"2024-07-26T15:53:21","guid":{"rendered":"https:\/\/gobierno.udd.cl\/cips\/?p=3181"},"modified":"2024-07-26T11:58:49","modified_gmt":"2024-07-26T15:58:49","slug":"listas-de-espera-el-614-de-las-prestaciones-ges-en-cancer-retrasadas-son-por-diagnostico","status":"publish","type":"post","link":"https:\/\/gobierno.udd.cl\/cips\/2024\/07\/26\/listas-de-espera-el-614-de-las-prestaciones-ges-en-cancer-retrasadas-son-por-diagnostico\/","title":{"rendered":"Listas de espera: el 61,4% de las prestaciones GES en c\u00e1ncer retrasadas son por diagn\u00f3stico"},"content":{"rendered":"\n<p><em>De acuerdo con un nuevo informe del Centro de Pol\u00edticas P\u00fablicas e Innovaci\u00f3n en Salud (CIPS-UDD) hay 9.229 casos de diagn\u00f3stico de GES en c\u00e1ncer atrasados, seguidos de 5.160 de tratamiento. Las tasas de retrasos GES en c\u00e1ncer son mayores en las regiones de O\u00b4Higgins, Maule y Biob\u00edo.<\/em><\/p>\n\n\n\n<p>El Centro de Pol\u00edticas P\u00fablicas e Innovaci\u00f3n en Salud (CIPS) ha estado analizando las listas de espera de c\u00e1ncer en el \u00faltimo a\u00f1o. Seg\u00fan datos obtenidos por transparencia, entre el \u00faltimo trimestre de 2023 y el primer trimestre de 2024 (datos hasta el 31 de marzo), las prestaciones GES garantizadas relacionadas con el c\u00e1ncer que se encuentran atrasadas disminuyeron en un 0,82% (de 15.147 a 15.023.<\/p>\n\n\n\n<p>De estas, el <strong>61,4% de los atrasos en las prestaciones GES asociadas a c\u00e1ncer corresponden a la intervenci\u00f3n de diagn\u00f3stico (9.229 casos), el 34,3% al tratamiento (5.160 casos),<\/strong> el 2,3% al tamizaje (341 casos) y el 2% al seguimiento (293 casos). Adem\u00e1s, entre el \u00faltimo trimestre de 2023 y el primero de 2024, los atrasos en tratamientos de c\u00e1ncer GES aumentaron un 7%, mientras que los atrasos en diagn\u00f3sticos disminuyeron en apenas un 1%.<\/p>\n\n\n\n<p>\u201cInsistimos en la importancia de focalizar las estrategias tanto en diagn\u00f3stico como en tratamiento. Hacer un diagn\u00f3stico a tiempo en c\u00e1ncer es de vital importancia, porque sino los pacientes llegan con la enfermedad en etapa m\u00e1s avanzada y por tanto, las posibilidad de curar o la calidad e vida, se reducen\u201d, comenta Paula Daza, directora ejecutiva de CIPS-UDD.<\/p>\n\n\n\n<p><strong>Alerta en regiones y en mujeres<\/strong><\/p>\n\n\n\n<p>Respecto a las regiones, la Regi\u00f3n Metropolitana lidera en atrasos de prestaciones GES c\u00e1ncer con el 34% del total (5.139 casos), seguida por la regi\u00f3n de Valpara\u00edso con el 14,4% (2.167 casos). En el sur de Chile, las regiones del Biob\u00edo, Maule y O&#8217;Higgins presentan un 11,1% (1.665 casos), 8,8% (1.326 casos) y 8,2% (1.233 casos) de atrasos, respectivamente. Adem\u00e1s, entre diciembre de 2023 y marzo de 2024, los atrasos aumentaron un 11,2% en la Regi\u00f3n Metropolitana, pero disminuyeron un 14,9% en Valpara\u00edso. Finalmente, <strong>se calcularon tasas de retrasos GES para estandarizar la poblaci\u00f3n, en ello las regiones del sur, como O&#8217;Higgins, Maule, Biob\u00edo y Araucan\u00eda, muestran las tasas m\u00e1s altas de atrasos GES en c\u00e1ncer,<\/strong> superando los 90 casos por cada 100.000 habitantes. \u201cEs de vital importancia que en estas regiones se eval\u00faen las prestaciones atrasadas por tipo de c\u00e1ncer y por intervenci\u00f3n para disminuir no s\u00f3lo la cantidad de retrasos, sino que tambi\u00e9n el tiempo de espera\u201d, comenta Daza.<\/p>\n\n\n\n<p>Por otro lado, la doctora recomienza poner especial \u00e9nfasis en la disminuci\u00f3n de c\u00e1ncer vinculados a la mujer, como el c\u00e1ncer de mama y c\u00e1ncer cervicouterino que est\u00e1n entre los tipos de c\u00e1ncer con m\u00e1s retrasos tanto en diagn\u00f3stico, tratamiento como seguimiento. En el an\u00e1lisis se muestra que, si bien las prestaciones retrasadas por c\u00e1ncer cervicouterino disminuyeron, aumentaron considerablemente los tiempos de espera en tres meses: de 80 a 95,7 d\u00edas en promedio. \u201cEste es un c\u00e1ncer prevenible porque es causado por un virus. Por tanto, si se focalizan estrategias en vacunaci\u00f3n, tratamiento y diagn\u00f3stico, podemos lograr su disminuci\u00f3n en el mediano plazo y eliminaci\u00f3n m\u00e1s adelante\u201d, cuenta Daza.<\/p>\n\n\n\n<p><strong>Mesas de trabajo CIPS-UDD<\/strong><\/p>\n\n\n\n<p>Para lograr la eliminaci\u00f3n del c\u00e1ncer cervicouterino, CIPS-UDD convoc\u00f3 a m\u00e1s de 20 expertos para realizar un an\u00e1lisis entorno a la vacunaci\u00f3n diagn\u00f3stico y tratamiento de este c\u00e1ncer, que son los pilares en donde la OMS plantea que se llegue al 90% de vacunaci\u00f3n; 70% de mujeres diagnosticadas y 90% de mujeres diagnosticadas en tratamiento.<\/p>\n\n\n\n<p>Tras tres meses de an\u00e1lisis, las mesas ya tienen algunos resultados y posibles recomendaciones, los cuales se presentaron en el seminario Propuestas para la Eliminaci\u00f3n del C\u00e1ncer Cervicouterino realizado por CIPS-UDD.<\/p>\n\n\n\n<p>En cuanto a vacunaci\u00f3n recomiendan saber qui\u00e9nes son los ni\u00f1os que no est\u00e1n siendo vacunados para ponerlos al d\u00eda, como tambi\u00e9n evaluar si se continua con programas de 2 dosis o bien, analizar la posibilidad de redireccionar alg\u00fan recurso para vacunar a otros grupos de edad u otras poblaciones vulnerables de mujeres y hombres.&nbsp;<\/p>\n\n\n\n<p>En la mesa de detecci\u00f3n el foco debe ir a aumentar el n\u00famero de mujeres que est\u00e9n al d\u00eda con sus ex\u00e1menes. Para eso recomiendan la auto toma vaginal, examen que permite a las mujeres acceder m\u00e1s libremente a un examen de detecci\u00f3n de VPH, siendo esta una herramienta m\u00e1s en el programa de tamizaje para c\u00e1ncer cervicouterino, principalmente en mujeres jefas de hogar, que trabajan y que cuidan de sus familias. En cuanto al tratamiento, se focalizan en disminuir las listas de espera y en evitar que las mujeres, sobre todo de regiones, deban alejarse de sus familias para tratarse, ya que el tratamiento se hace en centros terciarios especializados cuyos especialistas se encuentra, principalmente, en la Regi\u00f3n Metropolitana.<\/p>\n\n\n\n<p>Para lograr este objetivo recomiendan capacitar ginec\u00f3logos generales en diagn\u00f3stico y tratamiento de lesiones pre invasoras, lo que aumentar\u00eda la posibilidad de detecci\u00f3n temprana y la oportunidad de tratamiento, adem\u00e1s de disminuir la derivaci\u00f3n a UPC y especialistas.<\/p>\n\n\n\n<p>Mira las presentaciones de las mesas completas <strong><a href=\"https:\/\/uddtv.udd.cl\/streaming\/webinar-propuestas-para-la-eliminacion-del-cancer-cervicouterino-en-chile\/\">aqu\u00ed<\/a><\/strong><\/p>\n\n\n\n<p>Mira el informe completo <strong><a href=\"https:\/\/gobierno.udd.cl\/cips\/files\/2024\/07\/retrasos-de-prestaciones-ges-en-cancer.pdf\">aqu\u00ed<\/a><\/strong><\/p>\n","protected":false},"excerpt":{"rendered":"<p>De acuerdo con un nuevo informe del Centro de Pol\u00edticas P\u00fablicas e Innovaci\u00f3n en Salud (CIPS-UDD) hay 9.229 casos de diagn\u00f3stico de GES en c\u00e1ncer atrasados, seguidos de 5.160 de tratamiento. Las tasas de retrasos GES en c\u00e1ncer son mayores en las regiones de O\u00b4Higgins, Maule y Biob\u00edo. El Centro de Pol\u00edticas P\u00fablicas e Innovaci\u00f3n [&hellip;]<\/p>\n","protected":false},"author":9192236,"featured_media":3184,"comment_status":"closed","ping_status":"open","sticky":false,"template":"","format":"standard","meta":{"footnotes":""},"categories":[3],"tags":[],"class_list":["post-3181","post","type-post","status-publish","format-standard","has-post-thumbnail","hentry","category-noticias"],"yoast_head":"<!-- This site is optimized with the Yoast SEO plugin v26.9 - https:\/\/yoast.com\/product\/yoast-seo-wordpress\/ -->\n<title>Listas de espera: el 61,4% de las prestaciones GES en c\u00e1ncer retrasadas son por diagn\u00f3stico - Centro de Pol\u00edticas P\u00fablicas e Innovaci\u00f3n en Salud<\/title>\n<meta name=\"robots\" content=\"index, follow, max-snippet:-1, max-image-preview:large, max-video-preview:-1\" \/>\n<link rel=\"canonical\" href=\"https:\/\/gobierno.udd.cl\/cips\/2024\/07\/26\/listas-de-espera-el-614-de-las-prestaciones-ges-en-cancer-retrasadas-son-por-diagnostico\/\" \/>\n<meta property=\"og:locale\" content=\"es_ES\" \/>\n<meta property=\"og:type\" content=\"article\" \/>\n<meta property=\"og:title\" content=\"Listas de espera: el 61,4% de las prestaciones GES en c\u00e1ncer retrasadas son por diagn\u00f3stico - Centro de Pol\u00edticas P\u00fablicas e Innovaci\u00f3n en Salud\" \/>\n<meta property=\"og:description\" content=\"De acuerdo con un nuevo informe del Centro de Pol\u00edticas P\u00fablicas e Innovaci\u00f3n en Salud (CIPS-UDD) hay 9.229 casos de diagn\u00f3stico de GES en c\u00e1ncer atrasados, seguidos de 5.160 de tratamiento. Las tasas de retrasos GES en c\u00e1ncer son mayores en las regiones de O\u00b4Higgins, Maule y Biob\u00edo. El Centro de Pol\u00edticas P\u00fablicas e Innovaci\u00f3n [&hellip;]\" \/>\n<meta property=\"og:url\" content=\"https:\/\/gobierno.udd.cl\/cips\/2024\/07\/26\/listas-de-espera-el-614-de-las-prestaciones-ges-en-cancer-retrasadas-son-por-diagnostico\/\" \/>\n<meta property=\"og:site_name\" content=\"Centro de Pol\u00edticas P\u00fablicas e Innovaci\u00f3n en Salud\" \/>\n<meta property=\"article:publisher\" content=\"https:\/\/www.facebook.com\/CIPS.UDD\" \/>\n<meta property=\"article:published_time\" content=\"2024-07-26T15:53:21+00:00\" \/>\n<meta property=\"article:modified_time\" content=\"2024-07-26T15:58:49+00:00\" \/>\n<meta property=\"og:image\" content=\"https:\/\/gobierno.udd.cl\/cips\/files\/2024\/07\/image-13.png\" \/>\n\t<meta property=\"og:image:width\" content=\"907\" \/>\n\t<meta property=\"og:image:height\" content=\"538\" \/>\n\t<meta property=\"og:image:type\" content=\"image\/png\" \/>\n<meta name=\"author\" content=\"ccararo\" \/>\n<meta name=\"twitter:card\" content=\"summary_large_image\" \/>\n<meta name=\"twitter:creator\" content=\"@CIPS_UDD\" \/>\n<meta name=\"twitter:site\" content=\"@CIPS_UDD\" \/>\n<meta name=\"twitter:label1\" content=\"Escrito por\" \/>\n\t<meta name=\"twitter:data1\" content=\"ccararo\" \/>\n\t<meta name=\"twitter:label2\" content=\"Tiempo de lectura\" \/>\n\t<meta name=\"twitter:data2\" content=\"5 minutos\" \/>\n<script type=\"application\/ld+json\" class=\"yoast-schema-graph\">{\"@context\":\"https:\/\/schema.org\",\"@graph\":[{\"@type\":\"Article\",\"@id\":\"https:\/\/gobierno.udd.cl\/cips\/2024\/07\/26\/listas-de-espera-el-614-de-las-prestaciones-ges-en-cancer-retrasadas-son-por-diagnostico\/#article\",\"isPartOf\":{\"@id\":\"https:\/\/gobierno.udd.cl\/cips\/2024\/07\/26\/listas-de-espera-el-614-de-las-prestaciones-ges-en-cancer-retrasadas-son-por-diagnostico\/\"},\"author\":{\"name\":\"ccararo\",\"@id\":\"https:\/\/gobierno.udd.cl\/cips\/#\/schema\/person\/9d509bb16e7d8299d075f0e90b5d7d00\"},\"headline\":\"Listas de espera: el 61,4% de las prestaciones GES en c\u00e1ncer retrasadas son por diagn\u00f3stico\",\"datePublished\":\"2024-07-26T15:53:21+00:00\",\"dateModified\":\"2024-07-26T15:58:49+00:00\",\"mainEntityOfPage\":{\"@id\":\"https:\/\/gobierno.udd.cl\/cips\/2024\/07\/26\/listas-de-espera-el-614-de-las-prestaciones-ges-en-cancer-retrasadas-son-por-diagnostico\/\"},\"wordCount\":905,\"image\":{\"@id\":\"https:\/\/gobierno.udd.cl\/cips\/2024\/07\/26\/listas-de-espera-el-614-de-las-prestaciones-ges-en-cancer-retrasadas-son-por-diagnostico\/#primaryimage\"},\"thumbnailUrl\":\"https:\/\/gobierno.udd.cl\/cips\/files\/2024\/07\/image-13.png\",\"articleSection\":[\"Noticias\"],\"inLanguage\":\"es\"},{\"@type\":\"WebPage\",\"@id\":\"https:\/\/gobierno.udd.cl\/cips\/2024\/07\/26\/listas-de-espera-el-614-de-las-prestaciones-ges-en-cancer-retrasadas-son-por-diagnostico\/\",\"url\":\"https:\/\/gobierno.udd.cl\/cips\/2024\/07\/26\/listas-de-espera-el-614-de-las-prestaciones-ges-en-cancer-retrasadas-son-por-diagnostico\/\",\"name\":\"Listas de espera: el 61,4% de las prestaciones GES en c\u00e1ncer retrasadas son por diagn\u00f3stico - Centro de Pol\u00edticas P\u00fablicas e Innovaci\u00f3n en Salud\",\"isPartOf\":{\"@id\":\"https:\/\/gobierno.udd.cl\/cips\/#website\"},\"primaryImageOfPage\":{\"@id\":\"https:\/\/gobierno.udd.cl\/cips\/2024\/07\/26\/listas-de-espera-el-614-de-las-prestaciones-ges-en-cancer-retrasadas-son-por-diagnostico\/#primaryimage\"},\"image\":{\"@id\":\"https:\/\/gobierno.udd.cl\/cips\/2024\/07\/26\/listas-de-espera-el-614-de-las-prestaciones-ges-en-cancer-retrasadas-son-por-diagnostico\/#primaryimage\"},\"thumbnailUrl\":\"https:\/\/gobierno.udd.cl\/cips\/files\/2024\/07\/image-13.png\",\"datePublished\":\"2024-07-26T15:53:21+00:00\",\"dateModified\":\"2024-07-26T15:58:49+00:00\",\"author\":{\"@id\":\"https:\/\/gobierno.udd.cl\/cips\/#\/schema\/person\/9d509bb16e7d8299d075f0e90b5d7d00\"},\"breadcrumb\":{\"@id\":\"https:\/\/gobierno.udd.cl\/cips\/2024\/07\/26\/listas-de-espera-el-614-de-las-prestaciones-ges-en-cancer-retrasadas-son-por-diagnostico\/#breadcrumb\"},\"inLanguage\":\"es\",\"potentialAction\":[{\"@type\":\"ReadAction\",\"target\":[\"https:\/\/gobierno.udd.cl\/cips\/2024\/07\/26\/listas-de-espera-el-614-de-las-prestaciones-ges-en-cancer-retrasadas-son-por-diagnostico\/\"]}]},{\"@type\":\"ImageObject\",\"inLanguage\":\"es\",\"@id\":\"https:\/\/gobierno.udd.cl\/cips\/2024\/07\/26\/listas-de-espera-el-614-de-las-prestaciones-ges-en-cancer-retrasadas-son-por-diagnostico\/#primaryimage\",\"url\":\"https:\/\/gobierno.udd.cl\/cips\/files\/2024\/07\/image-13.png\",\"contentUrl\":\"https:\/\/gobierno.udd.cl\/cips\/files\/2024\/07\/image-13.png\",\"width\":907,\"height\":538},{\"@type\":\"BreadcrumbList\",\"@id\":\"https:\/\/gobierno.udd.cl\/cips\/2024\/07\/26\/listas-de-espera-el-614-de-las-prestaciones-ges-en-cancer-retrasadas-son-por-diagnostico\/#breadcrumb\",\"itemListElement\":[{\"@type\":\"ListItem\",\"position\":1,\"name\":\"Portada\",\"item\":\"https:\/\/gobierno.udd.cl\/cips\/\"},{\"@type\":\"ListItem\",\"position\":2,\"name\":\"Listas de espera: el 61,4% de las prestaciones GES en c\u00e1ncer retrasadas son por diagn\u00f3stico\"}]},{\"@type\":\"WebSite\",\"@id\":\"https:\/\/gobierno.udd.cl\/cips\/#website\",\"url\":\"https:\/\/gobierno.udd.cl\/cips\/\",\"name\":\"Centro de Pol\u00edticas P\u00fablicas e Innovaci\u00f3n en Salud\",\"description\":\"CIPS-UDD\",\"inLanguage\":\"es\"},{\"@type\":\"Person\",\"@id\":\"https:\/\/gobierno.udd.cl\/cips\/#\/schema\/person\/9d509bb16e7d8299d075f0e90b5d7d00\",\"name\":\"ccararo\",\"image\":{\"@type\":\"ImageObject\",\"inLanguage\":\"es\",\"@id\":\"https:\/\/gobierno.udd.cl\/cips\/#\/schema\/person\/image\/\",\"url\":\"https:\/\/secure.gravatar.com\/avatar\/fe809aec6c8a49b41db481a62d9671eec512578ac25cf41f7420b8069513828c?s=96&d=mm&r=g\",\"contentUrl\":\"https:\/\/secure.gravatar.com\/avatar\/fe809aec6c8a49b41db481a62d9671eec512578ac25cf41f7420b8069513828c?s=96&d=mm&r=g\",\"caption\":\"ccararo\"},\"url\":\"https:\/\/gobierno.udd.cl\/cips\/author\/ccararo\/\"}]}<\/script>\n<!-- \/ Yoast SEO plugin. -->","yoast_head_json":{"title":"Listas de espera: el 61,4% de las prestaciones GES en c\u00e1ncer retrasadas son por diagn\u00f3stico - Centro de Pol\u00edticas P\u00fablicas e Innovaci\u00f3n en Salud","robots":{"index":"index","follow":"follow","max-snippet":"max-snippet:-1","max-image-preview":"max-image-preview:large","max-video-preview":"max-video-preview:-1"},"canonical":"https:\/\/gobierno.udd.cl\/cips\/2024\/07\/26\/listas-de-espera-el-614-de-las-prestaciones-ges-en-cancer-retrasadas-son-por-diagnostico\/","og_locale":"es_ES","og_type":"article","og_title":"Listas de espera: el 61,4% de las prestaciones GES en c\u00e1ncer retrasadas son por diagn\u00f3stico - Centro de Pol\u00edticas P\u00fablicas e Innovaci\u00f3n en Salud","og_description":"De acuerdo con un nuevo informe del Centro de Pol\u00edticas P\u00fablicas e Innovaci\u00f3n en Salud (CIPS-UDD) hay 9.229 casos de diagn\u00f3stico de GES en c\u00e1ncer atrasados, seguidos de 5.160 de tratamiento. Las tasas de retrasos GES en c\u00e1ncer son mayores en las regiones de O\u00b4Higgins, Maule y Biob\u00edo. El Centro de Pol\u00edticas P\u00fablicas e Innovaci\u00f3n [&hellip;]","og_url":"https:\/\/gobierno.udd.cl\/cips\/2024\/07\/26\/listas-de-espera-el-614-de-las-prestaciones-ges-en-cancer-retrasadas-son-por-diagnostico\/","og_site_name":"Centro de Pol\u00edticas P\u00fablicas e Innovaci\u00f3n en Salud","article_publisher":"https:\/\/www.facebook.com\/CIPS.UDD","article_published_time":"2024-07-26T15:53:21+00:00","article_modified_time":"2024-07-26T15:58:49+00:00","og_image":[{"width":907,"height":538,"url":"https:\/\/gobierno.udd.cl\/cips\/files\/2024\/07\/image-13.png","type":"image\/png"}],"author":"ccararo","twitter_card":"summary_large_image","twitter_creator":"@CIPS_UDD","twitter_site":"@CIPS_UDD","twitter_misc":{"Escrito por":"ccararo","Tiempo de lectura":"5 minutos"},"schema":{"@context":"https:\/\/schema.org","@graph":[{"@type":"Article","@id":"https:\/\/gobierno.udd.cl\/cips\/2024\/07\/26\/listas-de-espera-el-614-de-las-prestaciones-ges-en-cancer-retrasadas-son-por-diagnostico\/#article","isPartOf":{"@id":"https:\/\/gobierno.udd.cl\/cips\/2024\/07\/26\/listas-de-espera-el-614-de-las-prestaciones-ges-en-cancer-retrasadas-son-por-diagnostico\/"},"author":{"name":"ccararo","@id":"https:\/\/gobierno.udd.cl\/cips\/#\/schema\/person\/9d509bb16e7d8299d075f0e90b5d7d00"},"headline":"Listas de espera: el 61,4% de las prestaciones GES en c\u00e1ncer retrasadas son por diagn\u00f3stico","datePublished":"2024-07-26T15:53:21+00:00","dateModified":"2024-07-26T15:58:49+00:00","mainEntityOfPage":{"@id":"https:\/\/gobierno.udd.cl\/cips\/2024\/07\/26\/listas-de-espera-el-614-de-las-prestaciones-ges-en-cancer-retrasadas-son-por-diagnostico\/"},"wordCount":905,"image":{"@id":"https:\/\/gobierno.udd.cl\/cips\/2024\/07\/26\/listas-de-espera-el-614-de-las-prestaciones-ges-en-cancer-retrasadas-son-por-diagnostico\/#primaryimage"},"thumbnailUrl":"https:\/\/gobierno.udd.cl\/cips\/files\/2024\/07\/image-13.png","articleSection":["Noticias"],"inLanguage":"es"},{"@type":"WebPage","@id":"https:\/\/gobierno.udd.cl\/cips\/2024\/07\/26\/listas-de-espera-el-614-de-las-prestaciones-ges-en-cancer-retrasadas-son-por-diagnostico\/","url":"https:\/\/gobierno.udd.cl\/cips\/2024\/07\/26\/listas-de-espera-el-614-de-las-prestaciones-ges-en-cancer-retrasadas-son-por-diagnostico\/","name":"Listas de espera: el 61,4% de las prestaciones GES en c\u00e1ncer retrasadas son por diagn\u00f3stico - Centro de Pol\u00edticas P\u00fablicas e Innovaci\u00f3n en Salud","isPartOf":{"@id":"https:\/\/gobierno.udd.cl\/cips\/#website"},"primaryImageOfPage":{"@id":"https:\/\/gobierno.udd.cl\/cips\/2024\/07\/26\/listas-de-espera-el-614-de-las-prestaciones-ges-en-cancer-retrasadas-son-por-diagnostico\/#primaryimage"},"image":{"@id":"https:\/\/gobierno.udd.cl\/cips\/2024\/07\/26\/listas-de-espera-el-614-de-las-prestaciones-ges-en-cancer-retrasadas-son-por-diagnostico\/#primaryimage"},"thumbnailUrl":"https:\/\/gobierno.udd.cl\/cips\/files\/2024\/07\/image-13.png","datePublished":"2024-07-26T15:53:21+00:00","dateModified":"2024-07-26T15:58:49+00:00","author":{"@id":"https:\/\/gobierno.udd.cl\/cips\/#\/schema\/person\/9d509bb16e7d8299d075f0e90b5d7d00"},"breadcrumb":{"@id":"https:\/\/gobierno.udd.cl\/cips\/2024\/07\/26\/listas-de-espera-el-614-de-las-prestaciones-ges-en-cancer-retrasadas-son-por-diagnostico\/#breadcrumb"},"inLanguage":"es","potentialAction":[{"@type":"ReadAction","target":["https:\/\/gobierno.udd.cl\/cips\/2024\/07\/26\/listas-de-espera-el-614-de-las-prestaciones-ges-en-cancer-retrasadas-son-por-diagnostico\/"]}]},{"@type":"ImageObject","inLanguage":"es","@id":"https:\/\/gobierno.udd.cl\/cips\/2024\/07\/26\/listas-de-espera-el-614-de-las-prestaciones-ges-en-cancer-retrasadas-son-por-diagnostico\/#primaryimage","url":"https:\/\/gobierno.udd.cl\/cips\/files\/2024\/07\/image-13.png","contentUrl":"https:\/\/gobierno.udd.cl\/cips\/files\/2024\/07\/image-13.png","width":907,"height":538},{"@type":"BreadcrumbList","@id":"https:\/\/gobierno.udd.cl\/cips\/2024\/07\/26\/listas-de-espera-el-614-de-las-prestaciones-ges-en-cancer-retrasadas-son-por-diagnostico\/#breadcrumb","itemListElement":[{"@type":"ListItem","position":1,"name":"Portada","item":"https:\/\/gobierno.udd.cl\/cips\/"},{"@type":"ListItem","position":2,"name":"Listas de espera: el 61,4% de las prestaciones GES en c\u00e1ncer retrasadas son por diagn\u00f3stico"}]},{"@type":"WebSite","@id":"https:\/\/gobierno.udd.cl\/cips\/#website","url":"https:\/\/gobierno.udd.cl\/cips\/","name":"Centro de Pol\u00edticas P\u00fablicas e Innovaci\u00f3n en Salud","description":"CIPS-UDD","inLanguage":"es"},{"@type":"Person","@id":"https:\/\/gobierno.udd.cl\/cips\/#\/schema\/person\/9d509bb16e7d8299d075f0e90b5d7d00","name":"ccararo","image":{"@type":"ImageObject","inLanguage":"es","@id":"https:\/\/gobierno.udd.cl\/cips\/#\/schema\/person\/image\/","url":"https:\/\/secure.gravatar.com\/avatar\/fe809aec6c8a49b41db481a62d9671eec512578ac25cf41f7420b8069513828c?s=96&d=mm&r=g","contentUrl":"https:\/\/secure.gravatar.com\/avatar\/fe809aec6c8a49b41db481a62d9671eec512578ac25cf41f7420b8069513828c?s=96&d=mm&r=g","caption":"ccararo"},"url":"https:\/\/gobierno.udd.cl\/cips\/author\/ccararo\/"}]}},"featured_image_url":"https:\/\/gobierno.udd.cl\/cips\/files\/2024\/07\/image-13.png","_links":{"self":[{"href":"https:\/\/gobierno.udd.cl\/cips\/wp-json\/wp\/v2\/posts\/3181","targetHints":{"allow":["GET"]}}],"collection":[{"href":"https:\/\/gobierno.udd.cl\/cips\/wp-json\/wp\/v2\/posts"}],"about":[{"href":"https:\/\/gobierno.udd.cl\/cips\/wp-json\/wp\/v2\/types\/post"}],"author":[{"embeddable":true,"href":"https:\/\/gobierno.udd.cl\/cips\/wp-json\/wp\/v2\/users\/9192236"}],"replies":[{"embeddable":true,"href":"https:\/\/gobierno.udd.cl\/cips\/wp-json\/wp\/v2\/comments?post=3181"}],"version-history":[{"count":2,"href":"https:\/\/gobierno.udd.cl\/cips\/wp-json\/wp\/v2\/posts\/3181\/revisions"}],"predecessor-version":[{"id":3196,"href":"https:\/\/gobierno.udd.cl\/cips\/wp-json\/wp\/v2\/posts\/3181\/revisions\/3196"}],"wp:featuredmedia":[{"embeddable":true,"href":"https:\/\/gobierno.udd.cl\/cips\/wp-json\/wp\/v2\/media\/3184"}],"wp:attachment":[{"href":"https:\/\/gobierno.udd.cl\/cips\/wp-json\/wp\/v2\/media?parent=3181"}],"wp:term":[{"taxonomy":"category","embeddable":true,"href":"https:\/\/gobierno.udd.cl\/cips\/wp-json\/wp\/v2\/categories?post=3181"},{"taxonomy":"post_tag","embeddable":true,"href":"https:\/\/gobierno.udd.cl\/cips\/wp-json\/wp\/v2\/tags?post=3181"}],"curies":[{"name":"wp","href":"https:\/\/api.w.org\/{rel}","templated":true}]}}