{"id":282,"date":"2022-06-06T21:29:48","date_gmt":"2022-06-07T01:29:48","guid":{"rendered":"https:\/\/gobierno.udd.cl\/cips\/?p=282"},"modified":"2022-06-08T23:01:23","modified_gmt":"2022-06-09T03:01:23","slug":"nuevo-centro-de-politicas-publicas-liderado-por-paula-daza-realizara-su-seminario-inaugural-sobre-sistemas-de-salud","status":"publish","type":"post","link":"https:\/\/gobierno.udd.cl\/cips\/2022\/06\/06\/nuevo-centro-de-politicas-publicas-liderado-por-paula-daza-realizara-su-seminario-inaugural-sobre-sistemas-de-salud\/","title":{"rendered":"Nuevo centro de pol\u00edticas p\u00fablicas liderado por Paula Daza realizar\u00e1 su seminario inaugural sobre sistemas de salud"},"content":{"rendered":"\n<p><em>El Centro de Pol\u00edticas P\u00fablicas e Innovaci\u00f3n en Salud (CIPS) de la Facultad de Gobierno de la Universidad del Desarrollo realizar\u00e1, el pr\u00f3ximo <\/em><strong><em>mi\u00e9rcoles 15 de junio a las 9.45 horas<\/em><\/strong><em>, su primer seminario donde se abordar\u00e1n las experiencias de los distintos sistemas de salud a nivel mundial y se entregar\u00e1n resultados de encuestas y focus group realizados por el centro en relaci\u00f3n a los sistemas y atenci\u00f3n en salud en nuestro pa\u00eds.&nbsp;<\/em><br><\/p>\n\n\n\n<p>6 de junio.-<\/p>\n\n\n\n<p>\u201cConstruyendo un Sistema de Salud para Chile\u201d es el nombre del primer seminario del nuevo Centro de Pol\u00edticas P\u00fablicas e Innovaci\u00f3n en Salud (CIPS) de la Universidad del Desarrollo (UDD), que realizar\u00e1 el pr\u00f3ximo mi\u00e9rcoles 15 de junio a las 9.45 horas. En la actividad se abordar\u00e1 la experiencia comparada de los distintos sistemas de salud y los riesgos que se deben conocer al momento de cambiar sistemas basado en casos internacionales. Adem\u00e1s, se dar\u00e1n a conocer resultados de una encuesta y <em>focus group<\/em> realizados por el centro, en donde se aborda tanto las prestaciones como los sistemas de salud.&nbsp;<\/p>\n\n\n\n<p>\u201cNuestro objetivo es plantear las mejoras que se necesitan en la salud de las personas para disminuir las brechas en el acceso, promoci\u00f3n y prevenci\u00f3n de la salud para todas y todos los ciudadanos del pa\u00eds. En estos tiempos en que se discute cu\u00e1l es el mejor modelo, es que creemos necesario mirar experiencias internacionales y discutir con evidencia\u201d, se\u00f1ala Paula Daza, Directora Ejecutiva del Centro de Pol\u00edticas P\u00fablicas e Innovaci\u00f3n en Salud (CIPS).<\/p>\n\n\n\n<p>En la primera parte de la actividad, expertos internacionales expondr\u00e1n sobre estas tem\u00e1ticas: Florian Tille, miembro t\u00e9cnico del Observatorio Europeo de Sistemas de Salud y Pol\u00edticas; y Frederico Guanais, Director adjunto de la Divisi\u00f3n de Salud en la OCDE. Ambos poseen una vasta experiencia en salud p\u00fablica y sistemas de salud a nivel mundial.&nbsp;<\/p>\n\n\n\n<p>Posteriormente intervendr\u00e1 Paula Daza, quien mostrar\u00e1 los principales hallazgos de una encuesta y <em>Focus Group<\/em> realizados por el CIPS, sobre sistemas y prestaciones de salud en Chile.&nbsp;<\/p>\n\n\n\n<p>La actividad se realizar\u00e1 el mi\u00e9rcoles 15 de junio en formato h\u00edbrido, de forma presencial en el Campus Rector Ernesto Silva Bafalluy de la UDD y contar\u00e1 con la presencia del Rector Federico Vald\u00e9s; y online, se transmitir\u00e1 en vivo por EmolTV y por UDDTV (v\u00eda <em>Youtube<\/em>).<\/p>\n\n\n\n<p>Sobre el CIPS<\/p>\n\n\n\n<p>El Centro de Pol\u00edticas P\u00fablicas e Innovaci\u00f3n en Salud -que depende de la Facultad de Gobierno de la UDD- nace en respuesta a la necesidad de poner a las personas en el centro de las pol\u00edticas p\u00fablicas de salud, seg\u00fan explica Paula Daza. \u201cEstamos en un momento en el pa\u00eds, en el que debemos decidir cu\u00e1l es la mejor salud que necesitamos y trabajar por ello. Desde el CIPS impulsaremos la colaboraci\u00f3n de la sociedad civil, academia, sector privado y p\u00fablico para asegurar que el Estado sea eficaz y resolutivo al priorizar las necesidades en salud de todos quienes vivimos en Chile. Quiero invitarlos a todos a ser parte de CIPS y a participar en nuestro primer seminario\u201d, concluye Paula Daza.&nbsp;<\/p>\n\n\n\n<p>Si deseas inscribirte, puedes llenar el <a href=\"https:\/\/gobierno.udd.cl\/cips\/ver-seminario\/construyendo-un-sistema-de-salud-para-chile-propuestas-para-un-sistema-de-salud-centrado-en-las-personas\/\">formulario aqu\u00ed.<\/a><br><\/p>\n","protected":false},"excerpt":{"rendered":"<p>El Centro de Pol\u00edticas P\u00fablicas e Innovaci\u00f3n en Salud (CIPS) de la Facultad de Gobierno de la Universidad del Desarrollo realizar\u00e1, el pr\u00f3ximo mi\u00e9rcoles 15 de junio a las 9.45 horas, su primer seminario donde se abordar\u00e1n las experiencias de los distintos sistemas de salud a nivel mundial y se entregar\u00e1n resultados de encuestas y [&hellip;]<\/p>\n","protected":false},"author":9192234,"featured_media":284,"comment_status":"open","ping_status":"open","sticky":false,"template":"","format":"standard","meta":{"footnotes":""},"categories":[3],"tags":[],"class_list":["post-282","post","type-post","status-publish","format-standard","has-post-thumbnail","hentry","category-noticias"],"yoast_head":"<!-- This site is optimized with the Yoast SEO plugin v26.9 - https:\/\/yoast.com\/product\/yoast-seo-wordpress\/ -->\n<title>Nuevo centro de pol\u00edticas p\u00fablicas liderado por Paula Daza realizar\u00e1 su seminario inaugural sobre sistemas de salud - Centro de Pol\u00edticas P\u00fablicas e Innovaci\u00f3n en Salud<\/title>\n<meta name=\"robots\" content=\"index, follow, max-snippet:-1, max-image-preview:large, max-video-preview:-1\" \/>\n<link rel=\"canonical\" href=\"https:\/\/gobierno.udd.cl\/cips\/2022\/06\/06\/nuevo-centro-de-politicas-publicas-liderado-por-paula-daza-realizara-su-seminario-inaugural-sobre-sistemas-de-salud\/\" \/>\n<meta property=\"og:locale\" content=\"es_ES\" \/>\n<meta property=\"og:type\" content=\"article\" \/>\n<meta property=\"og:title\" content=\"Nuevo centro de pol\u00edticas p\u00fablicas liderado por Paula Daza realizar\u00e1 su seminario inaugural sobre sistemas de salud - Centro de Pol\u00edticas P\u00fablicas e Innovaci\u00f3n en Salud\" \/>\n<meta property=\"og:description\" content=\"El Centro de Pol\u00edticas P\u00fablicas e Innovaci\u00f3n en Salud (CIPS) de la Facultad de Gobierno de la Universidad del Desarrollo realizar\u00e1, el pr\u00f3ximo mi\u00e9rcoles 15 de junio a las 9.45 horas, su primer seminario donde se abordar\u00e1n las experiencias de los distintos sistemas de salud a nivel mundial y se entregar\u00e1n resultados de encuestas y [&hellip;]\" \/>\n<meta property=\"og:url\" content=\"https:\/\/gobierno.udd.cl\/cips\/2022\/06\/06\/nuevo-centro-de-politicas-publicas-liderado-por-paula-daza-realizara-su-seminario-inaugural-sobre-sistemas-de-salud\/\" \/>\n<meta property=\"og:site_name\" content=\"Centro de Pol\u00edticas P\u00fablicas e Innovaci\u00f3n en Salud\" \/>\n<meta property=\"article:publisher\" content=\"https:\/\/www.facebook.com\/CIPS.UDD\" \/>\n<meta property=\"article:published_time\" content=\"2022-06-07T01:29:48+00:00\" \/>\n<meta property=\"article:modified_time\" content=\"2022-06-09T03:01:23+00:00\" \/>\n<meta property=\"og:image\" content=\"https:\/\/gobierno.udd.cl\/cips\/files\/2022\/06\/03.-RRSS_-seminario-CIPS_LINKEDIN-scaled.jpg\" \/>\n\t<meta property=\"og:image:width\" content=\"2560\" \/>\n\t<meta property=\"og:image:height\" content=\"1338\" \/>\n\t<meta property=\"og:image:type\" content=\"image\/jpeg\" \/>\n<meta name=\"author\" content=\"cskewes\" \/>\n<meta name=\"twitter:card\" content=\"summary_large_image\" \/>\n<meta name=\"twitter:creator\" content=\"@CIPS_UDD\" \/>\n<meta name=\"twitter:site\" content=\"@CIPS_UDD\" \/>\n<meta name=\"twitter:label1\" content=\"Escrito por\" \/>\n\t<meta name=\"twitter:data1\" content=\"cskewes\" \/>\n\t<meta name=\"twitter:label2\" content=\"Tiempo de lectura\" \/>\n\t<meta name=\"twitter:data2\" content=\"3 minutos\" \/>\n<script type=\"application\/ld+json\" class=\"yoast-schema-graph\">{\"@context\":\"https:\/\/schema.org\",\"@graph\":[{\"@type\":\"Article\",\"@id\":\"https:\/\/gobierno.udd.cl\/cips\/2022\/06\/06\/nuevo-centro-de-politicas-publicas-liderado-por-paula-daza-realizara-su-seminario-inaugural-sobre-sistemas-de-salud\/#article\",\"isPartOf\":{\"@id\":\"https:\/\/gobierno.udd.cl\/cips\/2022\/06\/06\/nuevo-centro-de-politicas-publicas-liderado-por-paula-daza-realizara-su-seminario-inaugural-sobre-sistemas-de-salud\/\"},\"author\":{\"name\":\"cskewes\",\"@id\":\"https:\/\/gobierno.udd.cl\/cips\/#\/schema\/person\/7adfbc70d49bc03fd1ba1b53d1fa7292\"},\"headline\":\"Nuevo centro de pol\u00edticas p\u00fablicas liderado por Paula Daza realizar\u00e1 su seminario inaugural sobre sistemas de salud\",\"datePublished\":\"2022-06-07T01:29:48+00:00\",\"dateModified\":\"2022-06-09T03:01:23+00:00\",\"mainEntityOfPage\":{\"@id\":\"https:\/\/gobierno.udd.cl\/cips\/2022\/06\/06\/nuevo-centro-de-politicas-publicas-liderado-por-paula-daza-realizara-su-seminario-inaugural-sobre-sistemas-de-salud\/\"},\"wordCount\":574,\"commentCount\":0,\"image\":{\"@id\":\"https:\/\/gobierno.udd.cl\/cips\/2022\/06\/06\/nuevo-centro-de-politicas-publicas-liderado-por-paula-daza-realizara-su-seminario-inaugural-sobre-sistemas-de-salud\/#primaryimage\"},\"thumbnailUrl\":\"https:\/\/gobierno.udd.cl\/cips\/files\/2022\/06\/03.-RRSS_-seminario-CIPS_LINKEDIN-scaled.jpg\",\"articleSection\":[\"Noticias\"],\"inLanguage\":\"es\",\"potentialAction\":[{\"@type\":\"CommentAction\",\"name\":\"Comment\",\"target\":[\"https:\/\/gobierno.udd.cl\/cips\/2022\/06\/06\/nuevo-centro-de-politicas-publicas-liderado-por-paula-daza-realizara-su-seminario-inaugural-sobre-sistemas-de-salud\/#respond\"]}]},{\"@type\":\"WebPage\",\"@id\":\"https:\/\/gobierno.udd.cl\/cips\/2022\/06\/06\/nuevo-centro-de-politicas-publicas-liderado-por-paula-daza-realizara-su-seminario-inaugural-sobre-sistemas-de-salud\/\",\"url\":\"https:\/\/gobierno.udd.cl\/cips\/2022\/06\/06\/nuevo-centro-de-politicas-publicas-liderado-por-paula-daza-realizara-su-seminario-inaugural-sobre-sistemas-de-salud\/\",\"name\":\"Nuevo centro de pol\u00edticas p\u00fablicas liderado por Paula Daza realizar\u00e1 su seminario inaugural sobre sistemas de salud - Centro de Pol\u00edticas P\u00fablicas e Innovaci\u00f3n en Salud\",\"isPartOf\":{\"@id\":\"https:\/\/gobierno.udd.cl\/cips\/#website\"},\"primaryImageOfPage\":{\"@id\":\"https:\/\/gobierno.udd.cl\/cips\/2022\/06\/06\/nuevo-centro-de-politicas-publicas-liderado-por-paula-daza-realizara-su-seminario-inaugural-sobre-sistemas-de-salud\/#primaryimage\"},\"image\":{\"@id\":\"https:\/\/gobierno.udd.cl\/cips\/2022\/06\/06\/nuevo-centro-de-politicas-publicas-liderado-por-paula-daza-realizara-su-seminario-inaugural-sobre-sistemas-de-salud\/#primaryimage\"},\"thumbnailUrl\":\"https:\/\/gobierno.udd.cl\/cips\/files\/2022\/06\/03.-RRSS_-seminario-CIPS_LINKEDIN-scaled.jpg\",\"datePublished\":\"2022-06-07T01:29:48+00:00\",\"dateModified\":\"2022-06-09T03:01:23+00:00\",\"author\":{\"@id\":\"https:\/\/gobierno.udd.cl\/cips\/#\/schema\/person\/7adfbc70d49bc03fd1ba1b53d1fa7292\"},\"breadcrumb\":{\"@id\":\"https:\/\/gobierno.udd.cl\/cips\/2022\/06\/06\/nuevo-centro-de-politicas-publicas-liderado-por-paula-daza-realizara-su-seminario-inaugural-sobre-sistemas-de-salud\/#breadcrumb\"},\"inLanguage\":\"es\",\"potentialAction\":[{\"@type\":\"ReadAction\",\"target\":[\"https:\/\/gobierno.udd.cl\/cips\/2022\/06\/06\/nuevo-centro-de-politicas-publicas-liderado-por-paula-daza-realizara-su-seminario-inaugural-sobre-sistemas-de-salud\/\"]}]},{\"@type\":\"ImageObject\",\"inLanguage\":\"es\",\"@id\":\"https:\/\/gobierno.udd.cl\/cips\/2022\/06\/06\/nuevo-centro-de-politicas-publicas-liderado-por-paula-daza-realizara-su-seminario-inaugural-sobre-sistemas-de-salud\/#primaryimage\",\"url\":\"https:\/\/gobierno.udd.cl\/cips\/files\/2022\/06\/03.-RRSS_-seminario-CIPS_LINKEDIN-scaled.jpg\",\"contentUrl\":\"https:\/\/gobierno.udd.cl\/cips\/files\/2022\/06\/03.-RRSS_-seminario-CIPS_LINKEDIN-scaled.jpg\",\"width\":2560,\"height\":1338},{\"@type\":\"BreadcrumbList\",\"@id\":\"https:\/\/gobierno.udd.cl\/cips\/2022\/06\/06\/nuevo-centro-de-politicas-publicas-liderado-por-paula-daza-realizara-su-seminario-inaugural-sobre-sistemas-de-salud\/#breadcrumb\",\"itemListElement\":[{\"@type\":\"ListItem\",\"position\":1,\"name\":\"Portada\",\"item\":\"https:\/\/gobierno.udd.cl\/cips\/\"},{\"@type\":\"ListItem\",\"position\":2,\"name\":\"Nuevo centro de pol\u00edticas p\u00fablicas liderado por Paula Daza realizar\u00e1 su seminario inaugural sobre sistemas de salud\"}]},{\"@type\":\"WebSite\",\"@id\":\"https:\/\/gobierno.udd.cl\/cips\/#website\",\"url\":\"https:\/\/gobierno.udd.cl\/cips\/\",\"name\":\"Centro de Pol\u00edticas P\u00fablicas e Innovaci\u00f3n en Salud\",\"description\":\"CIPS-UDD\",\"inLanguage\":\"es\"},{\"@type\":\"Person\",\"@id\":\"https:\/\/gobierno.udd.cl\/cips\/#\/schema\/person\/7adfbc70d49bc03fd1ba1b53d1fa7292\",\"name\":\"cskewes\",\"image\":{\"@type\":\"ImageObject\",\"inLanguage\":\"es\",\"@id\":\"https:\/\/gobierno.udd.cl\/cips\/#\/schema\/person\/image\/\",\"url\":\"https:\/\/secure.gravatar.com\/avatar\/32e217e1d0f3df71c7f6adfaf28bc679087ac0da659e75e72d4939fa3909ab40?s=96&d=mm&r=g\",\"contentUrl\":\"https:\/\/secure.gravatar.com\/avatar\/32e217e1d0f3df71c7f6adfaf28bc679087ac0da659e75e72d4939fa3909ab40?s=96&d=mm&r=g\",\"caption\":\"cskewes\"},\"url\":\"https:\/\/gobierno.udd.cl\/cips\/author\/cskewes\/\"}]}<\/script>\n<!-- \/ Yoast SEO plugin. -->","yoast_head_json":{"title":"Nuevo centro de pol\u00edticas p\u00fablicas liderado por Paula Daza realizar\u00e1 su seminario inaugural sobre sistemas de salud - Centro de Pol\u00edticas P\u00fablicas e Innovaci\u00f3n en Salud","robots":{"index":"index","follow":"follow","max-snippet":"max-snippet:-1","max-image-preview":"max-image-preview:large","max-video-preview":"max-video-preview:-1"},"canonical":"https:\/\/gobierno.udd.cl\/cips\/2022\/06\/06\/nuevo-centro-de-politicas-publicas-liderado-por-paula-daza-realizara-su-seminario-inaugural-sobre-sistemas-de-salud\/","og_locale":"es_ES","og_type":"article","og_title":"Nuevo centro de pol\u00edticas p\u00fablicas liderado por Paula Daza realizar\u00e1 su seminario inaugural sobre sistemas de salud - Centro de Pol\u00edticas P\u00fablicas e Innovaci\u00f3n en Salud","og_description":"El Centro de Pol\u00edticas P\u00fablicas e Innovaci\u00f3n en Salud (CIPS) de la Facultad de Gobierno de la Universidad del Desarrollo realizar\u00e1, el pr\u00f3ximo mi\u00e9rcoles 15 de junio a las 9.45 horas, su primer seminario donde se abordar\u00e1n las experiencias de los distintos sistemas de salud a nivel mundial y se entregar\u00e1n resultados de encuestas y [&hellip;]","og_url":"https:\/\/gobierno.udd.cl\/cips\/2022\/06\/06\/nuevo-centro-de-politicas-publicas-liderado-por-paula-daza-realizara-su-seminario-inaugural-sobre-sistemas-de-salud\/","og_site_name":"Centro de Pol\u00edticas P\u00fablicas e Innovaci\u00f3n en Salud","article_publisher":"https:\/\/www.facebook.com\/CIPS.UDD","article_published_time":"2022-06-07T01:29:48+00:00","article_modified_time":"2022-06-09T03:01:23+00:00","og_image":[{"width":2560,"height":1338,"url":"https:\/\/gobierno.udd.cl\/cips\/files\/2022\/06\/03.-RRSS_-seminario-CIPS_LINKEDIN-scaled.jpg","type":"image\/jpeg"}],"author":"cskewes","twitter_card":"summary_large_image","twitter_creator":"@CIPS_UDD","twitter_site":"@CIPS_UDD","twitter_misc":{"Escrito por":"cskewes","Tiempo de lectura":"3 minutos"},"schema":{"@context":"https:\/\/schema.org","@graph":[{"@type":"Article","@id":"https:\/\/gobierno.udd.cl\/cips\/2022\/06\/06\/nuevo-centro-de-politicas-publicas-liderado-por-paula-daza-realizara-su-seminario-inaugural-sobre-sistemas-de-salud\/#article","isPartOf":{"@id":"https:\/\/gobierno.udd.cl\/cips\/2022\/06\/06\/nuevo-centro-de-politicas-publicas-liderado-por-paula-daza-realizara-su-seminario-inaugural-sobre-sistemas-de-salud\/"},"author":{"name":"cskewes","@id":"https:\/\/gobierno.udd.cl\/cips\/#\/schema\/person\/7adfbc70d49bc03fd1ba1b53d1fa7292"},"headline":"Nuevo centro de pol\u00edticas p\u00fablicas liderado por Paula Daza realizar\u00e1 su seminario inaugural sobre sistemas de salud","datePublished":"2022-06-07T01:29:48+00:00","dateModified":"2022-06-09T03:01:23+00:00","mainEntityOfPage":{"@id":"https:\/\/gobierno.udd.cl\/cips\/2022\/06\/06\/nuevo-centro-de-politicas-publicas-liderado-por-paula-daza-realizara-su-seminario-inaugural-sobre-sistemas-de-salud\/"},"wordCount":574,"commentCount":0,"image":{"@id":"https:\/\/gobierno.udd.cl\/cips\/2022\/06\/06\/nuevo-centro-de-politicas-publicas-liderado-por-paula-daza-realizara-su-seminario-inaugural-sobre-sistemas-de-salud\/#primaryimage"},"thumbnailUrl":"https:\/\/gobierno.udd.cl\/cips\/files\/2022\/06\/03.-RRSS_-seminario-CIPS_LINKEDIN-scaled.jpg","articleSection":["Noticias"],"inLanguage":"es","potentialAction":[{"@type":"CommentAction","name":"Comment","target":["https:\/\/gobierno.udd.cl\/cips\/2022\/06\/06\/nuevo-centro-de-politicas-publicas-liderado-por-paula-daza-realizara-su-seminario-inaugural-sobre-sistemas-de-salud\/#respond"]}]},{"@type":"WebPage","@id":"https:\/\/gobierno.udd.cl\/cips\/2022\/06\/06\/nuevo-centro-de-politicas-publicas-liderado-por-paula-daza-realizara-su-seminario-inaugural-sobre-sistemas-de-salud\/","url":"https:\/\/gobierno.udd.cl\/cips\/2022\/06\/06\/nuevo-centro-de-politicas-publicas-liderado-por-paula-daza-realizara-su-seminario-inaugural-sobre-sistemas-de-salud\/","name":"Nuevo centro de pol\u00edticas p\u00fablicas liderado por Paula Daza realizar\u00e1 su seminario inaugural sobre sistemas de salud - Centro de Pol\u00edticas P\u00fablicas e Innovaci\u00f3n en Salud","isPartOf":{"@id":"https:\/\/gobierno.udd.cl\/cips\/#website"},"primaryImageOfPage":{"@id":"https:\/\/gobierno.udd.cl\/cips\/2022\/06\/06\/nuevo-centro-de-politicas-publicas-liderado-por-paula-daza-realizara-su-seminario-inaugural-sobre-sistemas-de-salud\/#primaryimage"},"image":{"@id":"https:\/\/gobierno.udd.cl\/cips\/2022\/06\/06\/nuevo-centro-de-politicas-publicas-liderado-por-paula-daza-realizara-su-seminario-inaugural-sobre-sistemas-de-salud\/#primaryimage"},"thumbnailUrl":"https:\/\/gobierno.udd.cl\/cips\/files\/2022\/06\/03.-RRSS_-seminario-CIPS_LINKEDIN-scaled.jpg","datePublished":"2022-06-07T01:29:48+00:00","dateModified":"2022-06-09T03:01:23+00:00","author":{"@id":"https:\/\/gobierno.udd.cl\/cips\/#\/schema\/person\/7adfbc70d49bc03fd1ba1b53d1fa7292"},"breadcrumb":{"@id":"https:\/\/gobierno.udd.cl\/cips\/2022\/06\/06\/nuevo-centro-de-politicas-publicas-liderado-por-paula-daza-realizara-su-seminario-inaugural-sobre-sistemas-de-salud\/#breadcrumb"},"inLanguage":"es","potentialAction":[{"@type":"ReadAction","target":["https:\/\/gobierno.udd.cl\/cips\/2022\/06\/06\/nuevo-centro-de-politicas-publicas-liderado-por-paula-daza-realizara-su-seminario-inaugural-sobre-sistemas-de-salud\/"]}]},{"@type":"ImageObject","inLanguage":"es","@id":"https:\/\/gobierno.udd.cl\/cips\/2022\/06\/06\/nuevo-centro-de-politicas-publicas-liderado-por-paula-daza-realizara-su-seminario-inaugural-sobre-sistemas-de-salud\/#primaryimage","url":"https:\/\/gobierno.udd.cl\/cips\/files\/2022\/06\/03.-RRSS_-seminario-CIPS_LINKEDIN-scaled.jpg","contentUrl":"https:\/\/gobierno.udd.cl\/cips\/files\/2022\/06\/03.-RRSS_-seminario-CIPS_LINKEDIN-scaled.jpg","width":2560,"height":1338},{"@type":"BreadcrumbList","@id":"https:\/\/gobierno.udd.cl\/cips\/2022\/06\/06\/nuevo-centro-de-politicas-publicas-liderado-por-paula-daza-realizara-su-seminario-inaugural-sobre-sistemas-de-salud\/#breadcrumb","itemListElement":[{"@type":"ListItem","position":1,"name":"Portada","item":"https:\/\/gobierno.udd.cl\/cips\/"},{"@type":"ListItem","position":2,"name":"Nuevo centro de pol\u00edticas p\u00fablicas liderado por Paula Daza realizar\u00e1 su seminario inaugural sobre sistemas de salud"}]},{"@type":"WebSite","@id":"https:\/\/gobierno.udd.cl\/cips\/#website","url":"https:\/\/gobierno.udd.cl\/cips\/","name":"Centro de Pol\u00edticas P\u00fablicas e Innovaci\u00f3n en Salud","description":"CIPS-UDD","inLanguage":"es"},{"@type":"Person","@id":"https:\/\/gobierno.udd.cl\/cips\/#\/schema\/person\/7adfbc70d49bc03fd1ba1b53d1fa7292","name":"cskewes","image":{"@type":"ImageObject","inLanguage":"es","@id":"https:\/\/gobierno.udd.cl\/cips\/#\/schema\/person\/image\/","url":"https:\/\/secure.gravatar.com\/avatar\/32e217e1d0f3df71c7f6adfaf28bc679087ac0da659e75e72d4939fa3909ab40?s=96&d=mm&r=g","contentUrl":"https:\/\/secure.gravatar.com\/avatar\/32e217e1d0f3df71c7f6adfaf28bc679087ac0da659e75e72d4939fa3909ab40?s=96&d=mm&r=g","caption":"cskewes"},"url":"https:\/\/gobierno.udd.cl\/cips\/author\/cskewes\/"}]}},"featured_image_url":"https:\/\/gobierno.udd.cl\/cips\/files\/2022\/06\/03.-RRSS_-seminario-CIPS_LINKEDIN-scaled.jpg","_links":{"self":[{"href":"https:\/\/gobierno.udd.cl\/cips\/wp-json\/wp\/v2\/posts\/282","targetHints":{"allow":["GET"]}}],"collection":[{"href":"https:\/\/gobierno.udd.cl\/cips\/wp-json\/wp\/v2\/posts"}],"about":[{"href":"https:\/\/gobierno.udd.cl\/cips\/wp-json\/wp\/v2\/types\/post"}],"author":[{"embeddable":true,"href":"https:\/\/gobierno.udd.cl\/cips\/wp-json\/wp\/v2\/users\/9192234"}],"replies":[{"embeddable":true,"href":"https:\/\/gobierno.udd.cl\/cips\/wp-json\/wp\/v2\/comments?post=282"}],"version-history":[{"count":3,"href":"https:\/\/gobierno.udd.cl\/cips\/wp-json\/wp\/v2\/posts\/282\/revisions"}],"predecessor-version":[{"id":302,"href":"https:\/\/gobierno.udd.cl\/cips\/wp-json\/wp\/v2\/posts\/282\/revisions\/302"}],"wp:featuredmedia":[{"embeddable":true,"href":"https:\/\/gobierno.udd.cl\/cips\/wp-json\/wp\/v2\/media\/284"}],"wp:attachment":[{"href":"https:\/\/gobierno.udd.cl\/cips\/wp-json\/wp\/v2\/media?parent=282"}],"wp:term":[{"taxonomy":"category","embeddable":true,"href":"https:\/\/gobierno.udd.cl\/cips\/wp-json\/wp\/v2\/categories?post=282"},{"taxonomy":"post_tag","embeddable":true,"href":"https:\/\/gobierno.udd.cl\/cips\/wp-json\/wp\/v2\/tags?post=282"}],"curies":[{"name":"wp","href":"https:\/\/api.w.org\/{rel}","templated":true}]}}