{"id":2511,"date":"2024-04-24T15:30:56","date_gmt":"2024-04-24T19:30:56","guid":{"rendered":"https:\/\/gobierno.udd.cl\/cips\/?p=2511"},"modified":"2024-04-24T16:46:41","modified_gmt":"2024-04-24T20:46:41","slug":"pese-a-baja-de-casos-covid-chile-es-uno-de-los-paises-de-la-region-que-tiene-mayor-cantidad-de-personas-ingresadas-a-uci-en-2024","status":"publish","type":"post","link":"https:\/\/gobierno.udd.cl\/cips\/2024\/04\/24\/pese-a-baja-de-casos-covid-chile-es-uno-de-los-paises-de-la-region-que-tiene-mayor-cantidad-de-personas-ingresadas-a-uci-en-2024\/","title":{"rendered":"Pese a baja de casos COVID, Chile es uno de los pa\u00edses de la regi\u00f3n que tiene mayor cantidad de personas ingresadas a UCI en 2024"},"content":{"rendered":"\n<p><em>Un nuevo estudio de CIPS UDD ha seguido el seguimiento de casos COVID-19 en la \u00faltima semana, la cual ha experimentado una baja considerable en la \u00faltima semana. No obstante, de acuerdo a un estudio de la OMS figura como el segundo pa\u00eds con mayor n\u00famero de fallecidos, registrando 112 casos en los \u00faltimos 28 d\u00edas.<\/em><\/p>\n\n\n\n<p>El Centro de Pol\u00edticas P\u00fablicas e Innovaci\u00f3n en Salud (CIPS) de la Facultad de Gobierno de la Universidad del Desarrollo desarroll\u00f3 un nuevo informe que analiza los contagios y procesos de vacunaci\u00f3n sobre COVID-19 en Chile. &nbsp;Se ha observado una notable disminuci\u00f3n desde la semana 12 (del 17 al 23 de marzo). Entre la semana 11 y la semana 12 del calendario epidemiol\u00f3gico, los casos disminuyeron en un 31%. Posteriormente, entre la semana 12 y la semana 13, esta disminuci\u00f3n fue del 57%. Finalmente, entre la semana 13 y la semana 14, se registr\u00f3 una reducci\u00f3n del 43%.<\/p>\n\n\n\n<p>Esto tiene concordancia con los datos publicados por la OMS que muestran que en Chile han disminuido los casos de COVID un 19% en los \u00faltimos 28 d\u00edas, reportando un total de 21.050 casos. Sin embargo, la entidad destaca un aumento del 5% en los casos en Unidades de Cuidados Intensivos (UCI), ubicando a nuestro pa\u00eds como el tercero con la mayor cantidad de personas ingresadas a UCI y el segundo con mayor n\u00famero de fallecidos en la regi\u00f3n de Am\u00e9rica, registrando 112 casos en los \u00faltimos 28 d\u00edas.<\/p>\n\n\n\n<p><strong><em>\u201cA pesar de que los casos han bajado, hay que considerar que a\u00fan no empieza el invierno y estamos con m\u00e1s casos graves que en otros pa\u00edses. Por tanto, para que esta situaci\u00f3n no escale es clave apuntar en la vacunaci\u00f3n y preparar a la red por si esta tendencia de mayor cantidad de casos aumenta\u201d<\/em><\/strong>, dice Paula Daza, Directora Ejecutiva de CIPS-UDD.<\/p>\n\n\n\n<p>En relaci\u00f3n al proceso de vacunaci\u00f3n, al 13 de marzo de 2024 se registra una cobertura de 25,53% de toda la poblaci\u00f3n objetiva del pa\u00eds en dosis bivalente. Esta cobertura para el personal de salud menor de 50 a\u00f1os es de 71,52%, para las personas con enfermedades cr\u00f3nicas menores de 50 es de 34,9%, en mayores de 50 es de 47,69%, en otros grupos priorizados menores de 50 es 13,5% y en las personas de 12 a 49 a\u00f1os es 6,93%.<\/p>\n\n\n\n<p>Al analizar la informaci\u00f3n por regiones, O\u2019Higgins es la que presenta mayor cobertura total, con un 28,78%, seguida por el Maule con 28,63%, \u00d1uble con 27,29%, Metropolitana con 26,76%, y Valpara\u00edso con 26,1%. &nbsp;Por otro lado, las regiones que presentan menor cobertura son Los Lagos (18,48%), Atacama (20,7%), Coquimbo (22%), Araucan\u00eda (22,03%) y Ays\u00e9n (23,25%).<\/p>\n\n\n\n<p>De igual manera, el informe entrega detalles sobre el proceso de vacunaci\u00f3n contra el SARS-CoV-2 con la aprobaci\u00f3n de la vacuna monovalente contra la variante XBB, centr\u00e1ndose espec\u00edficamente en los grupos etarios mayores e inmunocomprometidos. Hasta el 17 de abril, las cifras mostraban una cobertura del 16,06% con respecto a la poblaci\u00f3n objetivo definida para esta campa\u00f1a, con el grupo de mayor cobertura, las personas mayores de 80 a\u00f1os, con un 28,89%, mientras que las embarazadas presentan la menor cobertura, con un 2,55%.<\/p>\n\n\n\n<p><strong><a href=\"https:\/\/gobierno.udd.cl\/cips\/files\/2024\/04\/informe_pandemia_cipsabril.pdf\">Ver informe completo.<\/a><\/strong><\/p>\n","protected":false},"excerpt":{"rendered":"<p>Un nuevo estudio de CIPS UDD ha seguido el seguimiento de casos COVID-19 en la \u00faltima semana, la cual ha experimentado una baja considerable en la \u00faltima semana. No obstante, de acuerdo a un estudio de la OMS figura como el segundo pa\u00eds con mayor n\u00famero de fallecidos, registrando 112 casos en los \u00faltimos 28 [&hellip;]<\/p>\n","protected":false},"author":9192236,"featured_media":1364,"comment_status":"closed","ping_status":"open","sticky":false,"template":"","format":"standard","meta":{"footnotes":""},"categories":[3],"tags":[],"class_list":["post-2511","post","type-post","status-publish","format-standard","has-post-thumbnail","hentry","category-noticias"],"yoast_head":"<!-- This site is optimized with the Yoast SEO plugin v26.9 - https:\/\/yoast.com\/product\/yoast-seo-wordpress\/ -->\n<title>Pese a baja de casos COVID, Chile es uno de los pa\u00edses de la regi\u00f3n que tiene mayor cantidad de personas ingresadas a UCI en 2024 - Centro de Pol\u00edticas P\u00fablicas e Innovaci\u00f3n en Salud<\/title>\n<meta name=\"robots\" content=\"index, follow, max-snippet:-1, max-image-preview:large, max-video-preview:-1\" \/>\n<link rel=\"canonical\" href=\"https:\/\/gobierno.udd.cl\/cips\/2024\/04\/24\/pese-a-baja-de-casos-covid-chile-es-uno-de-los-paises-de-la-region-que-tiene-mayor-cantidad-de-personas-ingresadas-a-uci-en-2024\/\" \/>\n<meta property=\"og:locale\" content=\"es_ES\" \/>\n<meta property=\"og:type\" content=\"article\" \/>\n<meta property=\"og:title\" content=\"Pese a baja de casos COVID, Chile es uno de los pa\u00edses de la regi\u00f3n que tiene mayor cantidad de personas ingresadas a UCI en 2024 - Centro de Pol\u00edticas P\u00fablicas e Innovaci\u00f3n en Salud\" \/>\n<meta property=\"og:description\" content=\"Un nuevo estudio de CIPS UDD ha seguido el seguimiento de casos COVID-19 en la \u00faltima semana, la cual ha experimentado una baja considerable en la \u00faltima semana. No obstante, de acuerdo a un estudio de la OMS figura como el segundo pa\u00eds con mayor n\u00famero de fallecidos, registrando 112 casos en los \u00faltimos 28 [&hellip;]\" \/>\n<meta property=\"og:url\" content=\"https:\/\/gobierno.udd.cl\/cips\/2024\/04\/24\/pese-a-baja-de-casos-covid-chile-es-uno-de-los-paises-de-la-region-que-tiene-mayor-cantidad-de-personas-ingresadas-a-uci-en-2024\/\" \/>\n<meta property=\"og:site_name\" content=\"Centro de Pol\u00edticas P\u00fablicas e Innovaci\u00f3n en Salud\" \/>\n<meta property=\"article:publisher\" content=\"https:\/\/www.facebook.com\/CIPS.UDD\" \/>\n<meta property=\"article:published_time\" content=\"2024-04-24T19:30:56+00:00\" \/>\n<meta property=\"article:modified_time\" content=\"2024-04-24T20:46:41+00:00\" \/>\n<meta property=\"og:image\" content=\"https:\/\/gobierno.udd.cl\/cips\/files\/2023\/06\/image.png\" \/>\n\t<meta property=\"og:image:width\" content=\"1137\" \/>\n\t<meta property=\"og:image:height\" content=\"452\" \/>\n\t<meta property=\"og:image:type\" content=\"image\/png\" \/>\n<meta name=\"author\" content=\"ccararo\" \/>\n<meta name=\"twitter:card\" content=\"summary_large_image\" \/>\n<meta name=\"twitter:creator\" content=\"@CIPS_UDD\" \/>\n<meta name=\"twitter:site\" content=\"@CIPS_UDD\" \/>\n<meta name=\"twitter:label1\" content=\"Escrito por\" \/>\n\t<meta name=\"twitter:data1\" content=\"ccararo\" \/>\n\t<meta name=\"twitter:label2\" content=\"Tiempo de lectura\" \/>\n\t<meta name=\"twitter:data2\" content=\"3 minutos\" \/>\n<script type=\"application\/ld+json\" class=\"yoast-schema-graph\">{\"@context\":\"https:\/\/schema.org\",\"@graph\":[{\"@type\":\"Article\",\"@id\":\"https:\/\/gobierno.udd.cl\/cips\/2024\/04\/24\/pese-a-baja-de-casos-covid-chile-es-uno-de-los-paises-de-la-region-que-tiene-mayor-cantidad-de-personas-ingresadas-a-uci-en-2024\/#article\",\"isPartOf\":{\"@id\":\"https:\/\/gobierno.udd.cl\/cips\/2024\/04\/24\/pese-a-baja-de-casos-covid-chile-es-uno-de-los-paises-de-la-region-que-tiene-mayor-cantidad-de-personas-ingresadas-a-uci-en-2024\/\"},\"author\":{\"name\":\"ccararo\",\"@id\":\"https:\/\/gobierno.udd.cl\/cips\/#\/schema\/person\/9d509bb16e7d8299d075f0e90b5d7d00\"},\"headline\":\"Pese a baja de casos COVID, Chile es uno de los pa\u00edses de la regi\u00f3n que tiene mayor cantidad de personas ingresadas a UCI en 2024\",\"datePublished\":\"2024-04-24T19:30:56+00:00\",\"dateModified\":\"2024-04-24T20:46:41+00:00\",\"mainEntityOfPage\":{\"@id\":\"https:\/\/gobierno.udd.cl\/cips\/2024\/04\/24\/pese-a-baja-de-casos-covid-chile-es-uno-de-los-paises-de-la-region-que-tiene-mayor-cantidad-de-personas-ingresadas-a-uci-en-2024\/\"},\"wordCount\":549,\"image\":{\"@id\":\"https:\/\/gobierno.udd.cl\/cips\/2024\/04\/24\/pese-a-baja-de-casos-covid-chile-es-uno-de-los-paises-de-la-region-que-tiene-mayor-cantidad-de-personas-ingresadas-a-uci-en-2024\/#primaryimage\"},\"thumbnailUrl\":\"https:\/\/gobierno.udd.cl\/cips\/files\/2023\/06\/image.png\",\"articleSection\":[\"Noticias\"],\"inLanguage\":\"es\"},{\"@type\":\"WebPage\",\"@id\":\"https:\/\/gobierno.udd.cl\/cips\/2024\/04\/24\/pese-a-baja-de-casos-covid-chile-es-uno-de-los-paises-de-la-region-que-tiene-mayor-cantidad-de-personas-ingresadas-a-uci-en-2024\/\",\"url\":\"https:\/\/gobierno.udd.cl\/cips\/2024\/04\/24\/pese-a-baja-de-casos-covid-chile-es-uno-de-los-paises-de-la-region-que-tiene-mayor-cantidad-de-personas-ingresadas-a-uci-en-2024\/\",\"name\":\"Pese a baja de casos COVID, Chile es uno de los pa\u00edses de la regi\u00f3n que tiene mayor cantidad de personas ingresadas a UCI en 2024 - Centro de Pol\u00edticas P\u00fablicas e Innovaci\u00f3n en Salud\",\"isPartOf\":{\"@id\":\"https:\/\/gobierno.udd.cl\/cips\/#website\"},\"primaryImageOfPage\":{\"@id\":\"https:\/\/gobierno.udd.cl\/cips\/2024\/04\/24\/pese-a-baja-de-casos-covid-chile-es-uno-de-los-paises-de-la-region-que-tiene-mayor-cantidad-de-personas-ingresadas-a-uci-en-2024\/#primaryimage\"},\"image\":{\"@id\":\"https:\/\/gobierno.udd.cl\/cips\/2024\/04\/24\/pese-a-baja-de-casos-covid-chile-es-uno-de-los-paises-de-la-region-que-tiene-mayor-cantidad-de-personas-ingresadas-a-uci-en-2024\/#primaryimage\"},\"thumbnailUrl\":\"https:\/\/gobierno.udd.cl\/cips\/files\/2023\/06\/image.png\",\"datePublished\":\"2024-04-24T19:30:56+00:00\",\"dateModified\":\"2024-04-24T20:46:41+00:00\",\"author\":{\"@id\":\"https:\/\/gobierno.udd.cl\/cips\/#\/schema\/person\/9d509bb16e7d8299d075f0e90b5d7d00\"},\"breadcrumb\":{\"@id\":\"https:\/\/gobierno.udd.cl\/cips\/2024\/04\/24\/pese-a-baja-de-casos-covid-chile-es-uno-de-los-paises-de-la-region-que-tiene-mayor-cantidad-de-personas-ingresadas-a-uci-en-2024\/#breadcrumb\"},\"inLanguage\":\"es\",\"potentialAction\":[{\"@type\":\"ReadAction\",\"target\":[\"https:\/\/gobierno.udd.cl\/cips\/2024\/04\/24\/pese-a-baja-de-casos-covid-chile-es-uno-de-los-paises-de-la-region-que-tiene-mayor-cantidad-de-personas-ingresadas-a-uci-en-2024\/\"]}]},{\"@type\":\"ImageObject\",\"inLanguage\":\"es\",\"@id\":\"https:\/\/gobierno.udd.cl\/cips\/2024\/04\/24\/pese-a-baja-de-casos-covid-chile-es-uno-de-los-paises-de-la-region-que-tiene-mayor-cantidad-de-personas-ingresadas-a-uci-en-2024\/#primaryimage\",\"url\":\"https:\/\/gobierno.udd.cl\/cips\/files\/2023\/06\/image.png\",\"contentUrl\":\"https:\/\/gobierno.udd.cl\/cips\/files\/2023\/06\/image.png\",\"width\":1137,\"height\":452},{\"@type\":\"BreadcrumbList\",\"@id\":\"https:\/\/gobierno.udd.cl\/cips\/2024\/04\/24\/pese-a-baja-de-casos-covid-chile-es-uno-de-los-paises-de-la-region-que-tiene-mayor-cantidad-de-personas-ingresadas-a-uci-en-2024\/#breadcrumb\",\"itemListElement\":[{\"@type\":\"ListItem\",\"position\":1,\"name\":\"Portada\",\"item\":\"https:\/\/gobierno.udd.cl\/cips\/\"},{\"@type\":\"ListItem\",\"position\":2,\"name\":\"Pese a baja de casos COVID, Chile es uno de los pa\u00edses de la regi\u00f3n que tiene mayor cantidad de personas ingresadas a UCI en 2024\"}]},{\"@type\":\"WebSite\",\"@id\":\"https:\/\/gobierno.udd.cl\/cips\/#website\",\"url\":\"https:\/\/gobierno.udd.cl\/cips\/\",\"name\":\"Centro de Pol\u00edticas P\u00fablicas e Innovaci\u00f3n en Salud\",\"description\":\"CIPS-UDD\",\"inLanguage\":\"es\"},{\"@type\":\"Person\",\"@id\":\"https:\/\/gobierno.udd.cl\/cips\/#\/schema\/person\/9d509bb16e7d8299d075f0e90b5d7d00\",\"name\":\"ccararo\",\"image\":{\"@type\":\"ImageObject\",\"inLanguage\":\"es\",\"@id\":\"https:\/\/gobierno.udd.cl\/cips\/#\/schema\/person\/image\/\",\"url\":\"https:\/\/secure.gravatar.com\/avatar\/fe809aec6c8a49b41db481a62d9671eec512578ac25cf41f7420b8069513828c?s=96&d=mm&r=g\",\"contentUrl\":\"https:\/\/secure.gravatar.com\/avatar\/fe809aec6c8a49b41db481a62d9671eec512578ac25cf41f7420b8069513828c?s=96&d=mm&r=g\",\"caption\":\"ccararo\"},\"url\":\"https:\/\/gobierno.udd.cl\/cips\/author\/ccararo\/\"}]}<\/script>\n<!-- \/ Yoast SEO plugin. -->","yoast_head_json":{"title":"Pese a baja de casos COVID, Chile es uno de los pa\u00edses de la regi\u00f3n que tiene mayor cantidad de personas ingresadas a UCI en 2024 - Centro de Pol\u00edticas P\u00fablicas e Innovaci\u00f3n en Salud","robots":{"index":"index","follow":"follow","max-snippet":"max-snippet:-1","max-image-preview":"max-image-preview:large","max-video-preview":"max-video-preview:-1"},"canonical":"https:\/\/gobierno.udd.cl\/cips\/2024\/04\/24\/pese-a-baja-de-casos-covid-chile-es-uno-de-los-paises-de-la-region-que-tiene-mayor-cantidad-de-personas-ingresadas-a-uci-en-2024\/","og_locale":"es_ES","og_type":"article","og_title":"Pese a baja de casos COVID, Chile es uno de los pa\u00edses de la regi\u00f3n que tiene mayor cantidad de personas ingresadas a UCI en 2024 - Centro de Pol\u00edticas P\u00fablicas e Innovaci\u00f3n en Salud","og_description":"Un nuevo estudio de CIPS UDD ha seguido el seguimiento de casos COVID-19 en la \u00faltima semana, la cual ha experimentado una baja considerable en la \u00faltima semana. No obstante, de acuerdo a un estudio de la OMS figura como el segundo pa\u00eds con mayor n\u00famero de fallecidos, registrando 112 casos en los \u00faltimos 28 [&hellip;]","og_url":"https:\/\/gobierno.udd.cl\/cips\/2024\/04\/24\/pese-a-baja-de-casos-covid-chile-es-uno-de-los-paises-de-la-region-que-tiene-mayor-cantidad-de-personas-ingresadas-a-uci-en-2024\/","og_site_name":"Centro de Pol\u00edticas P\u00fablicas e Innovaci\u00f3n en Salud","article_publisher":"https:\/\/www.facebook.com\/CIPS.UDD","article_published_time":"2024-04-24T19:30:56+00:00","article_modified_time":"2024-04-24T20:46:41+00:00","og_image":[{"width":1137,"height":452,"url":"https:\/\/gobierno.udd.cl\/cips\/files\/2023\/06\/image.png","type":"image\/png"}],"author":"ccararo","twitter_card":"summary_large_image","twitter_creator":"@CIPS_UDD","twitter_site":"@CIPS_UDD","twitter_misc":{"Escrito por":"ccararo","Tiempo de lectura":"3 minutos"},"schema":{"@context":"https:\/\/schema.org","@graph":[{"@type":"Article","@id":"https:\/\/gobierno.udd.cl\/cips\/2024\/04\/24\/pese-a-baja-de-casos-covid-chile-es-uno-de-los-paises-de-la-region-que-tiene-mayor-cantidad-de-personas-ingresadas-a-uci-en-2024\/#article","isPartOf":{"@id":"https:\/\/gobierno.udd.cl\/cips\/2024\/04\/24\/pese-a-baja-de-casos-covid-chile-es-uno-de-los-paises-de-la-region-que-tiene-mayor-cantidad-de-personas-ingresadas-a-uci-en-2024\/"},"author":{"name":"ccararo","@id":"https:\/\/gobierno.udd.cl\/cips\/#\/schema\/person\/9d509bb16e7d8299d075f0e90b5d7d00"},"headline":"Pese a baja de casos COVID, Chile es uno de los pa\u00edses de la regi\u00f3n que tiene mayor cantidad de personas ingresadas a UCI en 2024","datePublished":"2024-04-24T19:30:56+00:00","dateModified":"2024-04-24T20:46:41+00:00","mainEntityOfPage":{"@id":"https:\/\/gobierno.udd.cl\/cips\/2024\/04\/24\/pese-a-baja-de-casos-covid-chile-es-uno-de-los-paises-de-la-region-que-tiene-mayor-cantidad-de-personas-ingresadas-a-uci-en-2024\/"},"wordCount":549,"image":{"@id":"https:\/\/gobierno.udd.cl\/cips\/2024\/04\/24\/pese-a-baja-de-casos-covid-chile-es-uno-de-los-paises-de-la-region-que-tiene-mayor-cantidad-de-personas-ingresadas-a-uci-en-2024\/#primaryimage"},"thumbnailUrl":"https:\/\/gobierno.udd.cl\/cips\/files\/2023\/06\/image.png","articleSection":["Noticias"],"inLanguage":"es"},{"@type":"WebPage","@id":"https:\/\/gobierno.udd.cl\/cips\/2024\/04\/24\/pese-a-baja-de-casos-covid-chile-es-uno-de-los-paises-de-la-region-que-tiene-mayor-cantidad-de-personas-ingresadas-a-uci-en-2024\/","url":"https:\/\/gobierno.udd.cl\/cips\/2024\/04\/24\/pese-a-baja-de-casos-covid-chile-es-uno-de-los-paises-de-la-region-que-tiene-mayor-cantidad-de-personas-ingresadas-a-uci-en-2024\/","name":"Pese a baja de casos COVID, Chile es uno de los pa\u00edses de la regi\u00f3n que tiene mayor cantidad de personas ingresadas a UCI en 2024 - Centro de Pol\u00edticas P\u00fablicas e Innovaci\u00f3n en Salud","isPartOf":{"@id":"https:\/\/gobierno.udd.cl\/cips\/#website"},"primaryImageOfPage":{"@id":"https:\/\/gobierno.udd.cl\/cips\/2024\/04\/24\/pese-a-baja-de-casos-covid-chile-es-uno-de-los-paises-de-la-region-que-tiene-mayor-cantidad-de-personas-ingresadas-a-uci-en-2024\/#primaryimage"},"image":{"@id":"https:\/\/gobierno.udd.cl\/cips\/2024\/04\/24\/pese-a-baja-de-casos-covid-chile-es-uno-de-los-paises-de-la-region-que-tiene-mayor-cantidad-de-personas-ingresadas-a-uci-en-2024\/#primaryimage"},"thumbnailUrl":"https:\/\/gobierno.udd.cl\/cips\/files\/2023\/06\/image.png","datePublished":"2024-04-24T19:30:56+00:00","dateModified":"2024-04-24T20:46:41+00:00","author":{"@id":"https:\/\/gobierno.udd.cl\/cips\/#\/schema\/person\/9d509bb16e7d8299d075f0e90b5d7d00"},"breadcrumb":{"@id":"https:\/\/gobierno.udd.cl\/cips\/2024\/04\/24\/pese-a-baja-de-casos-covid-chile-es-uno-de-los-paises-de-la-region-que-tiene-mayor-cantidad-de-personas-ingresadas-a-uci-en-2024\/#breadcrumb"},"inLanguage":"es","potentialAction":[{"@type":"ReadAction","target":["https:\/\/gobierno.udd.cl\/cips\/2024\/04\/24\/pese-a-baja-de-casos-covid-chile-es-uno-de-los-paises-de-la-region-que-tiene-mayor-cantidad-de-personas-ingresadas-a-uci-en-2024\/"]}]},{"@type":"ImageObject","inLanguage":"es","@id":"https:\/\/gobierno.udd.cl\/cips\/2024\/04\/24\/pese-a-baja-de-casos-covid-chile-es-uno-de-los-paises-de-la-region-que-tiene-mayor-cantidad-de-personas-ingresadas-a-uci-en-2024\/#primaryimage","url":"https:\/\/gobierno.udd.cl\/cips\/files\/2023\/06\/image.png","contentUrl":"https:\/\/gobierno.udd.cl\/cips\/files\/2023\/06\/image.png","width":1137,"height":452},{"@type":"BreadcrumbList","@id":"https:\/\/gobierno.udd.cl\/cips\/2024\/04\/24\/pese-a-baja-de-casos-covid-chile-es-uno-de-los-paises-de-la-region-que-tiene-mayor-cantidad-de-personas-ingresadas-a-uci-en-2024\/#breadcrumb","itemListElement":[{"@type":"ListItem","position":1,"name":"Portada","item":"https:\/\/gobierno.udd.cl\/cips\/"},{"@type":"ListItem","position":2,"name":"Pese a baja de casos COVID, Chile es uno de los pa\u00edses de la regi\u00f3n que tiene mayor cantidad de personas ingresadas a UCI en 2024"}]},{"@type":"WebSite","@id":"https:\/\/gobierno.udd.cl\/cips\/#website","url":"https:\/\/gobierno.udd.cl\/cips\/","name":"Centro de Pol\u00edticas P\u00fablicas e Innovaci\u00f3n en Salud","description":"CIPS-UDD","inLanguage":"es"},{"@type":"Person","@id":"https:\/\/gobierno.udd.cl\/cips\/#\/schema\/person\/9d509bb16e7d8299d075f0e90b5d7d00","name":"ccararo","image":{"@type":"ImageObject","inLanguage":"es","@id":"https:\/\/gobierno.udd.cl\/cips\/#\/schema\/person\/image\/","url":"https:\/\/secure.gravatar.com\/avatar\/fe809aec6c8a49b41db481a62d9671eec512578ac25cf41f7420b8069513828c?s=96&d=mm&r=g","contentUrl":"https:\/\/secure.gravatar.com\/avatar\/fe809aec6c8a49b41db481a62d9671eec512578ac25cf41f7420b8069513828c?s=96&d=mm&r=g","caption":"ccararo"},"url":"https:\/\/gobierno.udd.cl\/cips\/author\/ccararo\/"}]}},"featured_image_url":"https:\/\/gobierno.udd.cl\/cips\/files\/2023\/06\/image.png","_links":{"self":[{"href":"https:\/\/gobierno.udd.cl\/cips\/wp-json\/wp\/v2\/posts\/2511","targetHints":{"allow":["GET"]}}],"collection":[{"href":"https:\/\/gobierno.udd.cl\/cips\/wp-json\/wp\/v2\/posts"}],"about":[{"href":"https:\/\/gobierno.udd.cl\/cips\/wp-json\/wp\/v2\/types\/post"}],"author":[{"embeddable":true,"href":"https:\/\/gobierno.udd.cl\/cips\/wp-json\/wp\/v2\/users\/9192236"}],"replies":[{"embeddable":true,"href":"https:\/\/gobierno.udd.cl\/cips\/wp-json\/wp\/v2\/comments?post=2511"}],"version-history":[{"count":3,"href":"https:\/\/gobierno.udd.cl\/cips\/wp-json\/wp\/v2\/posts\/2511\/revisions"}],"predecessor-version":[{"id":2529,"href":"https:\/\/gobierno.udd.cl\/cips\/wp-json\/wp\/v2\/posts\/2511\/revisions\/2529"}],"wp:featuredmedia":[{"embeddable":true,"href":"https:\/\/gobierno.udd.cl\/cips\/wp-json\/wp\/v2\/media\/1364"}],"wp:attachment":[{"href":"https:\/\/gobierno.udd.cl\/cips\/wp-json\/wp\/v2\/media?parent=2511"}],"wp:term":[{"taxonomy":"category","embeddable":true,"href":"https:\/\/gobierno.udd.cl\/cips\/wp-json\/wp\/v2\/categories?post=2511"},{"taxonomy":"post_tag","embeddable":true,"href":"https:\/\/gobierno.udd.cl\/cips\/wp-json\/wp\/v2\/tags?post=2511"}],"curies":[{"name":"wp","href":"https:\/\/api.w.org\/{rel}","templated":true}]}}