{"id":2268,"date":"2024-03-20T17:02:47","date_gmt":"2024-03-20T20:02:47","guid":{"rendered":"https:\/\/gobierno.udd.cl\/cips\/?p=2268"},"modified":"2024-03-21T08:33:04","modified_gmt":"2024-03-21T11:33:04","slug":"lanzamiento-proyecto-fonis-autotoma-vaginal-a-domicilio-en-maria-pinto","status":"publish","type":"post","link":"https:\/\/gobierno.udd.cl\/cips\/2024\/03\/20\/lanzamiento-proyecto-fonis-autotoma-vaginal-a-domicilio-en-maria-pinto\/","title":{"rendered":"En Mar\u00eda Pinto se realiz\u00f3 el lanzamiento del proyecto Fonis para la Autotoma vaginal a domicilio"},"content":{"rendered":"\n<p><em>El Centro de Pol\u00edticas P\u00fablicas e Innovaci\u00f3n en Salud (CIPS) dio a conocer a los vecinos de la comuna su proyecto de investigaci\u00f3n enfocado en la detecci\u00f3n precoz del c\u00e1ncer cervicouterino.<\/em><\/p>\n\n\n\n<p>El pasado viernes 15 de marzo, en el contexto del mes de la mujer y adelant\u00e1ndonos al D\u00eda Mundial de la Prevenci\u00f3n del C\u00e1ncer del Cuello Uterino (26 de marzo), el Centro de Pol\u00edticas P\u00fablicas e Innovaci\u00f3n en Salud (CIPS) de la Universidad del Desarrollo (UDD) dio a conocer en la comuna de Mar\u00eda Pinto su proyecto de investigaci\u00f3n denominado \u201cPrograma de auto toma vaginal en domicilio para la detecci\u00f3n precoz del C\u00e1ncer Cervicouterino\u201d. &nbsp;El objetivo de este es evaluar la contribuci\u00f3n de la autotoma para la detecci\u00f3n del VPH, logrando as\u00ed aumentar la cobertura del programa de prevenci\u00f3n de esta enfermedad.<\/p>\n\n\n\n<p>La actividad se realiz\u00f3 en el Centro de Salud Familiar \u201cAdriana Madrid de Costabal\u201d de la comuna de Mar\u00eda Pinto, la cual cont\u00f3 con la presencia de la alcaldesa de la comuna Jessica Mualim; la Directora del Centro de Salud, Claudia Atabales y los concejales Andrea Budge, Eduardo Aguirre y Eugenio Carrera. Durante la actividad, la matrona del Cesfam Katherine Riffo present\u00f3 sobre el c\u00e1ncer de cuello de \u00fatero, mientras que, la Directora Ejecutiva de CIPS de la UDD, Dra. Paula Daza, junto a las investigadoras &nbsp;de CIPS Camila Skewes, investigadora Senior de ICIM, Dra. Solana Terrazas y la Coordinadora del proyecto, Camila Espinoza, expusieron sobre el proyecto y el impacto que podr\u00eda tener para las pol\u00edticas p\u00fablicas del pa\u00eds y la mejora de detecci\u00f3n y tratamiento de esta enfermedad.<\/p>\n\n\n<section class=\"wp-block-udd-gallery-carousel wp-carousel-gallery\">\n\t<div class=\"container\">\n\t\t<div\n\t\t\tclass=\"slick-carousel gallery-slick-carousel gallery-carousel--1\"\n\t\t\tdata-slick='{&quot;slidesToScroll&quot;:1,&quot;slidesToShow&quot;:1,&quot;appendDots&quot;:&quot;#dots-69f5c3da9aa24&quot;,&quot;prevArrow&quot;:&quot;&lt;button type=\\&quot;button\\&quot; class=\\&quot;btn btn-primary slick-prev\\&quot;&gt;&lt;svg class=\\&quot;svg-chevron-left-dims\\&quot;&gt;&lt;use xlink:href=&#039;https:\\\/\\\/gobierno.udd.cl\\\/cips\\\/wp-content\\\/themes\\\/facultades-2018\\\/assets\\\/img\\\/svg\\\/dist\\\/main.svg?version=1695853099#chevron-left&#039;&gt;&lt;\\\/use&gt;&lt;\\\/svg&gt;&lt;span class=\\&quot;sr-only\\&quot;&gt;Anterior&lt;\\\/span&gt;&lt;\\\/button&gt;&quot;,&quot;nextArrow&quot;:&quot;&lt;button type=\\&quot;button\\&quot; class=\\&quot;btn btn-primary slick-next\\&quot;&gt;&lt;svg class=\\&quot;svg-chevron-right-dims\\&quot;&gt;&lt;use xlink:href=&#039;https:\\\/\\\/gobierno.udd.cl\\\/cips\\\/wp-content\\\/themes\\\/facultades-2018\\\/assets\\\/img\\\/svg\\\/dist\\\/main.svg?version=1695853099#chevron-right&#039;&gt;&lt;\\\/use&gt;&lt;\\\/svg&gt;&lt;span class=\\&quot;sr-only\\&quot;&gt;Siguiente&lt;\\\/span&gt;&lt;\\\/button&gt;&quot;,&quot;infinite&quot;:true,&quot;dots&quot;:true}'\n\t\t>\n\t\t\t\t\t\t\t<figure>\n\t\t\t\t\t<img loading=\"lazy\" decoding=\"async\" width=\"1280\" height=\"720\" src=\"https:\/\/gobierno.udd.cl\/cips\/wp-content\/plugins\/wp-async-img-load\/blank.png\" class=\"attachment-1280x720 size-1280x720 lazyload\" alt=\"\" sizes=\"auto, (max-width: 1280px) 100vw, 1280px\" data-src=\"https:\/\/gobierno.udd.cl\/cips\/files\/2024\/03\/whatsapp-image-2024-03-20-at-16-57-03-1366x768.jpeg\" data-srcset=\"https:\/\/gobierno.udd.cl\/cips\/files\/2024\/03\/whatsapp-image-2024-03-20-at-16-57-03-1366x768.jpeg 1366w, https:\/\/gobierno.udd.cl\/cips\/files\/2024\/03\/whatsapp-image-2024-03-20-at-16-57-03-680x382.jpeg 680w\" \/>\t\t\t\t\t\t\t\t\t<\/figure>\n\t\t\t\t\t\t\t<figure>\n\t\t\t\t\t<img loading=\"lazy\" decoding=\"async\" width=\"540\" height=\"720\" src=\"https:\/\/gobierno.udd.cl\/cips\/wp-content\/plugins\/wp-async-img-load\/blank.png\" class=\"attachment-1280x720 size-1280x720 lazyload\" alt=\"\" sizes=\"auto, (max-width: 540px) 100vw, 540px\" data-src=\"https:\/\/gobierno.udd.cl\/cips\/files\/2024\/03\/whatsapp-image-2024-03-20-at-16-57-04-1.jpeg\" data-srcset=\"https:\/\/gobierno.udd.cl\/cips\/files\/2024\/03\/whatsapp-image-2024-03-20-at-16-57-04-1.jpeg 960w, https:\/\/gobierno.udd.cl\/cips\/files\/2024\/03\/whatsapp-image-2024-03-20-at-16-57-04-1-225x300.jpeg 225w, https:\/\/gobierno.udd.cl\/cips\/files\/2024\/03\/whatsapp-image-2024-03-20-at-16-57-04-1-768x1024.jpeg 768w\" \/>\t\t\t\t\t\t\t\t\t<\/figure>\n\t\t\t\t\t\t\t<figure>\n\t\t\t\t\t<img loading=\"lazy\" decoding=\"async\" width=\"1280\" height=\"720\" src=\"https:\/\/gobierno.udd.cl\/cips\/wp-content\/plugins\/wp-async-img-load\/blank.png\" class=\"attachment-1280x720 size-1280x720 lazyload\" alt=\"\" sizes=\"auto, (max-width: 1280px) 100vw, 1280px\" data-src=\"https:\/\/gobierno.udd.cl\/cips\/files\/2024\/03\/whatsapp-image-2024-03-20-at-16-57-04-1366x768.jpeg\" data-srcset=\"https:\/\/gobierno.udd.cl\/cips\/files\/2024\/03\/whatsapp-image-2024-03-20-at-16-57-04-1366x768.jpeg 1366w, https:\/\/gobierno.udd.cl\/cips\/files\/2024\/03\/whatsapp-image-2024-03-20-at-16-57-04-680x382.jpeg 680w\" \/>\t\t\t\t\t\t\t\t\t<\/figure>\n\t\t\t\t\t\t\t<figure>\n\t\t\t\t\t<img loading=\"lazy\" decoding=\"async\" width=\"1280\" height=\"720\" src=\"https:\/\/gobierno.udd.cl\/cips\/wp-content\/plugins\/wp-async-img-load\/blank.png\" class=\"attachment-1280x720 size-1280x720 lazyload\" alt=\"\" sizes=\"auto, (max-width: 1280px) 100vw, 1280px\" data-src=\"https:\/\/gobierno.udd.cl\/cips\/files\/2024\/03\/whatsapp-image-2024-03-20-at-16-57-05-1-1366x768.jpeg\" data-srcset=\"https:\/\/gobierno.udd.cl\/cips\/files\/2024\/03\/whatsapp-image-2024-03-20-at-16-57-05-1-1366x768.jpeg 1366w, https:\/\/gobierno.udd.cl\/cips\/files\/2024\/03\/whatsapp-image-2024-03-20-at-16-57-05-1-680x382.jpeg 680w\" \/>\t\t\t\t\t\t\t\t\t<\/figure>\n\t\t\t\t\t\t\t<figure>\n\t\t\t\t\t<img loading=\"lazy\" decoding=\"async\" width=\"1280\" height=\"720\" src=\"https:\/\/gobierno.udd.cl\/cips\/wp-content\/plugins\/wp-async-img-load\/blank.png\" class=\"attachment-1280x720 size-1280x720 lazyload\" alt=\"\" sizes=\"auto, (max-width: 1280px) 100vw, 1280px\" data-src=\"https:\/\/gobierno.udd.cl\/cips\/files\/2024\/03\/whatsapp-image-2024-03-20-at-16-57-06-1-1366x768.jpeg\" data-srcset=\"https:\/\/gobierno.udd.cl\/cips\/files\/2024\/03\/whatsapp-image-2024-03-20-at-16-57-06-1-1366x768.jpeg 1366w, https:\/\/gobierno.udd.cl\/cips\/files\/2024\/03\/whatsapp-image-2024-03-20-at-16-57-06-1-680x382.jpeg 680w\" \/>\t\t\t\t\t\t\t\t\t<\/figure>\n\t\t\t\t\t\t\t<figure>\n\t\t\t\t\t<img loading=\"lazy\" decoding=\"async\" width=\"1280\" height=\"720\" src=\"https:\/\/gobierno.udd.cl\/cips\/wp-content\/plugins\/wp-async-img-load\/blank.png\" class=\"attachment-1280x720 size-1280x720 lazyload\" alt=\"\" sizes=\"auto, (max-width: 1280px) 100vw, 1280px\" data-src=\"https:\/\/gobierno.udd.cl\/cips\/files\/2024\/03\/whatsapp-image-2024-03-20-at-16-57-09-1366x768.jpeg\" data-srcset=\"https:\/\/gobierno.udd.cl\/cips\/files\/2024\/03\/whatsapp-image-2024-03-20-at-16-57-09-1366x768.jpeg 1366w, https:\/\/gobierno.udd.cl\/cips\/files\/2024\/03\/whatsapp-image-2024-03-20-at-16-57-09-680x382.jpeg 680w\" \/>\t\t\t\t\t\t\t\t\t<\/figure>\n\t\t\t\t\t<\/div>\n\t\t<div\n\t\t\tclass=\"carousel-gallery--carousel-dots\"\n\t\t\tid=\"dots-69f5c3da9aa24\"\n\t\t><\/div>\n\t<\/div>\n<\/section>\n\n\n\n<p><strong>\u201cEl C\u00e1ncer Cervicouterino es la segunda causa de muerte en mujeres j\u00f3venes, y por eso es muy importante la detenci\u00f3n precoz. Es un programa que busca mostrar una nueva pol\u00edtica p\u00fablica, que es la autotoma vaginal para detectar a esas mujeres que hoy pueden tener el virus y no lo saben. Esperamos que todas las mujeres de Mar\u00eda Pinto que deben hacerse el examen lo hagan\u201d, se\u00f1al\u00f3 la Dra. Paula Daza.<\/strong><\/p>\n\n\n\n<p>La presentaci\u00f3n del proyecto tuvo una gran recepci\u00f3n por parte de la comunidad, siendo elogiado por la alcaldesa y vecinos de Mar\u00eda Pinto, quienes tambi\u00e9n fueron parte de la actividad. <strong>\u201cLa brecha entre las comunas rurales y urbanas es un mundo. Si nosotros no generamos instancias como esta, y no buscamos instancias para acercar los servicios, nuestra comunidad estar\u00eda perdida. Entonces que las universidades cumplan esta funci\u00f3n social y de pol\u00edticas publica me llena de orgullo\u201d, indic\u00f3 la alcaldesa Mualim.<\/strong><\/p>\n\n\n\n<p>Una de las vecinas que asisti\u00f3 al evento, Patricia Vallejos agreg\u00f3 que \u201ccomo mujeres tenemos que cuidarnos. Nosotras nos postergamos un poco, pero es tiempo de que tomemos estas herramientas que nos ofrecen\u201d.<\/p>\n","protected":false},"excerpt":{"rendered":"<p>El Centro de Pol\u00edticas P\u00fablicas e Innovaci\u00f3n en Salud (CIPS) dio a conocer a los vecinos de la comuna su proyecto de investigaci\u00f3n enfocado en la detecci\u00f3n precoz del c\u00e1ncer cervicouterino. El pasado viernes 15 de marzo, en el contexto del mes de la mujer y adelant\u00e1ndonos al D\u00eda Mundial de la Prevenci\u00f3n del C\u00e1ncer [&hellip;]<\/p>\n","protected":false},"author":9192240,"featured_media":2280,"comment_status":"closed","ping_status":"open","sticky":false,"template":"","format":"standard","meta":{"footnotes":""},"categories":[3],"tags":[],"class_list":["post-2268","post","type-post","status-publish","format-standard","has-post-thumbnail","hentry","category-noticias"],"yoast_head":"<!-- This site is optimized with the Yoast SEO plugin v26.9 - https:\/\/yoast.com\/product\/yoast-seo-wordpress\/ -->\n<title>En Mar\u00eda Pinto se realiz\u00f3 el lanzamiento del proyecto Fonis para la Autotoma vaginal a domicilio - Centro de Pol\u00edticas P\u00fablicas e Innovaci\u00f3n en Salud<\/title>\n<meta name=\"robots\" content=\"index, follow, max-snippet:-1, max-image-preview:large, max-video-preview:-1\" \/>\n<link rel=\"canonical\" href=\"https:\/\/gobierno.udd.cl\/cips\/2024\/03\/20\/lanzamiento-proyecto-fonis-autotoma-vaginal-a-domicilio-en-maria-pinto\/\" \/>\n<meta property=\"og:locale\" content=\"es_ES\" \/>\n<meta property=\"og:type\" content=\"article\" \/>\n<meta property=\"og:title\" content=\"En Mar\u00eda Pinto se realiz\u00f3 el lanzamiento del proyecto Fonis para la Autotoma vaginal a domicilio - Centro de Pol\u00edticas P\u00fablicas e Innovaci\u00f3n en Salud\" \/>\n<meta property=\"og:description\" content=\"El Centro de Pol\u00edticas P\u00fablicas e Innovaci\u00f3n en Salud (CIPS) dio a conocer a los vecinos de la comuna su proyecto de investigaci\u00f3n enfocado en la detecci\u00f3n precoz del c\u00e1ncer cervicouterino. El pasado viernes 15 de marzo, en el contexto del mes de la mujer y adelant\u00e1ndonos al D\u00eda Mundial de la Prevenci\u00f3n del C\u00e1ncer [&hellip;]\" \/>\n<meta property=\"og:url\" content=\"https:\/\/gobierno.udd.cl\/cips\/2024\/03\/20\/lanzamiento-proyecto-fonis-autotoma-vaginal-a-domicilio-en-maria-pinto\/\" \/>\n<meta property=\"og:site_name\" content=\"Centro de Pol\u00edticas P\u00fablicas e Innovaci\u00f3n en Salud\" \/>\n<meta property=\"article:publisher\" content=\"https:\/\/www.facebook.com\/CIPS.UDD\" \/>\n<meta property=\"article:published_time\" content=\"2024-03-20T20:02:47+00:00\" \/>\n<meta property=\"article:modified_time\" content=\"2024-03-21T11:33:04+00:00\" \/>\n<meta property=\"og:image\" content=\"https:\/\/gobierno.udd.cl\/cips\/files\/2024\/03\/whatsapp-image-2024-03-20-at-16-57-09.jpeg\" \/>\n\t<meta property=\"og:image:width\" content=\"1440\" \/>\n\t<meta property=\"og:image:height\" content=\"1080\" \/>\n\t<meta property=\"og:image:type\" content=\"image\/jpeg\" \/>\n<meta name=\"author\" content=\"claudiagodia\" \/>\n<meta name=\"twitter:card\" content=\"summary_large_image\" \/>\n<meta name=\"twitter:creator\" content=\"@CIPS_UDD\" \/>\n<meta name=\"twitter:site\" content=\"@CIPS_UDD\" \/>\n<meta name=\"twitter:label1\" content=\"Escrito por\" \/>\n\t<meta name=\"twitter:data1\" content=\"claudiagodia\" \/>\n\t<meta name=\"twitter:label2\" content=\"Tiempo de lectura\" \/>\n\t<meta name=\"twitter:data2\" content=\"4 minutos\" \/>\n<script type=\"application\/ld+json\" class=\"yoast-schema-graph\">{\"@context\":\"https:\/\/schema.org\",\"@graph\":[{\"@type\":\"Article\",\"@id\":\"https:\/\/gobierno.udd.cl\/cips\/2024\/03\/20\/lanzamiento-proyecto-fonis-autotoma-vaginal-a-domicilio-en-maria-pinto\/#article\",\"isPartOf\":{\"@id\":\"https:\/\/gobierno.udd.cl\/cips\/2024\/03\/20\/lanzamiento-proyecto-fonis-autotoma-vaginal-a-domicilio-en-maria-pinto\/\"},\"author\":{\"name\":\"claudiagodia\",\"@id\":\"https:\/\/gobierno.udd.cl\/cips\/#\/schema\/person\/a34b5db7e59307019967393aeeca7130\"},\"headline\":\"En Mar\u00eda Pinto se realiz\u00f3 el lanzamiento del proyecto Fonis para la Autotoma vaginal a domicilio\",\"datePublished\":\"2024-03-20T20:02:47+00:00\",\"dateModified\":\"2024-03-21T11:33:04+00:00\",\"mainEntityOfPage\":{\"@id\":\"https:\/\/gobierno.udd.cl\/cips\/2024\/03\/20\/lanzamiento-proyecto-fonis-autotoma-vaginal-a-domicilio-en-maria-pinto\/\"},\"wordCount\":505,\"image\":{\"@id\":\"https:\/\/gobierno.udd.cl\/cips\/2024\/03\/20\/lanzamiento-proyecto-fonis-autotoma-vaginal-a-domicilio-en-maria-pinto\/#primaryimage\"},\"thumbnailUrl\":\"https:\/\/gobierno.udd.cl\/cips\/files\/2024\/03\/whatsapp-image-2024-03-20-at-16-57-09.jpeg\",\"articleSection\":[\"Noticias\"],\"inLanguage\":\"es\"},{\"@type\":\"WebPage\",\"@id\":\"https:\/\/gobierno.udd.cl\/cips\/2024\/03\/20\/lanzamiento-proyecto-fonis-autotoma-vaginal-a-domicilio-en-maria-pinto\/\",\"url\":\"https:\/\/gobierno.udd.cl\/cips\/2024\/03\/20\/lanzamiento-proyecto-fonis-autotoma-vaginal-a-domicilio-en-maria-pinto\/\",\"name\":\"En Mar\u00eda Pinto se realiz\u00f3 el lanzamiento del proyecto Fonis para la Autotoma vaginal a domicilio - Centro de Pol\u00edticas P\u00fablicas e Innovaci\u00f3n en Salud\",\"isPartOf\":{\"@id\":\"https:\/\/gobierno.udd.cl\/cips\/#website\"},\"primaryImageOfPage\":{\"@id\":\"https:\/\/gobierno.udd.cl\/cips\/2024\/03\/20\/lanzamiento-proyecto-fonis-autotoma-vaginal-a-domicilio-en-maria-pinto\/#primaryimage\"},\"image\":{\"@id\":\"https:\/\/gobierno.udd.cl\/cips\/2024\/03\/20\/lanzamiento-proyecto-fonis-autotoma-vaginal-a-domicilio-en-maria-pinto\/#primaryimage\"},\"thumbnailUrl\":\"https:\/\/gobierno.udd.cl\/cips\/files\/2024\/03\/whatsapp-image-2024-03-20-at-16-57-09.jpeg\",\"datePublished\":\"2024-03-20T20:02:47+00:00\",\"dateModified\":\"2024-03-21T11:33:04+00:00\",\"author\":{\"@id\":\"https:\/\/gobierno.udd.cl\/cips\/#\/schema\/person\/a34b5db7e59307019967393aeeca7130\"},\"breadcrumb\":{\"@id\":\"https:\/\/gobierno.udd.cl\/cips\/2024\/03\/20\/lanzamiento-proyecto-fonis-autotoma-vaginal-a-domicilio-en-maria-pinto\/#breadcrumb\"},\"inLanguage\":\"es\",\"potentialAction\":[{\"@type\":\"ReadAction\",\"target\":[\"https:\/\/gobierno.udd.cl\/cips\/2024\/03\/20\/lanzamiento-proyecto-fonis-autotoma-vaginal-a-domicilio-en-maria-pinto\/\"]}]},{\"@type\":\"ImageObject\",\"inLanguage\":\"es\",\"@id\":\"https:\/\/gobierno.udd.cl\/cips\/2024\/03\/20\/lanzamiento-proyecto-fonis-autotoma-vaginal-a-domicilio-en-maria-pinto\/#primaryimage\",\"url\":\"https:\/\/gobierno.udd.cl\/cips\/files\/2024\/03\/whatsapp-image-2024-03-20-at-16-57-09.jpeg\",\"contentUrl\":\"https:\/\/gobierno.udd.cl\/cips\/files\/2024\/03\/whatsapp-image-2024-03-20-at-16-57-09.jpeg\",\"width\":1440,\"height\":1080},{\"@type\":\"BreadcrumbList\",\"@id\":\"https:\/\/gobierno.udd.cl\/cips\/2024\/03\/20\/lanzamiento-proyecto-fonis-autotoma-vaginal-a-domicilio-en-maria-pinto\/#breadcrumb\",\"itemListElement\":[{\"@type\":\"ListItem\",\"position\":1,\"name\":\"Portada\",\"item\":\"https:\/\/gobierno.udd.cl\/cips\/\"},{\"@type\":\"ListItem\",\"position\":2,\"name\":\"En Mar\u00eda Pinto se realiz\u00f3 el lanzamiento del proyecto Fonis para la Autotoma vaginal a domicilio\"}]},{\"@type\":\"WebSite\",\"@id\":\"https:\/\/gobierno.udd.cl\/cips\/#website\",\"url\":\"https:\/\/gobierno.udd.cl\/cips\/\",\"name\":\"Centro de Pol\u00edticas P\u00fablicas e Innovaci\u00f3n en Salud\",\"description\":\"CIPS-UDD\",\"inLanguage\":\"es\"},{\"@type\":\"Person\",\"@id\":\"https:\/\/gobierno.udd.cl\/cips\/#\/schema\/person\/a34b5db7e59307019967393aeeca7130\",\"name\":\"claudiagodia\",\"image\":{\"@type\":\"ImageObject\",\"inLanguage\":\"es\",\"@id\":\"https:\/\/gobierno.udd.cl\/cips\/#\/schema\/person\/image\/\",\"url\":\"https:\/\/secure.gravatar.com\/avatar\/c7c585f20c9cd5b1fc8956abfd060f1af449288eb4e630466a5a53a84641a9ca?s=96&d=mm&r=g\",\"contentUrl\":\"https:\/\/secure.gravatar.com\/avatar\/c7c585f20c9cd5b1fc8956abfd060f1af449288eb4e630466a5a53a84641a9ca?s=96&d=mm&r=g\",\"caption\":\"claudiagodia\"},\"url\":\"https:\/\/gobierno.udd.cl\/cips\/author\/claudiagodia\/\"}]}<\/script>\n<!-- \/ Yoast SEO plugin. -->","yoast_head_json":{"title":"En Mar\u00eda Pinto se realiz\u00f3 el lanzamiento del proyecto Fonis para la Autotoma vaginal a domicilio - Centro de Pol\u00edticas P\u00fablicas e Innovaci\u00f3n en Salud","robots":{"index":"index","follow":"follow","max-snippet":"max-snippet:-1","max-image-preview":"max-image-preview:large","max-video-preview":"max-video-preview:-1"},"canonical":"https:\/\/gobierno.udd.cl\/cips\/2024\/03\/20\/lanzamiento-proyecto-fonis-autotoma-vaginal-a-domicilio-en-maria-pinto\/","og_locale":"es_ES","og_type":"article","og_title":"En Mar\u00eda Pinto se realiz\u00f3 el lanzamiento del proyecto Fonis para la Autotoma vaginal a domicilio - Centro de Pol\u00edticas P\u00fablicas e Innovaci\u00f3n en Salud","og_description":"El Centro de Pol\u00edticas P\u00fablicas e Innovaci\u00f3n en Salud (CIPS) dio a conocer a los vecinos de la comuna su proyecto de investigaci\u00f3n enfocado en la detecci\u00f3n precoz del c\u00e1ncer cervicouterino. El pasado viernes 15 de marzo, en el contexto del mes de la mujer y adelant\u00e1ndonos al D\u00eda Mundial de la Prevenci\u00f3n del C\u00e1ncer [&hellip;]","og_url":"https:\/\/gobierno.udd.cl\/cips\/2024\/03\/20\/lanzamiento-proyecto-fonis-autotoma-vaginal-a-domicilio-en-maria-pinto\/","og_site_name":"Centro de Pol\u00edticas P\u00fablicas e Innovaci\u00f3n en Salud","article_publisher":"https:\/\/www.facebook.com\/CIPS.UDD","article_published_time":"2024-03-20T20:02:47+00:00","article_modified_time":"2024-03-21T11:33:04+00:00","og_image":[{"width":1440,"height":1080,"url":"https:\/\/gobierno.udd.cl\/cips\/files\/2024\/03\/whatsapp-image-2024-03-20-at-16-57-09.jpeg","type":"image\/jpeg"}],"author":"claudiagodia","twitter_card":"summary_large_image","twitter_creator":"@CIPS_UDD","twitter_site":"@CIPS_UDD","twitter_misc":{"Escrito por":"claudiagodia","Tiempo de lectura":"4 minutos"},"schema":{"@context":"https:\/\/schema.org","@graph":[{"@type":"Article","@id":"https:\/\/gobierno.udd.cl\/cips\/2024\/03\/20\/lanzamiento-proyecto-fonis-autotoma-vaginal-a-domicilio-en-maria-pinto\/#article","isPartOf":{"@id":"https:\/\/gobierno.udd.cl\/cips\/2024\/03\/20\/lanzamiento-proyecto-fonis-autotoma-vaginal-a-domicilio-en-maria-pinto\/"},"author":{"name":"claudiagodia","@id":"https:\/\/gobierno.udd.cl\/cips\/#\/schema\/person\/a34b5db7e59307019967393aeeca7130"},"headline":"En Mar\u00eda Pinto se realiz\u00f3 el lanzamiento del proyecto Fonis para la Autotoma vaginal a domicilio","datePublished":"2024-03-20T20:02:47+00:00","dateModified":"2024-03-21T11:33:04+00:00","mainEntityOfPage":{"@id":"https:\/\/gobierno.udd.cl\/cips\/2024\/03\/20\/lanzamiento-proyecto-fonis-autotoma-vaginal-a-domicilio-en-maria-pinto\/"},"wordCount":505,"image":{"@id":"https:\/\/gobierno.udd.cl\/cips\/2024\/03\/20\/lanzamiento-proyecto-fonis-autotoma-vaginal-a-domicilio-en-maria-pinto\/#primaryimage"},"thumbnailUrl":"https:\/\/gobierno.udd.cl\/cips\/files\/2024\/03\/whatsapp-image-2024-03-20-at-16-57-09.jpeg","articleSection":["Noticias"],"inLanguage":"es"},{"@type":"WebPage","@id":"https:\/\/gobierno.udd.cl\/cips\/2024\/03\/20\/lanzamiento-proyecto-fonis-autotoma-vaginal-a-domicilio-en-maria-pinto\/","url":"https:\/\/gobierno.udd.cl\/cips\/2024\/03\/20\/lanzamiento-proyecto-fonis-autotoma-vaginal-a-domicilio-en-maria-pinto\/","name":"En Mar\u00eda Pinto se realiz\u00f3 el lanzamiento del proyecto Fonis para la Autotoma vaginal a domicilio - Centro de Pol\u00edticas P\u00fablicas e Innovaci\u00f3n en Salud","isPartOf":{"@id":"https:\/\/gobierno.udd.cl\/cips\/#website"},"primaryImageOfPage":{"@id":"https:\/\/gobierno.udd.cl\/cips\/2024\/03\/20\/lanzamiento-proyecto-fonis-autotoma-vaginal-a-domicilio-en-maria-pinto\/#primaryimage"},"image":{"@id":"https:\/\/gobierno.udd.cl\/cips\/2024\/03\/20\/lanzamiento-proyecto-fonis-autotoma-vaginal-a-domicilio-en-maria-pinto\/#primaryimage"},"thumbnailUrl":"https:\/\/gobierno.udd.cl\/cips\/files\/2024\/03\/whatsapp-image-2024-03-20-at-16-57-09.jpeg","datePublished":"2024-03-20T20:02:47+00:00","dateModified":"2024-03-21T11:33:04+00:00","author":{"@id":"https:\/\/gobierno.udd.cl\/cips\/#\/schema\/person\/a34b5db7e59307019967393aeeca7130"},"breadcrumb":{"@id":"https:\/\/gobierno.udd.cl\/cips\/2024\/03\/20\/lanzamiento-proyecto-fonis-autotoma-vaginal-a-domicilio-en-maria-pinto\/#breadcrumb"},"inLanguage":"es","potentialAction":[{"@type":"ReadAction","target":["https:\/\/gobierno.udd.cl\/cips\/2024\/03\/20\/lanzamiento-proyecto-fonis-autotoma-vaginal-a-domicilio-en-maria-pinto\/"]}]},{"@type":"ImageObject","inLanguage":"es","@id":"https:\/\/gobierno.udd.cl\/cips\/2024\/03\/20\/lanzamiento-proyecto-fonis-autotoma-vaginal-a-domicilio-en-maria-pinto\/#primaryimage","url":"https:\/\/gobierno.udd.cl\/cips\/files\/2024\/03\/whatsapp-image-2024-03-20-at-16-57-09.jpeg","contentUrl":"https:\/\/gobierno.udd.cl\/cips\/files\/2024\/03\/whatsapp-image-2024-03-20-at-16-57-09.jpeg","width":1440,"height":1080},{"@type":"BreadcrumbList","@id":"https:\/\/gobierno.udd.cl\/cips\/2024\/03\/20\/lanzamiento-proyecto-fonis-autotoma-vaginal-a-domicilio-en-maria-pinto\/#breadcrumb","itemListElement":[{"@type":"ListItem","position":1,"name":"Portada","item":"https:\/\/gobierno.udd.cl\/cips\/"},{"@type":"ListItem","position":2,"name":"En Mar\u00eda Pinto se realiz\u00f3 el lanzamiento del proyecto Fonis para la Autotoma vaginal a domicilio"}]},{"@type":"WebSite","@id":"https:\/\/gobierno.udd.cl\/cips\/#website","url":"https:\/\/gobierno.udd.cl\/cips\/","name":"Centro de Pol\u00edticas P\u00fablicas e Innovaci\u00f3n en Salud","description":"CIPS-UDD","inLanguage":"es"},{"@type":"Person","@id":"https:\/\/gobierno.udd.cl\/cips\/#\/schema\/person\/a34b5db7e59307019967393aeeca7130","name":"claudiagodia","image":{"@type":"ImageObject","inLanguage":"es","@id":"https:\/\/gobierno.udd.cl\/cips\/#\/schema\/person\/image\/","url":"https:\/\/secure.gravatar.com\/avatar\/c7c585f20c9cd5b1fc8956abfd060f1af449288eb4e630466a5a53a84641a9ca?s=96&d=mm&r=g","contentUrl":"https:\/\/secure.gravatar.com\/avatar\/c7c585f20c9cd5b1fc8956abfd060f1af449288eb4e630466a5a53a84641a9ca?s=96&d=mm&r=g","caption":"claudiagodia"},"url":"https:\/\/gobierno.udd.cl\/cips\/author\/claudiagodia\/"}]}},"featured_image_url":"https:\/\/gobierno.udd.cl\/cips\/files\/2024\/03\/whatsapp-image-2024-03-20-at-16-57-09.jpeg","_links":{"self":[{"href":"https:\/\/gobierno.udd.cl\/cips\/wp-json\/wp\/v2\/posts\/2268","targetHints":{"allow":["GET"]}}],"collection":[{"href":"https:\/\/gobierno.udd.cl\/cips\/wp-json\/wp\/v2\/posts"}],"about":[{"href":"https:\/\/gobierno.udd.cl\/cips\/wp-json\/wp\/v2\/types\/post"}],"author":[{"embeddable":true,"href":"https:\/\/gobierno.udd.cl\/cips\/wp-json\/wp\/v2\/users\/9192240"}],"replies":[{"embeddable":true,"href":"https:\/\/gobierno.udd.cl\/cips\/wp-json\/wp\/v2\/comments?post=2268"}],"version-history":[{"count":2,"href":"https:\/\/gobierno.udd.cl\/cips\/wp-json\/wp\/v2\/posts\/2268\/revisions"}],"predecessor-version":[{"id":2295,"href":"https:\/\/gobierno.udd.cl\/cips\/wp-json\/wp\/v2\/posts\/2268\/revisions\/2295"}],"wp:featuredmedia":[{"embeddable":true,"href":"https:\/\/gobierno.udd.cl\/cips\/wp-json\/wp\/v2\/media\/2280"}],"wp:attachment":[{"href":"https:\/\/gobierno.udd.cl\/cips\/wp-json\/wp\/v2\/media?parent=2268"}],"wp:term":[{"taxonomy":"category","embeddable":true,"href":"https:\/\/gobierno.udd.cl\/cips\/wp-json\/wp\/v2\/categories?post=2268"},{"taxonomy":"post_tag","embeddable":true,"href":"https:\/\/gobierno.udd.cl\/cips\/wp-json\/wp\/v2\/tags?post=2268"}],"curies":[{"name":"wp","href":"https:\/\/api.w.org\/{rel}","templated":true}]}}