{"id":2196,"date":"2024-03-11T15:25:16","date_gmt":"2024-03-11T18:25:16","guid":{"rendered":"https:\/\/gobierno.udd.cl\/cips\/?p=2196"},"modified":"2024-03-13T10:03:24","modified_gmt":"2024-03-13T13:03:24","slug":"cancer-de-mama-y-cervicouterino-encabezan-lista-de-retrasos-ges-en-esta-enfermedad","status":"publish","type":"post","link":"https:\/\/gobierno.udd.cl\/cips\/2024\/03\/11\/cancer-de-mama-y-cervicouterino-encabezan-lista-de-retrasos-ges-en-esta-enfermedad\/","title":{"rendered":"C\u00e1ncer de mama y cervicouterino encabezan lista de retrasos GES en esta enfermedad"},"content":{"rendered":"\n<p><em>De un total de 15.699 garant\u00edas atrasadas, 4.142 corresponden a c\u00e1ncer de mama y 3.353 a c\u00e1ncer cervicouterino.\u00a0<\/em><\/p>\n\n\n\n<p>Un nuevo informe realizado por el Centro de Pol\u00edticas P\u00fablicas e Innovaci\u00f3n en Salud (CIPS) de la Facultad de Gobierno de la Universidad del Desarrollo, encontr\u00f3 que las garant\u00edas retrasadas que ata\u00f1en a las mujeres ocupan los dos primeros lugares en los atrasos, donde el c\u00e1ncer de mama se posiciona en primer lugar en la lista de espera GES de c\u00e1ncer, con 4.142 garant\u00edas atrasadas, seguido del c\u00e1ncer cervicouterino con 3.353 atrasos. &nbsp;<\/p>\n\n\n\n<p>A trav\u00e9s de datos obtenidos por transparencia, el informe muestra que entre el \u00faltimo trimestre del 2022 y el \u00faltimo trimestre del 2023 (con datos actualizados hasta el 31 de diciembre), las prestaciones GES relacionadas con c\u00e1ncer aumentaron en un 16,56%, pasando de 13.469 a 15.699 prestaciones en espera. A los c\u00e1nceres de mama y cervicouterino, le siguen en tercer lugar, el c\u00e1ncer colorrectal con 2.902 prestaciones en espera, luego el c\u00e1ncer g\u00e1strico con 1.297 atrasos, y el c\u00e1ncer de pr\u00f3stata con 1.084 garant\u00edas retrasadas.<\/p>\n\n\n\n<p>A pesar de ubicarse en los primeros lugares de los retrasos, se observ\u00f3 que los casos en el c\u00e1ncer cervicouterino disminuyeron en un 22,85% (de 4.346 a 3.353). Sin embargo, el c\u00e1ncer de mama que est\u00e1 primero en retrasos, aument\u00f3 en un 48,19%, pasando de 2.795 a 4.142 prestaciones pendientes.<\/p>\n\n\n\n<p>El informe tambi\u00e9n abord\u00f3 la evaluaci\u00f3n de los retrasos por regi\u00f3n, identificando las \u00e1reas con la mayor cantidad de prestaciones en espera relacionadas con el c\u00e1ncer cervicouterino y el c\u00e1ncer de mama. En el caso del c\u00e1ncer cervicouterino, las regiones con mayor cantidad de garant\u00edas atrasadas son: Metropolitana (26%), Maule (15,5%), Valpara\u00edso (15%), Araucan\u00eda (13%) y O\u2019Higgins (7%). Por otro lado, en cuanto al c\u00e1ncer de mama, las regiones con mayor n\u00famero de garant\u00edas pendientes son: Metropolitana (36%), Biob\u00edo (14%), Valpara\u00edso (12%), O\u2019Higgins (11%) y Araucan\u00eda (8%). Al evaluar ambos casos, se destaca que se repiten las mismas cinco regiones en ambas categor\u00edas GES.<\/p>\n\n\n\n<p>Sumado a esto, el estudio de CIPS analiza las intervenciones sanitarias de las prestaciones en espera durante el a\u00f1o 2023, tanto para el c\u00e1ncer cervicouterino como para el c\u00e1ncer de mama. En el caso del c\u00e1ncer cervicouterino, se observa que el 57% de los atrasos corresponden al diagn\u00f3stico (1.916 casos), el 24% al tamizaje (801 casos), el 17% al tratamiento (558 casos) y el 2% al seguimiento (78 casos). En cuanto al c\u00e1ncer de mama, se encontr\u00f3 que el 68,6% de las garant\u00edas en espera se relacionan con el diagn\u00f3stico (2.841 casos), el 31% con el tratamiento (1.284 casos) y solo el 0,4% con el seguimiento (17 casos).<\/p>\n\n\n\n<p><strong><em>\u201cEs de suma urgencia que se establezca una estrategia nacional con foco en diagn\u00f3stico en el c\u00e1ncer de mama y c\u00e1ncer cervicouterino para disminuir tanto en d\u00edas como en cantidad de prestaciones retrasadas. Se debe priorizar la atenci\u00f3n de diagn\u00f3stico y tratamiento de estas enfermedades, sobre todo en las regiones con mayor cantidad de retrasos\u201d<\/em><\/strong>, destaca Paula Daza, directora ejecutiva de CIPS-UDD.<\/p>\n\n\n\n<p>Ver informe completo <a href=\"https:\/\/gobierno.udd.cl\/cips\/files\/2024\/03\/retrasos-de-prestaciones-ges-en-cancer.pdf\">aqu\u00ed<\/a>.<\/p>\n","protected":false},"excerpt":{"rendered":"<p>De un total de 15.699 garant\u00edas atrasadas, 4.142 corresponden a c\u00e1ncer de mama y 3.353 a c\u00e1ncer cervicouterino.\u00a0 Un nuevo informe realizado por el Centro de Pol\u00edticas P\u00fablicas e Innovaci\u00f3n en Salud (CIPS) de la Facultad de Gobierno de la Universidad del Desarrollo, encontr\u00f3 que las garant\u00edas retrasadas que ata\u00f1en a las mujeres ocupan los [&hellip;]<\/p>\n","protected":false},"author":9192236,"featured_media":2205,"comment_status":"closed","ping_status":"open","sticky":false,"template":"","format":"standard","meta":{"footnotes":""},"categories":[3],"tags":[],"class_list":["post-2196","post","type-post","status-publish","format-standard","has-post-thumbnail","hentry","category-noticias"],"yoast_head":"<!-- This site is optimized with the Yoast SEO plugin v26.9 - https:\/\/yoast.com\/product\/yoast-seo-wordpress\/ -->\n<title>C\u00e1ncer de mama y cervicouterino encabezan lista de retrasos GES en esta enfermedad - Centro de Pol\u00edticas P\u00fablicas e Innovaci\u00f3n en Salud<\/title>\n<meta name=\"robots\" content=\"index, follow, max-snippet:-1, max-image-preview:large, max-video-preview:-1\" \/>\n<link rel=\"canonical\" href=\"https:\/\/gobierno.udd.cl\/cips\/2024\/03\/11\/cancer-de-mama-y-cervicouterino-encabezan-lista-de-retrasos-ges-en-esta-enfermedad\/\" \/>\n<meta property=\"og:locale\" content=\"es_ES\" \/>\n<meta property=\"og:type\" content=\"article\" \/>\n<meta property=\"og:title\" content=\"C\u00e1ncer de mama y cervicouterino encabezan lista de retrasos GES en esta enfermedad - Centro de Pol\u00edticas P\u00fablicas e Innovaci\u00f3n en Salud\" \/>\n<meta property=\"og:description\" content=\"De un total de 15.699 garant\u00edas atrasadas, 4.142 corresponden a c\u00e1ncer de mama y 3.353 a c\u00e1ncer cervicouterino.\u00a0 Un nuevo informe realizado por el Centro de Pol\u00edticas P\u00fablicas e Innovaci\u00f3n en Salud (CIPS) de la Facultad de Gobierno de la Universidad del Desarrollo, encontr\u00f3 que las garant\u00edas retrasadas que ata\u00f1en a las mujeres ocupan los [&hellip;]\" \/>\n<meta property=\"og:url\" content=\"https:\/\/gobierno.udd.cl\/cips\/2024\/03\/11\/cancer-de-mama-y-cervicouterino-encabezan-lista-de-retrasos-ges-en-esta-enfermedad\/\" \/>\n<meta property=\"og:site_name\" content=\"Centro de Pol\u00edticas P\u00fablicas e Innovaci\u00f3n en Salud\" \/>\n<meta property=\"article:publisher\" content=\"https:\/\/www.facebook.com\/CIPS.UDD\" \/>\n<meta property=\"article:published_time\" content=\"2024-03-11T18:25:16+00:00\" \/>\n<meta property=\"article:modified_time\" content=\"2024-03-13T13:03:24+00:00\" \/>\n<meta property=\"og:image\" content=\"https:\/\/gobierno.udd.cl\/cips\/files\/2024\/03\/image-2.png\" \/>\n\t<meta property=\"og:image:width\" content=\"1380\" \/>\n\t<meta property=\"og:image:height\" content=\"921\" \/>\n\t<meta property=\"og:image:type\" content=\"image\/png\" \/>\n<meta name=\"author\" content=\"ccararo\" \/>\n<meta name=\"twitter:card\" content=\"summary_large_image\" \/>\n<meta name=\"twitter:creator\" content=\"@CIPS_UDD\" \/>\n<meta name=\"twitter:site\" content=\"@CIPS_UDD\" \/>\n<meta name=\"twitter:label1\" content=\"Escrito por\" \/>\n\t<meta name=\"twitter:data1\" content=\"ccararo\" \/>\n\t<meta name=\"twitter:label2\" content=\"Tiempo de lectura\" \/>\n\t<meta name=\"twitter:data2\" content=\"3 minutos\" \/>\n<script type=\"application\/ld+json\" class=\"yoast-schema-graph\">{\"@context\":\"https:\/\/schema.org\",\"@graph\":[{\"@type\":\"Article\",\"@id\":\"https:\/\/gobierno.udd.cl\/cips\/2024\/03\/11\/cancer-de-mama-y-cervicouterino-encabezan-lista-de-retrasos-ges-en-esta-enfermedad\/#article\",\"isPartOf\":{\"@id\":\"https:\/\/gobierno.udd.cl\/cips\/2024\/03\/11\/cancer-de-mama-y-cervicouterino-encabezan-lista-de-retrasos-ges-en-esta-enfermedad\/\"},\"author\":{\"name\":\"ccararo\",\"@id\":\"https:\/\/gobierno.udd.cl\/cips\/#\/schema\/person\/9d509bb16e7d8299d075f0e90b5d7d00\"},\"headline\":\"C\u00e1ncer de mama y cervicouterino encabezan lista de retrasos GES en esta enfermedad\",\"datePublished\":\"2024-03-11T18:25:16+00:00\",\"dateModified\":\"2024-03-13T13:03:24+00:00\",\"mainEntityOfPage\":{\"@id\":\"https:\/\/gobierno.udd.cl\/cips\/2024\/03\/11\/cancer-de-mama-y-cervicouterino-encabezan-lista-de-retrasos-ges-en-esta-enfermedad\/\"},\"wordCount\":528,\"image\":{\"@id\":\"https:\/\/gobierno.udd.cl\/cips\/2024\/03\/11\/cancer-de-mama-y-cervicouterino-encabezan-lista-de-retrasos-ges-en-esta-enfermedad\/#primaryimage\"},\"thumbnailUrl\":\"https:\/\/gobierno.udd.cl\/cips\/files\/2024\/03\/image-2.png\",\"articleSection\":[\"Noticias\"],\"inLanguage\":\"es\"},{\"@type\":\"WebPage\",\"@id\":\"https:\/\/gobierno.udd.cl\/cips\/2024\/03\/11\/cancer-de-mama-y-cervicouterino-encabezan-lista-de-retrasos-ges-en-esta-enfermedad\/\",\"url\":\"https:\/\/gobierno.udd.cl\/cips\/2024\/03\/11\/cancer-de-mama-y-cervicouterino-encabezan-lista-de-retrasos-ges-en-esta-enfermedad\/\",\"name\":\"C\u00e1ncer de mama y cervicouterino encabezan lista de retrasos GES en esta enfermedad - Centro de Pol\u00edticas P\u00fablicas e Innovaci\u00f3n en Salud\",\"isPartOf\":{\"@id\":\"https:\/\/gobierno.udd.cl\/cips\/#website\"},\"primaryImageOfPage\":{\"@id\":\"https:\/\/gobierno.udd.cl\/cips\/2024\/03\/11\/cancer-de-mama-y-cervicouterino-encabezan-lista-de-retrasos-ges-en-esta-enfermedad\/#primaryimage\"},\"image\":{\"@id\":\"https:\/\/gobierno.udd.cl\/cips\/2024\/03\/11\/cancer-de-mama-y-cervicouterino-encabezan-lista-de-retrasos-ges-en-esta-enfermedad\/#primaryimage\"},\"thumbnailUrl\":\"https:\/\/gobierno.udd.cl\/cips\/files\/2024\/03\/image-2.png\",\"datePublished\":\"2024-03-11T18:25:16+00:00\",\"dateModified\":\"2024-03-13T13:03:24+00:00\",\"author\":{\"@id\":\"https:\/\/gobierno.udd.cl\/cips\/#\/schema\/person\/9d509bb16e7d8299d075f0e90b5d7d00\"},\"breadcrumb\":{\"@id\":\"https:\/\/gobierno.udd.cl\/cips\/2024\/03\/11\/cancer-de-mama-y-cervicouterino-encabezan-lista-de-retrasos-ges-en-esta-enfermedad\/#breadcrumb\"},\"inLanguage\":\"es\",\"potentialAction\":[{\"@type\":\"ReadAction\",\"target\":[\"https:\/\/gobierno.udd.cl\/cips\/2024\/03\/11\/cancer-de-mama-y-cervicouterino-encabezan-lista-de-retrasos-ges-en-esta-enfermedad\/\"]}]},{\"@type\":\"ImageObject\",\"inLanguage\":\"es\",\"@id\":\"https:\/\/gobierno.udd.cl\/cips\/2024\/03\/11\/cancer-de-mama-y-cervicouterino-encabezan-lista-de-retrasos-ges-en-esta-enfermedad\/#primaryimage\",\"url\":\"https:\/\/gobierno.udd.cl\/cips\/files\/2024\/03\/image-2.png\",\"contentUrl\":\"https:\/\/gobierno.udd.cl\/cips\/files\/2024\/03\/image-2.png\",\"width\":1380,\"height\":921},{\"@type\":\"BreadcrumbList\",\"@id\":\"https:\/\/gobierno.udd.cl\/cips\/2024\/03\/11\/cancer-de-mama-y-cervicouterino-encabezan-lista-de-retrasos-ges-en-esta-enfermedad\/#breadcrumb\",\"itemListElement\":[{\"@type\":\"ListItem\",\"position\":1,\"name\":\"Portada\",\"item\":\"https:\/\/gobierno.udd.cl\/cips\/\"},{\"@type\":\"ListItem\",\"position\":2,\"name\":\"C\u00e1ncer de mama y cervicouterino encabezan lista de retrasos GES en esta enfermedad\"}]},{\"@type\":\"WebSite\",\"@id\":\"https:\/\/gobierno.udd.cl\/cips\/#website\",\"url\":\"https:\/\/gobierno.udd.cl\/cips\/\",\"name\":\"Centro de Pol\u00edticas P\u00fablicas e Innovaci\u00f3n en Salud\",\"description\":\"CIPS-UDD\",\"inLanguage\":\"es\"},{\"@type\":\"Person\",\"@id\":\"https:\/\/gobierno.udd.cl\/cips\/#\/schema\/person\/9d509bb16e7d8299d075f0e90b5d7d00\",\"name\":\"ccararo\",\"image\":{\"@type\":\"ImageObject\",\"inLanguage\":\"es\",\"@id\":\"https:\/\/gobierno.udd.cl\/cips\/#\/schema\/person\/image\/\",\"url\":\"https:\/\/secure.gravatar.com\/avatar\/fe809aec6c8a49b41db481a62d9671eec512578ac25cf41f7420b8069513828c?s=96&d=mm&r=g\",\"contentUrl\":\"https:\/\/secure.gravatar.com\/avatar\/fe809aec6c8a49b41db481a62d9671eec512578ac25cf41f7420b8069513828c?s=96&d=mm&r=g\",\"caption\":\"ccararo\"},\"url\":\"https:\/\/gobierno.udd.cl\/cips\/author\/ccararo\/\"}]}<\/script>\n<!-- \/ Yoast SEO plugin. -->","yoast_head_json":{"title":"C\u00e1ncer de mama y cervicouterino encabezan lista de retrasos GES en esta enfermedad - Centro de Pol\u00edticas P\u00fablicas e Innovaci\u00f3n en Salud","robots":{"index":"index","follow":"follow","max-snippet":"max-snippet:-1","max-image-preview":"max-image-preview:large","max-video-preview":"max-video-preview:-1"},"canonical":"https:\/\/gobierno.udd.cl\/cips\/2024\/03\/11\/cancer-de-mama-y-cervicouterino-encabezan-lista-de-retrasos-ges-en-esta-enfermedad\/","og_locale":"es_ES","og_type":"article","og_title":"C\u00e1ncer de mama y cervicouterino encabezan lista de retrasos GES en esta enfermedad - Centro de Pol\u00edticas P\u00fablicas e Innovaci\u00f3n en Salud","og_description":"De un total de 15.699 garant\u00edas atrasadas, 4.142 corresponden a c\u00e1ncer de mama y 3.353 a c\u00e1ncer cervicouterino.\u00a0 Un nuevo informe realizado por el Centro de Pol\u00edticas P\u00fablicas e Innovaci\u00f3n en Salud (CIPS) de la Facultad de Gobierno de la Universidad del Desarrollo, encontr\u00f3 que las garant\u00edas retrasadas que ata\u00f1en a las mujeres ocupan los [&hellip;]","og_url":"https:\/\/gobierno.udd.cl\/cips\/2024\/03\/11\/cancer-de-mama-y-cervicouterino-encabezan-lista-de-retrasos-ges-en-esta-enfermedad\/","og_site_name":"Centro de Pol\u00edticas P\u00fablicas e Innovaci\u00f3n en Salud","article_publisher":"https:\/\/www.facebook.com\/CIPS.UDD","article_published_time":"2024-03-11T18:25:16+00:00","article_modified_time":"2024-03-13T13:03:24+00:00","og_image":[{"width":1380,"height":921,"url":"https:\/\/gobierno.udd.cl\/cips\/files\/2024\/03\/image-2.png","type":"image\/png"}],"author":"ccararo","twitter_card":"summary_large_image","twitter_creator":"@CIPS_UDD","twitter_site":"@CIPS_UDD","twitter_misc":{"Escrito por":"ccararo","Tiempo de lectura":"3 minutos"},"schema":{"@context":"https:\/\/schema.org","@graph":[{"@type":"Article","@id":"https:\/\/gobierno.udd.cl\/cips\/2024\/03\/11\/cancer-de-mama-y-cervicouterino-encabezan-lista-de-retrasos-ges-en-esta-enfermedad\/#article","isPartOf":{"@id":"https:\/\/gobierno.udd.cl\/cips\/2024\/03\/11\/cancer-de-mama-y-cervicouterino-encabezan-lista-de-retrasos-ges-en-esta-enfermedad\/"},"author":{"name":"ccararo","@id":"https:\/\/gobierno.udd.cl\/cips\/#\/schema\/person\/9d509bb16e7d8299d075f0e90b5d7d00"},"headline":"C\u00e1ncer de mama y cervicouterino encabezan lista de retrasos GES en esta enfermedad","datePublished":"2024-03-11T18:25:16+00:00","dateModified":"2024-03-13T13:03:24+00:00","mainEntityOfPage":{"@id":"https:\/\/gobierno.udd.cl\/cips\/2024\/03\/11\/cancer-de-mama-y-cervicouterino-encabezan-lista-de-retrasos-ges-en-esta-enfermedad\/"},"wordCount":528,"image":{"@id":"https:\/\/gobierno.udd.cl\/cips\/2024\/03\/11\/cancer-de-mama-y-cervicouterino-encabezan-lista-de-retrasos-ges-en-esta-enfermedad\/#primaryimage"},"thumbnailUrl":"https:\/\/gobierno.udd.cl\/cips\/files\/2024\/03\/image-2.png","articleSection":["Noticias"],"inLanguage":"es"},{"@type":"WebPage","@id":"https:\/\/gobierno.udd.cl\/cips\/2024\/03\/11\/cancer-de-mama-y-cervicouterino-encabezan-lista-de-retrasos-ges-en-esta-enfermedad\/","url":"https:\/\/gobierno.udd.cl\/cips\/2024\/03\/11\/cancer-de-mama-y-cervicouterino-encabezan-lista-de-retrasos-ges-en-esta-enfermedad\/","name":"C\u00e1ncer de mama y cervicouterino encabezan lista de retrasos GES en esta enfermedad - Centro de Pol\u00edticas P\u00fablicas e Innovaci\u00f3n en Salud","isPartOf":{"@id":"https:\/\/gobierno.udd.cl\/cips\/#website"},"primaryImageOfPage":{"@id":"https:\/\/gobierno.udd.cl\/cips\/2024\/03\/11\/cancer-de-mama-y-cervicouterino-encabezan-lista-de-retrasos-ges-en-esta-enfermedad\/#primaryimage"},"image":{"@id":"https:\/\/gobierno.udd.cl\/cips\/2024\/03\/11\/cancer-de-mama-y-cervicouterino-encabezan-lista-de-retrasos-ges-en-esta-enfermedad\/#primaryimage"},"thumbnailUrl":"https:\/\/gobierno.udd.cl\/cips\/files\/2024\/03\/image-2.png","datePublished":"2024-03-11T18:25:16+00:00","dateModified":"2024-03-13T13:03:24+00:00","author":{"@id":"https:\/\/gobierno.udd.cl\/cips\/#\/schema\/person\/9d509bb16e7d8299d075f0e90b5d7d00"},"breadcrumb":{"@id":"https:\/\/gobierno.udd.cl\/cips\/2024\/03\/11\/cancer-de-mama-y-cervicouterino-encabezan-lista-de-retrasos-ges-en-esta-enfermedad\/#breadcrumb"},"inLanguage":"es","potentialAction":[{"@type":"ReadAction","target":["https:\/\/gobierno.udd.cl\/cips\/2024\/03\/11\/cancer-de-mama-y-cervicouterino-encabezan-lista-de-retrasos-ges-en-esta-enfermedad\/"]}]},{"@type":"ImageObject","inLanguage":"es","@id":"https:\/\/gobierno.udd.cl\/cips\/2024\/03\/11\/cancer-de-mama-y-cervicouterino-encabezan-lista-de-retrasos-ges-en-esta-enfermedad\/#primaryimage","url":"https:\/\/gobierno.udd.cl\/cips\/files\/2024\/03\/image-2.png","contentUrl":"https:\/\/gobierno.udd.cl\/cips\/files\/2024\/03\/image-2.png","width":1380,"height":921},{"@type":"BreadcrumbList","@id":"https:\/\/gobierno.udd.cl\/cips\/2024\/03\/11\/cancer-de-mama-y-cervicouterino-encabezan-lista-de-retrasos-ges-en-esta-enfermedad\/#breadcrumb","itemListElement":[{"@type":"ListItem","position":1,"name":"Portada","item":"https:\/\/gobierno.udd.cl\/cips\/"},{"@type":"ListItem","position":2,"name":"C\u00e1ncer de mama y cervicouterino encabezan lista de retrasos GES en esta enfermedad"}]},{"@type":"WebSite","@id":"https:\/\/gobierno.udd.cl\/cips\/#website","url":"https:\/\/gobierno.udd.cl\/cips\/","name":"Centro de Pol\u00edticas P\u00fablicas e Innovaci\u00f3n en Salud","description":"CIPS-UDD","inLanguage":"es"},{"@type":"Person","@id":"https:\/\/gobierno.udd.cl\/cips\/#\/schema\/person\/9d509bb16e7d8299d075f0e90b5d7d00","name":"ccararo","image":{"@type":"ImageObject","inLanguage":"es","@id":"https:\/\/gobierno.udd.cl\/cips\/#\/schema\/person\/image\/","url":"https:\/\/secure.gravatar.com\/avatar\/fe809aec6c8a49b41db481a62d9671eec512578ac25cf41f7420b8069513828c?s=96&d=mm&r=g","contentUrl":"https:\/\/secure.gravatar.com\/avatar\/fe809aec6c8a49b41db481a62d9671eec512578ac25cf41f7420b8069513828c?s=96&d=mm&r=g","caption":"ccararo"},"url":"https:\/\/gobierno.udd.cl\/cips\/author\/ccararo\/"}]}},"featured_image_url":"https:\/\/gobierno.udd.cl\/cips\/files\/2024\/03\/image-2.png","_links":{"self":[{"href":"https:\/\/gobierno.udd.cl\/cips\/wp-json\/wp\/v2\/posts\/2196","targetHints":{"allow":["GET"]}}],"collection":[{"href":"https:\/\/gobierno.udd.cl\/cips\/wp-json\/wp\/v2\/posts"}],"about":[{"href":"https:\/\/gobierno.udd.cl\/cips\/wp-json\/wp\/v2\/types\/post"}],"author":[{"embeddable":true,"href":"https:\/\/gobierno.udd.cl\/cips\/wp-json\/wp\/v2\/users\/9192236"}],"replies":[{"embeddable":true,"href":"https:\/\/gobierno.udd.cl\/cips\/wp-json\/wp\/v2\/comments?post=2196"}],"version-history":[{"count":1,"href":"https:\/\/gobierno.udd.cl\/cips\/wp-json\/wp\/v2\/posts\/2196\/revisions"}],"predecessor-version":[{"id":2199,"href":"https:\/\/gobierno.udd.cl\/cips\/wp-json\/wp\/v2\/posts\/2196\/revisions\/2199"}],"wp:featuredmedia":[{"embeddable":true,"href":"https:\/\/gobierno.udd.cl\/cips\/wp-json\/wp\/v2\/media\/2205"}],"wp:attachment":[{"href":"https:\/\/gobierno.udd.cl\/cips\/wp-json\/wp\/v2\/media?parent=2196"}],"wp:term":[{"taxonomy":"category","embeddable":true,"href":"https:\/\/gobierno.udd.cl\/cips\/wp-json\/wp\/v2\/categories?post=2196"},{"taxonomy":"post_tag","embeddable":true,"href":"https:\/\/gobierno.udd.cl\/cips\/wp-json\/wp\/v2\/tags?post=2196"}],"curies":[{"name":"wp","href":"https:\/\/api.w.org\/{rel}","templated":true}]}}