{"id":1722,"date":"2023-11-16T08:11:00","date_gmt":"2023-11-16T11:11:00","guid":{"rendered":"https:\/\/gobierno.udd.cl\/cips\/?p=1722"},"modified":"2023-11-29T08:13:23","modified_gmt":"2023-11-29T11:13:23","slug":"directora-ejecutiva-de-cips-udd-participa-en-entrega-de-informe-de-comite-tecnico-para-la-reforma-de-salud","status":"publish","type":"post","link":"https:\/\/gobierno.udd.cl\/cips\/2023\/11\/16\/directora-ejecutiva-de-cips-udd-participa-en-entrega-de-informe-de-comite-tecnico-para-la-reforma-de-salud\/","title":{"rendered":"<strong>Directora Ejecutiva de CIPS-UDD participa en entrega de informe de comit\u00e9 t\u00e9cnico para la Reforma de Salud<\/strong>"},"content":{"rendered":"\n<p>Once expertos en materia de salud de distintos \u00e1mbitos y universidades trabajaron intensamente durante un mes para elaborar propuestas que ayuden a avanzar hacia una reforma en salud en Chile. El informe, encargado por la Comisi\u00f3n de Salud del Senado, fue entregado hoy a sus miembros.<\/p>\n\n\n\n<p>El d\u00eda de hoy la Directora Ejecutiva de CIPS-UDD, Paula Daza, particip\u00f3 en la entrega de un documento que contiene 65 propuestas para avanzar hacia una reforma de salud. En este trabajo, adem\u00e1s de ella, participaron diez personas expertas en el \u00e1rea de salud y de distintas tendencias pol\u00edticas. Este comit\u00e9 t\u00e9cnico se conform\u00f3 tras la petici\u00f3n de la Comisi\u00f3n de Senado de Salud y dicho documento lo trabajar\u00e1n ahora el comit\u00e9 de expertos conformada por ex ministros de distintos gobiernos.<\/p>\n\n\n\n<p><strong><em>\u201cValoro que en esta instancia el rol t\u00e9cnico por sobre el pol\u00edtico fue el que prim\u00f3 en cada uno de los integrantes de esta comisi\u00f3n t\u00e9cnica para la reforma de la salud. Y esta actitud fue, precisamente, la que nos permiti\u00f3 la semana pasada entregar un documento a los legisladores donde se priorizan seis \u00e1reas de la salud que requieren transformaciones\u201d<\/em><\/strong>, comenta Daza.<\/p>\n\n\n\n<p><strong>Las propuestas<\/strong><\/p>\n\n\n\n<p>Las recomendaciones, dice el documento, se basaron en el principio de solidaridad, no discriminaci\u00f3n, empoderamiento y protecci\u00f3n de las personas e igual de importante: transparencia y rendici\u00f3n de cuentas.<\/p>\n\n\n\n<p>Algunas de las propuestas se catalogaron de urgentes para una implementaci\u00f3n de dos a tres a\u00f1os que permitan mejorar la equidad, eficiencia y sostenibilidad pol\u00edtica y financiera.<\/p>\n\n\n\n<p>Las \u00e1reas analizadas con recomendaciones fueron Isapres, Fonasa, licencias m\u00e9dicas, prestadores p\u00fablicos y privados y fortalecimiento de la superintendencia de salud.<\/p>\n\n\n\n<p>Entre las propuestas se da un fuerte \u00e9nfasis a mejorar las coberturas de la Modalidad Libre Elecci\u00f3n, a trav\u00e9s del incremento de las coberturas por enfermedades catastr\u00f3ficas y su equivalente en MAI tanto en redes privadas como p\u00fablicas.<\/p>\n\n\n\n<p>En cuanto a la gesti\u00f3n para disminuir las listas de espera y agilizar las prestaciones GES y NO GES, se propone darle m\u00e1s atribuciones y emplear activaciones autom\u00e1ticas para segundos prestadores.<\/p>\n\n\n\n<p>Una de las recomendaciones m\u00e1s importantes, es ofrecer un plan de salud \u00fanico, cuyos contenidos ser\u00e1n exigibles por las personas y ser\u00e1n la base del esquema de compensaci\u00f3n de riesgos.<\/p>\n\n\n\n<p>Una entidad que hay que mejorar y fortalecer es la\u00a0Superintendencia de Salud\u00a0para que pueda ejercer su rol regulador de la provisi\u00f3n. Son 25 propuestas en total de las cuales la gran mayor\u00eda tiene que ver con el orden regulatorio y de gobernanza como, por ejemplo, mayores atribuciones para la defensa de los pacientes tanto de Fonasa como de Isapre con un fuerte foco en el fortalecimiento de la gobernanza que, a trav\u00e9s de un consejo directivo, tenga m\u00e1s independencia del Poder Ejecutivo.<\/p>\n\n\n\n<p>En cuanto a las licencias m\u00e9dicas se propone modificar el Subsidio por Incapacidad Laboral (SIL) eliminando los tres d\u00edas de carencia para las licencias de menos de 10 d\u00edas, al mismo tiempo que se genera una modalidad de subsidio decreciente en el tiempo, para estimular el retorno laboral y no perjudicar a aquellos pacientes que, efectivamente, deben tener largos periodos de licencia m\u00e9dica para su recuperaci\u00f3n.<\/p>\n\n\n\n<p><strong><em>\u201cEsperemos que estas recomendaciones lleguen a buen puerto y que podamos, de una vez por todas, avanzar en temas de salud para mejorar la calidad y accesos de \u00e9sta a todos los chilenos\u201d<\/em><\/strong>, concluye Daza.<\/p>\n","protected":false},"excerpt":{"rendered":"<p>Once expertos en materia de salud de distintos \u00e1mbitos y universidades trabajaron intensamente durante un mes para elaborar propuestas que ayuden a avanzar hacia una reforma en salud en Chile. El informe, encargado por la Comisi\u00f3n de Salud del Senado, fue entregado hoy a sus miembros. El d\u00eda de hoy la Directora Ejecutiva de CIPS-UDD, [&hellip;]<\/p>\n","protected":false},"author":9192236,"featured_media":1723,"comment_status":"closed","ping_status":"open","sticky":false,"template":"","format":"standard","meta":{"footnotes":""},"categories":[3],"tags":[],"class_list":["post-1722","post","type-post","status-publish","format-standard","has-post-thumbnail","hentry","category-noticias"],"yoast_head":"<!-- This site is optimized with the Yoast SEO plugin v26.9 - https:\/\/yoast.com\/product\/yoast-seo-wordpress\/ -->\n<title>Directora Ejecutiva de CIPS-UDD participa en entrega de informe de comit\u00e9 t\u00e9cnico para la Reforma de Salud - Centro de Pol\u00edticas P\u00fablicas e Innovaci\u00f3n en Salud<\/title>\n<meta name=\"robots\" content=\"index, follow, max-snippet:-1, max-image-preview:large, max-video-preview:-1\" \/>\n<link rel=\"canonical\" href=\"https:\/\/gobierno.udd.cl\/cips\/2023\/11\/16\/directora-ejecutiva-de-cips-udd-participa-en-entrega-de-informe-de-comite-tecnico-para-la-reforma-de-salud\/\" \/>\n<meta property=\"og:locale\" content=\"es_ES\" \/>\n<meta property=\"og:type\" content=\"article\" \/>\n<meta property=\"og:title\" content=\"Directora Ejecutiva de CIPS-UDD participa en entrega de informe de comit\u00e9 t\u00e9cnico para la Reforma de Salud - Centro de Pol\u00edticas P\u00fablicas e Innovaci\u00f3n en Salud\" \/>\n<meta property=\"og:description\" content=\"Once expertos en materia de salud de distintos \u00e1mbitos y universidades trabajaron intensamente durante un mes para elaborar propuestas que ayuden a avanzar hacia una reforma en salud en Chile. El informe, encargado por la Comisi\u00f3n de Salud del Senado, fue entregado hoy a sus miembros. El d\u00eda de hoy la Directora Ejecutiva de CIPS-UDD, [&hellip;]\" \/>\n<meta property=\"og:url\" content=\"https:\/\/gobierno.udd.cl\/cips\/2023\/11\/16\/directora-ejecutiva-de-cips-udd-participa-en-entrega-de-informe-de-comite-tecnico-para-la-reforma-de-salud\/\" \/>\n<meta property=\"og:site_name\" content=\"Centro de Pol\u00edticas P\u00fablicas e Innovaci\u00f3n en Salud\" \/>\n<meta property=\"article:publisher\" content=\"https:\/\/www.facebook.com\/CIPS.UDD\" \/>\n<meta property=\"article:published_time\" content=\"2023-11-16T11:11:00+00:00\" \/>\n<meta property=\"article:modified_time\" content=\"2023-11-29T11:13:23+00:00\" \/>\n<meta property=\"og:image\" content=\"https:\/\/gobierno.udd.cl\/cips\/files\/2023\/11\/image-1-1024x768.png\" \/>\n\t<meta property=\"og:image:width\" content=\"1024\" \/>\n\t<meta property=\"og:image:height\" content=\"768\" \/>\n\t<meta property=\"og:image:type\" content=\"image\/png\" \/>\n<meta name=\"author\" content=\"ccararo\" \/>\n<meta name=\"twitter:card\" content=\"summary_large_image\" \/>\n<meta name=\"twitter:creator\" content=\"@CIPS_UDD\" \/>\n<meta name=\"twitter:site\" content=\"@CIPS_UDD\" \/>\n<meta name=\"twitter:label1\" content=\"Escrito por\" \/>\n\t<meta name=\"twitter:data1\" content=\"ccararo\" \/>\n\t<meta name=\"twitter:label2\" content=\"Tiempo de lectura\" \/>\n\t<meta name=\"twitter:data2\" content=\"3 minutos\" \/>\n<script type=\"application\/ld+json\" class=\"yoast-schema-graph\">{\"@context\":\"https:\/\/schema.org\",\"@graph\":[{\"@type\":\"Article\",\"@id\":\"https:\/\/gobierno.udd.cl\/cips\/2023\/11\/16\/directora-ejecutiva-de-cips-udd-participa-en-entrega-de-informe-de-comite-tecnico-para-la-reforma-de-salud\/#article\",\"isPartOf\":{\"@id\":\"https:\/\/gobierno.udd.cl\/cips\/2023\/11\/16\/directora-ejecutiva-de-cips-udd-participa-en-entrega-de-informe-de-comite-tecnico-para-la-reforma-de-salud\/\"},\"author\":{\"name\":\"ccararo\",\"@id\":\"https:\/\/gobierno.udd.cl\/cips\/#\/schema\/person\/9d509bb16e7d8299d075f0e90b5d7d00\"},\"headline\":\"Directora Ejecutiva de CIPS-UDD participa en entrega de informe de comit\u00e9 t\u00e9cnico para la Reforma de Salud\",\"datePublished\":\"2023-11-16T11:11:00+00:00\",\"dateModified\":\"2023-11-29T11:13:23+00:00\",\"mainEntityOfPage\":{\"@id\":\"https:\/\/gobierno.udd.cl\/cips\/2023\/11\/16\/directora-ejecutiva-de-cips-udd-participa-en-entrega-de-informe-de-comite-tecnico-para-la-reforma-de-salud\/\"},\"wordCount\":608,\"image\":{\"@id\":\"https:\/\/gobierno.udd.cl\/cips\/2023\/11\/16\/directora-ejecutiva-de-cips-udd-participa-en-entrega-de-informe-de-comite-tecnico-para-la-reforma-de-salud\/#primaryimage\"},\"thumbnailUrl\":\"https:\/\/gobierno.udd.cl\/cips\/files\/2023\/11\/image-1.png\",\"articleSection\":[\"Noticias\"],\"inLanguage\":\"es\"},{\"@type\":\"WebPage\",\"@id\":\"https:\/\/gobierno.udd.cl\/cips\/2023\/11\/16\/directora-ejecutiva-de-cips-udd-participa-en-entrega-de-informe-de-comite-tecnico-para-la-reforma-de-salud\/\",\"url\":\"https:\/\/gobierno.udd.cl\/cips\/2023\/11\/16\/directora-ejecutiva-de-cips-udd-participa-en-entrega-de-informe-de-comite-tecnico-para-la-reforma-de-salud\/\",\"name\":\"Directora Ejecutiva de CIPS-UDD participa en entrega de informe de comit\u00e9 t\u00e9cnico para la Reforma de Salud - Centro de Pol\u00edticas P\u00fablicas e Innovaci\u00f3n en Salud\",\"isPartOf\":{\"@id\":\"https:\/\/gobierno.udd.cl\/cips\/#website\"},\"primaryImageOfPage\":{\"@id\":\"https:\/\/gobierno.udd.cl\/cips\/2023\/11\/16\/directora-ejecutiva-de-cips-udd-participa-en-entrega-de-informe-de-comite-tecnico-para-la-reforma-de-salud\/#primaryimage\"},\"image\":{\"@id\":\"https:\/\/gobierno.udd.cl\/cips\/2023\/11\/16\/directora-ejecutiva-de-cips-udd-participa-en-entrega-de-informe-de-comite-tecnico-para-la-reforma-de-salud\/#primaryimage\"},\"thumbnailUrl\":\"https:\/\/gobierno.udd.cl\/cips\/files\/2023\/11\/image-1.png\",\"datePublished\":\"2023-11-16T11:11:00+00:00\",\"dateModified\":\"2023-11-29T11:13:23+00:00\",\"author\":{\"@id\":\"https:\/\/gobierno.udd.cl\/cips\/#\/schema\/person\/9d509bb16e7d8299d075f0e90b5d7d00\"},\"breadcrumb\":{\"@id\":\"https:\/\/gobierno.udd.cl\/cips\/2023\/11\/16\/directora-ejecutiva-de-cips-udd-participa-en-entrega-de-informe-de-comite-tecnico-para-la-reforma-de-salud\/#breadcrumb\"},\"inLanguage\":\"es\",\"potentialAction\":[{\"@type\":\"ReadAction\",\"target\":[\"https:\/\/gobierno.udd.cl\/cips\/2023\/11\/16\/directora-ejecutiva-de-cips-udd-participa-en-entrega-de-informe-de-comite-tecnico-para-la-reforma-de-salud\/\"]}]},{\"@type\":\"ImageObject\",\"inLanguage\":\"es\",\"@id\":\"https:\/\/gobierno.udd.cl\/cips\/2023\/11\/16\/directora-ejecutiva-de-cips-udd-participa-en-entrega-de-informe-de-comite-tecnico-para-la-reforma-de-salud\/#primaryimage\",\"url\":\"https:\/\/gobierno.udd.cl\/cips\/files\/2023\/11\/image-1.png\",\"contentUrl\":\"https:\/\/gobierno.udd.cl\/cips\/files\/2023\/11\/image-1.png\",\"width\":1280,\"height\":960},{\"@type\":\"BreadcrumbList\",\"@id\":\"https:\/\/gobierno.udd.cl\/cips\/2023\/11\/16\/directora-ejecutiva-de-cips-udd-participa-en-entrega-de-informe-de-comite-tecnico-para-la-reforma-de-salud\/#breadcrumb\",\"itemListElement\":[{\"@type\":\"ListItem\",\"position\":1,\"name\":\"Portada\",\"item\":\"https:\/\/gobierno.udd.cl\/cips\/\"},{\"@type\":\"ListItem\",\"position\":2,\"name\":\"Directora Ejecutiva de CIPS-UDD participa en entrega de informe de comit\u00e9 t\u00e9cnico para la Reforma de Salud\"}]},{\"@type\":\"WebSite\",\"@id\":\"https:\/\/gobierno.udd.cl\/cips\/#website\",\"url\":\"https:\/\/gobierno.udd.cl\/cips\/\",\"name\":\"Centro de Pol\u00edticas P\u00fablicas e Innovaci\u00f3n en Salud\",\"description\":\"CIPS-UDD\",\"inLanguage\":\"es\"},{\"@type\":\"Person\",\"@id\":\"https:\/\/gobierno.udd.cl\/cips\/#\/schema\/person\/9d509bb16e7d8299d075f0e90b5d7d00\",\"name\":\"ccararo\",\"image\":{\"@type\":\"ImageObject\",\"inLanguage\":\"es\",\"@id\":\"https:\/\/gobierno.udd.cl\/cips\/#\/schema\/person\/image\/\",\"url\":\"https:\/\/secure.gravatar.com\/avatar\/fe809aec6c8a49b41db481a62d9671eec512578ac25cf41f7420b8069513828c?s=96&d=mm&r=g\",\"contentUrl\":\"https:\/\/secure.gravatar.com\/avatar\/fe809aec6c8a49b41db481a62d9671eec512578ac25cf41f7420b8069513828c?s=96&d=mm&r=g\",\"caption\":\"ccararo\"},\"url\":\"https:\/\/gobierno.udd.cl\/cips\/author\/ccararo\/\"}]}<\/script>\n<!-- \/ Yoast SEO plugin. -->","yoast_head_json":{"title":"Directora Ejecutiva de CIPS-UDD participa en entrega de informe de comit\u00e9 t\u00e9cnico para la Reforma de Salud - Centro de Pol\u00edticas P\u00fablicas e Innovaci\u00f3n en Salud","robots":{"index":"index","follow":"follow","max-snippet":"max-snippet:-1","max-image-preview":"max-image-preview:large","max-video-preview":"max-video-preview:-1"},"canonical":"https:\/\/gobierno.udd.cl\/cips\/2023\/11\/16\/directora-ejecutiva-de-cips-udd-participa-en-entrega-de-informe-de-comite-tecnico-para-la-reforma-de-salud\/","og_locale":"es_ES","og_type":"article","og_title":"Directora Ejecutiva de CIPS-UDD participa en entrega de informe de comit\u00e9 t\u00e9cnico para la Reforma de Salud - Centro de Pol\u00edticas P\u00fablicas e Innovaci\u00f3n en Salud","og_description":"Once expertos en materia de salud de distintos \u00e1mbitos y universidades trabajaron intensamente durante un mes para elaborar propuestas que ayuden a avanzar hacia una reforma en salud en Chile. El informe, encargado por la Comisi\u00f3n de Salud del Senado, fue entregado hoy a sus miembros. El d\u00eda de hoy la Directora Ejecutiva de CIPS-UDD, [&hellip;]","og_url":"https:\/\/gobierno.udd.cl\/cips\/2023\/11\/16\/directora-ejecutiva-de-cips-udd-participa-en-entrega-de-informe-de-comite-tecnico-para-la-reforma-de-salud\/","og_site_name":"Centro de Pol\u00edticas P\u00fablicas e Innovaci\u00f3n en Salud","article_publisher":"https:\/\/www.facebook.com\/CIPS.UDD","article_published_time":"2023-11-16T11:11:00+00:00","article_modified_time":"2023-11-29T11:13:23+00:00","og_image":[{"width":1024,"height":768,"url":"https:\/\/gobierno.udd.cl\/cips\/files\/2023\/11\/image-1-1024x768.png","type":"image\/png"}],"author":"ccararo","twitter_card":"summary_large_image","twitter_creator":"@CIPS_UDD","twitter_site":"@CIPS_UDD","twitter_misc":{"Escrito por":"ccararo","Tiempo de lectura":"3 minutos"},"schema":{"@context":"https:\/\/schema.org","@graph":[{"@type":"Article","@id":"https:\/\/gobierno.udd.cl\/cips\/2023\/11\/16\/directora-ejecutiva-de-cips-udd-participa-en-entrega-de-informe-de-comite-tecnico-para-la-reforma-de-salud\/#article","isPartOf":{"@id":"https:\/\/gobierno.udd.cl\/cips\/2023\/11\/16\/directora-ejecutiva-de-cips-udd-participa-en-entrega-de-informe-de-comite-tecnico-para-la-reforma-de-salud\/"},"author":{"name":"ccararo","@id":"https:\/\/gobierno.udd.cl\/cips\/#\/schema\/person\/9d509bb16e7d8299d075f0e90b5d7d00"},"headline":"Directora Ejecutiva de CIPS-UDD participa en entrega de informe de comit\u00e9 t\u00e9cnico para la Reforma de Salud","datePublished":"2023-11-16T11:11:00+00:00","dateModified":"2023-11-29T11:13:23+00:00","mainEntityOfPage":{"@id":"https:\/\/gobierno.udd.cl\/cips\/2023\/11\/16\/directora-ejecutiva-de-cips-udd-participa-en-entrega-de-informe-de-comite-tecnico-para-la-reforma-de-salud\/"},"wordCount":608,"image":{"@id":"https:\/\/gobierno.udd.cl\/cips\/2023\/11\/16\/directora-ejecutiva-de-cips-udd-participa-en-entrega-de-informe-de-comite-tecnico-para-la-reforma-de-salud\/#primaryimage"},"thumbnailUrl":"https:\/\/gobierno.udd.cl\/cips\/files\/2023\/11\/image-1.png","articleSection":["Noticias"],"inLanguage":"es"},{"@type":"WebPage","@id":"https:\/\/gobierno.udd.cl\/cips\/2023\/11\/16\/directora-ejecutiva-de-cips-udd-participa-en-entrega-de-informe-de-comite-tecnico-para-la-reforma-de-salud\/","url":"https:\/\/gobierno.udd.cl\/cips\/2023\/11\/16\/directora-ejecutiva-de-cips-udd-participa-en-entrega-de-informe-de-comite-tecnico-para-la-reforma-de-salud\/","name":"Directora Ejecutiva de CIPS-UDD participa en entrega de informe de comit\u00e9 t\u00e9cnico para la Reforma de Salud - Centro de Pol\u00edticas P\u00fablicas e Innovaci\u00f3n en Salud","isPartOf":{"@id":"https:\/\/gobierno.udd.cl\/cips\/#website"},"primaryImageOfPage":{"@id":"https:\/\/gobierno.udd.cl\/cips\/2023\/11\/16\/directora-ejecutiva-de-cips-udd-participa-en-entrega-de-informe-de-comite-tecnico-para-la-reforma-de-salud\/#primaryimage"},"image":{"@id":"https:\/\/gobierno.udd.cl\/cips\/2023\/11\/16\/directora-ejecutiva-de-cips-udd-participa-en-entrega-de-informe-de-comite-tecnico-para-la-reforma-de-salud\/#primaryimage"},"thumbnailUrl":"https:\/\/gobierno.udd.cl\/cips\/files\/2023\/11\/image-1.png","datePublished":"2023-11-16T11:11:00+00:00","dateModified":"2023-11-29T11:13:23+00:00","author":{"@id":"https:\/\/gobierno.udd.cl\/cips\/#\/schema\/person\/9d509bb16e7d8299d075f0e90b5d7d00"},"breadcrumb":{"@id":"https:\/\/gobierno.udd.cl\/cips\/2023\/11\/16\/directora-ejecutiva-de-cips-udd-participa-en-entrega-de-informe-de-comite-tecnico-para-la-reforma-de-salud\/#breadcrumb"},"inLanguage":"es","potentialAction":[{"@type":"ReadAction","target":["https:\/\/gobierno.udd.cl\/cips\/2023\/11\/16\/directora-ejecutiva-de-cips-udd-participa-en-entrega-de-informe-de-comite-tecnico-para-la-reforma-de-salud\/"]}]},{"@type":"ImageObject","inLanguage":"es","@id":"https:\/\/gobierno.udd.cl\/cips\/2023\/11\/16\/directora-ejecutiva-de-cips-udd-participa-en-entrega-de-informe-de-comite-tecnico-para-la-reforma-de-salud\/#primaryimage","url":"https:\/\/gobierno.udd.cl\/cips\/files\/2023\/11\/image-1.png","contentUrl":"https:\/\/gobierno.udd.cl\/cips\/files\/2023\/11\/image-1.png","width":1280,"height":960},{"@type":"BreadcrumbList","@id":"https:\/\/gobierno.udd.cl\/cips\/2023\/11\/16\/directora-ejecutiva-de-cips-udd-participa-en-entrega-de-informe-de-comite-tecnico-para-la-reforma-de-salud\/#breadcrumb","itemListElement":[{"@type":"ListItem","position":1,"name":"Portada","item":"https:\/\/gobierno.udd.cl\/cips\/"},{"@type":"ListItem","position":2,"name":"Directora Ejecutiva de CIPS-UDD participa en entrega de informe de comit\u00e9 t\u00e9cnico para la Reforma de Salud"}]},{"@type":"WebSite","@id":"https:\/\/gobierno.udd.cl\/cips\/#website","url":"https:\/\/gobierno.udd.cl\/cips\/","name":"Centro de Pol\u00edticas P\u00fablicas e Innovaci\u00f3n en Salud","description":"CIPS-UDD","inLanguage":"es"},{"@type":"Person","@id":"https:\/\/gobierno.udd.cl\/cips\/#\/schema\/person\/9d509bb16e7d8299d075f0e90b5d7d00","name":"ccararo","image":{"@type":"ImageObject","inLanguage":"es","@id":"https:\/\/gobierno.udd.cl\/cips\/#\/schema\/person\/image\/","url":"https:\/\/secure.gravatar.com\/avatar\/fe809aec6c8a49b41db481a62d9671eec512578ac25cf41f7420b8069513828c?s=96&d=mm&r=g","contentUrl":"https:\/\/secure.gravatar.com\/avatar\/fe809aec6c8a49b41db481a62d9671eec512578ac25cf41f7420b8069513828c?s=96&d=mm&r=g","caption":"ccararo"},"url":"https:\/\/gobierno.udd.cl\/cips\/author\/ccararo\/"}]}},"featured_image_url":"https:\/\/gobierno.udd.cl\/cips\/files\/2023\/11\/image-1.png","_links":{"self":[{"href":"https:\/\/gobierno.udd.cl\/cips\/wp-json\/wp\/v2\/posts\/1722","targetHints":{"allow":["GET"]}}],"collection":[{"href":"https:\/\/gobierno.udd.cl\/cips\/wp-json\/wp\/v2\/posts"}],"about":[{"href":"https:\/\/gobierno.udd.cl\/cips\/wp-json\/wp\/v2\/types\/post"}],"author":[{"embeddable":true,"href":"https:\/\/gobierno.udd.cl\/cips\/wp-json\/wp\/v2\/users\/9192236"}],"replies":[{"embeddable":true,"href":"https:\/\/gobierno.udd.cl\/cips\/wp-json\/wp\/v2\/comments?post=1722"}],"version-history":[{"count":1,"href":"https:\/\/gobierno.udd.cl\/cips\/wp-json\/wp\/v2\/posts\/1722\/revisions"}],"predecessor-version":[{"id":1724,"href":"https:\/\/gobierno.udd.cl\/cips\/wp-json\/wp\/v2\/posts\/1722\/revisions\/1724"}],"wp:featuredmedia":[{"embeddable":true,"href":"https:\/\/gobierno.udd.cl\/cips\/wp-json\/wp\/v2\/media\/1723"}],"wp:attachment":[{"href":"https:\/\/gobierno.udd.cl\/cips\/wp-json\/wp\/v2\/media?parent=1722"}],"wp:term":[{"taxonomy":"category","embeddable":true,"href":"https:\/\/gobierno.udd.cl\/cips\/wp-json\/wp\/v2\/categories?post=1722"},{"taxonomy":"post_tag","embeddable":true,"href":"https:\/\/gobierno.udd.cl\/cips\/wp-json\/wp\/v2\/tags?post=1722"}],"curies":[{"name":"wp","href":"https:\/\/api.w.org\/{rel}","templated":true}]}}