{"id":1605,"date":"2023-10-24T17:15:27","date_gmt":"2023-10-24T20:15:27","guid":{"rendered":"https:\/\/gobierno.udd.cl\/cips\/?p=1605"},"modified":"2023-10-25T16:58:17","modified_gmt":"2023-10-25T19:58:17","slug":"cips-udd-inicia-fuerza-de-tareas-con-expertos-tras-seminario-de-cancer-cervicouterino-en-chile","status":"publish","type":"post","link":"https:\/\/gobierno.udd.cl\/cips\/2023\/10\/24\/cips-udd-inicia-fuerza-de-tareas-con-expertos-tras-seminario-de-cancer-cervicouterino-en-chile\/","title":{"rendered":"CIPS UDD inicia fuerza de tareas con expertos tras seminario de c\u00e1ncer cervicouterino en Chile"},"content":{"rendered":"\n<p><em>Durante el 17 y 18 de octubre se realiz\u00f3 el seminario C\u00e1ncer Cervicouterino en Chile: un llamado a la acci\u00f3n, en donde m\u00e1s de 20 especialistas expusieron sobre las brechas y desaf\u00edos en prevenci\u00f3n, tratamiento y diagn\u00f3stico de este c\u00e1ncer femenino.<\/em><\/p>\n\n\n\n<p>En 2020, la OMS aprob\u00f3 la Estrategia para la eliminaci\u00f3n del c\u00e1ncer cervicouterino como problema de salud p\u00fablica. Esta enfermedad se habr\u00e1 eliminado cuando todos los pa\u00edses logren una tasa de incidencia de menos de 4 casos por cien mil mujeres. La estrategia tiene tres pilares, de los cuales se plantea objetivos para cada uno: 70% de cobertura de detecci\u00f3n, 90% de vacunaci\u00f3n y 90% de tratamiento.<\/p>\n\n\n\n<p>A tres a\u00f1os desde que se lanz\u00f3 esta estrategia, el Centro de Pol\u00edticas P\u00fablicas e Innovaci\u00f3n en Salud (CIPS), liderado por la doctora Paula Daza, organiz\u00f3 este evento para analizar el panorama de cada uno de estos pilares y reflexionar sobre los desaf\u00edos que como pa\u00eds tenemos para llegar a la meta. <\/p>\n\n\n\n<p>En ese contexto, el primer d\u00eda parti\u00f3 con exposiciones entorno a la vacunaci\u00f3n y la detecci\u00f3n. En el bloque de vacunaci\u00f3n, la primera en exponer fue Pamela Oyarz\u00fan, ginec\u00f3loga infanto juvenil, expuso sobre la historia del c\u00e1ncer cervicouterino en el mundo y en Chile. Entre su discurso enfatiz\u00f3 en la importancia de estas instancias: \u201cCon la invitaci\u00f3n me retrotraje hace 20 a\u00f1os atr\u00e1s cuando se empez\u00f3 a hablar del c\u00e1ncer del cuello del \u00fatero ten\u00eda un agente causal que era un virus. Aparecieron las vacunas y en ese momento se form\u00f3 un movimiento para evaluar qu\u00e9 significaban las vacunas, con inc\u00f3gnitas que en el presente est\u00e1n saldadas. Y hoy estamos aqu\u00ed hablando de c\u00f3mo erradicar definitivamente este flagelo que mata tantas mujeres. Estoy feliz de ver el inter\u00e9s y todo este movimiento que estamos propulsando acciones para proteger la vida\u201d. <\/p>\n\n\n<section class=\"wp-block-udd-gallery-carousel wp-carousel-gallery\">\n\t<div class=\"container\">\n\t\t<div\n\t\t\tclass=\"slick-carousel gallery-slick-carousel gallery-carousel--1\"\n\t\t\tdata-slick='{&quot;slidesToScroll&quot;:1,&quot;slidesToShow&quot;:1,&quot;appendDots&quot;:&quot;#dots-69f5c3c403b6d&quot;,&quot;prevArrow&quot;:&quot;&lt;button type=\\&quot;button\\&quot; class=\\&quot;btn btn-primary slick-prev\\&quot;&gt;&lt;svg class=\\&quot;svg-chevron-left-dims\\&quot;&gt;&lt;use xlink:href=&#039;https:\\\/\\\/gobierno.udd.cl\\\/cips\\\/wp-content\\\/themes\\\/facultades-2018\\\/assets\\\/img\\\/svg\\\/dist\\\/main.svg?version=1695853099#chevron-left&#039;&gt;&lt;\\\/use&gt;&lt;\\\/svg&gt;&lt;span class=\\&quot;sr-only\\&quot;&gt;Anterior&lt;\\\/span&gt;&lt;\\\/button&gt;&quot;,&quot;nextArrow&quot;:&quot;&lt;button type=\\&quot;button\\&quot; class=\\&quot;btn btn-primary slick-next\\&quot;&gt;&lt;svg class=\\&quot;svg-chevron-right-dims\\&quot;&gt;&lt;use xlink:href=&#039;https:\\\/\\\/gobierno.udd.cl\\\/cips\\\/wp-content\\\/themes\\\/facultades-2018\\\/assets\\\/img\\\/svg\\\/dist\\\/main.svg?version=1695853099#chevron-right&#039;&gt;&lt;\\\/use&gt;&lt;\\\/svg&gt;&lt;span class=\\&quot;sr-only\\&quot;&gt;Siguiente&lt;\\\/span&gt;&lt;\\\/button&gt;&quot;,&quot;infinite&quot;:true,&quot;dots&quot;:true}'\n\t\t>\n\t\t\t\t\t\t\t<figure>\n\t\t\t\t\t<img loading=\"lazy\" decoding=\"async\" width=\"1280\" height=\"720\" src=\"https:\/\/gobierno.udd.cl\/cips\/wp-content\/plugins\/wp-async-img-load\/blank.png\" class=\"attachment-1280x720 size-1280x720 lazyload\" alt=\"\" sizes=\"auto, (max-width: 1280px) 100vw, 1280px\" data-src=\"https:\/\/gobierno.udd.cl\/cips\/files\/2023\/10\/seminario-cancer-cervicouterino371-1366x768.jpg\" data-srcset=\"https:\/\/gobierno.udd.cl\/cips\/files\/2023\/10\/seminario-cancer-cervicouterino371-1366x768.jpg 1366w, https:\/\/gobierno.udd.cl\/cips\/files\/2023\/10\/seminario-cancer-cervicouterino371-1920x1080.jpg 1920w, https:\/\/gobierno.udd.cl\/cips\/files\/2023\/10\/seminario-cancer-cervicouterino371-680x382.jpg 680w\" \/>\t\t\t\t\t\t\t\t\t<\/figure>\n\t\t\t\t\t\t\t<figure>\n\t\t\t\t\t<img loading=\"lazy\" decoding=\"async\" width=\"1280\" height=\"720\" src=\"https:\/\/gobierno.udd.cl\/cips\/wp-content\/plugins\/wp-async-img-load\/blank.png\" class=\"attachment-1280x720 size-1280x720 lazyload\" alt=\"\" sizes=\"auto, (max-width: 1280px) 100vw, 1280px\" data-src=\"https:\/\/gobierno.udd.cl\/cips\/files\/2023\/10\/seminario-cancer-cervicouterino374-1366x768.jpg\" data-srcset=\"https:\/\/gobierno.udd.cl\/cips\/files\/2023\/10\/seminario-cancer-cervicouterino374-1366x768.jpg 1366w, https:\/\/gobierno.udd.cl\/cips\/files\/2023\/10\/seminario-cancer-cervicouterino374-1920x1080.jpg 1920w, https:\/\/gobierno.udd.cl\/cips\/files\/2023\/10\/seminario-cancer-cervicouterino374-680x382.jpg 680w\" \/>\t\t\t\t\t\t\t\t\t<\/figure>\n\t\t\t\t\t\t\t<figure>\n\t\t\t\t\t<img loading=\"lazy\" decoding=\"async\" width=\"1280\" height=\"720\" src=\"https:\/\/gobierno.udd.cl\/cips\/wp-content\/plugins\/wp-async-img-load\/blank.png\" class=\"attachment-1280x720 size-1280x720 lazyload\" alt=\"\" sizes=\"auto, (max-width: 1280px) 100vw, 1280px\" data-src=\"https:\/\/gobierno.udd.cl\/cips\/files\/2023\/10\/seminario-cancer-cervicouterino376-1366x768.jpg\" data-srcset=\"https:\/\/gobierno.udd.cl\/cips\/files\/2023\/10\/seminario-cancer-cervicouterino376-1366x768.jpg 1366w, https:\/\/gobierno.udd.cl\/cips\/files\/2023\/10\/seminario-cancer-cervicouterino376-1920x1080.jpg 1920w, https:\/\/gobierno.udd.cl\/cips\/files\/2023\/10\/seminario-cancer-cervicouterino376-680x382.jpg 680w\" \/>\t\t\t\t\t\t\t\t\t<\/figure>\n\t\t\t\t\t\t\t<figure>\n\t\t\t\t\t<img loading=\"lazy\" decoding=\"async\" width=\"1280\" height=\"720\" src=\"https:\/\/gobierno.udd.cl\/cips\/wp-content\/plugins\/wp-async-img-load\/blank.png\" class=\"attachment-1280x720 size-1280x720 lazyload\" alt=\"\" sizes=\"auto, (max-width: 1280px) 100vw, 1280px\" data-src=\"https:\/\/gobierno.udd.cl\/cips\/files\/2023\/10\/seminario-cancer-cervicouterino378-1366x768.jpg\" data-srcset=\"https:\/\/gobierno.udd.cl\/cips\/files\/2023\/10\/seminario-cancer-cervicouterino378-1366x768.jpg 1366w, https:\/\/gobierno.udd.cl\/cips\/files\/2023\/10\/seminario-cancer-cervicouterino378-1920x1080.jpg 1920w, https:\/\/gobierno.udd.cl\/cips\/files\/2023\/10\/seminario-cancer-cervicouterino378-680x382.jpg 680w\" \/>\t\t\t\t\t\t\t\t\t<\/figure>\n\t\t\t\t\t\t\t<figure>\n\t\t\t\t\t<img loading=\"lazy\" decoding=\"async\" width=\"1280\" height=\"720\" src=\"https:\/\/gobierno.udd.cl\/cips\/wp-content\/plugins\/wp-async-img-load\/blank.png\" class=\"attachment-1280x720 size-1280x720 lazyload\" alt=\"\" sizes=\"auto, (max-width: 1280px) 100vw, 1280px\" data-src=\"https:\/\/gobierno.udd.cl\/cips\/files\/2023\/10\/seminario-cancer-cervicouterino379-1366x768.jpg\" data-srcset=\"https:\/\/gobierno.udd.cl\/cips\/files\/2023\/10\/seminario-cancer-cervicouterino379-1366x768.jpg 1366w, https:\/\/gobierno.udd.cl\/cips\/files\/2023\/10\/seminario-cancer-cervicouterino379-1920x1080.jpg 1920w, https:\/\/gobierno.udd.cl\/cips\/files\/2023\/10\/seminario-cancer-cervicouterino379-680x382.jpg 680w\" \/>\t\t\t\t\t\t\t\t\t<\/figure>\n\t\t\t\t\t\t\t<figure>\n\t\t\t\t\t<img loading=\"lazy\" decoding=\"async\" width=\"1280\" height=\"720\" src=\"https:\/\/gobierno.udd.cl\/cips\/wp-content\/plugins\/wp-async-img-load\/blank.png\" class=\"attachment-1280x720 size-1280x720 lazyload\" alt=\"\" sizes=\"auto, (max-width: 1280px) 100vw, 1280px\" data-src=\"https:\/\/gobierno.udd.cl\/cips\/files\/2023\/10\/seminario-cancer-cervicouterino381-1366x768.jpg\" data-srcset=\"https:\/\/gobierno.udd.cl\/cips\/files\/2023\/10\/seminario-cancer-cervicouterino381-1366x768.jpg 1366w, https:\/\/gobierno.udd.cl\/cips\/files\/2023\/10\/seminario-cancer-cervicouterino381-1920x1080.jpg 1920w, https:\/\/gobierno.udd.cl\/cips\/files\/2023\/10\/seminario-cancer-cervicouterino381-680x382.jpg 680w\" \/>\t\t\t\t\t\t\t\t\t<\/figure>\n\t\t\t\t\t\t\t<figure>\n\t\t\t\t\t<img loading=\"lazy\" decoding=\"async\" width=\"1280\" height=\"720\" src=\"https:\/\/gobierno.udd.cl\/cips\/wp-content\/plugins\/wp-async-img-load\/blank.png\" class=\"attachment-1280x720 size-1280x720 lazyload\" alt=\"\" sizes=\"auto, (max-width: 1280px) 100vw, 1280px\" data-src=\"https:\/\/gobierno.udd.cl\/cips\/files\/2023\/10\/seminario-cancer-cervicouterino384-1366x768.jpg\" data-srcset=\"https:\/\/gobierno.udd.cl\/cips\/files\/2023\/10\/seminario-cancer-cervicouterino384-1366x768.jpg 1366w, https:\/\/gobierno.udd.cl\/cips\/files\/2023\/10\/seminario-cancer-cervicouterino384-1920x1080.jpg 1920w, https:\/\/gobierno.udd.cl\/cips\/files\/2023\/10\/seminario-cancer-cervicouterino384-680x382.jpg 680w\" \/>\t\t\t\t\t\t\t\t\t<\/figure>\n\t\t\t\t\t<\/div>\n\t\t<div\n\t\t\tclass=\"carousel-gallery--carousel-dots\"\n\t\t\tid=\"dots-69f5c3c403b6d\"\n\t\t><\/div>\n\t<\/div>\n<\/section>\n\n\n\n<p>A continuaci\u00f3n, present\u00f3 Cecilia Gonz\u00e1lez quien realiz\u00f3 una actualizaci\u00f3n de las vacunas de VPH. \u201cUno no puede dejar de pensar que esto es una infecci\u00f3n viral, lo que significa que es absolutamente prevenible y tener herramientas como las vacunas puedan impedir un c\u00e1ncer. Eso es un tremendo impacto y debemos aprovechar porque es tan f\u00e1cil vacunar y es una forma de evitar esta tragedia\u201d, coment\u00f3. <\/p>\n\n\n<section class=\"wp-block-udd-gallery-carousel wp-carousel-gallery\">\n\t<div class=\"container\">\n\t\t<div\n\t\t\tclass=\"slick-carousel gallery-slick-carousel gallery-carousel--1\"\n\t\t\tdata-slick='{&quot;slidesToScroll&quot;:1,&quot;slidesToShow&quot;:1,&quot;appendDots&quot;:&quot;#dots-69f5c3c406669&quot;,&quot;prevArrow&quot;:&quot;&lt;button type=\\&quot;button\\&quot; class=\\&quot;btn btn-primary slick-prev\\&quot;&gt;&lt;svg class=\\&quot;svg-chevron-left-dims\\&quot;&gt;&lt;use xlink:href=&#039;https:\\\/\\\/gobierno.udd.cl\\\/cips\\\/wp-content\\\/themes\\\/facultades-2018\\\/assets\\\/img\\\/svg\\\/dist\\\/main.svg?version=1695853099#chevron-left&#039;&gt;&lt;\\\/use&gt;&lt;\\\/svg&gt;&lt;span class=\\&quot;sr-only\\&quot;&gt;Anterior&lt;\\\/span&gt;&lt;\\\/button&gt;&quot;,&quot;nextArrow&quot;:&quot;&lt;button type=\\&quot;button\\&quot; class=\\&quot;btn btn-primary slick-next\\&quot;&gt;&lt;svg class=\\&quot;svg-chevron-right-dims\\&quot;&gt;&lt;use xlink:href=&#039;https:\\\/\\\/gobierno.udd.cl\\\/cips\\\/wp-content\\\/themes\\\/facultades-2018\\\/assets\\\/img\\\/svg\\\/dist\\\/main.svg?version=1695853099#chevron-right&#039;&gt;&lt;\\\/use&gt;&lt;\\\/svg&gt;&lt;span class=\\&quot;sr-only\\&quot;&gt;Siguiente&lt;\\\/span&gt;&lt;\\\/button&gt;&quot;,&quot;infinite&quot;:true,&quot;dots&quot;:true}'\n\t\t>\n\t\t\t\t\t\t\t<figure>\n\t\t\t\t\t<img loading=\"lazy\" decoding=\"async\" width=\"1280\" height=\"720\" src=\"https:\/\/gobierno.udd.cl\/cips\/wp-content\/plugins\/wp-async-img-load\/blank.png\" class=\"attachment-1280x720 size-1280x720 lazyload\" alt=\"\" sizes=\"auto, (max-width: 1280px) 100vw, 1280px\" data-src=\"https:\/\/gobierno.udd.cl\/cips\/files\/2023\/10\/seminario-cancer-cervicouterino391-1366x768.jpg\" data-srcset=\"https:\/\/gobierno.udd.cl\/cips\/files\/2023\/10\/seminario-cancer-cervicouterino391-1366x768.jpg 1366w, https:\/\/gobierno.udd.cl\/cips\/files\/2023\/10\/seminario-cancer-cervicouterino391-1920x1080.jpg 1920w, https:\/\/gobierno.udd.cl\/cips\/files\/2023\/10\/seminario-cancer-cervicouterino391-680x382.jpg 680w\" \/>\t\t\t\t\t\t\t\t\t<\/figure>\n\t\t\t\t\t\t\t<figure>\n\t\t\t\t\t<img loading=\"lazy\" decoding=\"async\" width=\"1280\" height=\"720\" src=\"https:\/\/gobierno.udd.cl\/cips\/wp-content\/plugins\/wp-async-img-load\/blank.png\" class=\"attachment-1280x720 size-1280x720 lazyload\" alt=\"\" sizes=\"auto, (max-width: 1280px) 100vw, 1280px\" data-src=\"https:\/\/gobierno.udd.cl\/cips\/files\/2023\/10\/seminario-cancer-cervicouterino393-1366x768.jpg\" data-srcset=\"https:\/\/gobierno.udd.cl\/cips\/files\/2023\/10\/seminario-cancer-cervicouterino393-1366x768.jpg 1366w, https:\/\/gobierno.udd.cl\/cips\/files\/2023\/10\/seminario-cancer-cervicouterino393-1920x1080.jpg 1920w, https:\/\/gobierno.udd.cl\/cips\/files\/2023\/10\/seminario-cancer-cervicouterino393-680x382.jpg 680w\" \/>\t\t\t\t\t\t\t\t\t<\/figure>\n\t\t\t\t\t\t\t<figure>\n\t\t\t\t\t<img loading=\"lazy\" decoding=\"async\" width=\"1280\" height=\"720\" src=\"https:\/\/gobierno.udd.cl\/cips\/wp-content\/plugins\/wp-async-img-load\/blank.png\" class=\"attachment-1280x720 size-1280x720 lazyload\" alt=\"\" sizes=\"auto, (max-width: 1280px) 100vw, 1280px\" data-src=\"https:\/\/gobierno.udd.cl\/cips\/files\/2023\/10\/seminario-cancer-cervicouterino395-1366x768.jpg\" data-srcset=\"https:\/\/gobierno.udd.cl\/cips\/files\/2023\/10\/seminario-cancer-cervicouterino395-1366x768.jpg 1366w, https:\/\/gobierno.udd.cl\/cips\/files\/2023\/10\/seminario-cancer-cervicouterino395-1920x1080.jpg 1920w, https:\/\/gobierno.udd.cl\/cips\/files\/2023\/10\/seminario-cancer-cervicouterino395-680x382.jpg 680w\" \/>\t\t\t\t\t\t\t\t\t<\/figure>\n\t\t\t\t\t\t\t<figure>\n\t\t\t\t\t<img loading=\"lazy\" decoding=\"async\" width=\"1280\" height=\"720\" src=\"https:\/\/gobierno.udd.cl\/cips\/wp-content\/plugins\/wp-async-img-load\/blank.png\" class=\"attachment-1280x720 size-1280x720 lazyload\" alt=\"\" sizes=\"auto, (max-width: 1280px) 100vw, 1280px\" data-src=\"https:\/\/gobierno.udd.cl\/cips\/files\/2023\/10\/seminario-cancer-cervicouterino398-1366x768.jpg\" data-srcset=\"https:\/\/gobierno.udd.cl\/cips\/files\/2023\/10\/seminario-cancer-cervicouterino398-1366x768.jpg 1366w, https:\/\/gobierno.udd.cl\/cips\/files\/2023\/10\/seminario-cancer-cervicouterino398-1920x1080.jpg 1920w, https:\/\/gobierno.udd.cl\/cips\/files\/2023\/10\/seminario-cancer-cervicouterino398-680x382.jpg 680w\" \/>\t\t\t\t\t\t\t\t\t<\/figure>\n\t\t\t\t\t\t\t<figure>\n\t\t\t\t\t<img loading=\"lazy\" decoding=\"async\" width=\"1280\" height=\"720\" src=\"https:\/\/gobierno.udd.cl\/cips\/wp-content\/plugins\/wp-async-img-load\/blank.png\" class=\"attachment-1280x720 size-1280x720 lazyload\" alt=\"\" sizes=\"auto, (max-width: 1280px) 100vw, 1280px\" data-src=\"https:\/\/gobierno.udd.cl\/cips\/files\/2023\/10\/seminario-cancer-cervicouterino402-1366x768.jpg\" data-srcset=\"https:\/\/gobierno.udd.cl\/cips\/files\/2023\/10\/seminario-cancer-cervicouterino402-1366x768.jpg 1366w, https:\/\/gobierno.udd.cl\/cips\/files\/2023\/10\/seminario-cancer-cervicouterino402-1920x1080.jpg 1920w, https:\/\/gobierno.udd.cl\/cips\/files\/2023\/10\/seminario-cancer-cervicouterino402-680x382.jpg 680w\" \/>\t\t\t\t\t\t\t\t\t<\/figure>\n\t\t\t\t\t\t\t<figure>\n\t\t\t\t\t<img loading=\"lazy\" decoding=\"async\" width=\"1280\" height=\"720\" src=\"https:\/\/gobierno.udd.cl\/cips\/wp-content\/plugins\/wp-async-img-load\/blank.png\" class=\"attachment-1280x720 size-1280x720 lazyload\" alt=\"\" sizes=\"auto, (max-width: 1280px) 100vw, 1280px\" data-src=\"https:\/\/gobierno.udd.cl\/cips\/files\/2023\/10\/seminario-cancer-cervicouterino404-1366x768.jpg\" data-srcset=\"https:\/\/gobierno.udd.cl\/cips\/files\/2023\/10\/seminario-cancer-cervicouterino404-1366x768.jpg 1366w, https:\/\/gobierno.udd.cl\/cips\/files\/2023\/10\/seminario-cancer-cervicouterino404-1920x1080.jpg 1920w, https:\/\/gobierno.udd.cl\/cips\/files\/2023\/10\/seminario-cancer-cervicouterino404-680x382.jpg 680w\" \/>\t\t\t\t\t\t\t\t\t<\/figure>\n\t\t\t\t\t\t\t<figure>\n\t\t\t\t\t<img loading=\"lazy\" decoding=\"async\" width=\"1280\" height=\"720\" src=\"https:\/\/gobierno.udd.cl\/cips\/wp-content\/plugins\/wp-async-img-load\/blank.png\" class=\"attachment-1280x720 size-1280x720 lazyload\" alt=\"\" sizes=\"auto, (max-width: 1280px) 100vw, 1280px\" data-src=\"https:\/\/gobierno.udd.cl\/cips\/files\/2023\/10\/seminario-cancer-cervicouterino405-1366x768.jpg\" data-srcset=\"https:\/\/gobierno.udd.cl\/cips\/files\/2023\/10\/seminario-cancer-cervicouterino405-1366x768.jpg 1366w, https:\/\/gobierno.udd.cl\/cips\/files\/2023\/10\/seminario-cancer-cervicouterino405-1920x1080.jpg 1920w, https:\/\/gobierno.udd.cl\/cips\/files\/2023\/10\/seminario-cancer-cervicouterino405-680x382.jpg 680w\" \/>\t\t\t\t\t\t\t\t\t<\/figure>\n\t\t\t\t\t<\/div>\n\t\t<div\n\t\t\tclass=\"carousel-gallery--carousel-dots\"\n\t\t\tid=\"dots-69f5c3c406669\"\n\t\t><\/div>\n\t<\/div>\n<\/section>\n\n\n\n<p>Tras su exposici\u00f3n moder\u00f3 una mesa redonda en donde estuvieron presentes Jaime Rodr\u00edguez, M\u00e9dico Pediatra especialista en Infectolog\u00eda. Jefe de infectolog\u00eda infantil de la Cl\u00ednica Alemana de Santiago y presidente del Consejo Asesor en Vacunas y estrategias de vacunaci\u00f3n del Minsal. Tambi\u00e9n estuvo presente Andrea Schilling, Ginec\u00f3loga Infanto-juvenil Cl\u00ednica Alemana, Investigadora y Docente en Centro de Estudios Cl\u00ednicos del ICIM, Universidad del Desarrollo. M\u00e9dico Fundador de la Unidad de Atenci\u00f3n Integral del Adolescente (UAIA) de Cl\u00ednica Alemana, y Ginec\u00f3logo en dicha Unidad. Miembro del Comit\u00e9 de \u00c9tica Cient\u00edfica, Cl\u00ednica Alemana \u2013 Universidad del Desarrollo. El tercer integrante de esta mesa redondo es Roberto Altamirano, m\u00e9dico especialista en ginecolog\u00eda y obstetricia, Mag\u00edster en Administraci\u00f3n y Gesti\u00f3n en Salud, Profesor Asociado Universidad de Chile y secretario general SOCHOG. <\/p>\n\n\n<section class=\"wp-block-udd-gallery-carousel wp-carousel-gallery\">\n\t<div class=\"container\">\n\t\t<div\n\t\t\tclass=\"slick-carousel gallery-slick-carousel gallery-carousel--1\"\n\t\t\tdata-slick='{&quot;slidesToScroll&quot;:1,&quot;slidesToShow&quot;:1,&quot;appendDots&quot;:&quot;#dots-69f5c3c40952d&quot;,&quot;prevArrow&quot;:&quot;&lt;button type=\\&quot;button\\&quot; class=\\&quot;btn btn-primary slick-prev\\&quot;&gt;&lt;svg class=\\&quot;svg-chevron-left-dims\\&quot;&gt;&lt;use xlink:href=&#039;https:\\\/\\\/gobierno.udd.cl\\\/cips\\\/wp-content\\\/themes\\\/facultades-2018\\\/assets\\\/img\\\/svg\\\/dist\\\/main.svg?version=1695853099#chevron-left&#039;&gt;&lt;\\\/use&gt;&lt;\\\/svg&gt;&lt;span class=\\&quot;sr-only\\&quot;&gt;Anterior&lt;\\\/span&gt;&lt;\\\/button&gt;&quot;,&quot;nextArrow&quot;:&quot;&lt;button type=\\&quot;button\\&quot; class=\\&quot;btn btn-primary slick-next\\&quot;&gt;&lt;svg class=\\&quot;svg-chevron-right-dims\\&quot;&gt;&lt;use xlink:href=&#039;https:\\\/\\\/gobierno.udd.cl\\\/cips\\\/wp-content\\\/themes\\\/facultades-2018\\\/assets\\\/img\\\/svg\\\/dist\\\/main.svg?version=1695853099#chevron-right&#039;&gt;&lt;\\\/use&gt;&lt;\\\/svg&gt;&lt;span class=\\&quot;sr-only\\&quot;&gt;Siguiente&lt;\\\/span&gt;&lt;\\\/button&gt;&quot;,&quot;infinite&quot;:true,&quot;dots&quot;:true}'\n\t\t>\n\t\t\t\t\t\t\t<figure>\n\t\t\t\t\t<img loading=\"lazy\" decoding=\"async\" width=\"1280\" height=\"720\" src=\"https:\/\/gobierno.udd.cl\/cips\/wp-content\/plugins\/wp-async-img-load\/blank.png\" class=\"attachment-1280x720 size-1280x720 lazyload\" alt=\"\" sizes=\"auto, (max-width: 1280px) 100vw, 1280px\" data-src=\"https:\/\/gobierno.udd.cl\/cips\/files\/2023\/10\/seminario-cancer-cervicouterino408-1366x768.jpg\" data-srcset=\"https:\/\/gobierno.udd.cl\/cips\/files\/2023\/10\/seminario-cancer-cervicouterino408-1366x768.jpg 1366w, https:\/\/gobierno.udd.cl\/cips\/files\/2023\/10\/seminario-cancer-cervicouterino408-1920x1080.jpg 1920w, https:\/\/gobierno.udd.cl\/cips\/files\/2023\/10\/seminario-cancer-cervicouterino408-680x382.jpg 680w\" \/>\t\t\t\t\t\t\t\t\t<\/figure>\n\t\t\t\t\t\t\t<figure>\n\t\t\t\t\t<img loading=\"lazy\" decoding=\"async\" width=\"1280\" height=\"720\" src=\"https:\/\/gobierno.udd.cl\/cips\/wp-content\/plugins\/wp-async-img-load\/blank.png\" class=\"attachment-1280x720 size-1280x720 lazyload\" alt=\"\" sizes=\"auto, (max-width: 1280px) 100vw, 1280px\" data-src=\"https:\/\/gobierno.udd.cl\/cips\/files\/2023\/10\/seminario-cancer-cervicouterino411-1366x768.jpg\" data-srcset=\"https:\/\/gobierno.udd.cl\/cips\/files\/2023\/10\/seminario-cancer-cervicouterino411-1366x768.jpg 1366w, https:\/\/gobierno.udd.cl\/cips\/files\/2023\/10\/seminario-cancer-cervicouterino411-1920x1080.jpg 1920w, https:\/\/gobierno.udd.cl\/cips\/files\/2023\/10\/seminario-cancer-cervicouterino411-680x382.jpg 680w\" \/>\t\t\t\t\t\t\t\t\t<\/figure>\n\t\t\t\t\t\t\t<figure>\n\t\t\t\t\t<img loading=\"lazy\" decoding=\"async\" width=\"1280\" height=\"720\" src=\"https:\/\/gobierno.udd.cl\/cips\/wp-content\/plugins\/wp-async-img-load\/blank.png\" class=\"attachment-1280x720 size-1280x720 lazyload\" alt=\"\" sizes=\"auto, (max-width: 1280px) 100vw, 1280px\" data-src=\"https:\/\/gobierno.udd.cl\/cips\/files\/2023\/10\/seminario-cancer-cervicouterino413-1366x768.jpg\" data-srcset=\"https:\/\/gobierno.udd.cl\/cips\/files\/2023\/10\/seminario-cancer-cervicouterino413-1366x768.jpg 1366w, https:\/\/gobierno.udd.cl\/cips\/files\/2023\/10\/seminario-cancer-cervicouterino413-1920x1080.jpg 1920w, https:\/\/gobierno.udd.cl\/cips\/files\/2023\/10\/seminario-cancer-cervicouterino413-680x382.jpg 680w\" \/>\t\t\t\t\t\t\t\t\t<\/figure>\n\t\t\t\t\t\t\t<figure>\n\t\t\t\t\t<img loading=\"lazy\" decoding=\"async\" width=\"1280\" height=\"720\" src=\"https:\/\/gobierno.udd.cl\/cips\/wp-content\/plugins\/wp-async-img-load\/blank.png\" class=\"attachment-1280x720 size-1280x720 lazyload\" alt=\"\" sizes=\"auto, (max-width: 1280px) 100vw, 1280px\" data-src=\"https:\/\/gobierno.udd.cl\/cips\/files\/2023\/10\/seminario-cancer-cervicouterino415-1366x768.jpg\" data-srcset=\"https:\/\/gobierno.udd.cl\/cips\/files\/2023\/10\/seminario-cancer-cervicouterino415-1366x768.jpg 1366w, https:\/\/gobierno.udd.cl\/cips\/files\/2023\/10\/seminario-cancer-cervicouterino415-1920x1080.jpg 1920w, https:\/\/gobierno.udd.cl\/cips\/files\/2023\/10\/seminario-cancer-cervicouterino415-680x382.jpg 680w\" \/>\t\t\t\t\t\t\t\t\t<\/figure>\n\t\t\t\t\t\t\t<figure>\n\t\t\t\t\t<img loading=\"lazy\" decoding=\"async\" width=\"1280\" height=\"720\" src=\"https:\/\/gobierno.udd.cl\/cips\/wp-content\/plugins\/wp-async-img-load\/blank.png\" class=\"attachment-1280x720 size-1280x720 lazyload\" alt=\"\" sizes=\"auto, (max-width: 1280px) 100vw, 1280px\" data-src=\"https:\/\/gobierno.udd.cl\/cips\/files\/2023\/10\/seminario-cancer-cervicouterino418-1366x768.jpg\" data-srcset=\"https:\/\/gobierno.udd.cl\/cips\/files\/2023\/10\/seminario-cancer-cervicouterino418-1366x768.jpg 1366w, https:\/\/gobierno.udd.cl\/cips\/files\/2023\/10\/seminario-cancer-cervicouterino418-1920x1080.jpg 1920w, https:\/\/gobierno.udd.cl\/cips\/files\/2023\/10\/seminario-cancer-cervicouterino418-680x382.jpg 680w\" \/>\t\t\t\t\t\t\t\t\t<\/figure>\n\t\t\t\t\t\t\t<figure>\n\t\t\t\t\t<img loading=\"lazy\" decoding=\"async\" width=\"1280\" height=\"720\" src=\"https:\/\/gobierno.udd.cl\/cips\/wp-content\/plugins\/wp-async-img-load\/blank.png\" class=\"attachment-1280x720 size-1280x720 lazyload\" alt=\"\" sizes=\"auto, (max-width: 1280px) 100vw, 1280px\" data-src=\"https:\/\/gobierno.udd.cl\/cips\/files\/2023\/10\/seminario-cancer-cervicouterino424-1366x768.jpg\" data-srcset=\"https:\/\/gobierno.udd.cl\/cips\/files\/2023\/10\/seminario-cancer-cervicouterino424-1366x768.jpg 1366w, https:\/\/gobierno.udd.cl\/cips\/files\/2023\/10\/seminario-cancer-cervicouterino424-1920x1080.jpg 1920w, https:\/\/gobierno.udd.cl\/cips\/files\/2023\/10\/seminario-cancer-cervicouterino424-680x382.jpg 680w\" \/>\t\t\t\t\t\t\t\t\t<\/figure>\n\t\t\t\t\t\t\t<figure>\n\t\t\t\t\t<img loading=\"lazy\" decoding=\"async\" width=\"1280\" height=\"720\" src=\"https:\/\/gobierno.udd.cl\/cips\/wp-content\/plugins\/wp-async-img-load\/blank.png\" class=\"attachment-1280x720 size-1280x720 lazyload\" alt=\"\" sizes=\"auto, (max-width: 1280px) 100vw, 1280px\" data-src=\"https:\/\/gobierno.udd.cl\/cips\/files\/2023\/10\/seminario-cancer-cervicouterino427-1366x768.jpg\" data-srcset=\"https:\/\/gobierno.udd.cl\/cips\/files\/2023\/10\/seminario-cancer-cervicouterino427-1366x768.jpg 1366w, https:\/\/gobierno.udd.cl\/cips\/files\/2023\/10\/seminario-cancer-cervicouterino427-1920x1080.jpg 1920w, https:\/\/gobierno.udd.cl\/cips\/files\/2023\/10\/seminario-cancer-cervicouterino427-680x382.jpg 680w\" \/>\t\t\t\t\t\t\t\t\t<\/figure>\n\t\t\t\t\t\t\t<figure>\n\t\t\t\t\t<img loading=\"lazy\" decoding=\"async\" width=\"1280\" height=\"720\" src=\"https:\/\/gobierno.udd.cl\/cips\/wp-content\/plugins\/wp-async-img-load\/blank.png\" class=\"attachment-1280x720 size-1280x720 lazyload\" alt=\"\" sizes=\"auto, (max-width: 1280px) 100vw, 1280px\" data-src=\"https:\/\/gobierno.udd.cl\/cips\/files\/2023\/10\/seminario-cancer-cervicouterino428-1366x768.jpg\" data-srcset=\"https:\/\/gobierno.udd.cl\/cips\/files\/2023\/10\/seminario-cancer-cervicouterino428-1366x768.jpg 1366w, https:\/\/gobierno.udd.cl\/cips\/files\/2023\/10\/seminario-cancer-cervicouterino428-1920x1080.jpg 1920w, https:\/\/gobierno.udd.cl\/cips\/files\/2023\/10\/seminario-cancer-cervicouterino428-680x382.jpg 680w\" \/>\t\t\t\t\t\t\t\t\t<\/figure>\n\t\t\t\t\t<\/div>\n\t\t<div\n\t\t\tclass=\"carousel-gallery--carousel-dots\"\n\t\t\tid=\"dots-69f5c3c40952d\"\n\t\t><\/div>\n\t<\/div>\n<\/section>\n\n\n\n<p>El segundo bloque se trat\u00f3 sobre cobertura de detecci\u00f3n. Fue la doctora Solana Terrazas, actual investigadora Senior de Icim, Facultad de Medicina dio un contexto general sobre el examen PAP y los desincentivos de las mujeres para realizar a su examen. <\/p>\n\n\n\n<p>Gina Merino, referente t\u00e9cnico c\u00e1ncer de la mujer en la subsecretaria de salud p\u00fablica del Ministerio de Salud habl\u00f3 sobre el plan piloto de VPH y su actualizaci\u00f3n. <\/p>\n\n\n\n<p>La australiana Deborah Batson fue la tercera ponencia, profesora de pr\u00e1ctica en el Daffodil Center, una colaboraci\u00f3n entre la Universidad de Sydney y el Cancer Council NSW, expuso sobre la experiencia en Australia para la detecci\u00f3n de VPH. <\/p>\n\n\n\n<p>Para cerrar el bloque se realiz\u00f3 una mesa redonda en donde tambi\u00e9n expusieron Catterina Ferreccio M\u00e9dico, Salubrista y Epidemi\u00f3loga. Directora del Programa de Doctorado en Epidemiolog\u00eda UC y dirige de la mayor cohorte poblacional prospectiva de enfermedades cr\u00f3nicas, del pa\u00eds, la cohorte del Maule, MAUCO. Tambi\u00e9n particip\u00f3 Adriana Castiblanco, M\u00e9dico Anatomopat\u00f3logo de la Universidad Cat\u00f3lica quien se desempe\u00f1a como Pat\u00f3loga Staff del Servicio de Anatom\u00eda Patol\u00f3gica de la Cl\u00ednica Alemana de Santiago. La tercera integrante de esta mesa redonda fue Isabel Cisterna, Matrona de la Universidad de Concepci\u00f3n quien actualmente es Sub directora del Cesfam Arrau M\u00e9ndez en Parral. <\/p>\n\n\n<section class=\"wp-block-udd-gallery-carousel wp-carousel-gallery\">\n\t<div class=\"container\">\n\t\t<div\n\t\t\tclass=\"slick-carousel gallery-slick-carousel gallery-carousel--1\"\n\t\t\tdata-slick='{&quot;slidesToScroll&quot;:1,&quot;slidesToShow&quot;:1,&quot;appendDots&quot;:&quot;#dots-69f5c3c40c2d0&quot;,&quot;prevArrow&quot;:&quot;&lt;button type=\\&quot;button\\&quot; class=\\&quot;btn btn-primary slick-prev\\&quot;&gt;&lt;svg class=\\&quot;svg-chevron-left-dims\\&quot;&gt;&lt;use xlink:href=&#039;https:\\\/\\\/gobierno.udd.cl\\\/cips\\\/wp-content\\\/themes\\\/facultades-2018\\\/assets\\\/img\\\/svg\\\/dist\\\/main.svg?version=1695853099#chevron-left&#039;&gt;&lt;\\\/use&gt;&lt;\\\/svg&gt;&lt;span class=\\&quot;sr-only\\&quot;&gt;Anterior&lt;\\\/span&gt;&lt;\\\/button&gt;&quot;,&quot;nextArrow&quot;:&quot;&lt;button type=\\&quot;button\\&quot; class=\\&quot;btn btn-primary slick-next\\&quot;&gt;&lt;svg class=\\&quot;svg-chevron-right-dims\\&quot;&gt;&lt;use xlink:href=&#039;https:\\\/\\\/gobierno.udd.cl\\\/cips\\\/wp-content\\\/themes\\\/facultades-2018\\\/assets\\\/img\\\/svg\\\/dist\\\/main.svg?version=1695853099#chevron-right&#039;&gt;&lt;\\\/use&gt;&lt;\\\/svg&gt;&lt;span class=\\&quot;sr-only\\&quot;&gt;Siguiente&lt;\\\/span&gt;&lt;\\\/button&gt;&quot;,&quot;infinite&quot;:true,&quot;dots&quot;:true}'\n\t\t>\n\t\t\t\t\t\t\t<figure>\n\t\t\t\t\t<img loading=\"lazy\" decoding=\"async\" width=\"1280\" height=\"720\" src=\"https:\/\/gobierno.udd.cl\/cips\/wp-content\/plugins\/wp-async-img-load\/blank.png\" class=\"attachment-1280x720 size-1280x720 lazyload\" alt=\"\" sizes=\"auto, (max-width: 1280px) 100vw, 1280px\" data-src=\"https:\/\/gobierno.udd.cl\/cips\/files\/2023\/10\/image-1-1366x768.png\" data-srcset=\"https:\/\/gobierno.udd.cl\/cips\/files\/2023\/10\/image-1-1366x768.png 1366w, https:\/\/gobierno.udd.cl\/cips\/files\/2023\/10\/image-1-1920x1080.png 1920w, https:\/\/gobierno.udd.cl\/cips\/files\/2023\/10\/image-1-680x382.png 680w\" \/>\t\t\t\t\t\t\t\t\t<\/figure>\n\t\t\t\t\t\t\t<figure>\n\t\t\t\t\t<img loading=\"lazy\" decoding=\"async\" width=\"1280\" height=\"720\" src=\"https:\/\/gobierno.udd.cl\/cips\/wp-content\/plugins\/wp-async-img-load\/blank.png\" class=\"attachment-1280x720 size-1280x720 lazyload\" alt=\"\" sizes=\"auto, (max-width: 1280px) 100vw, 1280px\" data-src=\"https:\/\/gobierno.udd.cl\/cips\/files\/2023\/10\/image-2-1366x768.png\" data-srcset=\"https:\/\/gobierno.udd.cl\/cips\/files\/2023\/10\/image-2-1366x768.png 1366w, https:\/\/gobierno.udd.cl\/cips\/files\/2023\/10\/image-2-1920x1080.png 1920w, https:\/\/gobierno.udd.cl\/cips\/files\/2023\/10\/image-2-680x382.png 680w\" \/>\t\t\t\t\t\t\t\t\t<\/figure>\n\t\t\t\t\t\t\t<figure>\n\t\t\t\t\t<img loading=\"lazy\" decoding=\"async\" width=\"1280\" height=\"720\" src=\"https:\/\/gobierno.udd.cl\/cips\/wp-content\/plugins\/wp-async-img-load\/blank.png\" class=\"attachment-1280x720 size-1280x720 lazyload\" alt=\"\" sizes=\"auto, (max-width: 1280px) 100vw, 1280px\" data-src=\"https:\/\/gobierno.udd.cl\/cips\/files\/2023\/10\/image-3-1366x768.png\" data-srcset=\"https:\/\/gobierno.udd.cl\/cips\/files\/2023\/10\/image-3-1366x768.png 1366w, https:\/\/gobierno.udd.cl\/cips\/files\/2023\/10\/image-3-1920x1080.png 1920w, https:\/\/gobierno.udd.cl\/cips\/files\/2023\/10\/image-3-680x382.png 680w\" \/>\t\t\t\t\t\t\t\t\t<\/figure>\n\t\t\t\t\t<\/div>\n\t\t<div\n\t\t\tclass=\"carousel-gallery--carousel-dots\"\n\t\t\tid=\"dots-69f5c3c40c2d0\"\n\t\t><\/div>\n\t<\/div>\n<\/section>\n\n\n\n<p>El segundo d\u00eda el seminario se centr\u00f3 en el pilar del tratamiento. La primera fue la doctora Daza quien present\u00f3 un estudio de CIPS sobre retrasos Ges en c\u00e1ncer cervicouterino. <\/p>\n\n\n\n<figure class=\"wp-block-gallery has-nested-images columns-default is-cropped wp-block-gallery-1 is-layout-flex wp-block-gallery-is-layout-flex\">\n<figure class=\"wp-block-image size-large\"><img loading=\"lazy\" decoding=\"async\" width=\"4096\" height=\"3072\" data-id=\"1646\" src=\"https:\/\/gobierno.udd.cl\/cips\/files\/2023\/10\/image-6.png\" alt=\"\" class=\"wp-image-1646\" srcset=\"https:\/\/gobierno.udd.cl\/cips\/files\/2023\/10\/image-6.png 4096w, https:\/\/gobierno.udd.cl\/cips\/files\/2023\/10\/image-6-300x225.png 300w, https:\/\/gobierno.udd.cl\/cips\/files\/2023\/10\/image-6-1024x768.png 1024w, https:\/\/gobierno.udd.cl\/cips\/files\/2023\/10\/image-6-768x576.png 768w, https:\/\/gobierno.udd.cl\/cips\/files\/2023\/10\/image-6-1536x1152.png 1536w, https:\/\/gobierno.udd.cl\/cips\/files\/2023\/10\/image-6-2048x1536.png 2048w\" sizes=\"auto, (max-width: 4096px) 100vw, 4096px\" \/><\/figure>\n\n\n\n<figure class=\"wp-block-image size-large\"><img loading=\"lazy\" decoding=\"async\" width=\"4096\" height=\"3072\" data-id=\"1645\" src=\"https:\/\/gobierno.udd.cl\/cips\/files\/2023\/10\/image-5.png\" alt=\"\" class=\"wp-image-1645\" srcset=\"https:\/\/gobierno.udd.cl\/cips\/files\/2023\/10\/image-5.png 4096w, https:\/\/gobierno.udd.cl\/cips\/files\/2023\/10\/image-5-300x225.png 300w, https:\/\/gobierno.udd.cl\/cips\/files\/2023\/10\/image-5-1024x768.png 1024w, https:\/\/gobierno.udd.cl\/cips\/files\/2023\/10\/image-5-768x576.png 768w, https:\/\/gobierno.udd.cl\/cips\/files\/2023\/10\/image-5-1536x1152.png 1536w, https:\/\/gobierno.udd.cl\/cips\/files\/2023\/10\/image-5-2048x1536.png 2048w\" sizes=\"auto, (max-width: 4096px) 100vw, 4096px\" \/><\/figure>\n\n\n\n<figure class=\"wp-block-image size-large\"><img loading=\"lazy\" decoding=\"async\" width=\"4096\" height=\"3072\" data-id=\"1644\" src=\"https:\/\/gobierno.udd.cl\/cips\/files\/2023\/10\/image-4.png\" alt=\"\" class=\"wp-image-1644\" srcset=\"https:\/\/gobierno.udd.cl\/cips\/files\/2023\/10\/image-4.png 4096w, https:\/\/gobierno.udd.cl\/cips\/files\/2023\/10\/image-4-300x225.png 300w, https:\/\/gobierno.udd.cl\/cips\/files\/2023\/10\/image-4-1024x768.png 1024w, https:\/\/gobierno.udd.cl\/cips\/files\/2023\/10\/image-4-768x576.png 768w, https:\/\/gobierno.udd.cl\/cips\/files\/2023\/10\/image-4-1536x1152.png 1536w, https:\/\/gobierno.udd.cl\/cips\/files\/2023\/10\/image-4-2048x1536.png 2048w\" sizes=\"auto, (max-width: 4096px) 100vw, 4096px\" \/><\/figure>\n<\/figure>\n\n\n\n<p>Posteriormente habl\u00f3 Dino Sep\u00falveda quien es m\u00e9dico especialista en Salud P\u00fablica, ex jefe del Departamento de ETESA del Ministerio de Salud de Chile durante los a\u00f1os 2017 a 2022. El doctor Sep\u00falveda expuso sobre la actualizaci\u00f3n de las gu\u00edas Ges a las que debemos aspirar.<\/p>\n\n\n\n<p> <\/p>\n\n\n<section class=\"wp-block-udd-gallery-carousel wp-carousel-gallery\">\n\t<div class=\"container\">\n\t\t<div\n\t\t\tclass=\"slick-carousel gallery-slick-carousel gallery-carousel--1\"\n\t\t\tdata-slick='{&quot;slidesToScroll&quot;:1,&quot;slidesToShow&quot;:1,&quot;appendDots&quot;:&quot;#dots-69f5c3c410541&quot;,&quot;prevArrow&quot;:&quot;&lt;button type=\\&quot;button\\&quot; class=\\&quot;btn btn-primary slick-prev\\&quot;&gt;&lt;svg class=\\&quot;svg-chevron-left-dims\\&quot;&gt;&lt;use xlink:href=&#039;https:\\\/\\\/gobierno.udd.cl\\\/cips\\\/wp-content\\\/themes\\\/facultades-2018\\\/assets\\\/img\\\/svg\\\/dist\\\/main.svg?version=1695853099#chevron-left&#039;&gt;&lt;\\\/use&gt;&lt;\\\/svg&gt;&lt;span class=\\&quot;sr-only\\&quot;&gt;Anterior&lt;\\\/span&gt;&lt;\\\/button&gt;&quot;,&quot;nextArrow&quot;:&quot;&lt;button type=\\&quot;button\\&quot; class=\\&quot;btn btn-primary slick-next\\&quot;&gt;&lt;svg class=\\&quot;svg-chevron-right-dims\\&quot;&gt;&lt;use xlink:href=&#039;https:\\\/\\\/gobierno.udd.cl\\\/cips\\\/wp-content\\\/themes\\\/facultades-2018\\\/assets\\\/img\\\/svg\\\/dist\\\/main.svg?version=1695853099#chevron-right&#039;&gt;&lt;\\\/use&gt;&lt;\\\/svg&gt;&lt;span class=\\&quot;sr-only\\&quot;&gt;Siguiente&lt;\\\/span&gt;&lt;\\\/button&gt;&quot;,&quot;infinite&quot;:true,&quot;dots&quot;:true}'\n\t\t>\n\t\t\t\t\t\t\t<figure>\n\t\t\t\t\t<img loading=\"lazy\" decoding=\"async\" width=\"1280\" height=\"720\" src=\"https:\/\/gobierno.udd.cl\/cips\/wp-content\/plugins\/wp-async-img-load\/blank.png\" class=\"attachment-1280x720 size-1280x720 lazyload\" alt=\"\" sizes=\"auto, (max-width: 1280px) 100vw, 1280px\" data-src=\"https:\/\/gobierno.udd.cl\/cips\/files\/2023\/10\/image-10-1366x768.png\" data-srcset=\"https:\/\/gobierno.udd.cl\/cips\/files\/2023\/10\/image-10-1366x768.png 1366w, https:\/\/gobierno.udd.cl\/cips\/files\/2023\/10\/image-10-1920x1080.png 1920w, https:\/\/gobierno.udd.cl\/cips\/files\/2023\/10\/image-10-680x382.png 680w\" \/>\t\t\t\t\t\t\t\t\t<\/figure>\n\t\t\t\t\t\t\t<figure>\n\t\t\t\t\t<img loading=\"lazy\" decoding=\"async\" width=\"1280\" height=\"720\" src=\"https:\/\/gobierno.udd.cl\/cips\/wp-content\/plugins\/wp-async-img-load\/blank.png\" class=\"attachment-1280x720 size-1280x720 lazyload\" alt=\"\" sizes=\"auto, (max-width: 1280px) 100vw, 1280px\" data-src=\"https:\/\/gobierno.udd.cl\/cips\/files\/2023\/10\/image-9-1366x768.png\" data-srcset=\"https:\/\/gobierno.udd.cl\/cips\/files\/2023\/10\/image-9-1366x768.png 1366w, https:\/\/gobierno.udd.cl\/cips\/files\/2023\/10\/image-9-1920x1080.png 1920w, https:\/\/gobierno.udd.cl\/cips\/files\/2023\/10\/image-9-680x382.png 680w\" \/>\t\t\t\t\t\t\t\t\t<\/figure>\n\t\t\t\t\t\t\t<figure>\n\t\t\t\t\t<img loading=\"lazy\" decoding=\"async\" width=\"1280\" height=\"720\" src=\"https:\/\/gobierno.udd.cl\/cips\/wp-content\/plugins\/wp-async-img-load\/blank.png\" class=\"attachment-1280x720 size-1280x720 lazyload\" alt=\"\" sizes=\"auto, (max-width: 1280px) 100vw, 1280px\" data-src=\"https:\/\/gobierno.udd.cl\/cips\/files\/2023\/10\/image-8-1366x768.png\" data-srcset=\"https:\/\/gobierno.udd.cl\/cips\/files\/2023\/10\/image-8-1366x768.png 1366w, https:\/\/gobierno.udd.cl\/cips\/files\/2023\/10\/image-8-1920x1080.png 1920w, https:\/\/gobierno.udd.cl\/cips\/files\/2023\/10\/image-8-680x382.png 680w\" \/>\t\t\t\t\t\t\t\t\t<\/figure>\n\t\t\t\t\t\t\t<figure>\n\t\t\t\t\t<img loading=\"lazy\" decoding=\"async\" width=\"1280\" height=\"720\" src=\"https:\/\/gobierno.udd.cl\/cips\/wp-content\/plugins\/wp-async-img-load\/blank.png\" class=\"attachment-1280x720 size-1280x720 lazyload\" alt=\"\" sizes=\"auto, (max-width: 1280px) 100vw, 1280px\" data-src=\"https:\/\/gobierno.udd.cl\/cips\/files\/2023\/10\/image-7-1366x768.png\" data-srcset=\"https:\/\/gobierno.udd.cl\/cips\/files\/2023\/10\/image-7-1366x768.png 1366w, https:\/\/gobierno.udd.cl\/cips\/files\/2023\/10\/image-7-1920x1080.png 1920w, https:\/\/gobierno.udd.cl\/cips\/files\/2023\/10\/image-7-680x382.png 680w\" \/>\t\t\t\t\t\t\t\t\t<\/figure>\n\t\t\t\t\t<\/div>\n\t\t<div\n\t\t\tclass=\"carousel-gallery--carousel-dots\"\n\t\t\tid=\"dots-69f5c3c410541\"\n\t\t><\/div>\n\t<\/div>\n<\/section>\n\n\n\n<p>El segundo en presentar fue Nicol\u00e1s Issa. \u00c9l es Onc\u00f3logo Radioterapeuta de Cl\u00ednica IRAM Santiago de Chile. Mag\u00edster en aplicaciones tecnol\u00f3gicas avanzadas en Oncolog\u00eda Radioter\u00e1pica, Mag\u00edster en administraci\u00f3n de salud. Asesor Oncol\u00f3gico Hospital Digital del Ministerio de Salud de Chile. Isa habl\u00f3 sobre las brechas y puestas al d\u00eda en el tratamiento de c\u00e1ncer cervicouterino en Chile. <\/p>\n\n\n<section class=\"wp-block-udd-gallery-carousel wp-carousel-gallery\">\n\t<div class=\"container\">\n\t\t<div\n\t\t\tclass=\"slick-carousel gallery-slick-carousel gallery-carousel--1\"\n\t\t\tdata-slick='{&quot;slidesToScroll&quot;:1,&quot;slidesToShow&quot;:1,&quot;appendDots&quot;:&quot;#dots-69f5c3c412880&quot;,&quot;prevArrow&quot;:&quot;&lt;button type=\\&quot;button\\&quot; class=\\&quot;btn btn-primary slick-prev\\&quot;&gt;&lt;svg class=\\&quot;svg-chevron-left-dims\\&quot;&gt;&lt;use xlink:href=&#039;https:\\\/\\\/gobierno.udd.cl\\\/cips\\\/wp-content\\\/themes\\\/facultades-2018\\\/assets\\\/img\\\/svg\\\/dist\\\/main.svg?version=1695853099#chevron-left&#039;&gt;&lt;\\\/use&gt;&lt;\\\/svg&gt;&lt;span class=\\&quot;sr-only\\&quot;&gt;Anterior&lt;\\\/span&gt;&lt;\\\/button&gt;&quot;,&quot;nextArrow&quot;:&quot;&lt;button type=\\&quot;button\\&quot; class=\\&quot;btn btn-primary slick-next\\&quot;&gt;&lt;svg class=\\&quot;svg-chevron-right-dims\\&quot;&gt;&lt;use xlink:href=&#039;https:\\\/\\\/gobierno.udd.cl\\\/cips\\\/wp-content\\\/themes\\\/facultades-2018\\\/assets\\\/img\\\/svg\\\/dist\\\/main.svg?version=1695853099#chevron-right&#039;&gt;&lt;\\\/use&gt;&lt;\\\/svg&gt;&lt;span class=\\&quot;sr-only\\&quot;&gt;Siguiente&lt;\\\/span&gt;&lt;\\\/button&gt;&quot;,&quot;infinite&quot;:true,&quot;dots&quot;:true}'\n\t\t>\n\t\t\t\t\t\t\t<figure>\n\t\t\t\t\t<img loading=\"lazy\" decoding=\"async\" width=\"1280\" height=\"720\" src=\"https:\/\/gobierno.udd.cl\/cips\/wp-content\/plugins\/wp-async-img-load\/blank.png\" class=\"attachment-1280x720 size-1280x720 lazyload\" alt=\"\" sizes=\"auto, (max-width: 1280px) 100vw, 1280px\" data-src=\"https:\/\/gobierno.udd.cl\/cips\/files\/2023\/10\/seminario-cancer-cervicouterino596-1366x768.jpg\" data-srcset=\"https:\/\/gobierno.udd.cl\/cips\/files\/2023\/10\/seminario-cancer-cervicouterino596-1366x768.jpg 1366w, https:\/\/gobierno.udd.cl\/cips\/files\/2023\/10\/seminario-cancer-cervicouterino596-1920x1080.jpg 1920w, https:\/\/gobierno.udd.cl\/cips\/files\/2023\/10\/seminario-cancer-cervicouterino596-680x382.jpg 680w\" \/>\t\t\t\t\t\t\t\t\t<\/figure>\n\t\t\t\t\t\t\t<figure>\n\t\t\t\t\t<img loading=\"lazy\" decoding=\"async\" width=\"1280\" height=\"720\" src=\"https:\/\/gobierno.udd.cl\/cips\/wp-content\/plugins\/wp-async-img-load\/blank.png\" class=\"attachment-1280x720 size-1280x720 lazyload\" alt=\"\" sizes=\"auto, (max-width: 1280px) 100vw, 1280px\" data-src=\"https:\/\/gobierno.udd.cl\/cips\/files\/2023\/10\/seminario-cancer-cervicouterino599-1366x768.jpg\" data-srcset=\"https:\/\/gobierno.udd.cl\/cips\/files\/2023\/10\/seminario-cancer-cervicouterino599-1366x768.jpg 1366w, https:\/\/gobierno.udd.cl\/cips\/files\/2023\/10\/seminario-cancer-cervicouterino599-1920x1080.jpg 1920w, https:\/\/gobierno.udd.cl\/cips\/files\/2023\/10\/seminario-cancer-cervicouterino599-680x382.jpg 680w\" \/>\t\t\t\t\t\t\t\t\t<\/figure>\n\t\t\t\t\t\t\t<figure>\n\t\t\t\t\t<img loading=\"lazy\" decoding=\"async\" width=\"1280\" height=\"720\" src=\"https:\/\/gobierno.udd.cl\/cips\/wp-content\/plugins\/wp-async-img-load\/blank.png\" class=\"attachment-1280x720 size-1280x720 lazyload\" alt=\"\" sizes=\"auto, (max-width: 1280px) 100vw, 1280px\" data-src=\"https:\/\/gobierno.udd.cl\/cips\/files\/2023\/10\/seminario-cancer-cervicouterino604-1366x768.jpg\" data-srcset=\"https:\/\/gobierno.udd.cl\/cips\/files\/2023\/10\/seminario-cancer-cervicouterino604-1366x768.jpg 1366w, https:\/\/gobierno.udd.cl\/cips\/files\/2023\/10\/seminario-cancer-cervicouterino604-1920x1080.jpg 1920w, https:\/\/gobierno.udd.cl\/cips\/files\/2023\/10\/seminario-cancer-cervicouterino604-680x382.jpg 680w\" \/>\t\t\t\t\t\t\t\t\t<\/figure>\n\t\t\t\t\t<\/div>\n\t\t<div\n\t\t\tclass=\"carousel-gallery--carousel-dots\"\n\t\t\tid=\"dots-69f5c3c412880\"\n\t\t><\/div>\n\t<\/div>\n<\/section>\n\n\n\n<p>En la mesa redonda de este bloque moder\u00f3 el doctor Patricio Gayan, quien es ginec\u00f3logo Onc\u00f3logo y MBA. Se ejerci\u00f3 por 18 a\u00f1os en el Instituto Nacional del C\u00e1ncer siendo el 2012 Director M\u00e9dico y desde el 2014 hasta el 2022 Jefe del equipo de Ginecolog\u00eda Oncol\u00f3gica. Actualmente se desempe\u00f1a como Jefe equipo Ginecolog\u00eda Oncol\u00f3gica de la Cl\u00ednica Alemana En la mesa particip\u00f3 el doctor Sergio Becerra, m\u00e9dico Cirujano UC, Onc\u00f3logo radioterapeuta UCH, quien actualmente es contralor de oncolog\u00eda de Empresas Banm\u00e9dica y Director M\u00e9dico Fundaci\u00f3n Care. Adem\u00e1s, particip\u00f3 Mauricio Cuello, Ginec\u00f3logo Onc\u00f3logo. Profesor titular de la Divisi\u00f3n de Ginecolog\u00eda y Obstetricia de la Pontificia Universidad Cat\u00f3lica de Chile y es coordinador de Investigaci\u00f3n de la misma Facultad. El \u00faltimo participante de esta mesa fue Omar Nazzal, Ginec\u00f3logo Onc\u00f3logo. Profesor titular de la facultad de Medicina U. de Chile. Director del departamento de Ginecolog\u00eda y Obstetricia U. de Chile y Jefe de la unidad de Ginecolog\u00eda Oncol\u00f3gica en Hospital San Borja Arriar\u00e1n. <\/p>\n\n\n<section class=\"wp-block-udd-gallery-carousel wp-carousel-gallery\">\n\t<div class=\"container\">\n\t\t<div\n\t\t\tclass=\"slick-carousel gallery-slick-carousel gallery-carousel--1\"\n\t\t\tdata-slick='{&quot;slidesToScroll&quot;:1,&quot;slidesToShow&quot;:1,&quot;appendDots&quot;:&quot;#dots-69f5c3c415129&quot;,&quot;prevArrow&quot;:&quot;&lt;button type=\\&quot;button\\&quot; class=\\&quot;btn btn-primary slick-prev\\&quot;&gt;&lt;svg class=\\&quot;svg-chevron-left-dims\\&quot;&gt;&lt;use xlink:href=&#039;https:\\\/\\\/gobierno.udd.cl\\\/cips\\\/wp-content\\\/themes\\\/facultades-2018\\\/assets\\\/img\\\/svg\\\/dist\\\/main.svg?version=1695853099#chevron-left&#039;&gt;&lt;\\\/use&gt;&lt;\\\/svg&gt;&lt;span class=\\&quot;sr-only\\&quot;&gt;Anterior&lt;\\\/span&gt;&lt;\\\/button&gt;&quot;,&quot;nextArrow&quot;:&quot;&lt;button type=\\&quot;button\\&quot; class=\\&quot;btn btn-primary slick-next\\&quot;&gt;&lt;svg class=\\&quot;svg-chevron-right-dims\\&quot;&gt;&lt;use xlink:href=&#039;https:\\\/\\\/gobierno.udd.cl\\\/cips\\\/wp-content\\\/themes\\\/facultades-2018\\\/assets\\\/img\\\/svg\\\/dist\\\/main.svg?version=1695853099#chevron-right&#039;&gt;&lt;\\\/use&gt;&lt;\\\/svg&gt;&lt;span class=\\&quot;sr-only\\&quot;&gt;Siguiente&lt;\\\/span&gt;&lt;\\\/button&gt;&quot;,&quot;infinite&quot;:true,&quot;dots&quot;:true}'\n\t\t>\n\t\t\t\t\t\t\t<figure>\n\t\t\t\t\t<img loading=\"lazy\" decoding=\"async\" width=\"1280\" height=\"720\" src=\"https:\/\/gobierno.udd.cl\/cips\/wp-content\/plugins\/wp-async-img-load\/blank.png\" class=\"attachment-1280x720 size-1280x720 lazyload\" alt=\"\" sizes=\"auto, (max-width: 1280px) 100vw, 1280px\" data-src=\"https:\/\/gobierno.udd.cl\/cips\/files\/2023\/10\/seminario-cancer-cervicouterino610-1366x768.jpg\" data-srcset=\"https:\/\/gobierno.udd.cl\/cips\/files\/2023\/10\/seminario-cancer-cervicouterino610-1366x768.jpg 1366w, https:\/\/gobierno.udd.cl\/cips\/files\/2023\/10\/seminario-cancer-cervicouterino610-1920x1080.jpg 1920w, https:\/\/gobierno.udd.cl\/cips\/files\/2023\/10\/seminario-cancer-cervicouterino610-680x382.jpg 680w\" \/>\t\t\t\t\t\t\t\t\t<\/figure>\n\t\t\t\t\t\t\t<figure>\n\t\t\t\t\t<img loading=\"lazy\" decoding=\"async\" width=\"1280\" height=\"720\" src=\"https:\/\/gobierno.udd.cl\/cips\/wp-content\/plugins\/wp-async-img-load\/blank.png\" class=\"attachment-1280x720 size-1280x720 lazyload\" alt=\"\" sizes=\"auto, (max-width: 1280px) 100vw, 1280px\" data-src=\"https:\/\/gobierno.udd.cl\/cips\/files\/2023\/10\/seminario-cancer-cervicouterino612-1366x768.jpg\" data-srcset=\"https:\/\/gobierno.udd.cl\/cips\/files\/2023\/10\/seminario-cancer-cervicouterino612-1366x768.jpg 1366w, https:\/\/gobierno.udd.cl\/cips\/files\/2023\/10\/seminario-cancer-cervicouterino612-1920x1080.jpg 1920w, https:\/\/gobierno.udd.cl\/cips\/files\/2023\/10\/seminario-cancer-cervicouterino612-680x382.jpg 680w\" \/>\t\t\t\t\t\t\t\t\t<\/figure>\n\t\t\t\t\t\t\t<figure>\n\t\t\t\t\t<img loading=\"lazy\" decoding=\"async\" width=\"1280\" height=\"720\" src=\"https:\/\/gobierno.udd.cl\/cips\/wp-content\/plugins\/wp-async-img-load\/blank.png\" class=\"attachment-1280x720 size-1280x720 lazyload\" alt=\"\" sizes=\"auto, (max-width: 1280px) 100vw, 1280px\" data-src=\"https:\/\/gobierno.udd.cl\/cips\/files\/2023\/10\/seminario-cancer-cervicouterino623-1366x768.jpg\" data-srcset=\"https:\/\/gobierno.udd.cl\/cips\/files\/2023\/10\/seminario-cancer-cervicouterino623-1366x768.jpg 1366w, https:\/\/gobierno.udd.cl\/cips\/files\/2023\/10\/seminario-cancer-cervicouterino623-1920x1080.jpg 1920w, https:\/\/gobierno.udd.cl\/cips\/files\/2023\/10\/seminario-cancer-cervicouterino623-680x382.jpg 680w\" \/>\t\t\t\t\t\t\t\t\t<\/figure>\n\t\t\t\t\t\t\t<figure>\n\t\t\t\t\t<img loading=\"lazy\" decoding=\"async\" width=\"1280\" height=\"720\" src=\"https:\/\/gobierno.udd.cl\/cips\/wp-content\/plugins\/wp-async-img-load\/blank.png\" class=\"attachment-1280x720 size-1280x720 lazyload\" alt=\"\" sizes=\"auto, (max-width: 1280px) 100vw, 1280px\" data-src=\"https:\/\/gobierno.udd.cl\/cips\/files\/2023\/10\/seminario-cancer-cervicouterino629-1366x768.jpg\" data-srcset=\"https:\/\/gobierno.udd.cl\/cips\/files\/2023\/10\/seminario-cancer-cervicouterino629-1366x768.jpg 1366w, https:\/\/gobierno.udd.cl\/cips\/files\/2023\/10\/seminario-cancer-cervicouterino629-1920x1080.jpg 1920w, https:\/\/gobierno.udd.cl\/cips\/files\/2023\/10\/seminario-cancer-cervicouterino629-680x382.jpg 680w\" \/>\t\t\t\t\t\t\t\t\t<\/figure>\n\t\t\t\t\t\t\t<figure>\n\t\t\t\t\t<img loading=\"lazy\" decoding=\"async\" width=\"1280\" height=\"720\" src=\"https:\/\/gobierno.udd.cl\/cips\/wp-content\/plugins\/wp-async-img-load\/blank.png\" class=\"attachment-1280x720 size-1280x720 lazyload\" alt=\"\" sizes=\"auto, (max-width: 1280px) 100vw, 1280px\" data-src=\"https:\/\/gobierno.udd.cl\/cips\/files\/2023\/10\/seminario-cancer-cervicouterino630-1366x768.jpg\" data-srcset=\"https:\/\/gobierno.udd.cl\/cips\/files\/2023\/10\/seminario-cancer-cervicouterino630-1366x768.jpg 1366w, https:\/\/gobierno.udd.cl\/cips\/files\/2023\/10\/seminario-cancer-cervicouterino630-1920x1080.jpg 1920w, https:\/\/gobierno.udd.cl\/cips\/files\/2023\/10\/seminario-cancer-cervicouterino630-680x382.jpg 680w\" \/>\t\t\t\t\t\t\t\t\t<\/figure>\n\t\t\t\t\t\t\t<figure>\n\t\t\t\t\t<img loading=\"lazy\" decoding=\"async\" width=\"1280\" height=\"720\" src=\"https:\/\/gobierno.udd.cl\/cips\/wp-content\/plugins\/wp-async-img-load\/blank.png\" class=\"attachment-1280x720 size-1280x720 lazyload\" alt=\"\" sizes=\"auto, (max-width: 1280px) 100vw, 1280px\" data-src=\"https:\/\/gobierno.udd.cl\/cips\/files\/2023\/10\/seminario-cancer-cervicouterino633-1366x768.jpg\" data-srcset=\"https:\/\/gobierno.udd.cl\/cips\/files\/2023\/10\/seminario-cancer-cervicouterino633-1366x768.jpg 1366w, https:\/\/gobierno.udd.cl\/cips\/files\/2023\/10\/seminario-cancer-cervicouterino633-1920x1080.jpg 1920w, https:\/\/gobierno.udd.cl\/cips\/files\/2023\/10\/seminario-cancer-cervicouterino633-680x382.jpg 680w\" \/>\t\t\t\t\t\t\t\t\t<\/figure>\n\t\t\t\t\t<\/div>\n\t\t<div\n\t\t\tclass=\"carousel-gallery--carousel-dots\"\n\t\t\tid=\"dots-69f5c3c415129\"\n\t\t><\/div>\n\t<\/div>\n<\/section>\n\n\n\n<p>Daniela Ricas es chilena quien vive en Australia y trabaja en el equipo de modelaje dentro de la corriente de C\u00e1ncer Cervicouterino y VPH del Daffodil Centre. Rivas ayuda en el modelado y evaluaci\u00f3n del tratamiento y prevenci\u00f3n del c\u00e1ncer de cuello uterino y estrategias de vacunaci\u00f3n contra el VPH. Su investigaci\u00f3n se centra en el impacto de los retrasos en la eliminaci\u00f3n del c\u00e1ncer de cuello uterino en los pa\u00edses de ingresos bajos y medianos y present\u00f3 sobre herramientas de planificaci\u00f3n para la eliminaci\u00f3n del C\u00e1ncer Cervicouterino. PONER VIDEO Para terminar el seminario se realiz\u00f3 una entrevista entre Paula Daza y Cecilia Bolocco, Fundadora y presidenta de la Fundaci\u00f3n Care para analizar el aporte de la academia y sociedad civil en la prevenci\u00f3n, tratamiento y diagn\u00f3stico de c\u00e1ncer. <\/p>\n\n\n<section class=\"wp-block-udd-gallery-carousel wp-carousel-gallery\">\n\t<div class=\"container\">\n\t\t<div\n\t\t\tclass=\"slick-carousel gallery-slick-carousel gallery-carousel--1\"\n\t\t\tdata-slick='{&quot;slidesToScroll&quot;:1,&quot;slidesToShow&quot;:1,&quot;appendDots&quot;:&quot;#dots-69f5c3c41803d&quot;,&quot;prevArrow&quot;:&quot;&lt;button type=\\&quot;button\\&quot; class=\\&quot;btn btn-primary slick-prev\\&quot;&gt;&lt;svg class=\\&quot;svg-chevron-left-dims\\&quot;&gt;&lt;use xlink:href=&#039;https:\\\/\\\/gobierno.udd.cl\\\/cips\\\/wp-content\\\/themes\\\/facultades-2018\\\/assets\\\/img\\\/svg\\\/dist\\\/main.svg?version=1695853099#chevron-left&#039;&gt;&lt;\\\/use&gt;&lt;\\\/svg&gt;&lt;span class=\\&quot;sr-only\\&quot;&gt;Anterior&lt;\\\/span&gt;&lt;\\\/button&gt;&quot;,&quot;nextArrow&quot;:&quot;&lt;button type=\\&quot;button\\&quot; class=\\&quot;btn btn-primary slick-next\\&quot;&gt;&lt;svg class=\\&quot;svg-chevron-right-dims\\&quot;&gt;&lt;use xlink:href=&#039;https:\\\/\\\/gobierno.udd.cl\\\/cips\\\/wp-content\\\/themes\\\/facultades-2018\\\/assets\\\/img\\\/svg\\\/dist\\\/main.svg?version=1695853099#chevron-right&#039;&gt;&lt;\\\/use&gt;&lt;\\\/svg&gt;&lt;span class=\\&quot;sr-only\\&quot;&gt;Siguiente&lt;\\\/span&gt;&lt;\\\/button&gt;&quot;,&quot;infinite&quot;:true,&quot;dots&quot;:true}'\n\t\t>\n\t\t\t\t\t\t\t<figure>\n\t\t\t\t\t<img loading=\"lazy\" decoding=\"async\" width=\"1280\" height=\"720\" src=\"https:\/\/gobierno.udd.cl\/cips\/wp-content\/plugins\/wp-async-img-load\/blank.png\" class=\"attachment-1280x720 size-1280x720 lazyload\" alt=\"\" sizes=\"auto, (max-width: 1280px) 100vw, 1280px\" data-src=\"https:\/\/gobierno.udd.cl\/cips\/files\/2023\/10\/seminario-cancer-cervicouterino634-1366x768.jpg\" data-srcset=\"https:\/\/gobierno.udd.cl\/cips\/files\/2023\/10\/seminario-cancer-cervicouterino634-1366x768.jpg 1366w, https:\/\/gobierno.udd.cl\/cips\/files\/2023\/10\/seminario-cancer-cervicouterino634-1920x1080.jpg 1920w, https:\/\/gobierno.udd.cl\/cips\/files\/2023\/10\/seminario-cancer-cervicouterino634-680x382.jpg 680w\" \/>\t\t\t\t\t\t\t\t\t<\/figure>\n\t\t\t\t\t\t\t<figure>\n\t\t\t\t\t<img loading=\"lazy\" decoding=\"async\" width=\"1280\" height=\"720\" src=\"https:\/\/gobierno.udd.cl\/cips\/wp-content\/plugins\/wp-async-img-load\/blank.png\" class=\"attachment-1280x720 size-1280x720 lazyload\" alt=\"\" sizes=\"auto, (max-width: 1280px) 100vw, 1280px\" data-src=\"https:\/\/gobierno.udd.cl\/cips\/files\/2023\/10\/seminario-cancer-cervicouterino638-1366x768.jpg\" data-srcset=\"https:\/\/gobierno.udd.cl\/cips\/files\/2023\/10\/seminario-cancer-cervicouterino638-1366x768.jpg 1366w, https:\/\/gobierno.udd.cl\/cips\/files\/2023\/10\/seminario-cancer-cervicouterino638-1920x1080.jpg 1920w, https:\/\/gobierno.udd.cl\/cips\/files\/2023\/10\/seminario-cancer-cervicouterino638-680x382.jpg 680w\" \/>\t\t\t\t\t\t\t\t\t<\/figure>\n\t\t\t\t\t\t\t<figure>\n\t\t\t\t\t<img loading=\"lazy\" decoding=\"async\" width=\"1280\" height=\"720\" src=\"https:\/\/gobierno.udd.cl\/cips\/wp-content\/plugins\/wp-async-img-load\/blank.png\" class=\"attachment-1280x720 size-1280x720 lazyload\" alt=\"\" sizes=\"auto, (max-width: 1280px) 100vw, 1280px\" data-src=\"https:\/\/gobierno.udd.cl\/cips\/files\/2023\/10\/seminario-cancer-cervicouterino642-1366x768.jpg\" data-srcset=\"https:\/\/gobierno.udd.cl\/cips\/files\/2023\/10\/seminario-cancer-cervicouterino642-1366x768.jpg 1366w, https:\/\/gobierno.udd.cl\/cips\/files\/2023\/10\/seminario-cancer-cervicouterino642-1920x1080.jpg 1920w, https:\/\/gobierno.udd.cl\/cips\/files\/2023\/10\/seminario-cancer-cervicouterino642-680x382.jpg 680w\" \/>\t\t\t\t\t\t\t\t\t<\/figure>\n\t\t\t\t\t\t\t<figure>\n\t\t\t\t\t<img loading=\"lazy\" decoding=\"async\" width=\"1280\" height=\"720\" src=\"https:\/\/gobierno.udd.cl\/cips\/wp-content\/plugins\/wp-async-img-load\/blank.png\" class=\"attachment-1280x720 size-1280x720 lazyload\" alt=\"\" sizes=\"auto, (max-width: 1280px) 100vw, 1280px\" data-src=\"https:\/\/gobierno.udd.cl\/cips\/files\/2023\/10\/seminario-cancer-cervicouterino645-1366x768.jpg\" data-srcset=\"https:\/\/gobierno.udd.cl\/cips\/files\/2023\/10\/seminario-cancer-cervicouterino645-1366x768.jpg 1366w, https:\/\/gobierno.udd.cl\/cips\/files\/2023\/10\/seminario-cancer-cervicouterino645-1920x1080.jpg 1920w, https:\/\/gobierno.udd.cl\/cips\/files\/2023\/10\/seminario-cancer-cervicouterino645-680x382.jpg 680w\" \/>\t\t\t\t\t\t\t\t\t<\/figure>\n\t\t\t\t\t\t\t<figure>\n\t\t\t\t\t<img loading=\"lazy\" decoding=\"async\" width=\"1280\" height=\"720\" src=\"https:\/\/gobierno.udd.cl\/cips\/wp-content\/plugins\/wp-async-img-load\/blank.png\" class=\"attachment-1280x720 size-1280x720 lazyload\" alt=\"\" sizes=\"auto, (max-width: 1280px) 100vw, 1280px\" data-src=\"https:\/\/gobierno.udd.cl\/cips\/files\/2023\/10\/seminario-cancer-cervicouterino649-1366x768.jpg\" data-srcset=\"https:\/\/gobierno.udd.cl\/cips\/files\/2023\/10\/seminario-cancer-cervicouterino649-1366x768.jpg 1366w, https:\/\/gobierno.udd.cl\/cips\/files\/2023\/10\/seminario-cancer-cervicouterino649-1920x1080.jpg 1920w, https:\/\/gobierno.udd.cl\/cips\/files\/2023\/10\/seminario-cancer-cervicouterino649-680x382.jpg 680w\" \/>\t\t\t\t\t\t\t\t\t<\/figure>\n\t\t\t\t\t\t\t<figure>\n\t\t\t\t\t<img loading=\"lazy\" decoding=\"async\" width=\"1280\" height=\"720\" src=\"https:\/\/gobierno.udd.cl\/cips\/wp-content\/plugins\/wp-async-img-load\/blank.png\" class=\"attachment-1280x720 size-1280x720 lazyload\" alt=\"\" sizes=\"auto, (max-width: 1280px) 100vw, 1280px\" data-src=\"https:\/\/gobierno.udd.cl\/cips\/files\/2023\/10\/seminario-cancer-cervicouterino652-1366x768.jpg\" data-srcset=\"https:\/\/gobierno.udd.cl\/cips\/files\/2023\/10\/seminario-cancer-cervicouterino652-1366x768.jpg 1366w, https:\/\/gobierno.udd.cl\/cips\/files\/2023\/10\/seminario-cancer-cervicouterino652-1920x1080.jpg 1920w, https:\/\/gobierno.udd.cl\/cips\/files\/2023\/10\/seminario-cancer-cervicouterino652-680x382.jpg 680w\" \/>\t\t\t\t\t\t\t\t\t<\/figure>\n\t\t\t\t\t<\/div>\n\t\t<div\n\t\t\tclass=\"carousel-gallery--carousel-dots\"\n\t\t\tid=\"dots-69f5c3c41803d\"\n\t\t><\/div>\n\t<\/div>\n<\/section>\n\n\n\n<p>PARA VER LAS JORNADAS COMPLETAS, MIRA <strong><a href=\"https:\/\/www.youtube.com\/watch?v=464ANvQjr9g&amp;t=1270s&amp;ab_channel=UniversidaddelDesarrollo\" target=\"_blank\" rel=\"noreferrer noopener\">AQU\u00cd<\/a><\/strong>.<\/p>\n","protected":false},"excerpt":{"rendered":"<p>Durante el 17 y 18 de octubre se realiz\u00f3 el seminario C\u00e1ncer Cervicouterino en Chile: un llamado a la acci\u00f3n, en donde m\u00e1s de 20 especialistas expusieron sobre las brechas y desaf\u00edos en prevenci\u00f3n, tratamiento y diagn\u00f3stico de este c\u00e1ncer femenino. En 2020, la OMS aprob\u00f3 la Estrategia para la eliminaci\u00f3n del c\u00e1ncer cervicouterino como [&hellip;]<\/p>\n","protected":false},"author":9192236,"featured_media":1638,"comment_status":"closed","ping_status":"open","sticky":false,"template":"","format":"standard","meta":{"footnotes":""},"categories":[3],"tags":[],"class_list":["post-1605","post","type-post","status-publish","format-standard","has-post-thumbnail","hentry","category-noticias"],"yoast_head":"<!-- This site is optimized with the Yoast SEO plugin v26.9 - https:\/\/yoast.com\/product\/yoast-seo-wordpress\/ -->\n<title>CIPS UDD inicia fuerza de tareas con expertos tras seminario de c\u00e1ncer cervicouterino en Chile - Centro de Pol\u00edticas P\u00fablicas e Innovaci\u00f3n en Salud<\/title>\n<meta name=\"robots\" content=\"index, follow, max-snippet:-1, max-image-preview:large, max-video-preview:-1\" \/>\n<link rel=\"canonical\" href=\"https:\/\/gobierno.udd.cl\/cips\/2023\/10\/24\/cips-udd-inicia-fuerza-de-tareas-con-expertos-tras-seminario-de-cancer-cervicouterino-en-chile\/\" \/>\n<meta property=\"og:locale\" content=\"es_ES\" \/>\n<meta property=\"og:type\" content=\"article\" \/>\n<meta property=\"og:title\" content=\"CIPS UDD inicia fuerza de tareas con expertos tras seminario de c\u00e1ncer cervicouterino en Chile - Centro de Pol\u00edticas P\u00fablicas e Innovaci\u00f3n en Salud\" \/>\n<meta property=\"og:description\" content=\"Durante el 17 y 18 de octubre se realiz\u00f3 el seminario C\u00e1ncer Cervicouterino en Chile: un llamado a la acci\u00f3n, en donde m\u00e1s de 20 especialistas expusieron sobre las brechas y desaf\u00edos en prevenci\u00f3n, tratamiento y diagn\u00f3stico de este c\u00e1ncer femenino. En 2020, la OMS aprob\u00f3 la Estrategia para la eliminaci\u00f3n del c\u00e1ncer cervicouterino como [&hellip;]\" \/>\n<meta property=\"og:url\" content=\"https:\/\/gobierno.udd.cl\/cips\/2023\/10\/24\/cips-udd-inicia-fuerza-de-tareas-con-expertos-tras-seminario-de-cancer-cervicouterino-en-chile\/\" \/>\n<meta property=\"og:site_name\" content=\"Centro de Pol\u00edticas P\u00fablicas e Innovaci\u00f3n en Salud\" \/>\n<meta property=\"article:publisher\" content=\"https:\/\/www.facebook.com\/CIPS.UDD\" \/>\n<meta property=\"article:published_time\" content=\"2023-10-24T20:15:27+00:00\" \/>\n<meta property=\"article:modified_time\" content=\"2023-10-25T19:58:17+00:00\" \/>\n<meta property=\"og:image\" content=\"https:\/\/gobierno.udd.cl\/cips\/files\/2023\/10\/seminario-cancer-cervicouterino428-scaled.jpg\" \/>\n\t<meta property=\"og:image:width\" content=\"2560\" \/>\n\t<meta property=\"og:image:height\" content=\"1707\" \/>\n\t<meta property=\"og:image:type\" content=\"image\/jpeg\" \/>\n<meta name=\"author\" content=\"ccararo\" \/>\n<meta name=\"twitter:card\" content=\"summary_large_image\" \/>\n<meta name=\"twitter:creator\" content=\"@CIPS_UDD\" \/>\n<meta name=\"twitter:site\" content=\"@CIPS_UDD\" \/>\n<meta name=\"twitter:label1\" content=\"Escrito por\" \/>\n\t<meta name=\"twitter:data1\" content=\"ccararo\" \/>\n\t<meta name=\"twitter:label2\" content=\"Tiempo de lectura\" \/>\n\t<meta name=\"twitter:data2\" content=\"15 minutos\" \/>\n<script type=\"application\/ld+json\" class=\"yoast-schema-graph\">{\"@context\":\"https:\/\/schema.org\",\"@graph\":[{\"@type\":\"Article\",\"@id\":\"https:\/\/gobierno.udd.cl\/cips\/2023\/10\/24\/cips-udd-inicia-fuerza-de-tareas-con-expertos-tras-seminario-de-cancer-cervicouterino-en-chile\/#article\",\"isPartOf\":{\"@id\":\"https:\/\/gobierno.udd.cl\/cips\/2023\/10\/24\/cips-udd-inicia-fuerza-de-tareas-con-expertos-tras-seminario-de-cancer-cervicouterino-en-chile\/\"},\"author\":{\"name\":\"ccararo\",\"@id\":\"https:\/\/gobierno.udd.cl\/cips\/#\/schema\/person\/9d509bb16e7d8299d075f0e90b5d7d00\"},\"headline\":\"CIPS UDD inicia fuerza de tareas con expertos tras seminario de c\u00e1ncer cervicouterino en Chile\",\"datePublished\":\"2023-10-24T20:15:27+00:00\",\"dateModified\":\"2023-10-25T19:58:17+00:00\",\"mainEntityOfPage\":{\"@id\":\"https:\/\/gobierno.udd.cl\/cips\/2023\/10\/24\/cips-udd-inicia-fuerza-de-tareas-con-expertos-tras-seminario-de-cancer-cervicouterino-en-chile\/\"},\"wordCount\":1282,\"image\":{\"@id\":\"https:\/\/gobierno.udd.cl\/cips\/2023\/10\/24\/cips-udd-inicia-fuerza-de-tareas-con-expertos-tras-seminario-de-cancer-cervicouterino-en-chile\/#primaryimage\"},\"thumbnailUrl\":\"https:\/\/gobierno.udd.cl\/cips\/files\/2023\/10\/seminario-cancer-cervicouterino428-scaled.jpg\",\"articleSection\":[\"Noticias\"],\"inLanguage\":\"es\"},{\"@type\":\"WebPage\",\"@id\":\"https:\/\/gobierno.udd.cl\/cips\/2023\/10\/24\/cips-udd-inicia-fuerza-de-tareas-con-expertos-tras-seminario-de-cancer-cervicouterino-en-chile\/\",\"url\":\"https:\/\/gobierno.udd.cl\/cips\/2023\/10\/24\/cips-udd-inicia-fuerza-de-tareas-con-expertos-tras-seminario-de-cancer-cervicouterino-en-chile\/\",\"name\":\"CIPS UDD inicia fuerza de tareas con expertos tras seminario de c\u00e1ncer cervicouterino en Chile - Centro de Pol\u00edticas P\u00fablicas e Innovaci\u00f3n en Salud\",\"isPartOf\":{\"@id\":\"https:\/\/gobierno.udd.cl\/cips\/#website\"},\"primaryImageOfPage\":{\"@id\":\"https:\/\/gobierno.udd.cl\/cips\/2023\/10\/24\/cips-udd-inicia-fuerza-de-tareas-con-expertos-tras-seminario-de-cancer-cervicouterino-en-chile\/#primaryimage\"},\"image\":{\"@id\":\"https:\/\/gobierno.udd.cl\/cips\/2023\/10\/24\/cips-udd-inicia-fuerza-de-tareas-con-expertos-tras-seminario-de-cancer-cervicouterino-en-chile\/#primaryimage\"},\"thumbnailUrl\":\"https:\/\/gobierno.udd.cl\/cips\/files\/2023\/10\/seminario-cancer-cervicouterino428-scaled.jpg\",\"datePublished\":\"2023-10-24T20:15:27+00:00\",\"dateModified\":\"2023-10-25T19:58:17+00:00\",\"author\":{\"@id\":\"https:\/\/gobierno.udd.cl\/cips\/#\/schema\/person\/9d509bb16e7d8299d075f0e90b5d7d00\"},\"breadcrumb\":{\"@id\":\"https:\/\/gobierno.udd.cl\/cips\/2023\/10\/24\/cips-udd-inicia-fuerza-de-tareas-con-expertos-tras-seminario-de-cancer-cervicouterino-en-chile\/#breadcrumb\"},\"inLanguage\":\"es\",\"potentialAction\":[{\"@type\":\"ReadAction\",\"target\":[\"https:\/\/gobierno.udd.cl\/cips\/2023\/10\/24\/cips-udd-inicia-fuerza-de-tareas-con-expertos-tras-seminario-de-cancer-cervicouterino-en-chile\/\"]}]},{\"@type\":\"ImageObject\",\"inLanguage\":\"es\",\"@id\":\"https:\/\/gobierno.udd.cl\/cips\/2023\/10\/24\/cips-udd-inicia-fuerza-de-tareas-con-expertos-tras-seminario-de-cancer-cervicouterino-en-chile\/#primaryimage\",\"url\":\"https:\/\/gobierno.udd.cl\/cips\/files\/2023\/10\/seminario-cancer-cervicouterino428-scaled.jpg\",\"contentUrl\":\"https:\/\/gobierno.udd.cl\/cips\/files\/2023\/10\/seminario-cancer-cervicouterino428-scaled.jpg\",\"width\":2560,\"height\":1707},{\"@type\":\"BreadcrumbList\",\"@id\":\"https:\/\/gobierno.udd.cl\/cips\/2023\/10\/24\/cips-udd-inicia-fuerza-de-tareas-con-expertos-tras-seminario-de-cancer-cervicouterino-en-chile\/#breadcrumb\",\"itemListElement\":[{\"@type\":\"ListItem\",\"position\":1,\"name\":\"Portada\",\"item\":\"https:\/\/gobierno.udd.cl\/cips\/\"},{\"@type\":\"ListItem\",\"position\":2,\"name\":\"CIPS UDD inicia fuerza de tareas con expertos tras seminario de c\u00e1ncer cervicouterino en Chile\"}]},{\"@type\":\"WebSite\",\"@id\":\"https:\/\/gobierno.udd.cl\/cips\/#website\",\"url\":\"https:\/\/gobierno.udd.cl\/cips\/\",\"name\":\"Centro de Pol\u00edticas P\u00fablicas e Innovaci\u00f3n en Salud\",\"description\":\"CIPS-UDD\",\"inLanguage\":\"es\"},{\"@type\":\"Person\",\"@id\":\"https:\/\/gobierno.udd.cl\/cips\/#\/schema\/person\/9d509bb16e7d8299d075f0e90b5d7d00\",\"name\":\"ccararo\",\"image\":{\"@type\":\"ImageObject\",\"inLanguage\":\"es\",\"@id\":\"https:\/\/gobierno.udd.cl\/cips\/#\/schema\/person\/image\/\",\"url\":\"https:\/\/secure.gravatar.com\/avatar\/fe809aec6c8a49b41db481a62d9671eec512578ac25cf41f7420b8069513828c?s=96&d=mm&r=g\",\"contentUrl\":\"https:\/\/secure.gravatar.com\/avatar\/fe809aec6c8a49b41db481a62d9671eec512578ac25cf41f7420b8069513828c?s=96&d=mm&r=g\",\"caption\":\"ccararo\"},\"url\":\"https:\/\/gobierno.udd.cl\/cips\/author\/ccararo\/\"}]}<\/script>\n<!-- \/ Yoast SEO plugin. -->","yoast_head_json":{"title":"CIPS UDD inicia fuerza de tareas con expertos tras seminario de c\u00e1ncer cervicouterino en Chile - Centro de Pol\u00edticas P\u00fablicas e Innovaci\u00f3n en Salud","robots":{"index":"index","follow":"follow","max-snippet":"max-snippet:-1","max-image-preview":"max-image-preview:large","max-video-preview":"max-video-preview:-1"},"canonical":"https:\/\/gobierno.udd.cl\/cips\/2023\/10\/24\/cips-udd-inicia-fuerza-de-tareas-con-expertos-tras-seminario-de-cancer-cervicouterino-en-chile\/","og_locale":"es_ES","og_type":"article","og_title":"CIPS UDD inicia fuerza de tareas con expertos tras seminario de c\u00e1ncer cervicouterino en Chile - Centro de Pol\u00edticas P\u00fablicas e Innovaci\u00f3n en Salud","og_description":"Durante el 17 y 18 de octubre se realiz\u00f3 el seminario C\u00e1ncer Cervicouterino en Chile: un llamado a la acci\u00f3n, en donde m\u00e1s de 20 especialistas expusieron sobre las brechas y desaf\u00edos en prevenci\u00f3n, tratamiento y diagn\u00f3stico de este c\u00e1ncer femenino. En 2020, la OMS aprob\u00f3 la Estrategia para la eliminaci\u00f3n del c\u00e1ncer cervicouterino como [&hellip;]","og_url":"https:\/\/gobierno.udd.cl\/cips\/2023\/10\/24\/cips-udd-inicia-fuerza-de-tareas-con-expertos-tras-seminario-de-cancer-cervicouterino-en-chile\/","og_site_name":"Centro de Pol\u00edticas P\u00fablicas e Innovaci\u00f3n en Salud","article_publisher":"https:\/\/www.facebook.com\/CIPS.UDD","article_published_time":"2023-10-24T20:15:27+00:00","article_modified_time":"2023-10-25T19:58:17+00:00","og_image":[{"width":2560,"height":1707,"url":"https:\/\/gobierno.udd.cl\/cips\/files\/2023\/10\/seminario-cancer-cervicouterino428-scaled.jpg","type":"image\/jpeg"}],"author":"ccararo","twitter_card":"summary_large_image","twitter_creator":"@CIPS_UDD","twitter_site":"@CIPS_UDD","twitter_misc":{"Escrito por":"ccararo","Tiempo de lectura":"15 minutos"},"schema":{"@context":"https:\/\/schema.org","@graph":[{"@type":"Article","@id":"https:\/\/gobierno.udd.cl\/cips\/2023\/10\/24\/cips-udd-inicia-fuerza-de-tareas-con-expertos-tras-seminario-de-cancer-cervicouterino-en-chile\/#article","isPartOf":{"@id":"https:\/\/gobierno.udd.cl\/cips\/2023\/10\/24\/cips-udd-inicia-fuerza-de-tareas-con-expertos-tras-seminario-de-cancer-cervicouterino-en-chile\/"},"author":{"name":"ccararo","@id":"https:\/\/gobierno.udd.cl\/cips\/#\/schema\/person\/9d509bb16e7d8299d075f0e90b5d7d00"},"headline":"CIPS UDD inicia fuerza de tareas con expertos tras seminario de c\u00e1ncer cervicouterino en Chile","datePublished":"2023-10-24T20:15:27+00:00","dateModified":"2023-10-25T19:58:17+00:00","mainEntityOfPage":{"@id":"https:\/\/gobierno.udd.cl\/cips\/2023\/10\/24\/cips-udd-inicia-fuerza-de-tareas-con-expertos-tras-seminario-de-cancer-cervicouterino-en-chile\/"},"wordCount":1282,"image":{"@id":"https:\/\/gobierno.udd.cl\/cips\/2023\/10\/24\/cips-udd-inicia-fuerza-de-tareas-con-expertos-tras-seminario-de-cancer-cervicouterino-en-chile\/#primaryimage"},"thumbnailUrl":"https:\/\/gobierno.udd.cl\/cips\/files\/2023\/10\/seminario-cancer-cervicouterino428-scaled.jpg","articleSection":["Noticias"],"inLanguage":"es"},{"@type":"WebPage","@id":"https:\/\/gobierno.udd.cl\/cips\/2023\/10\/24\/cips-udd-inicia-fuerza-de-tareas-con-expertos-tras-seminario-de-cancer-cervicouterino-en-chile\/","url":"https:\/\/gobierno.udd.cl\/cips\/2023\/10\/24\/cips-udd-inicia-fuerza-de-tareas-con-expertos-tras-seminario-de-cancer-cervicouterino-en-chile\/","name":"CIPS UDD inicia fuerza de tareas con expertos tras seminario de c\u00e1ncer cervicouterino en Chile - Centro de Pol\u00edticas P\u00fablicas e Innovaci\u00f3n en Salud","isPartOf":{"@id":"https:\/\/gobierno.udd.cl\/cips\/#website"},"primaryImageOfPage":{"@id":"https:\/\/gobierno.udd.cl\/cips\/2023\/10\/24\/cips-udd-inicia-fuerza-de-tareas-con-expertos-tras-seminario-de-cancer-cervicouterino-en-chile\/#primaryimage"},"image":{"@id":"https:\/\/gobierno.udd.cl\/cips\/2023\/10\/24\/cips-udd-inicia-fuerza-de-tareas-con-expertos-tras-seminario-de-cancer-cervicouterino-en-chile\/#primaryimage"},"thumbnailUrl":"https:\/\/gobierno.udd.cl\/cips\/files\/2023\/10\/seminario-cancer-cervicouterino428-scaled.jpg","datePublished":"2023-10-24T20:15:27+00:00","dateModified":"2023-10-25T19:58:17+00:00","author":{"@id":"https:\/\/gobierno.udd.cl\/cips\/#\/schema\/person\/9d509bb16e7d8299d075f0e90b5d7d00"},"breadcrumb":{"@id":"https:\/\/gobierno.udd.cl\/cips\/2023\/10\/24\/cips-udd-inicia-fuerza-de-tareas-con-expertos-tras-seminario-de-cancer-cervicouterino-en-chile\/#breadcrumb"},"inLanguage":"es","potentialAction":[{"@type":"ReadAction","target":["https:\/\/gobierno.udd.cl\/cips\/2023\/10\/24\/cips-udd-inicia-fuerza-de-tareas-con-expertos-tras-seminario-de-cancer-cervicouterino-en-chile\/"]}]},{"@type":"ImageObject","inLanguage":"es","@id":"https:\/\/gobierno.udd.cl\/cips\/2023\/10\/24\/cips-udd-inicia-fuerza-de-tareas-con-expertos-tras-seminario-de-cancer-cervicouterino-en-chile\/#primaryimage","url":"https:\/\/gobierno.udd.cl\/cips\/files\/2023\/10\/seminario-cancer-cervicouterino428-scaled.jpg","contentUrl":"https:\/\/gobierno.udd.cl\/cips\/files\/2023\/10\/seminario-cancer-cervicouterino428-scaled.jpg","width":2560,"height":1707},{"@type":"BreadcrumbList","@id":"https:\/\/gobierno.udd.cl\/cips\/2023\/10\/24\/cips-udd-inicia-fuerza-de-tareas-con-expertos-tras-seminario-de-cancer-cervicouterino-en-chile\/#breadcrumb","itemListElement":[{"@type":"ListItem","position":1,"name":"Portada","item":"https:\/\/gobierno.udd.cl\/cips\/"},{"@type":"ListItem","position":2,"name":"CIPS UDD inicia fuerza de tareas con expertos tras seminario de c\u00e1ncer cervicouterino en Chile"}]},{"@type":"WebSite","@id":"https:\/\/gobierno.udd.cl\/cips\/#website","url":"https:\/\/gobierno.udd.cl\/cips\/","name":"Centro de Pol\u00edticas P\u00fablicas e Innovaci\u00f3n en Salud","description":"CIPS-UDD","inLanguage":"es"},{"@type":"Person","@id":"https:\/\/gobierno.udd.cl\/cips\/#\/schema\/person\/9d509bb16e7d8299d075f0e90b5d7d00","name":"ccararo","image":{"@type":"ImageObject","inLanguage":"es","@id":"https:\/\/gobierno.udd.cl\/cips\/#\/schema\/person\/image\/","url":"https:\/\/secure.gravatar.com\/avatar\/fe809aec6c8a49b41db481a62d9671eec512578ac25cf41f7420b8069513828c?s=96&d=mm&r=g","contentUrl":"https:\/\/secure.gravatar.com\/avatar\/fe809aec6c8a49b41db481a62d9671eec512578ac25cf41f7420b8069513828c?s=96&d=mm&r=g","caption":"ccararo"},"url":"https:\/\/gobierno.udd.cl\/cips\/author\/ccararo\/"}]}},"featured_image_url":"https:\/\/gobierno.udd.cl\/cips\/files\/2023\/10\/seminario-cancer-cervicouterino428-scaled.jpg","_links":{"self":[{"href":"https:\/\/gobierno.udd.cl\/cips\/wp-json\/wp\/v2\/posts\/1605","targetHints":{"allow":["GET"]}}],"collection":[{"href":"https:\/\/gobierno.udd.cl\/cips\/wp-json\/wp\/v2\/posts"}],"about":[{"href":"https:\/\/gobierno.udd.cl\/cips\/wp-json\/wp\/v2\/types\/post"}],"author":[{"embeddable":true,"href":"https:\/\/gobierno.udd.cl\/cips\/wp-json\/wp\/v2\/users\/9192236"}],"replies":[{"embeddable":true,"href":"https:\/\/gobierno.udd.cl\/cips\/wp-json\/wp\/v2\/comments?post=1605"}],"version-history":[{"count":4,"href":"https:\/\/gobierno.udd.cl\/cips\/wp-json\/wp\/v2\/posts\/1605\/revisions"}],"predecessor-version":[{"id":1666,"href":"https:\/\/gobierno.udd.cl\/cips\/wp-json\/wp\/v2\/posts\/1605\/revisions\/1666"}],"wp:featuredmedia":[{"embeddable":true,"href":"https:\/\/gobierno.udd.cl\/cips\/wp-json\/wp\/v2\/media\/1638"}],"wp:attachment":[{"href":"https:\/\/gobierno.udd.cl\/cips\/wp-json\/wp\/v2\/media?parent=1605"}],"wp:term":[{"taxonomy":"category","embeddable":true,"href":"https:\/\/gobierno.udd.cl\/cips\/wp-json\/wp\/v2\/categories?post=1605"},{"taxonomy":"post_tag","embeddable":true,"href":"https:\/\/gobierno.udd.cl\/cips\/wp-json\/wp\/v2\/tags?post=1605"}],"curies":[{"name":"wp","href":"https:\/\/api.w.org\/{rel}","templated":true}]}}