{"id":1599,"date":"2023-10-17T11:41:21","date_gmt":"2023-10-17T14:41:21","guid":{"rendered":"https:\/\/gobierno.udd.cl\/cips\/?p=1599"},"modified":"2023-10-17T11:42:35","modified_gmt":"2023-10-17T14:42:35","slug":"cancer-cervicouterino-encabeza-la-lista-de-retrasos-ges-por-esta-patologia-y-la-mayoria-son-por-diagnostico","status":"publish","type":"post","link":"https:\/\/gobierno.udd.cl\/cips\/2023\/10\/17\/cancer-cervicouterino-encabeza-la-lista-de-retrasos-ges-por-esta-patologia-y-la-mayoria-son-por-diagnostico\/","title":{"rendered":"C\u00e1ncer Cervicouterino encabeza la lista de retrasos GES por esta patolog\u00eda y la mayor\u00eda son por diagn\u00f3stico"},"content":{"rendered":"\n<p><em>Un nuevo an\u00e1lisis del Centro de Pol\u00edticas P\u00fablicas e innovaci\u00f3n en Salud (CIPS) de la Facultad de Gobierno de la Universidad del Desarrollo ha realizado un an\u00e1lisis sobre esta enfermedad qu\u00e9, con 4305 prestaciones retrasadas, es el tipo de c\u00e1ncer GES que tiene mayor cantidad de atrasos. Estos se concentran principalmente en las regiones de Coquimbo, Metropolitana, Araucan\u00eda Valpara\u00edso y Maule, siendo el diagn\u00f3stico y el tamizaje donde existe mayor cantidad de retrasos.<\/em><\/p>\n\n\n\n<p>Entre 2022 y 2023 se observa una disminuci\u00f3n poco significativa de 0,87% en las prestaciones atrasadas por GES de C\u00e1ncer Cervicouterino (CaCu), con un total de 4305, posicion\u00e1ndose como el c\u00e1ncer con mayor cantidad de retrasos de c\u00e1ncer en GES. Esta lista se ha ido engrosando en los \u00faltimos a\u00f1os. Entre finales del a\u00f1o 2022 y el segundo trimestre del 2023 (corte de los datos al 30 de junio), disminuyeron los retrasos de c\u00e1ncer cervicouterino en solo 0,87% (4.343 a 4.305), manteni\u00e9ndose como la garant\u00eda GES de c\u00e1ncer con mayor cantidad de retrasos registrados. Al comparar estos datos anuales, tanto entre el 2019 y 2020 han aumentado los atrasos de esta<br>garant\u00eda explicita en salud en 114,54% (399 a 856). Este aumento fue a\u00fan m\u00e1s pronunciado entre 2020 y 2021 cuyo aument\u00f3 fue del 219,51% (856 a 2.735). Posteriormente, entre 2021 y 2022 se observa otro aumento de estas garant\u00edas en 58,9% (2.735 a 4.343). <\/p>\n\n\n\n<p>El informe analiz\u00f3 d\u00f3nde se encuentra la mayor\u00eda de estos retrasos en el pa\u00eds y en qu\u00e9 intervenci\u00f3n sanitaria hay mayor cuello de botella. Al analizar los retrasos GES c\u00e1ncer por regiones, se puede identificar que seis de las 16 regiones del pa\u00eds presentan que el c\u00e1ncer cervicouterino es su garant\u00eda con mayor cantidad de atrasos en prestaciones relacionadas a c\u00e1ncer. Las regiones que presentan mayor cantidad de atrasos en c\u00e1ncer cervicouterino a mediados del 2023 son: Coquimbo (949); Metropolitana (943); Araucan\u00eda (751); Valpara\u00edso (501) y Maule (481). Estos datos sugieren que la mayor cantidad de retrasos por c\u00e1ncer cervicouterino se concentran tanto para la macrozona Centro, representando el 33,7% del total de retrasos por esta prestaci\u00f3n y la zona Centro Sur, con el 21,1% del total.<\/p>\n\n\n\n<p>Finalmente se analizaron las intervenciones sanitarias de los retrasos relacionados a esta prestaci\u00f3n GES. En ello se observa que 51,2% de los retrasos en c\u00e1ncer cervicouterino (2.194) son por diagn\u00f3stico; 35,5% por tamizaje (1.527); 11% tratamiento (485) y 2,3% seguimiento (98). Las regiones que presentan mayor cantidad de atrasos en tamizaje son: Coquimbo 54% del total de atrasos en tamizaje (822); Maule 15% (224); Metropolitana 9% (131); \u00d1uble 6% (93) y Araucan\u00eda 5% (76). En cuanto al diagn\u00f3stico las regiones que presentan mayor cantidad de atrasos en esta intervenci\u00f3n son la Regi\u00f3n Metropolitana 32,2% (710); Araucan\u00eda 29,6% (653); Valpara\u00edso 13,3% (294); Maule 8% (177) y Coquimbo 5,1% (113). El informe concluye que es clave crear programas de acci\u00f3n espec\u00edficas para disminuir de forma significativa los retrasos GES de c\u00e1ncer cervicouterino, sobre todo en las regiones de Coquimbo, Metropolitana, Araucan\u00eda, Valpara\u00edso y Maule enfoc\u00e1ndose en las intervenciones sanitarias de diagn\u00f3stico y tamizaje, las cuales son claves para poder tener una confirmaci\u00f3n de la enfermedad a tiempo y un mejor manejo de la enfermedad.<\/p>\n\n\n\n<p>Especial \u00e9nfasis hay que poner en Coquimbo, dice el informe, donde el c\u00e1ncer cervicouterino representa el 70% de todos los retrasos de c\u00e1ncer de la regi\u00f3n, principalmente en tamizaje. En la Regi\u00f3n Metropolitana, Araucan\u00eda y Valpara\u00edso, en cambio, el foco debe estar en la disminuci\u00f3n de retrasos GES en c\u00e1ncer cervicouterino en diagn\u00f3stico.<\/p>\n\n\n\n<p>En CIPS se ha realizado un trabajo interdisciplinario para aumentar los ex\u00e1menes de Papanicolau, claves para la detecci\u00f3n temprana de esta enfermedad porque las cifras de Papanicolau son poco auspiciosas. Si bien la meta es del 80% en la poblaci\u00f3n objetivo, en los \u00faltimos a\u00f1os no ha superado el 60%. De acuerdo a otro an\u00e1lisis previo de CIPS en base a respuestas de la Casen, se obtuvieron ciertas ideas de por qu\u00e9 las mujeres no se est\u00e1n haciendo este examen. Cuando se les pregunt\u00f3 si en los \u00faltimos tres a\u00f1os, se hab\u00eda hecho el Papanicolaou, el 36,2% de las mujeres respondieron que no. Dentro de las razones que m\u00e1s se nombran para no hac\u00e9rselo es que \u201ccree que lo necesita\u201d, \u201cSele olvida hac\u00e9rselo\u201d, \u201cNo tiene tiempo\u201d o \u201cLe da miedo o le disgusta\u201d. <\/p>\n\n\n\n<p><em>\u201cSin duda estos argumentos demuestran que, autoridades, personal de salud, cient\u00edfico y acad\u00e9mico preocupados de los tipos de c\u00e1ncer que ata\u00f1e a las mujeres, nos falta visibilizar m\u00e1s el c\u00e1ncer cervicouterino en la poblaci\u00f3n femenina. Hay que dar a conocer la importancia de detectar a tiempo este c\u00e1ncer en etapas tempranas para todas aquellas que creen que no necesitan hac\u00e9rselo o que se le olvida hac\u00e9rselo. Por otro lado, es imprescindible que las mujeres trabajadoras que tienen entre 25 y 64 a\u00f1os conozcan que, por ley, tienen derecho a faltar a su trabajo medio d\u00eda para hacerse su PAP. La frase \u201cno tengo tiempo\u201d no debiera ser una excusa para ellas. La educaci\u00f3n sanitaria es clave\u201d<\/em>, concluye Paula Daza, Directora Ejecutiva de CIPS-UDD.<\/p>\n\n\n\n<p>Para contribuir a su visibilizaci\u00f3n, CIPS-UDD realizar\u00e1 el 17 y 18 de octubre el Seminario C\u00e1ncer Cervicouterino en Chile: Un Llamado a la Acci\u00f3n, el cual contar\u00e1 con expertos nacionales e internacionales quienes abordar\u00e1n la puesta al d\u00eda de esta enfermedad, los desaf\u00edos para alcanzar los objetivos de la OMS para CaCu y las pol\u00edticas p\u00fablicas que han sido efectivas en otros pa\u00edses, entre otras tem\u00e1ticas. La inscripci\u00f3n es gratuita y puede hacerse <strong><a href=\"https:\/\/gobierno.udd.cl\/cips\/ver-seminario\/seminario-cancer-cervicouterino-en-chile-un-llamado-a-la-accion\/\" target=\"_blank\" rel=\"noreferrer noopener\">aqu\u00ed<\/a><\/strong>. <\/p>\n\n\n\n<p>Revisa el informe completo <strong><a href=\"https:\/\/gobierno.udd.cl\/cips\/files\/2023\/10\/retrasos-ges-en-cancer-cervicouterino.pdf\" target=\"_blank\" rel=\"noreferrer noopener\">aqu\u00ed<\/a><\/strong><\/p>\n\n\n\n<p><\/p>\n","protected":false},"excerpt":{"rendered":"<p>Un nuevo an\u00e1lisis del Centro de Pol\u00edticas P\u00fablicas e innovaci\u00f3n en Salud (CIPS) de la Facultad de Gobierno de la Universidad del Desarrollo ha realizado un an\u00e1lisis sobre esta enfermedad qu\u00e9, con 4305 prestaciones retrasadas, es el tipo de c\u00e1ncer GES que tiene mayor cantidad de atrasos. Estos se concentran principalmente en las regiones de [&hellip;]<\/p>\n","protected":false},"author":9192236,"featured_media":1602,"comment_status":"closed","ping_status":"open","sticky":false,"template":"","format":"standard","meta":{"footnotes":""},"categories":[3],"tags":[],"class_list":["post-1599","post","type-post","status-publish","format-standard","has-post-thumbnail","hentry","category-noticias"],"yoast_head":"<!-- This site is optimized with the Yoast SEO plugin v26.9 - https:\/\/yoast.com\/product\/yoast-seo-wordpress\/ -->\n<title>C\u00e1ncer Cervicouterino encabeza la lista de retrasos GES por esta patolog\u00eda y la mayor\u00eda son por diagn\u00f3stico - Centro de Pol\u00edticas P\u00fablicas e Innovaci\u00f3n en Salud<\/title>\n<meta name=\"robots\" content=\"index, follow, max-snippet:-1, max-image-preview:large, max-video-preview:-1\" \/>\n<link rel=\"canonical\" href=\"https:\/\/gobierno.udd.cl\/cips\/2023\/10\/17\/cancer-cervicouterino-encabeza-la-lista-de-retrasos-ges-por-esta-patologia-y-la-mayoria-son-por-diagnostico\/\" \/>\n<meta property=\"og:locale\" content=\"es_ES\" \/>\n<meta property=\"og:type\" content=\"article\" \/>\n<meta property=\"og:title\" content=\"C\u00e1ncer Cervicouterino encabeza la lista de retrasos GES por esta patolog\u00eda y la mayor\u00eda son por diagn\u00f3stico - Centro de Pol\u00edticas P\u00fablicas e Innovaci\u00f3n en Salud\" \/>\n<meta property=\"og:description\" content=\"Un nuevo an\u00e1lisis del Centro de Pol\u00edticas P\u00fablicas e innovaci\u00f3n en Salud (CIPS) de la Facultad de Gobierno de la Universidad del Desarrollo ha realizado un an\u00e1lisis sobre esta enfermedad qu\u00e9, con 4305 prestaciones retrasadas, es el tipo de c\u00e1ncer GES que tiene mayor cantidad de atrasos. Estos se concentran principalmente en las regiones de [&hellip;]\" \/>\n<meta property=\"og:url\" content=\"https:\/\/gobierno.udd.cl\/cips\/2023\/10\/17\/cancer-cervicouterino-encabeza-la-lista-de-retrasos-ges-por-esta-patologia-y-la-mayoria-son-por-diagnostico\/\" \/>\n<meta property=\"og:site_name\" content=\"Centro de Pol\u00edticas P\u00fablicas e Innovaci\u00f3n en Salud\" \/>\n<meta property=\"article:publisher\" content=\"https:\/\/www.facebook.com\/CIPS.UDD\" \/>\n<meta property=\"article:published_time\" content=\"2023-10-17T14:41:21+00:00\" \/>\n<meta property=\"article:modified_time\" content=\"2023-10-17T14:42:35+00:00\" \/>\n<meta property=\"og:image\" content=\"https:\/\/gobierno.udd.cl\/cips\/files\/2023\/10\/image.png\" \/>\n\t<meta property=\"og:image:width\" content=\"907\" \/>\n\t<meta property=\"og:image:height\" content=\"492\" \/>\n\t<meta property=\"og:image:type\" content=\"image\/png\" \/>\n<meta name=\"author\" content=\"ccararo\" \/>\n<meta name=\"twitter:card\" content=\"summary_large_image\" \/>\n<meta name=\"twitter:creator\" content=\"@CIPS_UDD\" \/>\n<meta name=\"twitter:site\" content=\"@CIPS_UDD\" \/>\n<meta name=\"twitter:label1\" content=\"Escrito por\" \/>\n\t<meta name=\"twitter:data1\" content=\"ccararo\" \/>\n\t<meta name=\"twitter:label2\" content=\"Tiempo de lectura\" \/>\n\t<meta name=\"twitter:data2\" content=\"5 minutos\" \/>\n<script type=\"application\/ld+json\" class=\"yoast-schema-graph\">{\"@context\":\"https:\/\/schema.org\",\"@graph\":[{\"@type\":\"Article\",\"@id\":\"https:\/\/gobierno.udd.cl\/cips\/2023\/10\/17\/cancer-cervicouterino-encabeza-la-lista-de-retrasos-ges-por-esta-patologia-y-la-mayoria-son-por-diagnostico\/#article\",\"isPartOf\":{\"@id\":\"https:\/\/gobierno.udd.cl\/cips\/2023\/10\/17\/cancer-cervicouterino-encabeza-la-lista-de-retrasos-ges-por-esta-patologia-y-la-mayoria-son-por-diagnostico\/\"},\"author\":{\"name\":\"ccararo\",\"@id\":\"https:\/\/gobierno.udd.cl\/cips\/#\/schema\/person\/9d509bb16e7d8299d075f0e90b5d7d00\"},\"headline\":\"C\u00e1ncer Cervicouterino encabeza la lista de retrasos GES por esta patolog\u00eda y la mayor\u00eda son por diagn\u00f3stico\",\"datePublished\":\"2023-10-17T14:41:21+00:00\",\"dateModified\":\"2023-10-17T14:42:35+00:00\",\"mainEntityOfPage\":{\"@id\":\"https:\/\/gobierno.udd.cl\/cips\/2023\/10\/17\/cancer-cervicouterino-encabeza-la-lista-de-retrasos-ges-por-esta-patologia-y-la-mayoria-son-por-diagnostico\/\"},\"wordCount\":963,\"image\":{\"@id\":\"https:\/\/gobierno.udd.cl\/cips\/2023\/10\/17\/cancer-cervicouterino-encabeza-la-lista-de-retrasos-ges-por-esta-patologia-y-la-mayoria-son-por-diagnostico\/#primaryimage\"},\"thumbnailUrl\":\"https:\/\/gobierno.udd.cl\/cips\/files\/2023\/10\/image.png\",\"articleSection\":[\"Noticias\"],\"inLanguage\":\"es\"},{\"@type\":\"WebPage\",\"@id\":\"https:\/\/gobierno.udd.cl\/cips\/2023\/10\/17\/cancer-cervicouterino-encabeza-la-lista-de-retrasos-ges-por-esta-patologia-y-la-mayoria-son-por-diagnostico\/\",\"url\":\"https:\/\/gobierno.udd.cl\/cips\/2023\/10\/17\/cancer-cervicouterino-encabeza-la-lista-de-retrasos-ges-por-esta-patologia-y-la-mayoria-son-por-diagnostico\/\",\"name\":\"C\u00e1ncer Cervicouterino encabeza la lista de retrasos GES por esta patolog\u00eda y la mayor\u00eda son por diagn\u00f3stico - Centro de Pol\u00edticas P\u00fablicas e Innovaci\u00f3n en Salud\",\"isPartOf\":{\"@id\":\"https:\/\/gobierno.udd.cl\/cips\/#website\"},\"primaryImageOfPage\":{\"@id\":\"https:\/\/gobierno.udd.cl\/cips\/2023\/10\/17\/cancer-cervicouterino-encabeza-la-lista-de-retrasos-ges-por-esta-patologia-y-la-mayoria-son-por-diagnostico\/#primaryimage\"},\"image\":{\"@id\":\"https:\/\/gobierno.udd.cl\/cips\/2023\/10\/17\/cancer-cervicouterino-encabeza-la-lista-de-retrasos-ges-por-esta-patologia-y-la-mayoria-son-por-diagnostico\/#primaryimage\"},\"thumbnailUrl\":\"https:\/\/gobierno.udd.cl\/cips\/files\/2023\/10\/image.png\",\"datePublished\":\"2023-10-17T14:41:21+00:00\",\"dateModified\":\"2023-10-17T14:42:35+00:00\",\"author\":{\"@id\":\"https:\/\/gobierno.udd.cl\/cips\/#\/schema\/person\/9d509bb16e7d8299d075f0e90b5d7d00\"},\"breadcrumb\":{\"@id\":\"https:\/\/gobierno.udd.cl\/cips\/2023\/10\/17\/cancer-cervicouterino-encabeza-la-lista-de-retrasos-ges-por-esta-patologia-y-la-mayoria-son-por-diagnostico\/#breadcrumb\"},\"inLanguage\":\"es\",\"potentialAction\":[{\"@type\":\"ReadAction\",\"target\":[\"https:\/\/gobierno.udd.cl\/cips\/2023\/10\/17\/cancer-cervicouterino-encabeza-la-lista-de-retrasos-ges-por-esta-patologia-y-la-mayoria-son-por-diagnostico\/\"]}]},{\"@type\":\"ImageObject\",\"inLanguage\":\"es\",\"@id\":\"https:\/\/gobierno.udd.cl\/cips\/2023\/10\/17\/cancer-cervicouterino-encabeza-la-lista-de-retrasos-ges-por-esta-patologia-y-la-mayoria-son-por-diagnostico\/#primaryimage\",\"url\":\"https:\/\/gobierno.udd.cl\/cips\/files\/2023\/10\/image.png\",\"contentUrl\":\"https:\/\/gobierno.udd.cl\/cips\/files\/2023\/10\/image.png\",\"width\":907,\"height\":492},{\"@type\":\"BreadcrumbList\",\"@id\":\"https:\/\/gobierno.udd.cl\/cips\/2023\/10\/17\/cancer-cervicouterino-encabeza-la-lista-de-retrasos-ges-por-esta-patologia-y-la-mayoria-son-por-diagnostico\/#breadcrumb\",\"itemListElement\":[{\"@type\":\"ListItem\",\"position\":1,\"name\":\"Portada\",\"item\":\"https:\/\/gobierno.udd.cl\/cips\/\"},{\"@type\":\"ListItem\",\"position\":2,\"name\":\"C\u00e1ncer Cervicouterino encabeza la lista de retrasos GES por esta patolog\u00eda y la mayor\u00eda son por diagn\u00f3stico\"}]},{\"@type\":\"WebSite\",\"@id\":\"https:\/\/gobierno.udd.cl\/cips\/#website\",\"url\":\"https:\/\/gobierno.udd.cl\/cips\/\",\"name\":\"Centro de Pol\u00edticas P\u00fablicas e Innovaci\u00f3n en Salud\",\"description\":\"CIPS-UDD\",\"inLanguage\":\"es\"},{\"@type\":\"Person\",\"@id\":\"https:\/\/gobierno.udd.cl\/cips\/#\/schema\/person\/9d509bb16e7d8299d075f0e90b5d7d00\",\"name\":\"ccararo\",\"image\":{\"@type\":\"ImageObject\",\"inLanguage\":\"es\",\"@id\":\"https:\/\/gobierno.udd.cl\/cips\/#\/schema\/person\/image\/\",\"url\":\"https:\/\/secure.gravatar.com\/avatar\/fe809aec6c8a49b41db481a62d9671eec512578ac25cf41f7420b8069513828c?s=96&d=mm&r=g\",\"contentUrl\":\"https:\/\/secure.gravatar.com\/avatar\/fe809aec6c8a49b41db481a62d9671eec512578ac25cf41f7420b8069513828c?s=96&d=mm&r=g\",\"caption\":\"ccararo\"},\"url\":\"https:\/\/gobierno.udd.cl\/cips\/author\/ccararo\/\"}]}<\/script>\n<!-- \/ Yoast SEO plugin. -->","yoast_head_json":{"title":"C\u00e1ncer Cervicouterino encabeza la lista de retrasos GES por esta patolog\u00eda y la mayor\u00eda son por diagn\u00f3stico - Centro de Pol\u00edticas P\u00fablicas e Innovaci\u00f3n en Salud","robots":{"index":"index","follow":"follow","max-snippet":"max-snippet:-1","max-image-preview":"max-image-preview:large","max-video-preview":"max-video-preview:-1"},"canonical":"https:\/\/gobierno.udd.cl\/cips\/2023\/10\/17\/cancer-cervicouterino-encabeza-la-lista-de-retrasos-ges-por-esta-patologia-y-la-mayoria-son-por-diagnostico\/","og_locale":"es_ES","og_type":"article","og_title":"C\u00e1ncer Cervicouterino encabeza la lista de retrasos GES por esta patolog\u00eda y la mayor\u00eda son por diagn\u00f3stico - Centro de Pol\u00edticas P\u00fablicas e Innovaci\u00f3n en Salud","og_description":"Un nuevo an\u00e1lisis del Centro de Pol\u00edticas P\u00fablicas e innovaci\u00f3n en Salud (CIPS) de la Facultad de Gobierno de la Universidad del Desarrollo ha realizado un an\u00e1lisis sobre esta enfermedad qu\u00e9, con 4305 prestaciones retrasadas, es el tipo de c\u00e1ncer GES que tiene mayor cantidad de atrasos. Estos se concentran principalmente en las regiones de [&hellip;]","og_url":"https:\/\/gobierno.udd.cl\/cips\/2023\/10\/17\/cancer-cervicouterino-encabeza-la-lista-de-retrasos-ges-por-esta-patologia-y-la-mayoria-son-por-diagnostico\/","og_site_name":"Centro de Pol\u00edticas P\u00fablicas e Innovaci\u00f3n en Salud","article_publisher":"https:\/\/www.facebook.com\/CIPS.UDD","article_published_time":"2023-10-17T14:41:21+00:00","article_modified_time":"2023-10-17T14:42:35+00:00","og_image":[{"width":907,"height":492,"url":"https:\/\/gobierno.udd.cl\/cips\/files\/2023\/10\/image.png","type":"image\/png"}],"author":"ccararo","twitter_card":"summary_large_image","twitter_creator":"@CIPS_UDD","twitter_site":"@CIPS_UDD","twitter_misc":{"Escrito por":"ccararo","Tiempo de lectura":"5 minutos"},"schema":{"@context":"https:\/\/schema.org","@graph":[{"@type":"Article","@id":"https:\/\/gobierno.udd.cl\/cips\/2023\/10\/17\/cancer-cervicouterino-encabeza-la-lista-de-retrasos-ges-por-esta-patologia-y-la-mayoria-son-por-diagnostico\/#article","isPartOf":{"@id":"https:\/\/gobierno.udd.cl\/cips\/2023\/10\/17\/cancer-cervicouterino-encabeza-la-lista-de-retrasos-ges-por-esta-patologia-y-la-mayoria-son-por-diagnostico\/"},"author":{"name":"ccararo","@id":"https:\/\/gobierno.udd.cl\/cips\/#\/schema\/person\/9d509bb16e7d8299d075f0e90b5d7d00"},"headline":"C\u00e1ncer Cervicouterino encabeza la lista de retrasos GES por esta patolog\u00eda y la mayor\u00eda son por diagn\u00f3stico","datePublished":"2023-10-17T14:41:21+00:00","dateModified":"2023-10-17T14:42:35+00:00","mainEntityOfPage":{"@id":"https:\/\/gobierno.udd.cl\/cips\/2023\/10\/17\/cancer-cervicouterino-encabeza-la-lista-de-retrasos-ges-por-esta-patologia-y-la-mayoria-son-por-diagnostico\/"},"wordCount":963,"image":{"@id":"https:\/\/gobierno.udd.cl\/cips\/2023\/10\/17\/cancer-cervicouterino-encabeza-la-lista-de-retrasos-ges-por-esta-patologia-y-la-mayoria-son-por-diagnostico\/#primaryimage"},"thumbnailUrl":"https:\/\/gobierno.udd.cl\/cips\/files\/2023\/10\/image.png","articleSection":["Noticias"],"inLanguage":"es"},{"@type":"WebPage","@id":"https:\/\/gobierno.udd.cl\/cips\/2023\/10\/17\/cancer-cervicouterino-encabeza-la-lista-de-retrasos-ges-por-esta-patologia-y-la-mayoria-son-por-diagnostico\/","url":"https:\/\/gobierno.udd.cl\/cips\/2023\/10\/17\/cancer-cervicouterino-encabeza-la-lista-de-retrasos-ges-por-esta-patologia-y-la-mayoria-son-por-diagnostico\/","name":"C\u00e1ncer Cervicouterino encabeza la lista de retrasos GES por esta patolog\u00eda y la mayor\u00eda son por diagn\u00f3stico - Centro de Pol\u00edticas P\u00fablicas e Innovaci\u00f3n en Salud","isPartOf":{"@id":"https:\/\/gobierno.udd.cl\/cips\/#website"},"primaryImageOfPage":{"@id":"https:\/\/gobierno.udd.cl\/cips\/2023\/10\/17\/cancer-cervicouterino-encabeza-la-lista-de-retrasos-ges-por-esta-patologia-y-la-mayoria-son-por-diagnostico\/#primaryimage"},"image":{"@id":"https:\/\/gobierno.udd.cl\/cips\/2023\/10\/17\/cancer-cervicouterino-encabeza-la-lista-de-retrasos-ges-por-esta-patologia-y-la-mayoria-son-por-diagnostico\/#primaryimage"},"thumbnailUrl":"https:\/\/gobierno.udd.cl\/cips\/files\/2023\/10\/image.png","datePublished":"2023-10-17T14:41:21+00:00","dateModified":"2023-10-17T14:42:35+00:00","author":{"@id":"https:\/\/gobierno.udd.cl\/cips\/#\/schema\/person\/9d509bb16e7d8299d075f0e90b5d7d00"},"breadcrumb":{"@id":"https:\/\/gobierno.udd.cl\/cips\/2023\/10\/17\/cancer-cervicouterino-encabeza-la-lista-de-retrasos-ges-por-esta-patologia-y-la-mayoria-son-por-diagnostico\/#breadcrumb"},"inLanguage":"es","potentialAction":[{"@type":"ReadAction","target":["https:\/\/gobierno.udd.cl\/cips\/2023\/10\/17\/cancer-cervicouterino-encabeza-la-lista-de-retrasos-ges-por-esta-patologia-y-la-mayoria-son-por-diagnostico\/"]}]},{"@type":"ImageObject","inLanguage":"es","@id":"https:\/\/gobierno.udd.cl\/cips\/2023\/10\/17\/cancer-cervicouterino-encabeza-la-lista-de-retrasos-ges-por-esta-patologia-y-la-mayoria-son-por-diagnostico\/#primaryimage","url":"https:\/\/gobierno.udd.cl\/cips\/files\/2023\/10\/image.png","contentUrl":"https:\/\/gobierno.udd.cl\/cips\/files\/2023\/10\/image.png","width":907,"height":492},{"@type":"BreadcrumbList","@id":"https:\/\/gobierno.udd.cl\/cips\/2023\/10\/17\/cancer-cervicouterino-encabeza-la-lista-de-retrasos-ges-por-esta-patologia-y-la-mayoria-son-por-diagnostico\/#breadcrumb","itemListElement":[{"@type":"ListItem","position":1,"name":"Portada","item":"https:\/\/gobierno.udd.cl\/cips\/"},{"@type":"ListItem","position":2,"name":"C\u00e1ncer Cervicouterino encabeza la lista de retrasos GES por esta patolog\u00eda y la mayor\u00eda son por diagn\u00f3stico"}]},{"@type":"WebSite","@id":"https:\/\/gobierno.udd.cl\/cips\/#website","url":"https:\/\/gobierno.udd.cl\/cips\/","name":"Centro de Pol\u00edticas P\u00fablicas e Innovaci\u00f3n en Salud","description":"CIPS-UDD","inLanguage":"es"},{"@type":"Person","@id":"https:\/\/gobierno.udd.cl\/cips\/#\/schema\/person\/9d509bb16e7d8299d075f0e90b5d7d00","name":"ccararo","image":{"@type":"ImageObject","inLanguage":"es","@id":"https:\/\/gobierno.udd.cl\/cips\/#\/schema\/person\/image\/","url":"https:\/\/secure.gravatar.com\/avatar\/fe809aec6c8a49b41db481a62d9671eec512578ac25cf41f7420b8069513828c?s=96&d=mm&r=g","contentUrl":"https:\/\/secure.gravatar.com\/avatar\/fe809aec6c8a49b41db481a62d9671eec512578ac25cf41f7420b8069513828c?s=96&d=mm&r=g","caption":"ccararo"},"url":"https:\/\/gobierno.udd.cl\/cips\/author\/ccararo\/"}]}},"featured_image_url":"https:\/\/gobierno.udd.cl\/cips\/files\/2023\/10\/image.png","_links":{"self":[{"href":"https:\/\/gobierno.udd.cl\/cips\/wp-json\/wp\/v2\/posts\/1599","targetHints":{"allow":["GET"]}}],"collection":[{"href":"https:\/\/gobierno.udd.cl\/cips\/wp-json\/wp\/v2\/posts"}],"about":[{"href":"https:\/\/gobierno.udd.cl\/cips\/wp-json\/wp\/v2\/types\/post"}],"author":[{"embeddable":true,"href":"https:\/\/gobierno.udd.cl\/cips\/wp-json\/wp\/v2\/users\/9192236"}],"replies":[{"embeddable":true,"href":"https:\/\/gobierno.udd.cl\/cips\/wp-json\/wp\/v2\/comments?post=1599"}],"version-history":[{"count":2,"href":"https:\/\/gobierno.udd.cl\/cips\/wp-json\/wp\/v2\/posts\/1599\/revisions"}],"predecessor-version":[{"id":1604,"href":"https:\/\/gobierno.udd.cl\/cips\/wp-json\/wp\/v2\/posts\/1599\/revisions\/1604"}],"wp:featuredmedia":[{"embeddable":true,"href":"https:\/\/gobierno.udd.cl\/cips\/wp-json\/wp\/v2\/media\/1602"}],"wp:attachment":[{"href":"https:\/\/gobierno.udd.cl\/cips\/wp-json\/wp\/v2\/media?parent=1599"}],"wp:term":[{"taxonomy":"category","embeddable":true,"href":"https:\/\/gobierno.udd.cl\/cips\/wp-json\/wp\/v2\/categories?post=1599"},{"taxonomy":"post_tag","embeddable":true,"href":"https:\/\/gobierno.udd.cl\/cips\/wp-json\/wp\/v2\/tags?post=1599"}],"curies":[{"name":"wp","href":"https:\/\/api.w.org\/{rel}","templated":true}]}}