{"id":1587,"date":"2023-10-16T20:40:23","date_gmt":"2023-10-16T23:40:23","guid":{"rendered":"https:\/\/gobierno.udd.cl\/cips\/?p=1587"},"modified":"2023-10-16T20:41:57","modified_gmt":"2023-10-16T23:41:57","slug":"cips-y-fundacion-care-firman-convenio-de-colaboracion-para-enfrentar-los-desafios-del-cancer-en-chile","status":"publish","type":"post","link":"https:\/\/gobierno.udd.cl\/cips\/2023\/10\/16\/cips-y-fundacion-care-firman-convenio-de-colaboracion-para-enfrentar-los-desafios-del-cancer-en-chile\/","title":{"rendered":"CIPS y Fundaci\u00f3n CARE firman convenio de colaboraci\u00f3n para enfrentar los desaf\u00edos del c\u00e1ncer en Chile"},"content":{"rendered":"\n<p><em>En el encuentro participaron autoridades de ambas instituciones, donde recalcaron su compromiso a mejorar las cifras de esta enfermedad en nuestro pa\u00eds y trabajar por disminuir las listas de espera que actualmente existen. <\/em>&nbsp;<\/p>\n\n\n\n<p>Este lunes 16 de octubre el Centro de Pol\u00edticas P\u00fablicas e Innovaci\u00f3n en Salud (CIPS) de la Facultad de Gobierno de la Universidad del Desarrollo, y Fundaci\u00f3n CARE, firmaron un convenio de colaboraci\u00f3n, con el objetivo de desarrollar acciones e iniciativas conjuntas enfocadas en materias de Salud, especialmente en c\u00e1ncer, adem\u00e1s de fomentar el desarrollo de atenci\u00f3n a personas que padecen esta enfermedad.<\/p>\n\n\n\n<p>En esta instancia, desde la Universidad del Desarrollo participaron el Rector, Federico Vald\u00e9s, acompa\u00f1ado de Paula Daza, directora ejecutiva del CIPS y el decano y vicedecano de la Facultad de Gobierno, Eugenio Guzm\u00e1n y Rodrigo Arellano. De Fundaci\u00f3n CARE, participaron Cecilia Bolocco, fundadora de esta organizaci\u00f3n, y Pablo Pizarro, su director ejecutivo. Adem\u00e1s, estuvieron presentes durante la ceremonia, miembros de los directorios de cada una de las organizaciones.<\/p>\n\n\n\n<p>El compromiso entre CIPS y CARE implica la articulaci\u00f3n de un sistema de colaboraci\u00f3n que abarque diversas acciones, entre las cuales destacan el desarrollo de proyectos colaborativos de investigaci\u00f3n e innovaci\u00f3n social y de salud, la implementaci\u00f3n de actividades de capacitaci\u00f3n, la transferencia tecnol\u00f3gica y de conocimiento, as\u00ed como el acceso a informaci\u00f3n p\u00fablica relacionada con los \u00e1mbitos de acci\u00f3n correspondientes.<\/p>\n\n\n<section class=\"wp-block-udd-gallery-carousel wp-carousel-gallery\">\n\t<div class=\"container\">\n\t\t<div\n\t\t\tclass=\"slick-carousel gallery-slick-carousel gallery-carousel--1\"\n\t\t\tdata-slick='{&quot;slidesToScroll&quot;:1,&quot;slidesToShow&quot;:1,&quot;appendDots&quot;:&quot;#dots-69f4d3f7f2689&quot;,&quot;prevArrow&quot;:&quot;&lt;button type=\\&quot;button\\&quot; class=\\&quot;btn btn-primary slick-prev\\&quot;&gt;&lt;svg class=\\&quot;svg-chevron-left-dims\\&quot;&gt;&lt;use xlink:href=&#039;https:\\\/\\\/gobierno.udd.cl\\\/cips\\\/wp-content\\\/themes\\\/facultades-2018\\\/assets\\\/img\\\/svg\\\/dist\\\/main.svg?version=1695853099#chevron-left&#039;&gt;&lt;\\\/use&gt;&lt;\\\/svg&gt;&lt;span class=\\&quot;sr-only\\&quot;&gt;Anterior&lt;\\\/span&gt;&lt;\\\/button&gt;&quot;,&quot;nextArrow&quot;:&quot;&lt;button type=\\&quot;button\\&quot; class=\\&quot;btn btn-primary slick-next\\&quot;&gt;&lt;svg class=\\&quot;svg-chevron-right-dims\\&quot;&gt;&lt;use xlink:href=&#039;https:\\\/\\\/gobierno.udd.cl\\\/cips\\\/wp-content\\\/themes\\\/facultades-2018\\\/assets\\\/img\\\/svg\\\/dist\\\/main.svg?version=1695853099#chevron-right&#039;&gt;&lt;\\\/use&gt;&lt;\\\/svg&gt;&lt;span class=\\&quot;sr-only\\&quot;&gt;Siguiente&lt;\\\/span&gt;&lt;\\\/button&gt;&quot;,&quot;infinite&quot;:true,&quot;dots&quot;:true}'\n\t\t>\n\t\t\t\t\t\t\t<figure>\n\t\t\t\t\t<img loading=\"lazy\" decoding=\"async\" width=\"1280\" height=\"720\" src=\"https:\/\/gobierno.udd.cl\/cips\/wp-content\/plugins\/wp-async-img-load\/blank.png\" class=\"attachment-1280x720 size-1280x720 lazyload\" alt=\"\" sizes=\"auto, (max-width: 1280px) 100vw, 1280px\" data-src=\"https:\/\/gobierno.udd.cl\/cips\/files\/2023\/10\/whatsapp-image-2023-10-16-at-20-25-18-1-1366x768.jpeg\" data-srcset=\"https:\/\/gobierno.udd.cl\/cips\/files\/2023\/10\/whatsapp-image-2023-10-16-at-20-25-18-1-1366x768.jpeg 1366w, https:\/\/gobierno.udd.cl\/cips\/files\/2023\/10\/whatsapp-image-2023-10-16-at-20-25-18-1-1920x1080.jpeg 1920w, https:\/\/gobierno.udd.cl\/cips\/files\/2023\/10\/whatsapp-image-2023-10-16-at-20-25-18-1-680x382.jpeg 680w\" \/>\t\t\t\t\t\t\t\t\t<\/figure>\n\t\t\t\t\t\t\t<figure>\n\t\t\t\t\t<img loading=\"lazy\" decoding=\"async\" width=\"1280\" height=\"720\" src=\"https:\/\/gobierno.udd.cl\/cips\/wp-content\/plugins\/wp-async-img-load\/blank.png\" class=\"attachment-1280x720 size-1280x720 lazyload\" alt=\"\" sizes=\"auto, (max-width: 1280px) 100vw, 1280px\" data-src=\"https:\/\/gobierno.udd.cl\/cips\/files\/2023\/10\/whatsapp-image-2023-10-16-at-20-25-20-1366x768.jpeg\" data-srcset=\"https:\/\/gobierno.udd.cl\/cips\/files\/2023\/10\/whatsapp-image-2023-10-16-at-20-25-20-1366x768.jpeg 1366w, https:\/\/gobierno.udd.cl\/cips\/files\/2023\/10\/whatsapp-image-2023-10-16-at-20-25-20-1920x1080.jpeg 1920w, https:\/\/gobierno.udd.cl\/cips\/files\/2023\/10\/whatsapp-image-2023-10-16-at-20-25-20-680x382.jpeg 680w\" \/>\t\t\t\t\t\t\t\t\t<\/figure>\n\t\t\t\t\t<\/div>\n\t\t<div\n\t\t\tclass=\"carousel-gallery--carousel-dots\"\n\t\t\tid=\"dots-69f4d3f7f2689\"\n\t\t><\/div>\n\t<\/div>\n<\/section>\n\n\n\n<p>En la reuni\u00f3n, Paula Daza resalt\u00f3 la relevancia de enfrentar las listas de espera, destacando la importancia de las iniciativas que la fundaci\u00f3n est\u00e1 llevando a cabo para facilitar el acceso: \u201cnecesitamos potenciar una ley que garantice oportunidades y estreche las brechas existentes. A trav\u00e9s de esta alianza, podremos fortalecer el trabajo que ambos estamos realizando entorno a esta tem\u00e1tica y podremos respaldar pol\u00edticas p\u00fablicas, para continuar con nuestra lucha contra el c\u00e1ncer y la mejora del sistema de salud\u201d.<\/p>\n\n\n\n<p>A su vez, el Rector Federico Vald\u00e9s, enfatiz\u00f3 que aunque el c\u00e1ncer a\u00fan no tiene una soluci\u00f3n definitiva, las tasas de mortalidad podr\u00edan reducirse significativamente con mayor informaci\u00f3n y un acceso m\u00e1s amplio, \u201ca pesar de contar con recursos en Chile, a\u00fan estamos lejos de optimizar su uso. Es en este espacio donde la fundaci\u00f3n y nosotros, con un inter\u00e9s genuino, podemos marcar la diferencia\u201d, expres\u00f3 el rector de la Universidad del Desarrollo.<\/p>\n\n\n\n<p>Finalmente, Cecilia Bolocco comparti\u00f3 su motivaci\u00f3n para trabajar en esta \u00e1rea con su experiencia personal en la lucha contra el c\u00e1ncer, afirmando que \u201csi tuvi\u00e9ramos mayor acceso a tecnolog\u00edas de punta, podr\u00edamos llegar a un mejor tratamiento, para as\u00ed, revertir las cifras que hoy en d\u00eda tenemos en Chile, donde la mitad de los pacientes que mueren de c\u00e1ncer, podr\u00edan haberse salvado. Eso es lo que queremos lograr, dejar de tener acciones paliativas, y prevenir y mejorar la calidad de vida de los pacientes con c\u00e1ncer\u201d, finaliza.<\/p>\n\n\n\n<p>Fundaci\u00f3n CARE es una organizaci\u00f3n sin fines de lucro, creada en el a\u00f1o 2020, dedicada a brindar informaci\u00f3n a pacientes con c\u00e1ncer y sus familias, y a mejorar el acceso al tratamiento de esta enfermedad. Su principal objeto social es atender las necesidades de menores y adultos, especialmente de aquellos pertenecientes a los sectores de mayor necesidad y pobreza extrema, que padecen c\u00e1ncer, brind\u00e1ndoles servicios de tratamiento especializados y multidisciplinarios, as\u00ed como entregar apoyo a sus familias.<\/p>\n","protected":false},"excerpt":{"rendered":"<p>En el encuentro participaron autoridades de ambas instituciones, donde recalcaron su compromiso a mejorar las cifras de esta enfermedad en nuestro pa\u00eds y trabajar por disminuir las listas de espera que actualmente existen. &nbsp; Este lunes 16 de octubre el Centro de Pol\u00edticas P\u00fablicas e Innovaci\u00f3n en Salud (CIPS) de la Facultad de Gobierno de [&hellip;]<\/p>\n","protected":false},"author":9192240,"featured_media":1590,"comment_status":"closed","ping_status":"open","sticky":false,"template":"","format":"standard","meta":{"footnotes":""},"categories":[3],"tags":[],"class_list":["post-1587","post","type-post","status-publish","format-standard","has-post-thumbnail","hentry","category-noticias"],"yoast_head":"<!-- This site is optimized with the Yoast SEO plugin v26.9 - https:\/\/yoast.com\/product\/yoast-seo-wordpress\/ -->\n<title>CIPS y Fundaci\u00f3n CARE firman convenio de colaboraci\u00f3n para enfrentar los desaf\u00edos del c\u00e1ncer en Chile - Centro de Pol\u00edticas P\u00fablicas e Innovaci\u00f3n en Salud<\/title>\n<meta name=\"robots\" content=\"index, follow, max-snippet:-1, max-image-preview:large, max-video-preview:-1\" \/>\n<link rel=\"canonical\" href=\"https:\/\/gobierno.udd.cl\/cips\/2023\/10\/16\/cips-y-fundacion-care-firman-convenio-de-colaboracion-para-enfrentar-los-desafios-del-cancer-en-chile\/\" \/>\n<meta property=\"og:locale\" content=\"es_ES\" \/>\n<meta property=\"og:type\" content=\"article\" \/>\n<meta property=\"og:title\" content=\"CIPS y Fundaci\u00f3n CARE firman convenio de colaboraci\u00f3n para enfrentar los desaf\u00edos del c\u00e1ncer en Chile - Centro de Pol\u00edticas P\u00fablicas e Innovaci\u00f3n en Salud\" \/>\n<meta property=\"og:description\" content=\"En el encuentro participaron autoridades de ambas instituciones, donde recalcaron su compromiso a mejorar las cifras de esta enfermedad en nuestro pa\u00eds y trabajar por disminuir las listas de espera que actualmente existen. &nbsp; Este lunes 16 de octubre el Centro de Pol\u00edticas P\u00fablicas e Innovaci\u00f3n en Salud (CIPS) de la Facultad de Gobierno de [&hellip;]\" \/>\n<meta property=\"og:url\" content=\"https:\/\/gobierno.udd.cl\/cips\/2023\/10\/16\/cips-y-fundacion-care-firman-convenio-de-colaboracion-para-enfrentar-los-desafios-del-cancer-en-chile\/\" \/>\n<meta property=\"og:site_name\" content=\"Centro de Pol\u00edticas P\u00fablicas e Innovaci\u00f3n en Salud\" \/>\n<meta property=\"article:publisher\" content=\"https:\/\/www.facebook.com\/CIPS.UDD\" \/>\n<meta property=\"article:published_time\" content=\"2023-10-16T23:40:23+00:00\" \/>\n<meta property=\"article:modified_time\" content=\"2023-10-16T23:41:57+00:00\" \/>\n<meta property=\"og:image\" content=\"https:\/\/gobierno.udd.cl\/cips\/files\/2023\/10\/whatsapp-image-2023-10-16-at-20-25-19-scaled.jpeg\" \/>\n\t<meta property=\"og:image:width\" content=\"2560\" \/>\n\t<meta property=\"og:image:height\" content=\"1728\" \/>\n\t<meta property=\"og:image:type\" content=\"image\/jpeg\" \/>\n<meta name=\"author\" content=\"claudiagodia\" \/>\n<meta name=\"twitter:card\" content=\"summary_large_image\" \/>\n<meta name=\"twitter:creator\" content=\"@CIPS_UDD\" \/>\n<meta name=\"twitter:site\" content=\"@CIPS_UDD\" \/>\n<meta name=\"twitter:label1\" content=\"Escrito por\" \/>\n\t<meta name=\"twitter:data1\" content=\"claudiagodia\" \/>\n\t<meta name=\"twitter:label2\" content=\"Tiempo de lectura\" \/>\n\t<meta name=\"twitter:data2\" content=\"3 minutos\" \/>\n<script type=\"application\/ld+json\" class=\"yoast-schema-graph\">{\"@context\":\"https:\/\/schema.org\",\"@graph\":[{\"@type\":\"Article\",\"@id\":\"https:\/\/gobierno.udd.cl\/cips\/2023\/10\/16\/cips-y-fundacion-care-firman-convenio-de-colaboracion-para-enfrentar-los-desafios-del-cancer-en-chile\/#article\",\"isPartOf\":{\"@id\":\"https:\/\/gobierno.udd.cl\/cips\/2023\/10\/16\/cips-y-fundacion-care-firman-convenio-de-colaboracion-para-enfrentar-los-desafios-del-cancer-en-chile\/\"},\"author\":{\"name\":\"claudiagodia\",\"@id\":\"https:\/\/gobierno.udd.cl\/cips\/#\/schema\/person\/a34b5db7e59307019967393aeeca7130\"},\"headline\":\"CIPS y Fundaci\u00f3n CARE firman convenio de colaboraci\u00f3n para enfrentar los desaf\u00edos del c\u00e1ncer en Chile\",\"datePublished\":\"2023-10-16T23:40:23+00:00\",\"dateModified\":\"2023-10-16T23:41:57+00:00\",\"mainEntityOfPage\":{\"@id\":\"https:\/\/gobierno.udd.cl\/cips\/2023\/10\/16\/cips-y-fundacion-care-firman-convenio-de-colaboracion-para-enfrentar-los-desafios-del-cancer-en-chile\/\"},\"wordCount\":619,\"image\":{\"@id\":\"https:\/\/gobierno.udd.cl\/cips\/2023\/10\/16\/cips-y-fundacion-care-firman-convenio-de-colaboracion-para-enfrentar-los-desafios-del-cancer-en-chile\/#primaryimage\"},\"thumbnailUrl\":\"https:\/\/gobierno.udd.cl\/cips\/files\/2023\/10\/whatsapp-image-2023-10-16-at-20-25-19-scaled.jpeg\",\"articleSection\":[\"Noticias\"],\"inLanguage\":\"es\"},{\"@type\":\"WebPage\",\"@id\":\"https:\/\/gobierno.udd.cl\/cips\/2023\/10\/16\/cips-y-fundacion-care-firman-convenio-de-colaboracion-para-enfrentar-los-desafios-del-cancer-en-chile\/\",\"url\":\"https:\/\/gobierno.udd.cl\/cips\/2023\/10\/16\/cips-y-fundacion-care-firman-convenio-de-colaboracion-para-enfrentar-los-desafios-del-cancer-en-chile\/\",\"name\":\"CIPS y Fundaci\u00f3n CARE firman convenio de colaboraci\u00f3n para enfrentar los desaf\u00edos del c\u00e1ncer en Chile - Centro de Pol\u00edticas P\u00fablicas e Innovaci\u00f3n en Salud\",\"isPartOf\":{\"@id\":\"https:\/\/gobierno.udd.cl\/cips\/#website\"},\"primaryImageOfPage\":{\"@id\":\"https:\/\/gobierno.udd.cl\/cips\/2023\/10\/16\/cips-y-fundacion-care-firman-convenio-de-colaboracion-para-enfrentar-los-desafios-del-cancer-en-chile\/#primaryimage\"},\"image\":{\"@id\":\"https:\/\/gobierno.udd.cl\/cips\/2023\/10\/16\/cips-y-fundacion-care-firman-convenio-de-colaboracion-para-enfrentar-los-desafios-del-cancer-en-chile\/#primaryimage\"},\"thumbnailUrl\":\"https:\/\/gobierno.udd.cl\/cips\/files\/2023\/10\/whatsapp-image-2023-10-16-at-20-25-19-scaled.jpeg\",\"datePublished\":\"2023-10-16T23:40:23+00:00\",\"dateModified\":\"2023-10-16T23:41:57+00:00\",\"author\":{\"@id\":\"https:\/\/gobierno.udd.cl\/cips\/#\/schema\/person\/a34b5db7e59307019967393aeeca7130\"},\"breadcrumb\":{\"@id\":\"https:\/\/gobierno.udd.cl\/cips\/2023\/10\/16\/cips-y-fundacion-care-firman-convenio-de-colaboracion-para-enfrentar-los-desafios-del-cancer-en-chile\/#breadcrumb\"},\"inLanguage\":\"es\",\"potentialAction\":[{\"@type\":\"ReadAction\",\"target\":[\"https:\/\/gobierno.udd.cl\/cips\/2023\/10\/16\/cips-y-fundacion-care-firman-convenio-de-colaboracion-para-enfrentar-los-desafios-del-cancer-en-chile\/\"]}]},{\"@type\":\"ImageObject\",\"inLanguage\":\"es\",\"@id\":\"https:\/\/gobierno.udd.cl\/cips\/2023\/10\/16\/cips-y-fundacion-care-firman-convenio-de-colaboracion-para-enfrentar-los-desafios-del-cancer-en-chile\/#primaryimage\",\"url\":\"https:\/\/gobierno.udd.cl\/cips\/files\/2023\/10\/whatsapp-image-2023-10-16-at-20-25-19-scaled.jpeg\",\"contentUrl\":\"https:\/\/gobierno.udd.cl\/cips\/files\/2023\/10\/whatsapp-image-2023-10-16-at-20-25-19-scaled.jpeg\",\"width\":2560,\"height\":1728},{\"@type\":\"BreadcrumbList\",\"@id\":\"https:\/\/gobierno.udd.cl\/cips\/2023\/10\/16\/cips-y-fundacion-care-firman-convenio-de-colaboracion-para-enfrentar-los-desafios-del-cancer-en-chile\/#breadcrumb\",\"itemListElement\":[{\"@type\":\"ListItem\",\"position\":1,\"name\":\"Portada\",\"item\":\"https:\/\/gobierno.udd.cl\/cips\/\"},{\"@type\":\"ListItem\",\"position\":2,\"name\":\"CIPS y Fundaci\u00f3n CARE firman convenio de colaboraci\u00f3n para enfrentar los desaf\u00edos del c\u00e1ncer en Chile\"}]},{\"@type\":\"WebSite\",\"@id\":\"https:\/\/gobierno.udd.cl\/cips\/#website\",\"url\":\"https:\/\/gobierno.udd.cl\/cips\/\",\"name\":\"Centro de Pol\u00edticas P\u00fablicas e Innovaci\u00f3n en Salud\",\"description\":\"CIPS-UDD\",\"inLanguage\":\"es\"},{\"@type\":\"Person\",\"@id\":\"https:\/\/gobierno.udd.cl\/cips\/#\/schema\/person\/a34b5db7e59307019967393aeeca7130\",\"name\":\"claudiagodia\",\"image\":{\"@type\":\"ImageObject\",\"inLanguage\":\"es\",\"@id\":\"https:\/\/gobierno.udd.cl\/cips\/#\/schema\/person\/image\/\",\"url\":\"https:\/\/secure.gravatar.com\/avatar\/c7c585f20c9cd5b1fc8956abfd060f1af449288eb4e630466a5a53a84641a9ca?s=96&d=mm&r=g\",\"contentUrl\":\"https:\/\/secure.gravatar.com\/avatar\/c7c585f20c9cd5b1fc8956abfd060f1af449288eb4e630466a5a53a84641a9ca?s=96&d=mm&r=g\",\"caption\":\"claudiagodia\"},\"url\":\"https:\/\/gobierno.udd.cl\/cips\/author\/claudiagodia\/\"}]}<\/script>\n<!-- \/ Yoast SEO plugin. -->","yoast_head_json":{"title":"CIPS y Fundaci\u00f3n CARE firman convenio de colaboraci\u00f3n para enfrentar los desaf\u00edos del c\u00e1ncer en Chile - Centro de Pol\u00edticas P\u00fablicas e Innovaci\u00f3n en Salud","robots":{"index":"index","follow":"follow","max-snippet":"max-snippet:-1","max-image-preview":"max-image-preview:large","max-video-preview":"max-video-preview:-1"},"canonical":"https:\/\/gobierno.udd.cl\/cips\/2023\/10\/16\/cips-y-fundacion-care-firman-convenio-de-colaboracion-para-enfrentar-los-desafios-del-cancer-en-chile\/","og_locale":"es_ES","og_type":"article","og_title":"CIPS y Fundaci\u00f3n CARE firman convenio de colaboraci\u00f3n para enfrentar los desaf\u00edos del c\u00e1ncer en Chile - Centro de Pol\u00edticas P\u00fablicas e Innovaci\u00f3n en Salud","og_description":"En el encuentro participaron autoridades de ambas instituciones, donde recalcaron su compromiso a mejorar las cifras de esta enfermedad en nuestro pa\u00eds y trabajar por disminuir las listas de espera que actualmente existen. &nbsp; Este lunes 16 de octubre el Centro de Pol\u00edticas P\u00fablicas e Innovaci\u00f3n en Salud (CIPS) de la Facultad de Gobierno de [&hellip;]","og_url":"https:\/\/gobierno.udd.cl\/cips\/2023\/10\/16\/cips-y-fundacion-care-firman-convenio-de-colaboracion-para-enfrentar-los-desafios-del-cancer-en-chile\/","og_site_name":"Centro de Pol\u00edticas P\u00fablicas e Innovaci\u00f3n en Salud","article_publisher":"https:\/\/www.facebook.com\/CIPS.UDD","article_published_time":"2023-10-16T23:40:23+00:00","article_modified_time":"2023-10-16T23:41:57+00:00","og_image":[{"width":2560,"height":1728,"url":"https:\/\/gobierno.udd.cl\/cips\/files\/2023\/10\/whatsapp-image-2023-10-16-at-20-25-19-scaled.jpeg","type":"image\/jpeg"}],"author":"claudiagodia","twitter_card":"summary_large_image","twitter_creator":"@CIPS_UDD","twitter_site":"@CIPS_UDD","twitter_misc":{"Escrito por":"claudiagodia","Tiempo de lectura":"3 minutos"},"schema":{"@context":"https:\/\/schema.org","@graph":[{"@type":"Article","@id":"https:\/\/gobierno.udd.cl\/cips\/2023\/10\/16\/cips-y-fundacion-care-firman-convenio-de-colaboracion-para-enfrentar-los-desafios-del-cancer-en-chile\/#article","isPartOf":{"@id":"https:\/\/gobierno.udd.cl\/cips\/2023\/10\/16\/cips-y-fundacion-care-firman-convenio-de-colaboracion-para-enfrentar-los-desafios-del-cancer-en-chile\/"},"author":{"name":"claudiagodia","@id":"https:\/\/gobierno.udd.cl\/cips\/#\/schema\/person\/a34b5db7e59307019967393aeeca7130"},"headline":"CIPS y Fundaci\u00f3n CARE firman convenio de colaboraci\u00f3n para enfrentar los desaf\u00edos del c\u00e1ncer en Chile","datePublished":"2023-10-16T23:40:23+00:00","dateModified":"2023-10-16T23:41:57+00:00","mainEntityOfPage":{"@id":"https:\/\/gobierno.udd.cl\/cips\/2023\/10\/16\/cips-y-fundacion-care-firman-convenio-de-colaboracion-para-enfrentar-los-desafios-del-cancer-en-chile\/"},"wordCount":619,"image":{"@id":"https:\/\/gobierno.udd.cl\/cips\/2023\/10\/16\/cips-y-fundacion-care-firman-convenio-de-colaboracion-para-enfrentar-los-desafios-del-cancer-en-chile\/#primaryimage"},"thumbnailUrl":"https:\/\/gobierno.udd.cl\/cips\/files\/2023\/10\/whatsapp-image-2023-10-16-at-20-25-19-scaled.jpeg","articleSection":["Noticias"],"inLanguage":"es"},{"@type":"WebPage","@id":"https:\/\/gobierno.udd.cl\/cips\/2023\/10\/16\/cips-y-fundacion-care-firman-convenio-de-colaboracion-para-enfrentar-los-desafios-del-cancer-en-chile\/","url":"https:\/\/gobierno.udd.cl\/cips\/2023\/10\/16\/cips-y-fundacion-care-firman-convenio-de-colaboracion-para-enfrentar-los-desafios-del-cancer-en-chile\/","name":"CIPS y Fundaci\u00f3n CARE firman convenio de colaboraci\u00f3n para enfrentar los desaf\u00edos del c\u00e1ncer en Chile - Centro de Pol\u00edticas P\u00fablicas e Innovaci\u00f3n en Salud","isPartOf":{"@id":"https:\/\/gobierno.udd.cl\/cips\/#website"},"primaryImageOfPage":{"@id":"https:\/\/gobierno.udd.cl\/cips\/2023\/10\/16\/cips-y-fundacion-care-firman-convenio-de-colaboracion-para-enfrentar-los-desafios-del-cancer-en-chile\/#primaryimage"},"image":{"@id":"https:\/\/gobierno.udd.cl\/cips\/2023\/10\/16\/cips-y-fundacion-care-firman-convenio-de-colaboracion-para-enfrentar-los-desafios-del-cancer-en-chile\/#primaryimage"},"thumbnailUrl":"https:\/\/gobierno.udd.cl\/cips\/files\/2023\/10\/whatsapp-image-2023-10-16-at-20-25-19-scaled.jpeg","datePublished":"2023-10-16T23:40:23+00:00","dateModified":"2023-10-16T23:41:57+00:00","author":{"@id":"https:\/\/gobierno.udd.cl\/cips\/#\/schema\/person\/a34b5db7e59307019967393aeeca7130"},"breadcrumb":{"@id":"https:\/\/gobierno.udd.cl\/cips\/2023\/10\/16\/cips-y-fundacion-care-firman-convenio-de-colaboracion-para-enfrentar-los-desafios-del-cancer-en-chile\/#breadcrumb"},"inLanguage":"es","potentialAction":[{"@type":"ReadAction","target":["https:\/\/gobierno.udd.cl\/cips\/2023\/10\/16\/cips-y-fundacion-care-firman-convenio-de-colaboracion-para-enfrentar-los-desafios-del-cancer-en-chile\/"]}]},{"@type":"ImageObject","inLanguage":"es","@id":"https:\/\/gobierno.udd.cl\/cips\/2023\/10\/16\/cips-y-fundacion-care-firman-convenio-de-colaboracion-para-enfrentar-los-desafios-del-cancer-en-chile\/#primaryimage","url":"https:\/\/gobierno.udd.cl\/cips\/files\/2023\/10\/whatsapp-image-2023-10-16-at-20-25-19-scaled.jpeg","contentUrl":"https:\/\/gobierno.udd.cl\/cips\/files\/2023\/10\/whatsapp-image-2023-10-16-at-20-25-19-scaled.jpeg","width":2560,"height":1728},{"@type":"BreadcrumbList","@id":"https:\/\/gobierno.udd.cl\/cips\/2023\/10\/16\/cips-y-fundacion-care-firman-convenio-de-colaboracion-para-enfrentar-los-desafios-del-cancer-en-chile\/#breadcrumb","itemListElement":[{"@type":"ListItem","position":1,"name":"Portada","item":"https:\/\/gobierno.udd.cl\/cips\/"},{"@type":"ListItem","position":2,"name":"CIPS y Fundaci\u00f3n CARE firman convenio de colaboraci\u00f3n para enfrentar los desaf\u00edos del c\u00e1ncer en Chile"}]},{"@type":"WebSite","@id":"https:\/\/gobierno.udd.cl\/cips\/#website","url":"https:\/\/gobierno.udd.cl\/cips\/","name":"Centro de Pol\u00edticas P\u00fablicas e Innovaci\u00f3n en Salud","description":"CIPS-UDD","inLanguage":"es"},{"@type":"Person","@id":"https:\/\/gobierno.udd.cl\/cips\/#\/schema\/person\/a34b5db7e59307019967393aeeca7130","name":"claudiagodia","image":{"@type":"ImageObject","inLanguage":"es","@id":"https:\/\/gobierno.udd.cl\/cips\/#\/schema\/person\/image\/","url":"https:\/\/secure.gravatar.com\/avatar\/c7c585f20c9cd5b1fc8956abfd060f1af449288eb4e630466a5a53a84641a9ca?s=96&d=mm&r=g","contentUrl":"https:\/\/secure.gravatar.com\/avatar\/c7c585f20c9cd5b1fc8956abfd060f1af449288eb4e630466a5a53a84641a9ca?s=96&d=mm&r=g","caption":"claudiagodia"},"url":"https:\/\/gobierno.udd.cl\/cips\/author\/claudiagodia\/"}]}},"featured_image_url":"https:\/\/gobierno.udd.cl\/cips\/files\/2023\/10\/whatsapp-image-2023-10-16-at-20-25-19-scaled.jpeg","_links":{"self":[{"href":"https:\/\/gobierno.udd.cl\/cips\/wp-json\/wp\/v2\/posts\/1587","targetHints":{"allow":["GET"]}}],"collection":[{"href":"https:\/\/gobierno.udd.cl\/cips\/wp-json\/wp\/v2\/posts"}],"about":[{"href":"https:\/\/gobierno.udd.cl\/cips\/wp-json\/wp\/v2\/types\/post"}],"author":[{"embeddable":true,"href":"https:\/\/gobierno.udd.cl\/cips\/wp-json\/wp\/v2\/users\/9192240"}],"replies":[{"embeddable":true,"href":"https:\/\/gobierno.udd.cl\/cips\/wp-json\/wp\/v2\/comments?post=1587"}],"version-history":[{"count":4,"href":"https:\/\/gobierno.udd.cl\/cips\/wp-json\/wp\/v2\/posts\/1587\/revisions"}],"predecessor-version":[{"id":1597,"href":"https:\/\/gobierno.udd.cl\/cips\/wp-json\/wp\/v2\/posts\/1587\/revisions\/1597"}],"wp:featuredmedia":[{"embeddable":true,"href":"https:\/\/gobierno.udd.cl\/cips\/wp-json\/wp\/v2\/media\/1590"}],"wp:attachment":[{"href":"https:\/\/gobierno.udd.cl\/cips\/wp-json\/wp\/v2\/media?parent=1587"}],"wp:term":[{"taxonomy":"category","embeddable":true,"href":"https:\/\/gobierno.udd.cl\/cips\/wp-json\/wp\/v2\/categories?post=1587"},{"taxonomy":"post_tag","embeddable":true,"href":"https:\/\/gobierno.udd.cl\/cips\/wp-json\/wp\/v2\/tags?post=1587"}],"curies":[{"name":"wp","href":"https:\/\/api.w.org\/{rel}","templated":true}]}}