{"id":1536,"date":"2023-09-27T14:34:35","date_gmt":"2023-09-27T17:34:35","guid":{"rendered":"https:\/\/gobierno.udd.cl\/cips\/?p=1536"},"modified":"2023-09-27T14:34:36","modified_gmt":"2023-09-27T17:34:36","slug":"cips-udd-realizara-seminario-sobre-cancer-cervicouterino","status":"publish","type":"post","link":"https:\/\/gobierno.udd.cl\/cips\/2023\/09\/27\/cips-udd-realizara-seminario-sobre-cancer-cervicouterino\/","title":{"rendered":"CIPS-UDD realizar\u00e1 seminario sobre c\u00e1ncer cervicouterino"},"content":{"rendered":"\n<p><em>El Centro de Pol\u00edticas P\u00fablicas e Innovaci\u00f3n en Salud (CIPS) &nbsp;de la Facultad de Gobierno UDD realizar\u00e1 en octubre el seminario <\/em>C\u00e1ncer cervicouterino en Chile: un llamado a la acci\u00f3n\u00bb, el cual tiene como finalidad conocer el panorama nacional sobre este c\u00e1ncer, actualizar sobre la \u00faltima evidencia disponible y analizar los objetivos y desaf\u00edos de esta enfermedad.<\/p>\n\n\n\n<p>En 2020, la OMS aprob\u00f3 la Estrategia para la eliminaci\u00f3n del c\u00e1ncer cervicouterino como problema de salud p\u00fablica. En \u00e9sta se habr\u00e1 eliminado cuando todos los pa\u00edses logren una tasa de incidencia de menos de 4 casos por cien mil mujeres. La estrategia tiene tres pilares, de los cuales se plantea objetivos para cada uno: 70% de cobertura de detecci\u00f3n, 90% de vacunaci\u00f3n y 90% de tratamiento.<\/p>\n\n\n\n<p>A tres a\u00f1os de lanzada esta estrategia, el Centro de Pol\u00edticas P\u00fablicas e Innovaci\u00f3n en Salud (CIPS) \u00a0de la Universidad del Desarrollo anuncia el Seminario gratuito<strong> \u00abC\u00e1ncer cervicouterino en Chile: un llamado a la acci\u00f3n\u00bb<\/strong>, el cual se llevar\u00e1 a cabo los d\u00edas 17 y 18 de octubre de 2023 en modalidad presencial durante la ma\u00f1ana.<\/p>\n\n\n\n<p>La finalidad de este evento es analizar con destacados expositores nacionales e internacionales la puesta al d\u00eda de Chile en cada uno de los pilares de esta estrategia, analizando el panorama de cada uno y reflexionando sobre los desaf\u00edos para alcanzar cada uno de los objetivos en los tres pilares.<\/p>\n\n\n\n<p><strong><em>\u201cEsta\u00a0enfermedad\u00a0en Chile represent\u00f3, en 2018, la cuarta neoplasia en mujeres, tanto en incidencia como en mortalidad. Es el tipo de c\u00e1ncer con la mayor cantidad de retrasos GES \u00bfPor qu\u00e9 ocurre esto si tenemos buenas estrategias de prevenci\u00f3n y diagn\u00f3stico? El problema est\u00e1 en su implementaci\u00f3n en las distintas l\u00edneas. Por eso creemos imprescindible este seminario en donde habr\u00e1 una actualizaci\u00f3n de los \u00faltimos avances cient\u00edficos, ejemplos de buenas pr\u00e1cticas, diagn\u00f3sticos basados en evidencia que nos ayudar\u00e1n a proponer ideas para mejorar cada uno de estos pilares\u201d<\/em><\/strong>, dice Paula Daza, Directora Ejecutiva de CIPS-UDD.<\/p>\n\n\n\n<p>El evento est\u00e1 abierto a profesionales, acad\u00e9micos y toda persona interesada en contribuir a la concienciaci\u00f3n y la formulaci\u00f3n de pol\u00edticas p\u00fablicas que enfrenten eficazmente esta problem\u00e1tica y se llevar\u00e1 a cabo el 17 y 18 de octubre entre las 08.30 y 14.00 horas en la Sede UDD Campus Rector Ernesto Silva Bafalluy (Avenida La Plaza 680, Las Condes).<\/p>\n\n\n\n<p>El primer d\u00eda se abordar\u00e1n los pilares de la estrategia de vacunaci\u00f3n y detecci\u00f3n y el 18 de octubre el tratamiento, con un <strong><a href=\"https:\/\/gobierno.udd.cl\/cips\/ver-seminario\/seminario-cancer-cervicouterino-en-chile-un-llamado-a-la-accion\/\" target=\"_blank\" rel=\"noreferrer noopener\">programa<\/a><\/strong> que incluye expositores nacionales e internacionales. Las inscripciones ya est\u00e1n abiertas para que las personas se pueden inscribir a ambos d\u00edas o solo a uno.<\/p>\n\n\n\n<p>Inscr\u00edbete y revisa el programa <strong><a href=\"https:\/\/gobierno.udd.cl\/cips\/ver-seminario\/seminario-cancer-cervicouterino-en-chile-un-llamado-a-la-accion\/\" target=\"_blank\" rel=\"noreferrer noopener\">aqu\u00ed<\/a><\/strong><\/p>\n","protected":false},"excerpt":{"rendered":"<p>El Centro de Pol\u00edticas P\u00fablicas e Innovaci\u00f3n en Salud (CIPS) &nbsp;de la Facultad de Gobierno UDD realizar\u00e1 en octubre el seminario C\u00e1ncer cervicouterino en Chile: un llamado a la acci\u00f3n\u00bb, el cual tiene como finalidad conocer el panorama nacional sobre este c\u00e1ncer, actualizar sobre la \u00faltima evidencia disponible y analizar los objetivos y desaf\u00edos de [&hellip;]<\/p>\n","protected":false},"author":9192236,"featured_media":1537,"comment_status":"closed","ping_status":"open","sticky":false,"template":"","format":"standard","meta":{"footnotes":""},"categories":[3],"tags":[],"class_list":["post-1536","post","type-post","status-publish","format-standard","has-post-thumbnail","hentry","category-noticias"],"yoast_head":"<!-- This site is optimized with the Yoast SEO plugin v26.9 - https:\/\/yoast.com\/product\/yoast-seo-wordpress\/ -->\n<title>CIPS-UDD realizar\u00e1 seminario sobre c\u00e1ncer cervicouterino - Centro de Pol\u00edticas P\u00fablicas e Innovaci\u00f3n en Salud<\/title>\n<meta name=\"robots\" content=\"index, follow, max-snippet:-1, max-image-preview:large, max-video-preview:-1\" \/>\n<link rel=\"canonical\" href=\"https:\/\/gobierno.udd.cl\/cips\/2023\/09\/27\/cips-udd-realizara-seminario-sobre-cancer-cervicouterino\/\" \/>\n<meta property=\"og:locale\" content=\"es_ES\" \/>\n<meta property=\"og:type\" content=\"article\" \/>\n<meta property=\"og:title\" content=\"CIPS-UDD realizar\u00e1 seminario sobre c\u00e1ncer cervicouterino - Centro de Pol\u00edticas P\u00fablicas e Innovaci\u00f3n en Salud\" \/>\n<meta property=\"og:description\" content=\"El Centro de Pol\u00edticas P\u00fablicas e Innovaci\u00f3n en Salud (CIPS) &nbsp;de la Facultad de Gobierno UDD realizar\u00e1 en octubre el seminario C\u00e1ncer cervicouterino en Chile: un llamado a la acci\u00f3n\u00bb, el cual tiene como finalidad conocer el panorama nacional sobre este c\u00e1ncer, actualizar sobre la \u00faltima evidencia disponible y analizar los objetivos y desaf\u00edos de [&hellip;]\" \/>\n<meta property=\"og:url\" content=\"https:\/\/gobierno.udd.cl\/cips\/2023\/09\/27\/cips-udd-realizara-seminario-sobre-cancer-cervicouterino\/\" \/>\n<meta property=\"og:site_name\" content=\"Centro de Pol\u00edticas P\u00fablicas e Innovaci\u00f3n en Salud\" \/>\n<meta property=\"article:publisher\" content=\"https:\/\/www.facebook.com\/CIPS.UDD\" \/>\n<meta property=\"article:published_time\" content=\"2023-09-27T17:34:35+00:00\" \/>\n<meta property=\"article:modified_time\" content=\"2023-09-27T17:34:36+00:00\" \/>\n<meta property=\"og:image\" content=\"https:\/\/gobierno.udd.cl\/cips\/files\/2023\/09\/seminariocips.png\" \/>\n\t<meta property=\"og:image:width\" content=\"952\" \/>\n\t<meta property=\"og:image:height\" content=\"534\" \/>\n\t<meta property=\"og:image:type\" content=\"image\/png\" \/>\n<meta name=\"author\" content=\"ccararo\" \/>\n<meta name=\"twitter:card\" content=\"summary_large_image\" \/>\n<meta name=\"twitter:creator\" content=\"@CIPS_UDD\" \/>\n<meta name=\"twitter:site\" content=\"@CIPS_UDD\" \/>\n<meta name=\"twitter:label1\" content=\"Escrito por\" \/>\n\t<meta name=\"twitter:data1\" content=\"ccararo\" \/>\n\t<meta name=\"twitter:label2\" content=\"Tiempo de lectura\" \/>\n\t<meta name=\"twitter:data2\" content=\"3 minutos\" \/>\n<script type=\"application\/ld+json\" class=\"yoast-schema-graph\">{\"@context\":\"https:\/\/schema.org\",\"@graph\":[{\"@type\":\"Article\",\"@id\":\"https:\/\/gobierno.udd.cl\/cips\/2023\/09\/27\/cips-udd-realizara-seminario-sobre-cancer-cervicouterino\/#article\",\"isPartOf\":{\"@id\":\"https:\/\/gobierno.udd.cl\/cips\/2023\/09\/27\/cips-udd-realizara-seminario-sobre-cancer-cervicouterino\/\"},\"author\":{\"name\":\"ccararo\",\"@id\":\"https:\/\/gobierno.udd.cl\/cips\/#\/schema\/person\/9d509bb16e7d8299d075f0e90b5d7d00\"},\"headline\":\"CIPS-UDD realizar\u00e1 seminario sobre c\u00e1ncer cervicouterino\",\"datePublished\":\"2023-09-27T17:34:35+00:00\",\"dateModified\":\"2023-09-27T17:34:36+00:00\",\"mainEntityOfPage\":{\"@id\":\"https:\/\/gobierno.udd.cl\/cips\/2023\/09\/27\/cips-udd-realizara-seminario-sobre-cancer-cervicouterino\/\"},\"wordCount\":479,\"image\":{\"@id\":\"https:\/\/gobierno.udd.cl\/cips\/2023\/09\/27\/cips-udd-realizara-seminario-sobre-cancer-cervicouterino\/#primaryimage\"},\"thumbnailUrl\":\"https:\/\/gobierno.udd.cl\/cips\/files\/2023\/09\/seminariocips.png\",\"articleSection\":[\"Noticias\"],\"inLanguage\":\"es\"},{\"@type\":\"WebPage\",\"@id\":\"https:\/\/gobierno.udd.cl\/cips\/2023\/09\/27\/cips-udd-realizara-seminario-sobre-cancer-cervicouterino\/\",\"url\":\"https:\/\/gobierno.udd.cl\/cips\/2023\/09\/27\/cips-udd-realizara-seminario-sobre-cancer-cervicouterino\/\",\"name\":\"CIPS-UDD realizar\u00e1 seminario sobre c\u00e1ncer cervicouterino - Centro de Pol\u00edticas P\u00fablicas e Innovaci\u00f3n en Salud\",\"isPartOf\":{\"@id\":\"https:\/\/gobierno.udd.cl\/cips\/#website\"},\"primaryImageOfPage\":{\"@id\":\"https:\/\/gobierno.udd.cl\/cips\/2023\/09\/27\/cips-udd-realizara-seminario-sobre-cancer-cervicouterino\/#primaryimage\"},\"image\":{\"@id\":\"https:\/\/gobierno.udd.cl\/cips\/2023\/09\/27\/cips-udd-realizara-seminario-sobre-cancer-cervicouterino\/#primaryimage\"},\"thumbnailUrl\":\"https:\/\/gobierno.udd.cl\/cips\/files\/2023\/09\/seminariocips.png\",\"datePublished\":\"2023-09-27T17:34:35+00:00\",\"dateModified\":\"2023-09-27T17:34:36+00:00\",\"author\":{\"@id\":\"https:\/\/gobierno.udd.cl\/cips\/#\/schema\/person\/9d509bb16e7d8299d075f0e90b5d7d00\"},\"breadcrumb\":{\"@id\":\"https:\/\/gobierno.udd.cl\/cips\/2023\/09\/27\/cips-udd-realizara-seminario-sobre-cancer-cervicouterino\/#breadcrumb\"},\"inLanguage\":\"es\",\"potentialAction\":[{\"@type\":\"ReadAction\",\"target\":[\"https:\/\/gobierno.udd.cl\/cips\/2023\/09\/27\/cips-udd-realizara-seminario-sobre-cancer-cervicouterino\/\"]}]},{\"@type\":\"ImageObject\",\"inLanguage\":\"es\",\"@id\":\"https:\/\/gobierno.udd.cl\/cips\/2023\/09\/27\/cips-udd-realizara-seminario-sobre-cancer-cervicouterino\/#primaryimage\",\"url\":\"https:\/\/gobierno.udd.cl\/cips\/files\/2023\/09\/seminariocips.png\",\"contentUrl\":\"https:\/\/gobierno.udd.cl\/cips\/files\/2023\/09\/seminariocips.png\",\"width\":952,\"height\":534},{\"@type\":\"BreadcrumbList\",\"@id\":\"https:\/\/gobierno.udd.cl\/cips\/2023\/09\/27\/cips-udd-realizara-seminario-sobre-cancer-cervicouterino\/#breadcrumb\",\"itemListElement\":[{\"@type\":\"ListItem\",\"position\":1,\"name\":\"Portada\",\"item\":\"https:\/\/gobierno.udd.cl\/cips\/\"},{\"@type\":\"ListItem\",\"position\":2,\"name\":\"CIPS-UDD realizar\u00e1 seminario sobre c\u00e1ncer cervicouterino\"}]},{\"@type\":\"WebSite\",\"@id\":\"https:\/\/gobierno.udd.cl\/cips\/#website\",\"url\":\"https:\/\/gobierno.udd.cl\/cips\/\",\"name\":\"Centro de Pol\u00edticas P\u00fablicas e Innovaci\u00f3n en Salud\",\"description\":\"CIPS-UDD\",\"inLanguage\":\"es\"},{\"@type\":\"Person\",\"@id\":\"https:\/\/gobierno.udd.cl\/cips\/#\/schema\/person\/9d509bb16e7d8299d075f0e90b5d7d00\",\"name\":\"ccararo\",\"image\":{\"@type\":\"ImageObject\",\"inLanguage\":\"es\",\"@id\":\"https:\/\/gobierno.udd.cl\/cips\/#\/schema\/person\/image\/\",\"url\":\"https:\/\/secure.gravatar.com\/avatar\/fe809aec6c8a49b41db481a62d9671eec512578ac25cf41f7420b8069513828c?s=96&d=mm&r=g\",\"contentUrl\":\"https:\/\/secure.gravatar.com\/avatar\/fe809aec6c8a49b41db481a62d9671eec512578ac25cf41f7420b8069513828c?s=96&d=mm&r=g\",\"caption\":\"ccararo\"},\"url\":\"https:\/\/gobierno.udd.cl\/cips\/author\/ccararo\/\"}]}<\/script>\n<!-- \/ Yoast SEO plugin. -->","yoast_head_json":{"title":"CIPS-UDD realizar\u00e1 seminario sobre c\u00e1ncer cervicouterino - Centro de Pol\u00edticas P\u00fablicas e Innovaci\u00f3n en Salud","robots":{"index":"index","follow":"follow","max-snippet":"max-snippet:-1","max-image-preview":"max-image-preview:large","max-video-preview":"max-video-preview:-1"},"canonical":"https:\/\/gobierno.udd.cl\/cips\/2023\/09\/27\/cips-udd-realizara-seminario-sobre-cancer-cervicouterino\/","og_locale":"es_ES","og_type":"article","og_title":"CIPS-UDD realizar\u00e1 seminario sobre c\u00e1ncer cervicouterino - Centro de Pol\u00edticas P\u00fablicas e Innovaci\u00f3n en Salud","og_description":"El Centro de Pol\u00edticas P\u00fablicas e Innovaci\u00f3n en Salud (CIPS) &nbsp;de la Facultad de Gobierno UDD realizar\u00e1 en octubre el seminario C\u00e1ncer cervicouterino en Chile: un llamado a la acci\u00f3n\u00bb, el cual tiene como finalidad conocer el panorama nacional sobre este c\u00e1ncer, actualizar sobre la \u00faltima evidencia disponible y analizar los objetivos y desaf\u00edos de [&hellip;]","og_url":"https:\/\/gobierno.udd.cl\/cips\/2023\/09\/27\/cips-udd-realizara-seminario-sobre-cancer-cervicouterino\/","og_site_name":"Centro de Pol\u00edticas P\u00fablicas e Innovaci\u00f3n en Salud","article_publisher":"https:\/\/www.facebook.com\/CIPS.UDD","article_published_time":"2023-09-27T17:34:35+00:00","article_modified_time":"2023-09-27T17:34:36+00:00","og_image":[{"width":952,"height":534,"url":"https:\/\/gobierno.udd.cl\/cips\/files\/2023\/09\/seminariocips.png","type":"image\/png"}],"author":"ccararo","twitter_card":"summary_large_image","twitter_creator":"@CIPS_UDD","twitter_site":"@CIPS_UDD","twitter_misc":{"Escrito por":"ccararo","Tiempo de lectura":"3 minutos"},"schema":{"@context":"https:\/\/schema.org","@graph":[{"@type":"Article","@id":"https:\/\/gobierno.udd.cl\/cips\/2023\/09\/27\/cips-udd-realizara-seminario-sobre-cancer-cervicouterino\/#article","isPartOf":{"@id":"https:\/\/gobierno.udd.cl\/cips\/2023\/09\/27\/cips-udd-realizara-seminario-sobre-cancer-cervicouterino\/"},"author":{"name":"ccararo","@id":"https:\/\/gobierno.udd.cl\/cips\/#\/schema\/person\/9d509bb16e7d8299d075f0e90b5d7d00"},"headline":"CIPS-UDD realizar\u00e1 seminario sobre c\u00e1ncer cervicouterino","datePublished":"2023-09-27T17:34:35+00:00","dateModified":"2023-09-27T17:34:36+00:00","mainEntityOfPage":{"@id":"https:\/\/gobierno.udd.cl\/cips\/2023\/09\/27\/cips-udd-realizara-seminario-sobre-cancer-cervicouterino\/"},"wordCount":479,"image":{"@id":"https:\/\/gobierno.udd.cl\/cips\/2023\/09\/27\/cips-udd-realizara-seminario-sobre-cancer-cervicouterino\/#primaryimage"},"thumbnailUrl":"https:\/\/gobierno.udd.cl\/cips\/files\/2023\/09\/seminariocips.png","articleSection":["Noticias"],"inLanguage":"es"},{"@type":"WebPage","@id":"https:\/\/gobierno.udd.cl\/cips\/2023\/09\/27\/cips-udd-realizara-seminario-sobre-cancer-cervicouterino\/","url":"https:\/\/gobierno.udd.cl\/cips\/2023\/09\/27\/cips-udd-realizara-seminario-sobre-cancer-cervicouterino\/","name":"CIPS-UDD realizar\u00e1 seminario sobre c\u00e1ncer cervicouterino - Centro de Pol\u00edticas P\u00fablicas e Innovaci\u00f3n en Salud","isPartOf":{"@id":"https:\/\/gobierno.udd.cl\/cips\/#website"},"primaryImageOfPage":{"@id":"https:\/\/gobierno.udd.cl\/cips\/2023\/09\/27\/cips-udd-realizara-seminario-sobre-cancer-cervicouterino\/#primaryimage"},"image":{"@id":"https:\/\/gobierno.udd.cl\/cips\/2023\/09\/27\/cips-udd-realizara-seminario-sobre-cancer-cervicouterino\/#primaryimage"},"thumbnailUrl":"https:\/\/gobierno.udd.cl\/cips\/files\/2023\/09\/seminariocips.png","datePublished":"2023-09-27T17:34:35+00:00","dateModified":"2023-09-27T17:34:36+00:00","author":{"@id":"https:\/\/gobierno.udd.cl\/cips\/#\/schema\/person\/9d509bb16e7d8299d075f0e90b5d7d00"},"breadcrumb":{"@id":"https:\/\/gobierno.udd.cl\/cips\/2023\/09\/27\/cips-udd-realizara-seminario-sobre-cancer-cervicouterino\/#breadcrumb"},"inLanguage":"es","potentialAction":[{"@type":"ReadAction","target":["https:\/\/gobierno.udd.cl\/cips\/2023\/09\/27\/cips-udd-realizara-seminario-sobre-cancer-cervicouterino\/"]}]},{"@type":"ImageObject","inLanguage":"es","@id":"https:\/\/gobierno.udd.cl\/cips\/2023\/09\/27\/cips-udd-realizara-seminario-sobre-cancer-cervicouterino\/#primaryimage","url":"https:\/\/gobierno.udd.cl\/cips\/files\/2023\/09\/seminariocips.png","contentUrl":"https:\/\/gobierno.udd.cl\/cips\/files\/2023\/09\/seminariocips.png","width":952,"height":534},{"@type":"BreadcrumbList","@id":"https:\/\/gobierno.udd.cl\/cips\/2023\/09\/27\/cips-udd-realizara-seminario-sobre-cancer-cervicouterino\/#breadcrumb","itemListElement":[{"@type":"ListItem","position":1,"name":"Portada","item":"https:\/\/gobierno.udd.cl\/cips\/"},{"@type":"ListItem","position":2,"name":"CIPS-UDD realizar\u00e1 seminario sobre c\u00e1ncer cervicouterino"}]},{"@type":"WebSite","@id":"https:\/\/gobierno.udd.cl\/cips\/#website","url":"https:\/\/gobierno.udd.cl\/cips\/","name":"Centro de Pol\u00edticas P\u00fablicas e Innovaci\u00f3n en Salud","description":"CIPS-UDD","inLanguage":"es"},{"@type":"Person","@id":"https:\/\/gobierno.udd.cl\/cips\/#\/schema\/person\/9d509bb16e7d8299d075f0e90b5d7d00","name":"ccararo","image":{"@type":"ImageObject","inLanguage":"es","@id":"https:\/\/gobierno.udd.cl\/cips\/#\/schema\/person\/image\/","url":"https:\/\/secure.gravatar.com\/avatar\/fe809aec6c8a49b41db481a62d9671eec512578ac25cf41f7420b8069513828c?s=96&d=mm&r=g","contentUrl":"https:\/\/secure.gravatar.com\/avatar\/fe809aec6c8a49b41db481a62d9671eec512578ac25cf41f7420b8069513828c?s=96&d=mm&r=g","caption":"ccararo"},"url":"https:\/\/gobierno.udd.cl\/cips\/author\/ccararo\/"}]}},"featured_image_url":"https:\/\/gobierno.udd.cl\/cips\/files\/2023\/09\/seminariocips.png","_links":{"self":[{"href":"https:\/\/gobierno.udd.cl\/cips\/wp-json\/wp\/v2\/posts\/1536","targetHints":{"allow":["GET"]}}],"collection":[{"href":"https:\/\/gobierno.udd.cl\/cips\/wp-json\/wp\/v2\/posts"}],"about":[{"href":"https:\/\/gobierno.udd.cl\/cips\/wp-json\/wp\/v2\/types\/post"}],"author":[{"embeddable":true,"href":"https:\/\/gobierno.udd.cl\/cips\/wp-json\/wp\/v2\/users\/9192236"}],"replies":[{"embeddable":true,"href":"https:\/\/gobierno.udd.cl\/cips\/wp-json\/wp\/v2\/comments?post=1536"}],"version-history":[{"count":1,"href":"https:\/\/gobierno.udd.cl\/cips\/wp-json\/wp\/v2\/posts\/1536\/revisions"}],"predecessor-version":[{"id":1538,"href":"https:\/\/gobierno.udd.cl\/cips\/wp-json\/wp\/v2\/posts\/1536\/revisions\/1538"}],"wp:featuredmedia":[{"embeddable":true,"href":"https:\/\/gobierno.udd.cl\/cips\/wp-json\/wp\/v2\/media\/1537"}],"wp:attachment":[{"href":"https:\/\/gobierno.udd.cl\/cips\/wp-json\/wp\/v2\/media?parent=1536"}],"wp:term":[{"taxonomy":"category","embeddable":true,"href":"https:\/\/gobierno.udd.cl\/cips\/wp-json\/wp\/v2\/categories?post=1536"},{"taxonomy":"post_tag","embeddable":true,"href":"https:\/\/gobierno.udd.cl\/cips\/wp-json\/wp\/v2\/tags?post=1536"}],"curies":[{"name":"wp","href":"https:\/\/api.w.org\/{rel}","templated":true}]}}