{"id":1511,"date":"2023-09-08T15:24:05","date_gmt":"2023-09-08T18:24:05","guid":{"rendered":"https:\/\/gobierno.udd.cl\/cips\/?p=1511"},"modified":"2023-09-08T15:45:01","modified_gmt":"2023-09-08T18:45:01","slug":"cips-udd-realiza-seminario-sobre-reforma-en-sistema-de-salud","status":"publish","type":"post","link":"https:\/\/gobierno.udd.cl\/cips\/2023\/09\/08\/cips-udd-realiza-seminario-sobre-reforma-en-sistema-de-salud\/","title":{"rendered":"CIPS UDD realiza seminario sobre reforma en sistema de salud"},"content":{"rendered":"\n<p><em>La Directora Ejecutiva de CIPS-UDD, Paula Daza, moder\u00f3 un conversatorio entre Juan Luis Castro, Presidente de la Comisi\u00f3n de Salud del Senado y Emilio Santelices, miembro del comit\u00e9 ejecutivo de CIPS-UDD<\/em><\/p>\n\n\n\n<p>Sin duda el 2023 ha sido un a\u00f1o clave, convulsionado y estrepitoso para el sistema de salud en Chile. La resoluci\u00f3n de los fallos de la Corte Suprema a las isapres ha acelerado un hecho que, por a\u00f1os, no se ha podido lograr en la clase pol\u00edtica: realizar una reforma profunda en salud.<\/p>\n\n\n\n<p>La cronolog\u00eda de este a\u00f1o se ha iniciado por la expectativa de los fallos, las proyecciones de distintos escenarios, la espera de una ley corta del Ejecutivo, la prolongaci\u00f3n de tiempo para la ejecuci\u00f3n de los fallos, el trabajo en el Congreso con la creaci\u00f3n de un comit\u00e9 t\u00e9cnico conformado por expertos de distintas \u00e1reas y ahora, en septiembre,&nbsp; la espera de aquel informe para &nbsp;empezar a discutir cu\u00e1l es la mejor forma para que el sistema no caiga en insolvencias o no sea capaz de dar a basto en la atenci\u00f3n en salud de las personas.<\/p>\n\n\n\n<p>Como parte de la Facultad de Gobierno, CIPS-UDD ha querido contribuir al debate realizando el Seminario \u00ab\u00bfC\u00f3mo Destrabar la Discusi\u00f3n en Salud? Un Camino para Fonasa\u00bb . La charla cont\u00f3 con la participaci\u00f3n de tres destacados expertos: Paula Daza, Directora Ejecutiva de CIPS; Juan Luis Castro, Senador y presidente de la Comisi\u00f3n de Salud del Senado; y Emilio Santelices, miembro del comit\u00e9 ejecutivo de CIPS y ex Ministro de Salud. Los panelistas destacaron la urgencia de reformar el sistema de salud p\u00fablico y privado, especialmente en un contexto donde la crisis de los prestadores privados y los fallos de la Corte Suprema est\u00e1n en el centro de la atenci\u00f3n p\u00fablica.<\/p>\n\n\n\n<p>La situaci\u00f3n actual del sistema de salud en Chile es compleja, seg\u00fan Paula Daza, quien se\u00f1al\u00f3, <strong><em>\u00abTenemos situaciones complejas. Por ejemplo, se ha anunciado la crisis que tienen los prestadores privados, que juegan un papel muy importante dentro de la salud. Por otro lado, las listas de espera entre abril del a\u00f1o pasado y este han aumentado un 12%\u00bb<\/em>.<\/strong> \u00a0La directora ejecutiva del centro enfatiz\u00f3 en la necesidad de abordar reformas estructurales en el sistema de salud p\u00fablico. <strong><em>\u00abHasta el momento, no hemos sido capaces de abarcar los grandes cambios que necesita el sistema de salud p\u00fablico\u00bb<\/em><\/strong> agreg\u00f3.<\/p>\n\n\n<section class=\"wp-block-udd-gallery-carousel wp-carousel-gallery\">\n\t<div class=\"container\">\n\t\t<div\n\t\t\tclass=\"slick-carousel gallery-slick-carousel gallery-carousel--1\"\n\t\t\tdata-slick='{&quot;slidesToScroll&quot;:1,&quot;slidesToShow&quot;:1,&quot;appendDots&quot;:&quot;#dots-69f518f9911bd&quot;,&quot;prevArrow&quot;:&quot;&lt;button type=\\&quot;button\\&quot; class=\\&quot;btn btn-primary slick-prev\\&quot;&gt;&lt;svg class=\\&quot;svg-chevron-left-dims\\&quot;&gt;&lt;use xlink:href=&#039;https:\\\/\\\/gobierno.udd.cl\\\/cips\\\/wp-content\\\/themes\\\/facultades-2018\\\/assets\\\/img\\\/svg\\\/dist\\\/main.svg?version=1695853099#chevron-left&#039;&gt;&lt;\\\/use&gt;&lt;\\\/svg&gt;&lt;span class=\\&quot;sr-only\\&quot;&gt;Anterior&lt;\\\/span&gt;&lt;\\\/button&gt;&quot;,&quot;nextArrow&quot;:&quot;&lt;button type=\\&quot;button\\&quot; class=\\&quot;btn btn-primary slick-next\\&quot;&gt;&lt;svg class=\\&quot;svg-chevron-right-dims\\&quot;&gt;&lt;use xlink:href=&#039;https:\\\/\\\/gobierno.udd.cl\\\/cips\\\/wp-content\\\/themes\\\/facultades-2018\\\/assets\\\/img\\\/svg\\\/dist\\\/main.svg?version=1695853099#chevron-right&#039;&gt;&lt;\\\/use&gt;&lt;\\\/svg&gt;&lt;span class=\\&quot;sr-only\\&quot;&gt;Siguiente&lt;\\\/span&gt;&lt;\\\/button&gt;&quot;,&quot;infinite&quot;:true,&quot;dots&quot;:true}'\n\t\t>\n\t\t\t\t\t\t\t<figure>\n\t\t\t\t\t<img loading=\"lazy\" decoding=\"async\" width=\"1280\" height=\"720\" src=\"https:\/\/gobierno.udd.cl\/cips\/wp-content\/plugins\/wp-async-img-load\/blank.png\" class=\"attachment-1280x720 size-1280x720 lazyload\" alt=\"\" sizes=\"auto, (max-width: 1280px) 100vw, 1280px\" data-src=\"https:\/\/gobierno.udd.cl\/cips\/files\/2023\/09\/image00005-1366x768.jpeg\" data-srcset=\"https:\/\/gobierno.udd.cl\/cips\/files\/2023\/09\/image00005-1366x768.jpeg 1366w, https:\/\/gobierno.udd.cl\/cips\/files\/2023\/09\/image00005-1920x1080.jpeg 1920w, https:\/\/gobierno.udd.cl\/cips\/files\/2023\/09\/image00005-680x382.jpeg 680w\" \/>\t\t\t\t\t\t\t\t\t<\/figure>\n\t\t\t\t\t\t\t<figure>\n\t\t\t\t\t<img loading=\"lazy\" decoding=\"async\" width=\"1280\" height=\"720\" src=\"https:\/\/gobierno.udd.cl\/cips\/wp-content\/plugins\/wp-async-img-load\/blank.png\" class=\"attachment-1280x720 size-1280x720 lazyload\" alt=\"\" sizes=\"auto, (max-width: 1280px) 100vw, 1280px\" data-src=\"https:\/\/gobierno.udd.cl\/cips\/files\/2023\/09\/image00011-1366x768.jpeg\" data-srcset=\"https:\/\/gobierno.udd.cl\/cips\/files\/2023\/09\/image00011-1366x768.jpeg 1366w, https:\/\/gobierno.udd.cl\/cips\/files\/2023\/09\/image00011-1920x1080.jpeg 1920w, https:\/\/gobierno.udd.cl\/cips\/files\/2023\/09\/image00011-680x382.jpeg 680w\" \/>\t\t\t\t\t\t\t\t\t<\/figure>\n\t\t\t\t\t\t\t<figure>\n\t\t\t\t\t<img loading=\"lazy\" decoding=\"async\" width=\"1280\" height=\"720\" src=\"https:\/\/gobierno.udd.cl\/cips\/wp-content\/plugins\/wp-async-img-load\/blank.png\" class=\"attachment-1280x720 size-1280x720 lazyload\" alt=\"\" sizes=\"auto, (max-width: 1280px) 100vw, 1280px\" data-src=\"https:\/\/gobierno.udd.cl\/cips\/files\/2023\/09\/image00012-1366x768.jpeg\" data-srcset=\"https:\/\/gobierno.udd.cl\/cips\/files\/2023\/09\/image00012-1366x768.jpeg 1366w, https:\/\/gobierno.udd.cl\/cips\/files\/2023\/09\/image00012-1920x1080.jpeg 1920w, https:\/\/gobierno.udd.cl\/cips\/files\/2023\/09\/image00012-680x382.jpeg 680w\" \/>\t\t\t\t\t\t\t\t\t<\/figure>\n\t\t\t\t\t\t\t<figure>\n\t\t\t\t\t<img loading=\"lazy\" decoding=\"async\" width=\"1280\" height=\"720\" src=\"https:\/\/gobierno.udd.cl\/cips\/wp-content\/plugins\/wp-async-img-load\/blank.png\" class=\"attachment-1280x720 size-1280x720 lazyload\" alt=\"\" sizes=\"auto, (max-width: 1280px) 100vw, 1280px\" data-src=\"https:\/\/gobierno.udd.cl\/cips\/files\/2023\/09\/image00015-1366x768.jpeg\" data-srcset=\"https:\/\/gobierno.udd.cl\/cips\/files\/2023\/09\/image00015-1366x768.jpeg 1366w, https:\/\/gobierno.udd.cl\/cips\/files\/2023\/09\/image00015-1920x1080.jpeg 1920w, https:\/\/gobierno.udd.cl\/cips\/files\/2023\/09\/image00015-680x382.jpeg 680w\" \/>\t\t\t\t\t\t\t\t\t<\/figure>\n\t\t\t\t\t\t\t<figure>\n\t\t\t\t\t<img loading=\"lazy\" decoding=\"async\" width=\"1280\" height=\"720\" src=\"https:\/\/gobierno.udd.cl\/cips\/wp-content\/plugins\/wp-async-img-load\/blank.png\" class=\"attachment-1280x720 size-1280x720 lazyload\" alt=\"\" sizes=\"auto, (max-width: 1280px) 100vw, 1280px\" data-src=\"https:\/\/gobierno.udd.cl\/cips\/files\/2023\/09\/image00021-1366x768.jpeg\" data-srcset=\"https:\/\/gobierno.udd.cl\/cips\/files\/2023\/09\/image00021-1366x768.jpeg 1366w, https:\/\/gobierno.udd.cl\/cips\/files\/2023\/09\/image00021-1920x1080.jpeg 1920w, https:\/\/gobierno.udd.cl\/cips\/files\/2023\/09\/image00021-680x382.jpeg 680w\" \/>\t\t\t\t\t\t\t\t\t<\/figure>\n\t\t\t\t\t\t\t<figure>\n\t\t\t\t\t<img loading=\"lazy\" decoding=\"async\" width=\"1280\" height=\"720\" src=\"https:\/\/gobierno.udd.cl\/cips\/wp-content\/plugins\/wp-async-img-load\/blank.png\" class=\"attachment-1280x720 size-1280x720 lazyload\" alt=\"\" sizes=\"auto, (max-width: 1280px) 100vw, 1280px\" data-src=\"https:\/\/gobierno.udd.cl\/cips\/files\/2023\/09\/image00026-1366x768.jpeg\" data-srcset=\"https:\/\/gobierno.udd.cl\/cips\/files\/2023\/09\/image00026-1366x768.jpeg 1366w, https:\/\/gobierno.udd.cl\/cips\/files\/2023\/09\/image00026-1920x1080.jpeg 1920w, https:\/\/gobierno.udd.cl\/cips\/files\/2023\/09\/image00026-680x382.jpeg 680w\" \/>\t\t\t\t\t\t\t\t\t<\/figure>\n\t\t\t\t\t\t\t<figure>\n\t\t\t\t\t<img loading=\"lazy\" decoding=\"async\" width=\"1280\" height=\"720\" src=\"https:\/\/gobierno.udd.cl\/cips\/wp-content\/plugins\/wp-async-img-load\/blank.png\" class=\"attachment-1280x720 size-1280x720 lazyload\" alt=\"\" sizes=\"auto, (max-width: 1280px) 100vw, 1280px\" data-src=\"https:\/\/gobierno.udd.cl\/cips\/files\/2023\/09\/image00027-1366x768.jpeg\" data-srcset=\"https:\/\/gobierno.udd.cl\/cips\/files\/2023\/09\/image00027-1366x768.jpeg 1366w, https:\/\/gobierno.udd.cl\/cips\/files\/2023\/09\/image00027-1920x1080.jpeg 1920w, https:\/\/gobierno.udd.cl\/cips\/files\/2023\/09\/image00027-680x382.jpeg 680w\" \/>\t\t\t\t\t\t\t\t\t<\/figure>\n\t\t\t\t\t\t\t<figure>\n\t\t\t\t\t<img loading=\"lazy\" decoding=\"async\" width=\"1280\" height=\"720\" src=\"https:\/\/gobierno.udd.cl\/cips\/wp-content\/plugins\/wp-async-img-load\/blank.png\" class=\"attachment-1280x720 size-1280x720 lazyload\" alt=\"\" sizes=\"auto, (max-width: 1280px) 100vw, 1280px\" data-src=\"https:\/\/gobierno.udd.cl\/cips\/files\/2023\/09\/image00038-1366x768.jpeg\" data-srcset=\"https:\/\/gobierno.udd.cl\/cips\/files\/2023\/09\/image00038-1366x768.jpeg 1366w, https:\/\/gobierno.udd.cl\/cips\/files\/2023\/09\/image00038-1920x1080.jpeg 1920w, https:\/\/gobierno.udd.cl\/cips\/files\/2023\/09\/image00038-680x382.jpeg 680w\" \/>\t\t\t\t\t\t\t\t\t<\/figure>\n\t\t\t\t\t\t\t<figure>\n\t\t\t\t\t<img loading=\"lazy\" decoding=\"async\" width=\"1280\" height=\"720\" src=\"https:\/\/gobierno.udd.cl\/cips\/wp-content\/plugins\/wp-async-img-load\/blank.png\" class=\"attachment-1280x720 size-1280x720 lazyload\" alt=\"\" sizes=\"auto, (max-width: 1280px) 100vw, 1280px\" data-src=\"https:\/\/gobierno.udd.cl\/cips\/files\/2023\/09\/image00043-1366x768.jpeg\" data-srcset=\"https:\/\/gobierno.udd.cl\/cips\/files\/2023\/09\/image00043-1366x768.jpeg 1366w, https:\/\/gobierno.udd.cl\/cips\/files\/2023\/09\/image00043-1920x1080.jpeg 1920w, https:\/\/gobierno.udd.cl\/cips\/files\/2023\/09\/image00043-680x382.jpeg 680w\" \/>\t\t\t\t\t\t\t\t\t<\/figure>\n\t\t\t\t\t\t\t<figure>\n\t\t\t\t\t<img loading=\"lazy\" decoding=\"async\" width=\"1280\" height=\"720\" src=\"https:\/\/gobierno.udd.cl\/cips\/wp-content\/plugins\/wp-async-img-load\/blank.png\" class=\"attachment-1280x720 size-1280x720 lazyload\" alt=\"\" sizes=\"auto, (max-width: 1280px) 100vw, 1280px\" data-src=\"https:\/\/gobierno.udd.cl\/cips\/files\/2023\/09\/image00048-1366x768.jpeg\" data-srcset=\"https:\/\/gobierno.udd.cl\/cips\/files\/2023\/09\/image00048-1366x768.jpeg 1366w, https:\/\/gobierno.udd.cl\/cips\/files\/2023\/09\/image00048-1920x1080.jpeg 1920w, https:\/\/gobierno.udd.cl\/cips\/files\/2023\/09\/image00048-680x382.jpeg 680w\" \/>\t\t\t\t\t\t\t\t\t<\/figure>\n\t\t\t\t\t<\/div>\n\t\t<div\n\t\t\tclass=\"carousel-gallery--carousel-dots\"\n\t\t\tid=\"dots-69f518f9911bd\"\n\t\t><\/div>\n\t<\/div>\n<\/section>\n\n\n\n<p>Por su parte, el senador Juan Luis Castro, resalt\u00f3 la necesidad de los factores claves para mejorar el sistema de salud. <strong><em>\u00abEl actual gobierno comprometi\u00f3 algunas reformas en su programa, pero como tenemos un clima irritado, tenemos fuerzas pol\u00edticas que les cuesta conversar, es necesario tratar esto\u00bb<\/em><\/strong>. El senador hizo hincapi\u00e9 en la resistencia al cambio de las ISAPRES. <em><strong>\u201cCon el fallo de la Corte, creo que hay una oportunidad de aumentar las posibilidades de consenso t\u00e9cnico\u00bb<\/strong><\/em>, sostuvo el doctor.<\/p>\n\n\n\n<p>Emilio Santelices, en la misma l\u00ednea que el senador Castro, se\u00f1al\u00f3 que <strong><em>\u00abllevamos 10 a\u00f1os discutiendo las reformas. La primera lecci\u00f3n de esto es que debemos aprender a construir acuerdos para prestar atenci\u00f3n a nuestros objetivos superiores\u00bb.<\/em><\/strong> Santelices subray\u00f3 que, a pesar de la confrontaci\u00f3n pol\u00edtica, existe una gran oportunidad para mejorar el sistema de salud. <strong><em>\u00abEst\u00e1n dadas estas condiciones. El presidente de la comisi\u00f3n del Senado y sus miembros est\u00e1n leyendo muy bien qu\u00e9 hay trabajo que abarcar y hay que sumar fuerza pare este\u00bb<\/em><\/strong>, concluy\u00f3.<\/p>\n\n\n\n<p>En cuanto a los plazos para llegar a acuerdo sobre la reforma, Paula Daza mencion\u00f3 que la fecha l\u00edmite establecida por la Corte Suprema es a principios de Noviembre. En relaci\u00f3n a dicho plazo el ministro Castro especul\u00f3 <strong><em>\u201cCreo que es poco tiempo para crear una ley, personalmente creo que se pedir\u00e1 una pr\u00f3rroga. Esta pr\u00f3rroga no debiese ser muy larga, no m\u00e1s de 6 meses, pero ser\u00e1 necesaria\u201d.<\/em><\/strong><\/p>\n\n\n\n<p>El conversatorio organizado por la Facultad de Gobierno de la Universidad del Desarrollo destac\u00f3 la necesidad apremiante de reformar el sistema de salud y previsiones en Chile. Los expertos subrayaron la oportunidad hist\u00f3rica que representa el fallo de la Corte Suprema y la importancia de trabajar en conjunto para alcanzar mejoras significativas en el sistema de salud del pa\u00eds.<\/p>\n\n\n\n<p>Puedes revisarlo <a href=\"https:\/\/www.youtube.com\/live\/IFoKJQnYpEs?si=3Fl8st6wS1Kphs1T&amp;t=10950\" target=\"_blank\" rel=\"noreferrer noopener\">aqu\u00ed<\/a>.<\/p>\n","protected":false},"excerpt":{"rendered":"<p>La Directora Ejecutiva de CIPS-UDD, Paula Daza, moder\u00f3 un conversatorio entre Juan Luis Castro, Presidente de la Comisi\u00f3n de Salud del Senado y Emilio Santelices, miembro del comit\u00e9 ejecutivo de CIPS-UDD Sin duda el 2023 ha sido un a\u00f1o clave, convulsionado y estrepitoso para el sistema de salud en Chile. La resoluci\u00f3n de los fallos [&hellip;]<\/p>\n","protected":false},"author":9192236,"featured_media":1512,"comment_status":"closed","ping_status":"open","sticky":false,"template":"","format":"standard","meta":{"footnotes":""},"categories":[3],"tags":[],"class_list":["post-1511","post","type-post","status-publish","format-standard","has-post-thumbnail","hentry","category-noticias"],"yoast_head":"<!-- This site is optimized with the Yoast SEO plugin v26.9 - https:\/\/yoast.com\/product\/yoast-seo-wordpress\/ -->\n<title>CIPS UDD realiza seminario sobre reforma en sistema de salud - Centro de Pol\u00edticas P\u00fablicas e Innovaci\u00f3n en Salud<\/title>\n<meta name=\"robots\" content=\"index, follow, max-snippet:-1, max-image-preview:large, max-video-preview:-1\" \/>\n<link rel=\"canonical\" href=\"https:\/\/gobierno.udd.cl\/cips\/2023\/09\/08\/cips-udd-realiza-seminario-sobre-reforma-en-sistema-de-salud\/\" \/>\n<meta property=\"og:locale\" content=\"es_ES\" \/>\n<meta property=\"og:type\" content=\"article\" \/>\n<meta property=\"og:title\" content=\"CIPS UDD realiza seminario sobre reforma en sistema de salud - Centro de Pol\u00edticas P\u00fablicas e Innovaci\u00f3n en Salud\" \/>\n<meta property=\"og:description\" content=\"La Directora Ejecutiva de CIPS-UDD, Paula Daza, moder\u00f3 un conversatorio entre Juan Luis Castro, Presidente de la Comisi\u00f3n de Salud del Senado y Emilio Santelices, miembro del comit\u00e9 ejecutivo de CIPS-UDD Sin duda el 2023 ha sido un a\u00f1o clave, convulsionado y estrepitoso para el sistema de salud en Chile. La resoluci\u00f3n de los fallos [&hellip;]\" \/>\n<meta property=\"og:url\" content=\"https:\/\/gobierno.udd.cl\/cips\/2023\/09\/08\/cips-udd-realiza-seminario-sobre-reforma-en-sistema-de-salud\/\" \/>\n<meta property=\"og:site_name\" content=\"Centro de Pol\u00edticas P\u00fablicas e Innovaci\u00f3n en Salud\" \/>\n<meta property=\"article:publisher\" content=\"https:\/\/www.facebook.com\/CIPS.UDD\" \/>\n<meta property=\"article:published_time\" content=\"2023-09-08T18:24:05+00:00\" \/>\n<meta property=\"article:modified_time\" content=\"2023-09-08T18:45:01+00:00\" \/>\n<meta property=\"og:image\" content=\"https:\/\/gobierno.udd.cl\/cips\/files\/2023\/09\/image-7.png\" \/>\n\t<meta property=\"og:image:width\" content=\"1111\" \/>\n\t<meta property=\"og:image:height\" content=\"625\" \/>\n\t<meta property=\"og:image:type\" content=\"image\/png\" \/>\n<meta name=\"author\" content=\"ccararo\" \/>\n<meta name=\"twitter:card\" content=\"summary_large_image\" \/>\n<meta name=\"twitter:creator\" content=\"@CIPS_UDD\" \/>\n<meta name=\"twitter:site\" content=\"@CIPS_UDD\" \/>\n<meta name=\"twitter:label1\" content=\"Escrito por\" \/>\n\t<meta name=\"twitter:data1\" content=\"ccararo\" \/>\n\t<meta name=\"twitter:label2\" content=\"Tiempo de lectura\" \/>\n\t<meta name=\"twitter:data2\" content=\"6 minutos\" \/>\n<script type=\"application\/ld+json\" class=\"yoast-schema-graph\">{\"@context\":\"https:\/\/schema.org\",\"@graph\":[{\"@type\":\"Article\",\"@id\":\"https:\/\/gobierno.udd.cl\/cips\/2023\/09\/08\/cips-udd-realiza-seminario-sobre-reforma-en-sistema-de-salud\/#article\",\"isPartOf\":{\"@id\":\"https:\/\/gobierno.udd.cl\/cips\/2023\/09\/08\/cips-udd-realiza-seminario-sobre-reforma-en-sistema-de-salud\/\"},\"author\":{\"name\":\"ccararo\",\"@id\":\"https:\/\/gobierno.udd.cl\/cips\/#\/schema\/person\/9d509bb16e7d8299d075f0e90b5d7d00\"},\"headline\":\"CIPS UDD realiza seminario sobre reforma en sistema de salud\",\"datePublished\":\"2023-09-08T18:24:05+00:00\",\"dateModified\":\"2023-09-08T18:45:01+00:00\",\"mainEntityOfPage\":{\"@id\":\"https:\/\/gobierno.udd.cl\/cips\/2023\/09\/08\/cips-udd-realiza-seminario-sobre-reforma-en-sistema-de-salud\/\"},\"wordCount\":740,\"image\":{\"@id\":\"https:\/\/gobierno.udd.cl\/cips\/2023\/09\/08\/cips-udd-realiza-seminario-sobre-reforma-en-sistema-de-salud\/#primaryimage\"},\"thumbnailUrl\":\"https:\/\/gobierno.udd.cl\/cips\/files\/2023\/09\/image-7.png\",\"articleSection\":[\"Noticias\"],\"inLanguage\":\"es\"},{\"@type\":\"WebPage\",\"@id\":\"https:\/\/gobierno.udd.cl\/cips\/2023\/09\/08\/cips-udd-realiza-seminario-sobre-reforma-en-sistema-de-salud\/\",\"url\":\"https:\/\/gobierno.udd.cl\/cips\/2023\/09\/08\/cips-udd-realiza-seminario-sobre-reforma-en-sistema-de-salud\/\",\"name\":\"CIPS UDD realiza seminario sobre reforma en sistema de salud - Centro de Pol\u00edticas P\u00fablicas e Innovaci\u00f3n en Salud\",\"isPartOf\":{\"@id\":\"https:\/\/gobierno.udd.cl\/cips\/#website\"},\"primaryImageOfPage\":{\"@id\":\"https:\/\/gobierno.udd.cl\/cips\/2023\/09\/08\/cips-udd-realiza-seminario-sobre-reforma-en-sistema-de-salud\/#primaryimage\"},\"image\":{\"@id\":\"https:\/\/gobierno.udd.cl\/cips\/2023\/09\/08\/cips-udd-realiza-seminario-sobre-reforma-en-sistema-de-salud\/#primaryimage\"},\"thumbnailUrl\":\"https:\/\/gobierno.udd.cl\/cips\/files\/2023\/09\/image-7.png\",\"datePublished\":\"2023-09-08T18:24:05+00:00\",\"dateModified\":\"2023-09-08T18:45:01+00:00\",\"author\":{\"@id\":\"https:\/\/gobierno.udd.cl\/cips\/#\/schema\/person\/9d509bb16e7d8299d075f0e90b5d7d00\"},\"breadcrumb\":{\"@id\":\"https:\/\/gobierno.udd.cl\/cips\/2023\/09\/08\/cips-udd-realiza-seminario-sobre-reforma-en-sistema-de-salud\/#breadcrumb\"},\"inLanguage\":\"es\",\"potentialAction\":[{\"@type\":\"ReadAction\",\"target\":[\"https:\/\/gobierno.udd.cl\/cips\/2023\/09\/08\/cips-udd-realiza-seminario-sobre-reforma-en-sistema-de-salud\/\"]}]},{\"@type\":\"ImageObject\",\"inLanguage\":\"es\",\"@id\":\"https:\/\/gobierno.udd.cl\/cips\/2023\/09\/08\/cips-udd-realiza-seminario-sobre-reforma-en-sistema-de-salud\/#primaryimage\",\"url\":\"https:\/\/gobierno.udd.cl\/cips\/files\/2023\/09\/image-7.png\",\"contentUrl\":\"https:\/\/gobierno.udd.cl\/cips\/files\/2023\/09\/image-7.png\",\"width\":1111,\"height\":625},{\"@type\":\"BreadcrumbList\",\"@id\":\"https:\/\/gobierno.udd.cl\/cips\/2023\/09\/08\/cips-udd-realiza-seminario-sobre-reforma-en-sistema-de-salud\/#breadcrumb\",\"itemListElement\":[{\"@type\":\"ListItem\",\"position\":1,\"name\":\"Portada\",\"item\":\"https:\/\/gobierno.udd.cl\/cips\/\"},{\"@type\":\"ListItem\",\"position\":2,\"name\":\"CIPS UDD realiza seminario sobre reforma en sistema de salud\"}]},{\"@type\":\"WebSite\",\"@id\":\"https:\/\/gobierno.udd.cl\/cips\/#website\",\"url\":\"https:\/\/gobierno.udd.cl\/cips\/\",\"name\":\"Centro de Pol\u00edticas P\u00fablicas e Innovaci\u00f3n en Salud\",\"description\":\"CIPS-UDD\",\"inLanguage\":\"es\"},{\"@type\":\"Person\",\"@id\":\"https:\/\/gobierno.udd.cl\/cips\/#\/schema\/person\/9d509bb16e7d8299d075f0e90b5d7d00\",\"name\":\"ccararo\",\"image\":{\"@type\":\"ImageObject\",\"inLanguage\":\"es\",\"@id\":\"https:\/\/gobierno.udd.cl\/cips\/#\/schema\/person\/image\/\",\"url\":\"https:\/\/secure.gravatar.com\/avatar\/fe809aec6c8a49b41db481a62d9671eec512578ac25cf41f7420b8069513828c?s=96&d=mm&r=g\",\"contentUrl\":\"https:\/\/secure.gravatar.com\/avatar\/fe809aec6c8a49b41db481a62d9671eec512578ac25cf41f7420b8069513828c?s=96&d=mm&r=g\",\"caption\":\"ccararo\"},\"url\":\"https:\/\/gobierno.udd.cl\/cips\/author\/ccararo\/\"}]}<\/script>\n<!-- \/ Yoast SEO plugin. -->","yoast_head_json":{"title":"CIPS UDD realiza seminario sobre reforma en sistema de salud - Centro de Pol\u00edticas P\u00fablicas e Innovaci\u00f3n en Salud","robots":{"index":"index","follow":"follow","max-snippet":"max-snippet:-1","max-image-preview":"max-image-preview:large","max-video-preview":"max-video-preview:-1"},"canonical":"https:\/\/gobierno.udd.cl\/cips\/2023\/09\/08\/cips-udd-realiza-seminario-sobre-reforma-en-sistema-de-salud\/","og_locale":"es_ES","og_type":"article","og_title":"CIPS UDD realiza seminario sobre reforma en sistema de salud - Centro de Pol\u00edticas P\u00fablicas e Innovaci\u00f3n en Salud","og_description":"La Directora Ejecutiva de CIPS-UDD, Paula Daza, moder\u00f3 un conversatorio entre Juan Luis Castro, Presidente de la Comisi\u00f3n de Salud del Senado y Emilio Santelices, miembro del comit\u00e9 ejecutivo de CIPS-UDD Sin duda el 2023 ha sido un a\u00f1o clave, convulsionado y estrepitoso para el sistema de salud en Chile. La resoluci\u00f3n de los fallos [&hellip;]","og_url":"https:\/\/gobierno.udd.cl\/cips\/2023\/09\/08\/cips-udd-realiza-seminario-sobre-reforma-en-sistema-de-salud\/","og_site_name":"Centro de Pol\u00edticas P\u00fablicas e Innovaci\u00f3n en Salud","article_publisher":"https:\/\/www.facebook.com\/CIPS.UDD","article_published_time":"2023-09-08T18:24:05+00:00","article_modified_time":"2023-09-08T18:45:01+00:00","og_image":[{"width":1111,"height":625,"url":"https:\/\/gobierno.udd.cl\/cips\/files\/2023\/09\/image-7.png","type":"image\/png"}],"author":"ccararo","twitter_card":"summary_large_image","twitter_creator":"@CIPS_UDD","twitter_site":"@CIPS_UDD","twitter_misc":{"Escrito por":"ccararo","Tiempo de lectura":"6 minutos"},"schema":{"@context":"https:\/\/schema.org","@graph":[{"@type":"Article","@id":"https:\/\/gobierno.udd.cl\/cips\/2023\/09\/08\/cips-udd-realiza-seminario-sobre-reforma-en-sistema-de-salud\/#article","isPartOf":{"@id":"https:\/\/gobierno.udd.cl\/cips\/2023\/09\/08\/cips-udd-realiza-seminario-sobre-reforma-en-sistema-de-salud\/"},"author":{"name":"ccararo","@id":"https:\/\/gobierno.udd.cl\/cips\/#\/schema\/person\/9d509bb16e7d8299d075f0e90b5d7d00"},"headline":"CIPS UDD realiza seminario sobre reforma en sistema de salud","datePublished":"2023-09-08T18:24:05+00:00","dateModified":"2023-09-08T18:45:01+00:00","mainEntityOfPage":{"@id":"https:\/\/gobierno.udd.cl\/cips\/2023\/09\/08\/cips-udd-realiza-seminario-sobre-reforma-en-sistema-de-salud\/"},"wordCount":740,"image":{"@id":"https:\/\/gobierno.udd.cl\/cips\/2023\/09\/08\/cips-udd-realiza-seminario-sobre-reforma-en-sistema-de-salud\/#primaryimage"},"thumbnailUrl":"https:\/\/gobierno.udd.cl\/cips\/files\/2023\/09\/image-7.png","articleSection":["Noticias"],"inLanguage":"es"},{"@type":"WebPage","@id":"https:\/\/gobierno.udd.cl\/cips\/2023\/09\/08\/cips-udd-realiza-seminario-sobre-reforma-en-sistema-de-salud\/","url":"https:\/\/gobierno.udd.cl\/cips\/2023\/09\/08\/cips-udd-realiza-seminario-sobre-reforma-en-sistema-de-salud\/","name":"CIPS UDD realiza seminario sobre reforma en sistema de salud - Centro de Pol\u00edticas P\u00fablicas e Innovaci\u00f3n en Salud","isPartOf":{"@id":"https:\/\/gobierno.udd.cl\/cips\/#website"},"primaryImageOfPage":{"@id":"https:\/\/gobierno.udd.cl\/cips\/2023\/09\/08\/cips-udd-realiza-seminario-sobre-reforma-en-sistema-de-salud\/#primaryimage"},"image":{"@id":"https:\/\/gobierno.udd.cl\/cips\/2023\/09\/08\/cips-udd-realiza-seminario-sobre-reforma-en-sistema-de-salud\/#primaryimage"},"thumbnailUrl":"https:\/\/gobierno.udd.cl\/cips\/files\/2023\/09\/image-7.png","datePublished":"2023-09-08T18:24:05+00:00","dateModified":"2023-09-08T18:45:01+00:00","author":{"@id":"https:\/\/gobierno.udd.cl\/cips\/#\/schema\/person\/9d509bb16e7d8299d075f0e90b5d7d00"},"breadcrumb":{"@id":"https:\/\/gobierno.udd.cl\/cips\/2023\/09\/08\/cips-udd-realiza-seminario-sobre-reforma-en-sistema-de-salud\/#breadcrumb"},"inLanguage":"es","potentialAction":[{"@type":"ReadAction","target":["https:\/\/gobierno.udd.cl\/cips\/2023\/09\/08\/cips-udd-realiza-seminario-sobre-reforma-en-sistema-de-salud\/"]}]},{"@type":"ImageObject","inLanguage":"es","@id":"https:\/\/gobierno.udd.cl\/cips\/2023\/09\/08\/cips-udd-realiza-seminario-sobre-reforma-en-sistema-de-salud\/#primaryimage","url":"https:\/\/gobierno.udd.cl\/cips\/files\/2023\/09\/image-7.png","contentUrl":"https:\/\/gobierno.udd.cl\/cips\/files\/2023\/09\/image-7.png","width":1111,"height":625},{"@type":"BreadcrumbList","@id":"https:\/\/gobierno.udd.cl\/cips\/2023\/09\/08\/cips-udd-realiza-seminario-sobre-reforma-en-sistema-de-salud\/#breadcrumb","itemListElement":[{"@type":"ListItem","position":1,"name":"Portada","item":"https:\/\/gobierno.udd.cl\/cips\/"},{"@type":"ListItem","position":2,"name":"CIPS UDD realiza seminario sobre reforma en sistema de salud"}]},{"@type":"WebSite","@id":"https:\/\/gobierno.udd.cl\/cips\/#website","url":"https:\/\/gobierno.udd.cl\/cips\/","name":"Centro de Pol\u00edticas P\u00fablicas e Innovaci\u00f3n en Salud","description":"CIPS-UDD","inLanguage":"es"},{"@type":"Person","@id":"https:\/\/gobierno.udd.cl\/cips\/#\/schema\/person\/9d509bb16e7d8299d075f0e90b5d7d00","name":"ccararo","image":{"@type":"ImageObject","inLanguage":"es","@id":"https:\/\/gobierno.udd.cl\/cips\/#\/schema\/person\/image\/","url":"https:\/\/secure.gravatar.com\/avatar\/fe809aec6c8a49b41db481a62d9671eec512578ac25cf41f7420b8069513828c?s=96&d=mm&r=g","contentUrl":"https:\/\/secure.gravatar.com\/avatar\/fe809aec6c8a49b41db481a62d9671eec512578ac25cf41f7420b8069513828c?s=96&d=mm&r=g","caption":"ccararo"},"url":"https:\/\/gobierno.udd.cl\/cips\/author\/ccararo\/"}]}},"featured_image_url":"https:\/\/gobierno.udd.cl\/cips\/files\/2023\/09\/image-7.png","_links":{"self":[{"href":"https:\/\/gobierno.udd.cl\/cips\/wp-json\/wp\/v2\/posts\/1511","targetHints":{"allow":["GET"]}}],"collection":[{"href":"https:\/\/gobierno.udd.cl\/cips\/wp-json\/wp\/v2\/posts"}],"about":[{"href":"https:\/\/gobierno.udd.cl\/cips\/wp-json\/wp\/v2\/types\/post"}],"author":[{"embeddable":true,"href":"https:\/\/gobierno.udd.cl\/cips\/wp-json\/wp\/v2\/users\/9192236"}],"replies":[{"embeddable":true,"href":"https:\/\/gobierno.udd.cl\/cips\/wp-json\/wp\/v2\/comments?post=1511"}],"version-history":[{"count":3,"href":"https:\/\/gobierno.udd.cl\/cips\/wp-json\/wp\/v2\/posts\/1511\/revisions"}],"predecessor-version":[{"id":1527,"href":"https:\/\/gobierno.udd.cl\/cips\/wp-json\/wp\/v2\/posts\/1511\/revisions\/1527"}],"wp:featuredmedia":[{"embeddable":true,"href":"https:\/\/gobierno.udd.cl\/cips\/wp-json\/wp\/v2\/media\/1512"}],"wp:attachment":[{"href":"https:\/\/gobierno.udd.cl\/cips\/wp-json\/wp\/v2\/media?parent=1511"}],"wp:term":[{"taxonomy":"category","embeddable":true,"href":"https:\/\/gobierno.udd.cl\/cips\/wp-json\/wp\/v2\/categories?post=1511"},{"taxonomy":"post_tag","embeddable":true,"href":"https:\/\/gobierno.udd.cl\/cips\/wp-json\/wp\/v2\/tags?post=1511"}],"curies":[{"name":"wp","href":"https:\/\/api.w.org\/{rel}","templated":true}]}}