{"id":1484,"date":"2023-08-23T15:49:08","date_gmt":"2023-08-23T19:49:08","guid":{"rendered":"https:\/\/gobierno.udd.cl\/cips\/?p=1484"},"modified":"2023-08-23T15:49:09","modified_gmt":"2023-08-23T19:49:09","slug":"cips-udd-realiza-primer-operativo-de-pap-en-san-francisco-de-mostazal","status":"publish","type":"post","link":"https:\/\/gobierno.udd.cl\/cips\/2023\/08\/23\/cips-udd-realiza-primer-operativo-de-pap-en-san-francisco-de-mostazal\/","title":{"rendered":"CIPS-UDD realiza primer operativo de PAP en San Francisco de Mostazal"},"content":{"rendered":"\n<p><em>Junto con la Escuela de Obstetricia UDD, el centro liderado por Paula Daza comenz\u00f3 los operativos de pruebas de Papanicolaou y actividades de prevenci\u00f3n y promoci\u00f3n del Plan Previene Mujer inserto dentro Proyecto Plan Previene Mostazal, el cual brinda distintos servicios de salud, prevenci\u00f3n y educaci\u00f3n.<\/em><\/p>\n\n\n\n<p>En el marco del compromiso con la salud y bienestar de la comunidad nace el proyecto <strong>Plan Previene Mostazal (PPM)<\/strong>, el cual, a trav\u00e9s de un equipo interdisciplinario compuesto por diferentes facultades de la Universidad del Desarrollo y liderado por CIPS-UDD, el cual tiene como objetivo principal brindar servicios de salud, prevenci\u00f3n y educaci\u00f3n (en una primera instancia enfocado en el \u00e1mbito sexual y reproductivo) a la comunidad de San Francisco de Mostazal, en la VI Regi\u00f3n.<\/p>\n\n\n\n<p>Dentro de este proyecto se encuentra el Programa Previene Mujer, cuya finalidad es<strong> <\/strong>mejorar la cobertura de PAP en comunidad de San Francisco de Mostazal, a trav\u00e9s de la educaci\u00f3n al personal de salud y de la promoci\u00f3n de toma de PAP a las mujeres entre 25 y 64 a\u00f1os que no cuenten con su examen al d\u00eda.<\/p>\n\n\n\n<p><em><strong>\u201cTeniendo en cuenta que el c\u00e1ncer cervicouterino es la cuarta neoplasia con mayor tasa de incidencia y mortalidad en mujeres de Chile, resulta necesario fortalecer la estrategia de prevenci\u00f3n y diagn\u00f3stico precoz de este tipo de c\u00e1ncer. En Chile, la cobertura del examen PAP est\u00e1 muy por debajo de los esperado y esta comuna es un ejemplo. Con m\u00e1s de 7 mil mujeres entre 25 y 64, hay m\u00e1s de 4.100 mujeres que no tienen este examen al d\u00eda\u201d<\/strong><\/em>, dice Paula Daza, directora Ejecutiva de CIPS-UDD.<\/p>\n\n\n\n<p>Es por eso que desde agosto y durante todo el segundo semestre de 2023, se ir\u00e1 un s\u00e1bado al mes al Cesfam del municipio para apoyar en la toma de este examen junto con estudiantes de obstetricia. <strong><em>\u201cMe vine a hacer el Pap porque lo ten\u00eda atrasado. Es importante que todas las vecinas se inscriban y puedan hac\u00e9rselo para detectar el c\u00e1ncer a tiempo y poderlo tratar, es muy f\u00e1cil y es gratis\u201d<\/em><\/strong>, coment\u00f3 Ana Mar\u00eda Molla quien vive en la comuna.<\/p>\n\n\n\n<p>En Chile el Programa de Prevenci\u00f3n del C\u00e1ncer Cervicouterino nace en 1987 con el tamizaje a trav\u00e9s del examen del Papanicolaou (Pap) para mujeres de entre 25 y 64 a\u00f1os. Este examen se realiza en la Atenci\u00f3n Primaria de Salud (APS) y su objetivo es lograr una cobertura de al menos un 80% de las mujeres. Sin embargo, los \u00faltimos datos indican que este indicador s\u00f3lo alcanza un 45,53% en el 2022, indicando que en el pa\u00eds existe un alto porcentaje de mujeres que pertenecen a la poblaci\u00f3n objetivo que no cuentan con su examen de tamizaje al d\u00eda. Esta cobertura, adem\u00e1s var\u00eda entre 36,29% y 59,01%, dependiendo de la regi\u00f3n y la comuna analizada.&nbsp; &nbsp;<\/p>\n\n\n\n<p><strong><em>\u201cAtendimos a muchas pacientes y quedamos con el coraz\u00f3n lleno porque nos dieron una excelente recepci\u00f3n. Hicimos el examen Pap y preventivo de mamas y estamos muy contentas de poder ser parte de este proyecto y estar una vez al mes de aqu\u00ed a diciembre en San Francisco de Mostazal\u201d<\/em><\/strong>, concluy\u00f3 Mimy Mayol, directora de la Escuela de Obstetricia UDD.<\/p>\n\n\n\n<p>El pr\u00f3ximo 9 de septiembre ser\u00e1 el segundo operativo. Para m\u00e1s informaci\u00f3n revisa nuestras redes sociales de <a href=\"https:\/\/www.instagram.com\/cips_udd\/\" target=\"_blank\" rel=\"noreferrer noopener\"><strong>CIPS<\/strong><\/a>.<\/p>\n","protected":false},"excerpt":{"rendered":"<p>Junto con la Escuela de Obstetricia UDD, el centro liderado por Paula Daza comenz\u00f3 los operativos de pruebas de Papanicolaou y actividades de prevenci\u00f3n y promoci\u00f3n del Plan Previene Mujer inserto dentro Proyecto Plan Previene Mostazal, el cual brinda distintos servicios de salud, prevenci\u00f3n y educaci\u00f3n. En el marco del compromiso con la salud y [&hellip;]<\/p>\n","protected":false},"author":9192236,"featured_media":1483,"comment_status":"closed","ping_status":"open","sticky":false,"template":"","format":"standard","meta":{"footnotes":""},"categories":[3],"tags":[],"class_list":["post-1484","post","type-post","status-publish","format-standard","has-post-thumbnail","hentry","category-noticias"],"yoast_head":"<!-- This site is optimized with the Yoast SEO plugin v26.9 - https:\/\/yoast.com\/product\/yoast-seo-wordpress\/ -->\n<title>CIPS-UDD realiza primer operativo de PAP en San Francisco de Mostazal - Centro de Pol\u00edticas P\u00fablicas e Innovaci\u00f3n en Salud<\/title>\n<meta name=\"robots\" content=\"index, follow, max-snippet:-1, max-image-preview:large, max-video-preview:-1\" \/>\n<link rel=\"canonical\" href=\"https:\/\/gobierno.udd.cl\/cips\/2023\/08\/23\/cips-udd-realiza-primer-operativo-de-pap-en-san-francisco-de-mostazal\/\" \/>\n<meta property=\"og:locale\" content=\"es_ES\" \/>\n<meta property=\"og:type\" content=\"article\" \/>\n<meta property=\"og:title\" content=\"CIPS-UDD realiza primer operativo de PAP en San Francisco de Mostazal - Centro de Pol\u00edticas P\u00fablicas e Innovaci\u00f3n en Salud\" \/>\n<meta property=\"og:description\" content=\"Junto con la Escuela de Obstetricia UDD, el centro liderado por Paula Daza comenz\u00f3 los operativos de pruebas de Papanicolaou y actividades de prevenci\u00f3n y promoci\u00f3n del Plan Previene Mujer inserto dentro Proyecto Plan Previene Mostazal, el cual brinda distintos servicios de salud, prevenci\u00f3n y educaci\u00f3n. En el marco del compromiso con la salud y [&hellip;]\" \/>\n<meta property=\"og:url\" content=\"https:\/\/gobierno.udd.cl\/cips\/2023\/08\/23\/cips-udd-realiza-primer-operativo-de-pap-en-san-francisco-de-mostazal\/\" \/>\n<meta property=\"og:site_name\" content=\"Centro de Pol\u00edticas P\u00fablicas e Innovaci\u00f3n en Salud\" \/>\n<meta property=\"article:publisher\" content=\"https:\/\/www.facebook.com\/CIPS.UDD\" \/>\n<meta property=\"article:published_time\" content=\"2023-08-23T19:49:08+00:00\" \/>\n<meta property=\"article:modified_time\" content=\"2023-08-23T19:49:09+00:00\" \/>\n<meta property=\"og:image\" content=\"https:\/\/gobierno.udd.cl\/cips\/files\/2023\/08\/image-6.png\" \/>\n\t<meta property=\"og:image:width\" content=\"1600\" \/>\n\t<meta property=\"og:image:height\" content=\"1200\" \/>\n\t<meta property=\"og:image:type\" content=\"image\/png\" \/>\n<meta name=\"author\" content=\"ccararo\" \/>\n<meta name=\"twitter:card\" content=\"summary_large_image\" \/>\n<meta name=\"twitter:creator\" content=\"@CIPS_UDD\" \/>\n<meta name=\"twitter:site\" content=\"@CIPS_UDD\" \/>\n<meta name=\"twitter:label1\" content=\"Escrito por\" \/>\n\t<meta name=\"twitter:data1\" content=\"ccararo\" \/>\n\t<meta name=\"twitter:label2\" content=\"Tiempo de lectura\" \/>\n\t<meta name=\"twitter:data2\" content=\"3 minutos\" \/>\n<script type=\"application\/ld+json\" class=\"yoast-schema-graph\">{\"@context\":\"https:\/\/schema.org\",\"@graph\":[{\"@type\":\"Article\",\"@id\":\"https:\/\/gobierno.udd.cl\/cips\/2023\/08\/23\/cips-udd-realiza-primer-operativo-de-pap-en-san-francisco-de-mostazal\/#article\",\"isPartOf\":{\"@id\":\"https:\/\/gobierno.udd.cl\/cips\/2023\/08\/23\/cips-udd-realiza-primer-operativo-de-pap-en-san-francisco-de-mostazal\/\"},\"author\":{\"name\":\"ccararo\",\"@id\":\"https:\/\/gobierno.udd.cl\/cips\/#\/schema\/person\/9d509bb16e7d8299d075f0e90b5d7d00\"},\"headline\":\"CIPS-UDD realiza primer operativo de PAP en San Francisco de Mostazal\",\"datePublished\":\"2023-08-23T19:49:08+00:00\",\"dateModified\":\"2023-08-23T19:49:09+00:00\",\"mainEntityOfPage\":{\"@id\":\"https:\/\/gobierno.udd.cl\/cips\/2023\/08\/23\/cips-udd-realiza-primer-operativo-de-pap-en-san-francisco-de-mostazal\/\"},\"wordCount\":582,\"image\":{\"@id\":\"https:\/\/gobierno.udd.cl\/cips\/2023\/08\/23\/cips-udd-realiza-primer-operativo-de-pap-en-san-francisco-de-mostazal\/#primaryimage\"},\"thumbnailUrl\":\"https:\/\/gobierno.udd.cl\/cips\/files\/2023\/08\/image-6.png\",\"articleSection\":[\"Noticias\"],\"inLanguage\":\"es\"},{\"@type\":\"WebPage\",\"@id\":\"https:\/\/gobierno.udd.cl\/cips\/2023\/08\/23\/cips-udd-realiza-primer-operativo-de-pap-en-san-francisco-de-mostazal\/\",\"url\":\"https:\/\/gobierno.udd.cl\/cips\/2023\/08\/23\/cips-udd-realiza-primer-operativo-de-pap-en-san-francisco-de-mostazal\/\",\"name\":\"CIPS-UDD realiza primer operativo de PAP en San Francisco de Mostazal - Centro de Pol\u00edticas P\u00fablicas e Innovaci\u00f3n en Salud\",\"isPartOf\":{\"@id\":\"https:\/\/gobierno.udd.cl\/cips\/#website\"},\"primaryImageOfPage\":{\"@id\":\"https:\/\/gobierno.udd.cl\/cips\/2023\/08\/23\/cips-udd-realiza-primer-operativo-de-pap-en-san-francisco-de-mostazal\/#primaryimage\"},\"image\":{\"@id\":\"https:\/\/gobierno.udd.cl\/cips\/2023\/08\/23\/cips-udd-realiza-primer-operativo-de-pap-en-san-francisco-de-mostazal\/#primaryimage\"},\"thumbnailUrl\":\"https:\/\/gobierno.udd.cl\/cips\/files\/2023\/08\/image-6.png\",\"datePublished\":\"2023-08-23T19:49:08+00:00\",\"dateModified\":\"2023-08-23T19:49:09+00:00\",\"author\":{\"@id\":\"https:\/\/gobierno.udd.cl\/cips\/#\/schema\/person\/9d509bb16e7d8299d075f0e90b5d7d00\"},\"breadcrumb\":{\"@id\":\"https:\/\/gobierno.udd.cl\/cips\/2023\/08\/23\/cips-udd-realiza-primer-operativo-de-pap-en-san-francisco-de-mostazal\/#breadcrumb\"},\"inLanguage\":\"es\",\"potentialAction\":[{\"@type\":\"ReadAction\",\"target\":[\"https:\/\/gobierno.udd.cl\/cips\/2023\/08\/23\/cips-udd-realiza-primer-operativo-de-pap-en-san-francisco-de-mostazal\/\"]}]},{\"@type\":\"ImageObject\",\"inLanguage\":\"es\",\"@id\":\"https:\/\/gobierno.udd.cl\/cips\/2023\/08\/23\/cips-udd-realiza-primer-operativo-de-pap-en-san-francisco-de-mostazal\/#primaryimage\",\"url\":\"https:\/\/gobierno.udd.cl\/cips\/files\/2023\/08\/image-6.png\",\"contentUrl\":\"https:\/\/gobierno.udd.cl\/cips\/files\/2023\/08\/image-6.png\",\"width\":1600,\"height\":1200},{\"@type\":\"BreadcrumbList\",\"@id\":\"https:\/\/gobierno.udd.cl\/cips\/2023\/08\/23\/cips-udd-realiza-primer-operativo-de-pap-en-san-francisco-de-mostazal\/#breadcrumb\",\"itemListElement\":[{\"@type\":\"ListItem\",\"position\":1,\"name\":\"Portada\",\"item\":\"https:\/\/gobierno.udd.cl\/cips\/\"},{\"@type\":\"ListItem\",\"position\":2,\"name\":\"CIPS-UDD realiza primer operativo de PAP en San Francisco de Mostazal\"}]},{\"@type\":\"WebSite\",\"@id\":\"https:\/\/gobierno.udd.cl\/cips\/#website\",\"url\":\"https:\/\/gobierno.udd.cl\/cips\/\",\"name\":\"Centro de Pol\u00edticas P\u00fablicas e Innovaci\u00f3n en Salud\",\"description\":\"CIPS-UDD\",\"inLanguage\":\"es\"},{\"@type\":\"Person\",\"@id\":\"https:\/\/gobierno.udd.cl\/cips\/#\/schema\/person\/9d509bb16e7d8299d075f0e90b5d7d00\",\"name\":\"ccararo\",\"image\":{\"@type\":\"ImageObject\",\"inLanguage\":\"es\",\"@id\":\"https:\/\/gobierno.udd.cl\/cips\/#\/schema\/person\/image\/\",\"url\":\"https:\/\/secure.gravatar.com\/avatar\/fe809aec6c8a49b41db481a62d9671eec512578ac25cf41f7420b8069513828c?s=96&d=mm&r=g\",\"contentUrl\":\"https:\/\/secure.gravatar.com\/avatar\/fe809aec6c8a49b41db481a62d9671eec512578ac25cf41f7420b8069513828c?s=96&d=mm&r=g\",\"caption\":\"ccararo\"},\"url\":\"https:\/\/gobierno.udd.cl\/cips\/author\/ccararo\/\"}]}<\/script>\n<!-- \/ Yoast SEO plugin. -->","yoast_head_json":{"title":"CIPS-UDD realiza primer operativo de PAP en San Francisco de Mostazal - Centro de Pol\u00edticas P\u00fablicas e Innovaci\u00f3n en Salud","robots":{"index":"index","follow":"follow","max-snippet":"max-snippet:-1","max-image-preview":"max-image-preview:large","max-video-preview":"max-video-preview:-1"},"canonical":"https:\/\/gobierno.udd.cl\/cips\/2023\/08\/23\/cips-udd-realiza-primer-operativo-de-pap-en-san-francisco-de-mostazal\/","og_locale":"es_ES","og_type":"article","og_title":"CIPS-UDD realiza primer operativo de PAP en San Francisco de Mostazal - Centro de Pol\u00edticas P\u00fablicas e Innovaci\u00f3n en Salud","og_description":"Junto con la Escuela de Obstetricia UDD, el centro liderado por Paula Daza comenz\u00f3 los operativos de pruebas de Papanicolaou y actividades de prevenci\u00f3n y promoci\u00f3n del Plan Previene Mujer inserto dentro Proyecto Plan Previene Mostazal, el cual brinda distintos servicios de salud, prevenci\u00f3n y educaci\u00f3n. En el marco del compromiso con la salud y [&hellip;]","og_url":"https:\/\/gobierno.udd.cl\/cips\/2023\/08\/23\/cips-udd-realiza-primer-operativo-de-pap-en-san-francisco-de-mostazal\/","og_site_name":"Centro de Pol\u00edticas P\u00fablicas e Innovaci\u00f3n en Salud","article_publisher":"https:\/\/www.facebook.com\/CIPS.UDD","article_published_time":"2023-08-23T19:49:08+00:00","article_modified_time":"2023-08-23T19:49:09+00:00","og_image":[{"width":1600,"height":1200,"url":"https:\/\/gobierno.udd.cl\/cips\/files\/2023\/08\/image-6.png","type":"image\/png"}],"author":"ccararo","twitter_card":"summary_large_image","twitter_creator":"@CIPS_UDD","twitter_site":"@CIPS_UDD","twitter_misc":{"Escrito por":"ccararo","Tiempo de lectura":"3 minutos"},"schema":{"@context":"https:\/\/schema.org","@graph":[{"@type":"Article","@id":"https:\/\/gobierno.udd.cl\/cips\/2023\/08\/23\/cips-udd-realiza-primer-operativo-de-pap-en-san-francisco-de-mostazal\/#article","isPartOf":{"@id":"https:\/\/gobierno.udd.cl\/cips\/2023\/08\/23\/cips-udd-realiza-primer-operativo-de-pap-en-san-francisco-de-mostazal\/"},"author":{"name":"ccararo","@id":"https:\/\/gobierno.udd.cl\/cips\/#\/schema\/person\/9d509bb16e7d8299d075f0e90b5d7d00"},"headline":"CIPS-UDD realiza primer operativo de PAP en San Francisco de Mostazal","datePublished":"2023-08-23T19:49:08+00:00","dateModified":"2023-08-23T19:49:09+00:00","mainEntityOfPage":{"@id":"https:\/\/gobierno.udd.cl\/cips\/2023\/08\/23\/cips-udd-realiza-primer-operativo-de-pap-en-san-francisco-de-mostazal\/"},"wordCount":582,"image":{"@id":"https:\/\/gobierno.udd.cl\/cips\/2023\/08\/23\/cips-udd-realiza-primer-operativo-de-pap-en-san-francisco-de-mostazal\/#primaryimage"},"thumbnailUrl":"https:\/\/gobierno.udd.cl\/cips\/files\/2023\/08\/image-6.png","articleSection":["Noticias"],"inLanguage":"es"},{"@type":"WebPage","@id":"https:\/\/gobierno.udd.cl\/cips\/2023\/08\/23\/cips-udd-realiza-primer-operativo-de-pap-en-san-francisco-de-mostazal\/","url":"https:\/\/gobierno.udd.cl\/cips\/2023\/08\/23\/cips-udd-realiza-primer-operativo-de-pap-en-san-francisco-de-mostazal\/","name":"CIPS-UDD realiza primer operativo de PAP en San Francisco de Mostazal - Centro de Pol\u00edticas P\u00fablicas e Innovaci\u00f3n en Salud","isPartOf":{"@id":"https:\/\/gobierno.udd.cl\/cips\/#website"},"primaryImageOfPage":{"@id":"https:\/\/gobierno.udd.cl\/cips\/2023\/08\/23\/cips-udd-realiza-primer-operativo-de-pap-en-san-francisco-de-mostazal\/#primaryimage"},"image":{"@id":"https:\/\/gobierno.udd.cl\/cips\/2023\/08\/23\/cips-udd-realiza-primer-operativo-de-pap-en-san-francisco-de-mostazal\/#primaryimage"},"thumbnailUrl":"https:\/\/gobierno.udd.cl\/cips\/files\/2023\/08\/image-6.png","datePublished":"2023-08-23T19:49:08+00:00","dateModified":"2023-08-23T19:49:09+00:00","author":{"@id":"https:\/\/gobierno.udd.cl\/cips\/#\/schema\/person\/9d509bb16e7d8299d075f0e90b5d7d00"},"breadcrumb":{"@id":"https:\/\/gobierno.udd.cl\/cips\/2023\/08\/23\/cips-udd-realiza-primer-operativo-de-pap-en-san-francisco-de-mostazal\/#breadcrumb"},"inLanguage":"es","potentialAction":[{"@type":"ReadAction","target":["https:\/\/gobierno.udd.cl\/cips\/2023\/08\/23\/cips-udd-realiza-primer-operativo-de-pap-en-san-francisco-de-mostazal\/"]}]},{"@type":"ImageObject","inLanguage":"es","@id":"https:\/\/gobierno.udd.cl\/cips\/2023\/08\/23\/cips-udd-realiza-primer-operativo-de-pap-en-san-francisco-de-mostazal\/#primaryimage","url":"https:\/\/gobierno.udd.cl\/cips\/files\/2023\/08\/image-6.png","contentUrl":"https:\/\/gobierno.udd.cl\/cips\/files\/2023\/08\/image-6.png","width":1600,"height":1200},{"@type":"BreadcrumbList","@id":"https:\/\/gobierno.udd.cl\/cips\/2023\/08\/23\/cips-udd-realiza-primer-operativo-de-pap-en-san-francisco-de-mostazal\/#breadcrumb","itemListElement":[{"@type":"ListItem","position":1,"name":"Portada","item":"https:\/\/gobierno.udd.cl\/cips\/"},{"@type":"ListItem","position":2,"name":"CIPS-UDD realiza primer operativo de PAP en San Francisco de Mostazal"}]},{"@type":"WebSite","@id":"https:\/\/gobierno.udd.cl\/cips\/#website","url":"https:\/\/gobierno.udd.cl\/cips\/","name":"Centro de Pol\u00edticas P\u00fablicas e Innovaci\u00f3n en Salud","description":"CIPS-UDD","inLanguage":"es"},{"@type":"Person","@id":"https:\/\/gobierno.udd.cl\/cips\/#\/schema\/person\/9d509bb16e7d8299d075f0e90b5d7d00","name":"ccararo","image":{"@type":"ImageObject","inLanguage":"es","@id":"https:\/\/gobierno.udd.cl\/cips\/#\/schema\/person\/image\/","url":"https:\/\/secure.gravatar.com\/avatar\/fe809aec6c8a49b41db481a62d9671eec512578ac25cf41f7420b8069513828c?s=96&d=mm&r=g","contentUrl":"https:\/\/secure.gravatar.com\/avatar\/fe809aec6c8a49b41db481a62d9671eec512578ac25cf41f7420b8069513828c?s=96&d=mm&r=g","caption":"ccararo"},"url":"https:\/\/gobierno.udd.cl\/cips\/author\/ccararo\/"}]}},"featured_image_url":"https:\/\/gobierno.udd.cl\/cips\/files\/2023\/08\/image-6.png","_links":{"self":[{"href":"https:\/\/gobierno.udd.cl\/cips\/wp-json\/wp\/v2\/posts\/1484","targetHints":{"allow":["GET"]}}],"collection":[{"href":"https:\/\/gobierno.udd.cl\/cips\/wp-json\/wp\/v2\/posts"}],"about":[{"href":"https:\/\/gobierno.udd.cl\/cips\/wp-json\/wp\/v2\/types\/post"}],"author":[{"embeddable":true,"href":"https:\/\/gobierno.udd.cl\/cips\/wp-json\/wp\/v2\/users\/9192236"}],"replies":[{"embeddable":true,"href":"https:\/\/gobierno.udd.cl\/cips\/wp-json\/wp\/v2\/comments?post=1484"}],"version-history":[{"count":1,"href":"https:\/\/gobierno.udd.cl\/cips\/wp-json\/wp\/v2\/posts\/1484\/revisions"}],"predecessor-version":[{"id":1485,"href":"https:\/\/gobierno.udd.cl\/cips\/wp-json\/wp\/v2\/posts\/1484\/revisions\/1485"}],"wp:featuredmedia":[{"embeddable":true,"href":"https:\/\/gobierno.udd.cl\/cips\/wp-json\/wp\/v2\/media\/1483"}],"wp:attachment":[{"href":"https:\/\/gobierno.udd.cl\/cips\/wp-json\/wp\/v2\/media?parent=1484"}],"wp:term":[{"taxonomy":"category","embeddable":true,"href":"https:\/\/gobierno.udd.cl\/cips\/wp-json\/wp\/v2\/categories?post=1484"},{"taxonomy":"post_tag","embeddable":true,"href":"https:\/\/gobierno.udd.cl\/cips\/wp-json\/wp\/v2\/tags?post=1484"}],"curies":[{"name":"wp","href":"https:\/\/api.w.org\/{rel}","templated":true}]}}