{"id":1448,"date":"2023-08-01T09:53:38","date_gmt":"2023-08-01T13:53:38","guid":{"rendered":"https:\/\/gobierno.udd.cl\/cips\/?p=1448"},"modified":"2023-08-29T09:07:56","modified_gmt":"2023-08-29T13:07:56","slug":"falta-de-tiempo-desconocimiento-y-olvido-son-las-razones-principales-de-por-que-las-mujeres-no-se-realizan-el-examen-papanicolaou-en-chile","status":"publish","type":"post","link":"https:\/\/gobierno.udd.cl\/cips\/2023\/08\/01\/falta-de-tiempo-desconocimiento-y-olvido-son-las-razones-principales-de-por-que-las-mujeres-no-se-realizan-el-examen-papanicolaou-en-chile\/","title":{"rendered":"Falta de tiempo, desconocimiento y olvido son las razones principales de por qu\u00e9 las mujeres no se realizan el examen papanicolaou en Chile"},"content":{"rendered":"\n<p><em>CIPS UDD realiz\u00f3 un an\u00e1lisis de datos de la \u00faltima encuesta CASEN 2022 vinculado al examen de papanicolaou, tamizaje clave para detectar el c\u00e1ncer cervicouterino y cuya pol\u00edtica de prevenci\u00f3n apunta a las mujeres entre 25 a 64 a\u00f1os. De acuerdo con los datos analizados, casi un 30% de este rango etario autoreport\u00f3 no haberse realizado este examen en los \u00faltimos tres a\u00f1os. De ellas, la raz\u00f3n principal de no hacerse este examen es porque \u201cse le olvida hac\u00e9rselo\u201d (23%).<\/em><\/p>\n\n\n\n<p>El programa nacional de prevenci\u00f3n del c\u00e1ncer cervicouterino tiene como tamizaje el examen de papanicolaou para las edades entre 25 a y 64 a\u00f1os, el cual es gratuito cada tres a\u00f1os. Pese a que se tiene como meta el 80% anual de esta cobertura, el a\u00f1o 2022 lleg\u00f3 a 43% a nivel nacional, mucho m\u00e1s bajo que a\u00f1os anteriores.<\/p>\n\n\n\n<p>El Centro de Pol\u00edticas P\u00fablicas e Innovaci\u00f3n en Salud (CIPS) de la Facultad de Gobierno UDD, ahond\u00f3 en las posibles razones de por qu\u00e9 las mujeres entre los 25 a 64 a\u00f1os no est\u00e1n realiz\u00e1ndose este examen que es gratis, r\u00e1pido y muy eficiente para detectar este c\u00e1ncer. Para eso se analizaron los resultados de la \u00faltima Encuesta Casen(2022) en donde se les pide auto reportar a las mujeres respecto a este examen. &nbsp;<\/p>\n\n\n\n<p>El 66% de las mujeres entre 25 a 64 afirm\u00f3 haberse hecho el examen papanicolaou en los \u00faltimos tres a\u00f1os. Sin embargo, hay regiones que est\u00e1n bajo ese promedio. Es el caso de Antofagasta con 59,9% de mujeres que declaran haberse hecho el pap en los \u00faltimos tres a\u00f1os, seguido de Coquimbo (con 60% que declara lo mismo) y Tarapac\u00e1 (61%). En cambio, las regiones de BioB\u00edo, \u00d1uble, Arica y Magallanes son las que auto declaran mayor cobertura (70%).<\/p>\n\n\n\n<p>Si se analizan las razones por las cuales ese 27,8% reporta que no se ha hecho el Pap en los \u00faltimos tres a\u00f1os, podemos agrupar en que alrededor de un 57% de las mujeres no se lo han realizado por desconocimiento (\u201cSe le olvida hac\u00e9rselo\u201d, \u201cNo cree que lo necesite\u201d, \u201cLe da miedo o le disgusta\u201d \u201cno sabe\u201d, \u201cno tiene dinero\u201d, \u201cno sab\u00eda que ten\u00eda que hacerse ese examen\u201d, \u201cno conoce ese examen\u201d y \u201cno sabe d\u00f3nde hac\u00e9rselo\u201d). Mientras que, alrededor de un 26%, no lo hace por razones que son solucionables desde la gesti\u00f3n de los centros (\u201cNo tiene tiempo\u201d, No ha podido conseguir hora\u201d, \u201cEl horario del consultorio no le sirve\u201d)<\/p>\n\n\n\n<p>La raz\u00f3n principal es que se les olvida hac\u00e9rselo (23%), seguido de que 18% dijo que no se lo hizo porque no tiene tiempo. <strong><em>\u201cAqu\u00ed es importante recalcar una y otra vez que todas estas mujeres tienen el derecho de pedir medio d\u00eda libre en el trabajo para hacerse este examen porque es fundamental para la salud p\u00fablica de Chile. Y tambi\u00e9n hay un factor en los roles que es importante cambiar. La demanda de tareas dom\u00e9sticas sobre la mujer le quita tiempo para dedicarse a ella y, en ese sentido, se ha visto que los ex\u00e1menes preventivos dejan de ser prioridad. Por eso el objetivo de este examen no debe estar enfocado solo en las mujeres, sino que tambi\u00e9n en los hombres<\/em><\/strong>\u201d, dice Paula Daza, Directora Ejecutiva de CIPS-UDD. Por otro lado, agrega, la gesti\u00f3n de la APS para dar mayor disponibilidad horario y que sea expedita es clave.&nbsp; <strong><em>\u201cLa APS debe disminuir las barreras de acceso en la ruta de las mujeres para que puedan realizarse este examen\u201d<\/em><\/strong>.<\/p>\n\n\n\n<p>Una tercera raz\u00f3n de por qu\u00e9 no se realizan este examen es porque el 15% dice que cree que no lo necesita, lo que a juicio de Daza es preocupante porque lo que se debe lograr es tener mayor incidencia de casos y bajar la mortalidad por esta enfermedad. <em><strong>\u201cEste c\u00e1ncer, que es la sexta causa de muertes en mujeres y es un c\u00e1ncer que se puede manejar bien si se diagnostica a tiempo. Hay m\u00e1s de una forma de diagnosticarlo y las mujeres no est\u00e1n acudiendo a hacerlo. Lo anterior supone un problema de salud p\u00fablica del que claramente no nos estamos haciendo cargo\u201d<\/strong><\/em>, agrega.<\/p>\n\n\n\n<p>Un informe publicado la semana pasada por CIPS-UDD En CIPS UDD encontr\u00f3 que entre marzo y abril de 2023 aumentaron en 11,1% las prestaciones GES retrasadas relacionadas a c\u00e1ncer (14.191 en marzo a 15.776 en abril) y fue el c\u00e1ncer cervicouterino el que evidenci\u00f3 el mayor aumento (35%) pasando de 3.970 prestaciones GES retrasadas en marzo a 5379.<\/p>\n\n\n\n<p>Revisa los resultados de Casen 2022 Papanicolaou <a href=\"https:\/\/gobierno.udd.cl\/cips\/files\/2023\/08\/resultadoscasenpap.pdf\" target=\"_blank\" rel=\"noreferrer noopener\">aqu\u00ed<\/a>.<\/p>\n","protected":false},"excerpt":{"rendered":"<p>CIPS UDD realiz\u00f3 un an\u00e1lisis de datos de la \u00faltima encuesta CASEN 2022 vinculado al examen de papanicolaou, tamizaje clave para detectar el c\u00e1ncer cervicouterino y cuya pol\u00edtica de prevenci\u00f3n apunta a las mujeres entre 25 a 64 a\u00f1os. De acuerdo con los datos analizados, casi un 30% de este rango etario autoreport\u00f3 no haberse [&hellip;]<\/p>\n","protected":false},"author":9192236,"featured_media":1449,"comment_status":"closed","ping_status":"open","sticky":false,"template":"","format":"standard","meta":{"footnotes":""},"categories":[3],"tags":[],"class_list":["post-1448","post","type-post","status-publish","format-standard","has-post-thumbnail","hentry","category-noticias"],"yoast_head":"<!-- This site is optimized with the Yoast SEO plugin v26.9 - https:\/\/yoast.com\/product\/yoast-seo-wordpress\/ -->\n<title>Falta de tiempo, desconocimiento y olvido son las razones principales de por qu\u00e9 las mujeres no se realizan el examen papanicolaou en Chile - Centro de Pol\u00edticas P\u00fablicas e Innovaci\u00f3n en Salud<\/title>\n<meta name=\"robots\" content=\"index, follow, max-snippet:-1, max-image-preview:large, max-video-preview:-1\" \/>\n<link rel=\"canonical\" href=\"https:\/\/gobierno.udd.cl\/cips\/2023\/08\/01\/falta-de-tiempo-desconocimiento-y-olvido-son-las-razones-principales-de-por-que-las-mujeres-no-se-realizan-el-examen-papanicolaou-en-chile\/\" \/>\n<meta property=\"og:locale\" content=\"es_ES\" \/>\n<meta property=\"og:type\" content=\"article\" \/>\n<meta property=\"og:title\" content=\"Falta de tiempo, desconocimiento y olvido son las razones principales de por qu\u00e9 las mujeres no se realizan el examen papanicolaou en Chile - Centro de Pol\u00edticas P\u00fablicas e Innovaci\u00f3n en Salud\" \/>\n<meta property=\"og:description\" content=\"CIPS UDD realiz\u00f3 un an\u00e1lisis de datos de la \u00faltima encuesta CASEN 2022 vinculado al examen de papanicolaou, tamizaje clave para detectar el c\u00e1ncer cervicouterino y cuya pol\u00edtica de prevenci\u00f3n apunta a las mujeres entre 25 a 64 a\u00f1os. De acuerdo con los datos analizados, casi un 30% de este rango etario autoreport\u00f3 no haberse [&hellip;]\" \/>\n<meta property=\"og:url\" content=\"https:\/\/gobierno.udd.cl\/cips\/2023\/08\/01\/falta-de-tiempo-desconocimiento-y-olvido-son-las-razones-principales-de-por-que-las-mujeres-no-se-realizan-el-examen-papanicolaou-en-chile\/\" \/>\n<meta property=\"og:site_name\" content=\"Centro de Pol\u00edticas P\u00fablicas e Innovaci\u00f3n en Salud\" \/>\n<meta property=\"article:publisher\" content=\"https:\/\/www.facebook.com\/CIPS.UDD\" \/>\n<meta property=\"article:published_time\" content=\"2023-08-01T13:53:38+00:00\" \/>\n<meta property=\"article:modified_time\" content=\"2023-08-29T13:07:56+00:00\" \/>\n<meta property=\"og:image\" content=\"https:\/\/gobierno.udd.cl\/cips\/files\/2023\/08\/image.png\" \/>\n\t<meta property=\"og:image:width\" content=\"1343\" \/>\n\t<meta property=\"og:image:height\" content=\"768\" \/>\n\t<meta property=\"og:image:type\" content=\"image\/png\" \/>\n<meta name=\"author\" content=\"ccararo\" \/>\n<meta name=\"twitter:card\" content=\"summary_large_image\" \/>\n<meta name=\"twitter:creator\" content=\"@CIPS_UDD\" \/>\n<meta name=\"twitter:site\" content=\"@CIPS_UDD\" \/>\n<meta name=\"twitter:label1\" content=\"Escrito por\" \/>\n\t<meta name=\"twitter:data1\" content=\"ccararo\" \/>\n\t<meta name=\"twitter:label2\" content=\"Tiempo de lectura\" \/>\n\t<meta name=\"twitter:data2\" content=\"4 minutos\" \/>\n<script type=\"application\/ld+json\" class=\"yoast-schema-graph\">{\"@context\":\"https:\/\/schema.org\",\"@graph\":[{\"@type\":\"Article\",\"@id\":\"https:\/\/gobierno.udd.cl\/cips\/2023\/08\/01\/falta-de-tiempo-desconocimiento-y-olvido-son-las-razones-principales-de-por-que-las-mujeres-no-se-realizan-el-examen-papanicolaou-en-chile\/#article\",\"isPartOf\":{\"@id\":\"https:\/\/gobierno.udd.cl\/cips\/2023\/08\/01\/falta-de-tiempo-desconocimiento-y-olvido-son-las-razones-principales-de-por-que-las-mujeres-no-se-realizan-el-examen-papanicolaou-en-chile\/\"},\"author\":{\"name\":\"ccararo\",\"@id\":\"https:\/\/gobierno.udd.cl\/cips\/#\/schema\/person\/9d509bb16e7d8299d075f0e90b5d7d00\"},\"headline\":\"Falta de tiempo, desconocimiento y olvido son las razones principales de por qu\u00e9 las mujeres no se realizan el examen papanicolaou en Chile\",\"datePublished\":\"2023-08-01T13:53:38+00:00\",\"dateModified\":\"2023-08-29T13:07:56+00:00\",\"mainEntityOfPage\":{\"@id\":\"https:\/\/gobierno.udd.cl\/cips\/2023\/08\/01\/falta-de-tiempo-desconocimiento-y-olvido-son-las-razones-principales-de-por-que-las-mujeres-no-se-realizan-el-examen-papanicolaou-en-chile\/\"},\"wordCount\":789,\"image\":{\"@id\":\"https:\/\/gobierno.udd.cl\/cips\/2023\/08\/01\/falta-de-tiempo-desconocimiento-y-olvido-son-las-razones-principales-de-por-que-las-mujeres-no-se-realizan-el-examen-papanicolaou-en-chile\/#primaryimage\"},\"thumbnailUrl\":\"https:\/\/gobierno.udd.cl\/cips\/files\/2023\/08\/image.png\",\"articleSection\":[\"Noticias\"],\"inLanguage\":\"es\"},{\"@type\":\"WebPage\",\"@id\":\"https:\/\/gobierno.udd.cl\/cips\/2023\/08\/01\/falta-de-tiempo-desconocimiento-y-olvido-son-las-razones-principales-de-por-que-las-mujeres-no-se-realizan-el-examen-papanicolaou-en-chile\/\",\"url\":\"https:\/\/gobierno.udd.cl\/cips\/2023\/08\/01\/falta-de-tiempo-desconocimiento-y-olvido-son-las-razones-principales-de-por-que-las-mujeres-no-se-realizan-el-examen-papanicolaou-en-chile\/\",\"name\":\"Falta de tiempo, desconocimiento y olvido son las razones principales de por qu\u00e9 las mujeres no se realizan el examen papanicolaou en Chile - Centro de Pol\u00edticas P\u00fablicas e Innovaci\u00f3n en Salud\",\"isPartOf\":{\"@id\":\"https:\/\/gobierno.udd.cl\/cips\/#website\"},\"primaryImageOfPage\":{\"@id\":\"https:\/\/gobierno.udd.cl\/cips\/2023\/08\/01\/falta-de-tiempo-desconocimiento-y-olvido-son-las-razones-principales-de-por-que-las-mujeres-no-se-realizan-el-examen-papanicolaou-en-chile\/#primaryimage\"},\"image\":{\"@id\":\"https:\/\/gobierno.udd.cl\/cips\/2023\/08\/01\/falta-de-tiempo-desconocimiento-y-olvido-son-las-razones-principales-de-por-que-las-mujeres-no-se-realizan-el-examen-papanicolaou-en-chile\/#primaryimage\"},\"thumbnailUrl\":\"https:\/\/gobierno.udd.cl\/cips\/files\/2023\/08\/image.png\",\"datePublished\":\"2023-08-01T13:53:38+00:00\",\"dateModified\":\"2023-08-29T13:07:56+00:00\",\"author\":{\"@id\":\"https:\/\/gobierno.udd.cl\/cips\/#\/schema\/person\/9d509bb16e7d8299d075f0e90b5d7d00\"},\"breadcrumb\":{\"@id\":\"https:\/\/gobierno.udd.cl\/cips\/2023\/08\/01\/falta-de-tiempo-desconocimiento-y-olvido-son-las-razones-principales-de-por-que-las-mujeres-no-se-realizan-el-examen-papanicolaou-en-chile\/#breadcrumb\"},\"inLanguage\":\"es\",\"potentialAction\":[{\"@type\":\"ReadAction\",\"target\":[\"https:\/\/gobierno.udd.cl\/cips\/2023\/08\/01\/falta-de-tiempo-desconocimiento-y-olvido-son-las-razones-principales-de-por-que-las-mujeres-no-se-realizan-el-examen-papanicolaou-en-chile\/\"]}]},{\"@type\":\"ImageObject\",\"inLanguage\":\"es\",\"@id\":\"https:\/\/gobierno.udd.cl\/cips\/2023\/08\/01\/falta-de-tiempo-desconocimiento-y-olvido-son-las-razones-principales-de-por-que-las-mujeres-no-se-realizan-el-examen-papanicolaou-en-chile\/#primaryimage\",\"url\":\"https:\/\/gobierno.udd.cl\/cips\/files\/2023\/08\/image.png\",\"contentUrl\":\"https:\/\/gobierno.udd.cl\/cips\/files\/2023\/08\/image.png\",\"width\":1343,\"height\":768},{\"@type\":\"BreadcrumbList\",\"@id\":\"https:\/\/gobierno.udd.cl\/cips\/2023\/08\/01\/falta-de-tiempo-desconocimiento-y-olvido-son-las-razones-principales-de-por-que-las-mujeres-no-se-realizan-el-examen-papanicolaou-en-chile\/#breadcrumb\",\"itemListElement\":[{\"@type\":\"ListItem\",\"position\":1,\"name\":\"Portada\",\"item\":\"https:\/\/gobierno.udd.cl\/cips\/\"},{\"@type\":\"ListItem\",\"position\":2,\"name\":\"Falta de tiempo, desconocimiento y olvido son las razones principales de por qu\u00e9 las mujeres no se realizan el examen papanicolaou en Chile\"}]},{\"@type\":\"WebSite\",\"@id\":\"https:\/\/gobierno.udd.cl\/cips\/#website\",\"url\":\"https:\/\/gobierno.udd.cl\/cips\/\",\"name\":\"Centro de Pol\u00edticas P\u00fablicas e Innovaci\u00f3n en Salud\",\"description\":\"CIPS-UDD\",\"inLanguage\":\"es\"},{\"@type\":\"Person\",\"@id\":\"https:\/\/gobierno.udd.cl\/cips\/#\/schema\/person\/9d509bb16e7d8299d075f0e90b5d7d00\",\"name\":\"ccararo\",\"image\":{\"@type\":\"ImageObject\",\"inLanguage\":\"es\",\"@id\":\"https:\/\/gobierno.udd.cl\/cips\/#\/schema\/person\/image\/\",\"url\":\"https:\/\/secure.gravatar.com\/avatar\/fe809aec6c8a49b41db481a62d9671eec512578ac25cf41f7420b8069513828c?s=96&d=mm&r=g\",\"contentUrl\":\"https:\/\/secure.gravatar.com\/avatar\/fe809aec6c8a49b41db481a62d9671eec512578ac25cf41f7420b8069513828c?s=96&d=mm&r=g\",\"caption\":\"ccararo\"},\"url\":\"https:\/\/gobierno.udd.cl\/cips\/author\/ccararo\/\"}]}<\/script>\n<!-- \/ Yoast SEO plugin. -->","yoast_head_json":{"title":"Falta de tiempo, desconocimiento y olvido son las razones principales de por qu\u00e9 las mujeres no se realizan el examen papanicolaou en Chile - Centro de Pol\u00edticas P\u00fablicas e Innovaci\u00f3n en Salud","robots":{"index":"index","follow":"follow","max-snippet":"max-snippet:-1","max-image-preview":"max-image-preview:large","max-video-preview":"max-video-preview:-1"},"canonical":"https:\/\/gobierno.udd.cl\/cips\/2023\/08\/01\/falta-de-tiempo-desconocimiento-y-olvido-son-las-razones-principales-de-por-que-las-mujeres-no-se-realizan-el-examen-papanicolaou-en-chile\/","og_locale":"es_ES","og_type":"article","og_title":"Falta de tiempo, desconocimiento y olvido son las razones principales de por qu\u00e9 las mujeres no se realizan el examen papanicolaou en Chile - Centro de Pol\u00edticas P\u00fablicas e Innovaci\u00f3n en Salud","og_description":"CIPS UDD realiz\u00f3 un an\u00e1lisis de datos de la \u00faltima encuesta CASEN 2022 vinculado al examen de papanicolaou, tamizaje clave para detectar el c\u00e1ncer cervicouterino y cuya pol\u00edtica de prevenci\u00f3n apunta a las mujeres entre 25 a 64 a\u00f1os. De acuerdo con los datos analizados, casi un 30% de este rango etario autoreport\u00f3 no haberse [&hellip;]","og_url":"https:\/\/gobierno.udd.cl\/cips\/2023\/08\/01\/falta-de-tiempo-desconocimiento-y-olvido-son-las-razones-principales-de-por-que-las-mujeres-no-se-realizan-el-examen-papanicolaou-en-chile\/","og_site_name":"Centro de Pol\u00edticas P\u00fablicas e Innovaci\u00f3n en Salud","article_publisher":"https:\/\/www.facebook.com\/CIPS.UDD","article_published_time":"2023-08-01T13:53:38+00:00","article_modified_time":"2023-08-29T13:07:56+00:00","og_image":[{"width":1343,"height":768,"url":"https:\/\/gobierno.udd.cl\/cips\/files\/2023\/08\/image.png","type":"image\/png"}],"author":"ccararo","twitter_card":"summary_large_image","twitter_creator":"@CIPS_UDD","twitter_site":"@CIPS_UDD","twitter_misc":{"Escrito por":"ccararo","Tiempo de lectura":"4 minutos"},"schema":{"@context":"https:\/\/schema.org","@graph":[{"@type":"Article","@id":"https:\/\/gobierno.udd.cl\/cips\/2023\/08\/01\/falta-de-tiempo-desconocimiento-y-olvido-son-las-razones-principales-de-por-que-las-mujeres-no-se-realizan-el-examen-papanicolaou-en-chile\/#article","isPartOf":{"@id":"https:\/\/gobierno.udd.cl\/cips\/2023\/08\/01\/falta-de-tiempo-desconocimiento-y-olvido-son-las-razones-principales-de-por-que-las-mujeres-no-se-realizan-el-examen-papanicolaou-en-chile\/"},"author":{"name":"ccararo","@id":"https:\/\/gobierno.udd.cl\/cips\/#\/schema\/person\/9d509bb16e7d8299d075f0e90b5d7d00"},"headline":"Falta de tiempo, desconocimiento y olvido son las razones principales de por qu\u00e9 las mujeres no se realizan el examen papanicolaou en Chile","datePublished":"2023-08-01T13:53:38+00:00","dateModified":"2023-08-29T13:07:56+00:00","mainEntityOfPage":{"@id":"https:\/\/gobierno.udd.cl\/cips\/2023\/08\/01\/falta-de-tiempo-desconocimiento-y-olvido-son-las-razones-principales-de-por-que-las-mujeres-no-se-realizan-el-examen-papanicolaou-en-chile\/"},"wordCount":789,"image":{"@id":"https:\/\/gobierno.udd.cl\/cips\/2023\/08\/01\/falta-de-tiempo-desconocimiento-y-olvido-son-las-razones-principales-de-por-que-las-mujeres-no-se-realizan-el-examen-papanicolaou-en-chile\/#primaryimage"},"thumbnailUrl":"https:\/\/gobierno.udd.cl\/cips\/files\/2023\/08\/image.png","articleSection":["Noticias"],"inLanguage":"es"},{"@type":"WebPage","@id":"https:\/\/gobierno.udd.cl\/cips\/2023\/08\/01\/falta-de-tiempo-desconocimiento-y-olvido-son-las-razones-principales-de-por-que-las-mujeres-no-se-realizan-el-examen-papanicolaou-en-chile\/","url":"https:\/\/gobierno.udd.cl\/cips\/2023\/08\/01\/falta-de-tiempo-desconocimiento-y-olvido-son-las-razones-principales-de-por-que-las-mujeres-no-se-realizan-el-examen-papanicolaou-en-chile\/","name":"Falta de tiempo, desconocimiento y olvido son las razones principales de por qu\u00e9 las mujeres no se realizan el examen papanicolaou en Chile - Centro de Pol\u00edticas P\u00fablicas e Innovaci\u00f3n en Salud","isPartOf":{"@id":"https:\/\/gobierno.udd.cl\/cips\/#website"},"primaryImageOfPage":{"@id":"https:\/\/gobierno.udd.cl\/cips\/2023\/08\/01\/falta-de-tiempo-desconocimiento-y-olvido-son-las-razones-principales-de-por-que-las-mujeres-no-se-realizan-el-examen-papanicolaou-en-chile\/#primaryimage"},"image":{"@id":"https:\/\/gobierno.udd.cl\/cips\/2023\/08\/01\/falta-de-tiempo-desconocimiento-y-olvido-son-las-razones-principales-de-por-que-las-mujeres-no-se-realizan-el-examen-papanicolaou-en-chile\/#primaryimage"},"thumbnailUrl":"https:\/\/gobierno.udd.cl\/cips\/files\/2023\/08\/image.png","datePublished":"2023-08-01T13:53:38+00:00","dateModified":"2023-08-29T13:07:56+00:00","author":{"@id":"https:\/\/gobierno.udd.cl\/cips\/#\/schema\/person\/9d509bb16e7d8299d075f0e90b5d7d00"},"breadcrumb":{"@id":"https:\/\/gobierno.udd.cl\/cips\/2023\/08\/01\/falta-de-tiempo-desconocimiento-y-olvido-son-las-razones-principales-de-por-que-las-mujeres-no-se-realizan-el-examen-papanicolaou-en-chile\/#breadcrumb"},"inLanguage":"es","potentialAction":[{"@type":"ReadAction","target":["https:\/\/gobierno.udd.cl\/cips\/2023\/08\/01\/falta-de-tiempo-desconocimiento-y-olvido-son-las-razones-principales-de-por-que-las-mujeres-no-se-realizan-el-examen-papanicolaou-en-chile\/"]}]},{"@type":"ImageObject","inLanguage":"es","@id":"https:\/\/gobierno.udd.cl\/cips\/2023\/08\/01\/falta-de-tiempo-desconocimiento-y-olvido-son-las-razones-principales-de-por-que-las-mujeres-no-se-realizan-el-examen-papanicolaou-en-chile\/#primaryimage","url":"https:\/\/gobierno.udd.cl\/cips\/files\/2023\/08\/image.png","contentUrl":"https:\/\/gobierno.udd.cl\/cips\/files\/2023\/08\/image.png","width":1343,"height":768},{"@type":"BreadcrumbList","@id":"https:\/\/gobierno.udd.cl\/cips\/2023\/08\/01\/falta-de-tiempo-desconocimiento-y-olvido-son-las-razones-principales-de-por-que-las-mujeres-no-se-realizan-el-examen-papanicolaou-en-chile\/#breadcrumb","itemListElement":[{"@type":"ListItem","position":1,"name":"Portada","item":"https:\/\/gobierno.udd.cl\/cips\/"},{"@type":"ListItem","position":2,"name":"Falta de tiempo, desconocimiento y olvido son las razones principales de por qu\u00e9 las mujeres no se realizan el examen papanicolaou en Chile"}]},{"@type":"WebSite","@id":"https:\/\/gobierno.udd.cl\/cips\/#website","url":"https:\/\/gobierno.udd.cl\/cips\/","name":"Centro de Pol\u00edticas P\u00fablicas e Innovaci\u00f3n en Salud","description":"CIPS-UDD","inLanguage":"es"},{"@type":"Person","@id":"https:\/\/gobierno.udd.cl\/cips\/#\/schema\/person\/9d509bb16e7d8299d075f0e90b5d7d00","name":"ccararo","image":{"@type":"ImageObject","inLanguage":"es","@id":"https:\/\/gobierno.udd.cl\/cips\/#\/schema\/person\/image\/","url":"https:\/\/secure.gravatar.com\/avatar\/fe809aec6c8a49b41db481a62d9671eec512578ac25cf41f7420b8069513828c?s=96&d=mm&r=g","contentUrl":"https:\/\/secure.gravatar.com\/avatar\/fe809aec6c8a49b41db481a62d9671eec512578ac25cf41f7420b8069513828c?s=96&d=mm&r=g","caption":"ccararo"},"url":"https:\/\/gobierno.udd.cl\/cips\/author\/ccararo\/"}]}},"featured_image_url":"https:\/\/gobierno.udd.cl\/cips\/files\/2023\/08\/image.png","_links":{"self":[{"href":"https:\/\/gobierno.udd.cl\/cips\/wp-json\/wp\/v2\/posts\/1448","targetHints":{"allow":["GET"]}}],"collection":[{"href":"https:\/\/gobierno.udd.cl\/cips\/wp-json\/wp\/v2\/posts"}],"about":[{"href":"https:\/\/gobierno.udd.cl\/cips\/wp-json\/wp\/v2\/types\/post"}],"author":[{"embeddable":true,"href":"https:\/\/gobierno.udd.cl\/cips\/wp-json\/wp\/v2\/users\/9192236"}],"replies":[{"embeddable":true,"href":"https:\/\/gobierno.udd.cl\/cips\/wp-json\/wp\/v2\/comments?post=1448"}],"version-history":[{"count":2,"href":"https:\/\/gobierno.udd.cl\/cips\/wp-json\/wp\/v2\/posts\/1448\/revisions"}],"predecessor-version":[{"id":1493,"href":"https:\/\/gobierno.udd.cl\/cips\/wp-json\/wp\/v2\/posts\/1448\/revisions\/1493"}],"wp:featuredmedia":[{"embeddable":true,"href":"https:\/\/gobierno.udd.cl\/cips\/wp-json\/wp\/v2\/media\/1449"}],"wp:attachment":[{"href":"https:\/\/gobierno.udd.cl\/cips\/wp-json\/wp\/v2\/media?parent=1448"}],"wp:term":[{"taxonomy":"category","embeddable":true,"href":"https:\/\/gobierno.udd.cl\/cips\/wp-json\/wp\/v2\/categories?post=1448"},{"taxonomy":"post_tag","embeddable":true,"href":"https:\/\/gobierno.udd.cl\/cips\/wp-json\/wp\/v2\/tags?post=1448"}],"curies":[{"name":"wp","href":"https:\/\/api.w.org\/{rel}","templated":true}]}}