{"id":1279,"date":"2023-05-11T17:35:17","date_gmt":"2023-05-11T21:35:17","guid":{"rendered":"https:\/\/gobierno.udd.cl\/cips\/?p=1279"},"modified":"2023-05-11T17:35:48","modified_gmt":"2023-05-11T21:35:48","slug":"cips-udd-realiza-analisis-preliminar-sobre-la-ley-corta-de-salud","status":"publish","type":"post","link":"https:\/\/gobierno.udd.cl\/cips\/2023\/05\/11\/cips-udd-realiza-analisis-preliminar-sobre-la-ley-corta-de-salud\/","title":{"rendered":"CIPS UDD realiza an\u00e1lisis preliminar sobre la ley corta de salud"},"content":{"rendered":"\n<p>El Centro de Pol\u00edticas P\u00fablicas e Innovaci\u00f3n en Salud (CIPS) de la Facultad de Gobierno UDD realiz\u00f3 un documento para analizar el proyecto de ley corta de salud enviado recientemente por el Ejecutivo, proyecto cuyo objetivo es que las isapres cumplan el fallo judicial de la Corte Suprema. El documento de CIPS- UDD tiene el prop\u00f3sito de aportar con un an\u00e1lisis preliminar, sobre los puntos que se necesitan abordar y discutir en el proceso legislativo; esperando que sea un aporte para los tomadores de decisiones.<\/p>\n\n\n\n<p>El documento se divide en las distintas \u00e1reas abordadas en el proyecto de ley que es el cumplimiento del fallo de la Corte Suprema; reducir la judicializaci\u00f3n y fortalecimiento de Fonasa. En cada secci\u00f3n se citan extractos del proyecto, con el respectivo an\u00e1lisis realizado por CIPS, en donde se focaliza en puntos que hay que estudiar y analizar con mayor precisi\u00f3n para evitar consecuencias que puedan ser contraproducentes para la entrega de salud oportuna y de calidad.<\/p>\n\n\n\n<p><strong><em>\u201cEn las \u00faltimas 48 horas desde la entrega del proyecto de ley, CIPS-UDD ha estado analizando puntos que son importantes a considerar en la discusi\u00f3n parlamentaria porque queremos evitar un impacto negativo en las personas\u201d<\/em><\/strong>, dice Paula Daza, directora ejecutiva de CIPS-UDD.<\/p>\n\n\n\n<p>A modo de conclusi\u00f3n, el documento manifiesta que el proyecto de ley aleja al sistema de salud de un modelo de largo plazo que entregue atenci\u00f3n oportuna y de equidad. Manteniendo, adem\u00e1s, la incertidumbre hasta no conocer las capacidades de las Isapres para hacer frente al mandato de esta ley.&nbsp; Adem\u00e1s, agrega que se debe separar el proyecto que se requiere para resolver el problema en que se instal\u00f3 al sistema de salud a partir del fallo de la Corte Suprema, con el proyecto que debe resolver los temas estructurales del sistema de salud cuya discusi\u00f3n y resoluci\u00f3n se ha postergado por diez a\u00f1os.<\/p>\n\n\n\n<p><a href=\"https:\/\/gobierno.udd.cl\/cips\/files\/2023\/05\/analisis-proyecto-de-ley-corta-de-salud-cips-udd.pdf\" target=\"_blank\" rel=\"noreferrer noopener\"><strong>Revisa aqu\u00ed el an\u00e1lisis completo<\/strong><\/a>.<\/p>\n","protected":false},"excerpt":{"rendered":"<p>El Centro de Pol\u00edticas P\u00fablicas e Innovaci\u00f3n en Salud (CIPS) de la Facultad de Gobierno UDD realiz\u00f3 un documento para analizar el proyecto de ley corta de salud enviado recientemente por el Ejecutivo, proyecto cuyo objetivo es que las isapres cumplan el fallo judicial de la Corte Suprema. El documento de CIPS- UDD tiene el [&hellip;]<\/p>\n","protected":false},"author":9192236,"featured_media":1280,"comment_status":"closed","ping_status":"open","sticky":false,"template":"","format":"standard","meta":{"footnotes":""},"categories":[3],"tags":[],"class_list":["post-1279","post","type-post","status-publish","format-standard","has-post-thumbnail","hentry","category-noticias"],"yoast_head":"<!-- This site is optimized with the Yoast SEO plugin v26.9 - https:\/\/yoast.com\/product\/yoast-seo-wordpress\/ -->\n<title>CIPS UDD realiza an\u00e1lisis preliminar sobre la ley corta de salud - Centro de Pol\u00edticas P\u00fablicas e Innovaci\u00f3n en Salud<\/title>\n<meta name=\"robots\" content=\"index, follow, max-snippet:-1, max-image-preview:large, max-video-preview:-1\" \/>\n<link rel=\"canonical\" href=\"https:\/\/gobierno.udd.cl\/cips\/2023\/05\/11\/cips-udd-realiza-analisis-preliminar-sobre-la-ley-corta-de-salud\/\" \/>\n<meta property=\"og:locale\" content=\"es_ES\" \/>\n<meta property=\"og:type\" content=\"article\" \/>\n<meta property=\"og:title\" content=\"CIPS UDD realiza an\u00e1lisis preliminar sobre la ley corta de salud - Centro de Pol\u00edticas P\u00fablicas e Innovaci\u00f3n en Salud\" \/>\n<meta property=\"og:description\" content=\"El Centro de Pol\u00edticas P\u00fablicas e Innovaci\u00f3n en Salud (CIPS) de la Facultad de Gobierno UDD realiz\u00f3 un documento para analizar el proyecto de ley corta de salud enviado recientemente por el Ejecutivo, proyecto cuyo objetivo es que las isapres cumplan el fallo judicial de la Corte Suprema. El documento de CIPS- UDD tiene el [&hellip;]\" \/>\n<meta property=\"og:url\" content=\"https:\/\/gobierno.udd.cl\/cips\/2023\/05\/11\/cips-udd-realiza-analisis-preliminar-sobre-la-ley-corta-de-salud\/\" \/>\n<meta property=\"og:site_name\" content=\"Centro de Pol\u00edticas P\u00fablicas e Innovaci\u00f3n en Salud\" \/>\n<meta property=\"article:publisher\" content=\"https:\/\/www.facebook.com\/CIPS.UDD\" \/>\n<meta property=\"article:published_time\" content=\"2023-05-11T21:35:17+00:00\" \/>\n<meta property=\"article:modified_time\" content=\"2023-05-11T21:35:48+00:00\" \/>\n<meta property=\"og:image\" content=\"https:\/\/gobierno.udd.cl\/cips\/files\/2023\/05\/image-9.png\" \/>\n\t<meta property=\"og:image:width\" content=\"1200\" \/>\n\t<meta property=\"og:image:height\" content=\"685\" \/>\n\t<meta property=\"og:image:type\" content=\"image\/png\" \/>\n<meta name=\"author\" content=\"ccararo\" \/>\n<meta name=\"twitter:card\" content=\"summary_large_image\" \/>\n<meta name=\"twitter:creator\" content=\"@CIPS_UDD\" \/>\n<meta name=\"twitter:site\" content=\"@CIPS_UDD\" \/>\n<meta name=\"twitter:label1\" content=\"Escrito por\" \/>\n\t<meta name=\"twitter:data1\" content=\"ccararo\" \/>\n\t<meta name=\"twitter:label2\" content=\"Tiempo de lectura\" \/>\n\t<meta name=\"twitter:data2\" content=\"2 minutos\" \/>\n<script type=\"application\/ld+json\" class=\"yoast-schema-graph\">{\"@context\":\"https:\/\/schema.org\",\"@graph\":[{\"@type\":\"Article\",\"@id\":\"https:\/\/gobierno.udd.cl\/cips\/2023\/05\/11\/cips-udd-realiza-analisis-preliminar-sobre-la-ley-corta-de-salud\/#article\",\"isPartOf\":{\"@id\":\"https:\/\/gobierno.udd.cl\/cips\/2023\/05\/11\/cips-udd-realiza-analisis-preliminar-sobre-la-ley-corta-de-salud\/\"},\"author\":{\"name\":\"ccararo\",\"@id\":\"https:\/\/gobierno.udd.cl\/cips\/#\/schema\/person\/9d509bb16e7d8299d075f0e90b5d7d00\"},\"headline\":\"CIPS UDD realiza an\u00e1lisis preliminar sobre la ley corta de salud\",\"datePublished\":\"2023-05-11T21:35:17+00:00\",\"dateModified\":\"2023-05-11T21:35:48+00:00\",\"mainEntityOfPage\":{\"@id\":\"https:\/\/gobierno.udd.cl\/cips\/2023\/05\/11\/cips-udd-realiza-analisis-preliminar-sobre-la-ley-corta-de-salud\/\"},\"wordCount\":343,\"image\":{\"@id\":\"https:\/\/gobierno.udd.cl\/cips\/2023\/05\/11\/cips-udd-realiza-analisis-preliminar-sobre-la-ley-corta-de-salud\/#primaryimage\"},\"thumbnailUrl\":\"https:\/\/gobierno.udd.cl\/cips\/files\/2023\/05\/image-9.png\",\"articleSection\":[\"Noticias\"],\"inLanguage\":\"es\"},{\"@type\":\"WebPage\",\"@id\":\"https:\/\/gobierno.udd.cl\/cips\/2023\/05\/11\/cips-udd-realiza-analisis-preliminar-sobre-la-ley-corta-de-salud\/\",\"url\":\"https:\/\/gobierno.udd.cl\/cips\/2023\/05\/11\/cips-udd-realiza-analisis-preliminar-sobre-la-ley-corta-de-salud\/\",\"name\":\"CIPS UDD realiza an\u00e1lisis preliminar sobre la ley corta de salud - Centro de Pol\u00edticas P\u00fablicas e Innovaci\u00f3n en Salud\",\"isPartOf\":{\"@id\":\"https:\/\/gobierno.udd.cl\/cips\/#website\"},\"primaryImageOfPage\":{\"@id\":\"https:\/\/gobierno.udd.cl\/cips\/2023\/05\/11\/cips-udd-realiza-analisis-preliminar-sobre-la-ley-corta-de-salud\/#primaryimage\"},\"image\":{\"@id\":\"https:\/\/gobierno.udd.cl\/cips\/2023\/05\/11\/cips-udd-realiza-analisis-preliminar-sobre-la-ley-corta-de-salud\/#primaryimage\"},\"thumbnailUrl\":\"https:\/\/gobierno.udd.cl\/cips\/files\/2023\/05\/image-9.png\",\"datePublished\":\"2023-05-11T21:35:17+00:00\",\"dateModified\":\"2023-05-11T21:35:48+00:00\",\"author\":{\"@id\":\"https:\/\/gobierno.udd.cl\/cips\/#\/schema\/person\/9d509bb16e7d8299d075f0e90b5d7d00\"},\"breadcrumb\":{\"@id\":\"https:\/\/gobierno.udd.cl\/cips\/2023\/05\/11\/cips-udd-realiza-analisis-preliminar-sobre-la-ley-corta-de-salud\/#breadcrumb\"},\"inLanguage\":\"es\",\"potentialAction\":[{\"@type\":\"ReadAction\",\"target\":[\"https:\/\/gobierno.udd.cl\/cips\/2023\/05\/11\/cips-udd-realiza-analisis-preliminar-sobre-la-ley-corta-de-salud\/\"]}]},{\"@type\":\"ImageObject\",\"inLanguage\":\"es\",\"@id\":\"https:\/\/gobierno.udd.cl\/cips\/2023\/05\/11\/cips-udd-realiza-analisis-preliminar-sobre-la-ley-corta-de-salud\/#primaryimage\",\"url\":\"https:\/\/gobierno.udd.cl\/cips\/files\/2023\/05\/image-9.png\",\"contentUrl\":\"https:\/\/gobierno.udd.cl\/cips\/files\/2023\/05\/image-9.png\",\"width\":1200,\"height\":685},{\"@type\":\"BreadcrumbList\",\"@id\":\"https:\/\/gobierno.udd.cl\/cips\/2023\/05\/11\/cips-udd-realiza-analisis-preliminar-sobre-la-ley-corta-de-salud\/#breadcrumb\",\"itemListElement\":[{\"@type\":\"ListItem\",\"position\":1,\"name\":\"Portada\",\"item\":\"https:\/\/gobierno.udd.cl\/cips\/\"},{\"@type\":\"ListItem\",\"position\":2,\"name\":\"CIPS UDD realiza an\u00e1lisis preliminar sobre la ley corta de salud\"}]},{\"@type\":\"WebSite\",\"@id\":\"https:\/\/gobierno.udd.cl\/cips\/#website\",\"url\":\"https:\/\/gobierno.udd.cl\/cips\/\",\"name\":\"Centro de Pol\u00edticas P\u00fablicas e Innovaci\u00f3n en Salud\",\"description\":\"CIPS-UDD\",\"inLanguage\":\"es\"},{\"@type\":\"Person\",\"@id\":\"https:\/\/gobierno.udd.cl\/cips\/#\/schema\/person\/9d509bb16e7d8299d075f0e90b5d7d00\",\"name\":\"ccararo\",\"image\":{\"@type\":\"ImageObject\",\"inLanguage\":\"es\",\"@id\":\"https:\/\/gobierno.udd.cl\/cips\/#\/schema\/person\/image\/\",\"url\":\"https:\/\/secure.gravatar.com\/avatar\/fe809aec6c8a49b41db481a62d9671eec512578ac25cf41f7420b8069513828c?s=96&d=mm&r=g\",\"contentUrl\":\"https:\/\/secure.gravatar.com\/avatar\/fe809aec6c8a49b41db481a62d9671eec512578ac25cf41f7420b8069513828c?s=96&d=mm&r=g\",\"caption\":\"ccararo\"},\"url\":\"https:\/\/gobierno.udd.cl\/cips\/author\/ccararo\/\"}]}<\/script>\n<!-- \/ Yoast SEO plugin. -->","yoast_head_json":{"title":"CIPS UDD realiza an\u00e1lisis preliminar sobre la ley corta de salud - Centro de Pol\u00edticas P\u00fablicas e Innovaci\u00f3n en Salud","robots":{"index":"index","follow":"follow","max-snippet":"max-snippet:-1","max-image-preview":"max-image-preview:large","max-video-preview":"max-video-preview:-1"},"canonical":"https:\/\/gobierno.udd.cl\/cips\/2023\/05\/11\/cips-udd-realiza-analisis-preliminar-sobre-la-ley-corta-de-salud\/","og_locale":"es_ES","og_type":"article","og_title":"CIPS UDD realiza an\u00e1lisis preliminar sobre la ley corta de salud - Centro de Pol\u00edticas P\u00fablicas e Innovaci\u00f3n en Salud","og_description":"El Centro de Pol\u00edticas P\u00fablicas e Innovaci\u00f3n en Salud (CIPS) de la Facultad de Gobierno UDD realiz\u00f3 un documento para analizar el proyecto de ley corta de salud enviado recientemente por el Ejecutivo, proyecto cuyo objetivo es que las isapres cumplan el fallo judicial de la Corte Suprema. El documento de CIPS- UDD tiene el [&hellip;]","og_url":"https:\/\/gobierno.udd.cl\/cips\/2023\/05\/11\/cips-udd-realiza-analisis-preliminar-sobre-la-ley-corta-de-salud\/","og_site_name":"Centro de Pol\u00edticas P\u00fablicas e Innovaci\u00f3n en Salud","article_publisher":"https:\/\/www.facebook.com\/CIPS.UDD","article_published_time":"2023-05-11T21:35:17+00:00","article_modified_time":"2023-05-11T21:35:48+00:00","og_image":[{"width":1200,"height":685,"url":"https:\/\/gobierno.udd.cl\/cips\/files\/2023\/05\/image-9.png","type":"image\/png"}],"author":"ccararo","twitter_card":"summary_large_image","twitter_creator":"@CIPS_UDD","twitter_site":"@CIPS_UDD","twitter_misc":{"Escrito por":"ccararo","Tiempo de lectura":"2 minutos"},"schema":{"@context":"https:\/\/schema.org","@graph":[{"@type":"Article","@id":"https:\/\/gobierno.udd.cl\/cips\/2023\/05\/11\/cips-udd-realiza-analisis-preliminar-sobre-la-ley-corta-de-salud\/#article","isPartOf":{"@id":"https:\/\/gobierno.udd.cl\/cips\/2023\/05\/11\/cips-udd-realiza-analisis-preliminar-sobre-la-ley-corta-de-salud\/"},"author":{"name":"ccararo","@id":"https:\/\/gobierno.udd.cl\/cips\/#\/schema\/person\/9d509bb16e7d8299d075f0e90b5d7d00"},"headline":"CIPS UDD realiza an\u00e1lisis preliminar sobre la ley corta de salud","datePublished":"2023-05-11T21:35:17+00:00","dateModified":"2023-05-11T21:35:48+00:00","mainEntityOfPage":{"@id":"https:\/\/gobierno.udd.cl\/cips\/2023\/05\/11\/cips-udd-realiza-analisis-preliminar-sobre-la-ley-corta-de-salud\/"},"wordCount":343,"image":{"@id":"https:\/\/gobierno.udd.cl\/cips\/2023\/05\/11\/cips-udd-realiza-analisis-preliminar-sobre-la-ley-corta-de-salud\/#primaryimage"},"thumbnailUrl":"https:\/\/gobierno.udd.cl\/cips\/files\/2023\/05\/image-9.png","articleSection":["Noticias"],"inLanguage":"es"},{"@type":"WebPage","@id":"https:\/\/gobierno.udd.cl\/cips\/2023\/05\/11\/cips-udd-realiza-analisis-preliminar-sobre-la-ley-corta-de-salud\/","url":"https:\/\/gobierno.udd.cl\/cips\/2023\/05\/11\/cips-udd-realiza-analisis-preliminar-sobre-la-ley-corta-de-salud\/","name":"CIPS UDD realiza an\u00e1lisis preliminar sobre la ley corta de salud - Centro de Pol\u00edticas P\u00fablicas e Innovaci\u00f3n en Salud","isPartOf":{"@id":"https:\/\/gobierno.udd.cl\/cips\/#website"},"primaryImageOfPage":{"@id":"https:\/\/gobierno.udd.cl\/cips\/2023\/05\/11\/cips-udd-realiza-analisis-preliminar-sobre-la-ley-corta-de-salud\/#primaryimage"},"image":{"@id":"https:\/\/gobierno.udd.cl\/cips\/2023\/05\/11\/cips-udd-realiza-analisis-preliminar-sobre-la-ley-corta-de-salud\/#primaryimage"},"thumbnailUrl":"https:\/\/gobierno.udd.cl\/cips\/files\/2023\/05\/image-9.png","datePublished":"2023-05-11T21:35:17+00:00","dateModified":"2023-05-11T21:35:48+00:00","author":{"@id":"https:\/\/gobierno.udd.cl\/cips\/#\/schema\/person\/9d509bb16e7d8299d075f0e90b5d7d00"},"breadcrumb":{"@id":"https:\/\/gobierno.udd.cl\/cips\/2023\/05\/11\/cips-udd-realiza-analisis-preliminar-sobre-la-ley-corta-de-salud\/#breadcrumb"},"inLanguage":"es","potentialAction":[{"@type":"ReadAction","target":["https:\/\/gobierno.udd.cl\/cips\/2023\/05\/11\/cips-udd-realiza-analisis-preliminar-sobre-la-ley-corta-de-salud\/"]}]},{"@type":"ImageObject","inLanguage":"es","@id":"https:\/\/gobierno.udd.cl\/cips\/2023\/05\/11\/cips-udd-realiza-analisis-preliminar-sobre-la-ley-corta-de-salud\/#primaryimage","url":"https:\/\/gobierno.udd.cl\/cips\/files\/2023\/05\/image-9.png","contentUrl":"https:\/\/gobierno.udd.cl\/cips\/files\/2023\/05\/image-9.png","width":1200,"height":685},{"@type":"BreadcrumbList","@id":"https:\/\/gobierno.udd.cl\/cips\/2023\/05\/11\/cips-udd-realiza-analisis-preliminar-sobre-la-ley-corta-de-salud\/#breadcrumb","itemListElement":[{"@type":"ListItem","position":1,"name":"Portada","item":"https:\/\/gobierno.udd.cl\/cips\/"},{"@type":"ListItem","position":2,"name":"CIPS UDD realiza an\u00e1lisis preliminar sobre la ley corta de salud"}]},{"@type":"WebSite","@id":"https:\/\/gobierno.udd.cl\/cips\/#website","url":"https:\/\/gobierno.udd.cl\/cips\/","name":"Centro de Pol\u00edticas P\u00fablicas e Innovaci\u00f3n en Salud","description":"CIPS-UDD","inLanguage":"es"},{"@type":"Person","@id":"https:\/\/gobierno.udd.cl\/cips\/#\/schema\/person\/9d509bb16e7d8299d075f0e90b5d7d00","name":"ccararo","image":{"@type":"ImageObject","inLanguage":"es","@id":"https:\/\/gobierno.udd.cl\/cips\/#\/schema\/person\/image\/","url":"https:\/\/secure.gravatar.com\/avatar\/fe809aec6c8a49b41db481a62d9671eec512578ac25cf41f7420b8069513828c?s=96&d=mm&r=g","contentUrl":"https:\/\/secure.gravatar.com\/avatar\/fe809aec6c8a49b41db481a62d9671eec512578ac25cf41f7420b8069513828c?s=96&d=mm&r=g","caption":"ccararo"},"url":"https:\/\/gobierno.udd.cl\/cips\/author\/ccararo\/"}]}},"featured_image_url":"https:\/\/gobierno.udd.cl\/cips\/files\/2023\/05\/image-9.png","_links":{"self":[{"href":"https:\/\/gobierno.udd.cl\/cips\/wp-json\/wp\/v2\/posts\/1279","targetHints":{"allow":["GET"]}}],"collection":[{"href":"https:\/\/gobierno.udd.cl\/cips\/wp-json\/wp\/v2\/posts"}],"about":[{"href":"https:\/\/gobierno.udd.cl\/cips\/wp-json\/wp\/v2\/types\/post"}],"author":[{"embeddable":true,"href":"https:\/\/gobierno.udd.cl\/cips\/wp-json\/wp\/v2\/users\/9192236"}],"replies":[{"embeddable":true,"href":"https:\/\/gobierno.udd.cl\/cips\/wp-json\/wp\/v2\/comments?post=1279"}],"version-history":[{"count":2,"href":"https:\/\/gobierno.udd.cl\/cips\/wp-json\/wp\/v2\/posts\/1279\/revisions"}],"predecessor-version":[{"id":1282,"href":"https:\/\/gobierno.udd.cl\/cips\/wp-json\/wp\/v2\/posts\/1279\/revisions\/1282"}],"wp:featuredmedia":[{"embeddable":true,"href":"https:\/\/gobierno.udd.cl\/cips\/wp-json\/wp\/v2\/media\/1280"}],"wp:attachment":[{"href":"https:\/\/gobierno.udd.cl\/cips\/wp-json\/wp\/v2\/media?parent=1279"}],"wp:term":[{"taxonomy":"category","embeddable":true,"href":"https:\/\/gobierno.udd.cl\/cips\/wp-json\/wp\/v2\/categories?post=1279"},{"taxonomy":"post_tag","embeddable":true,"href":"https:\/\/gobierno.udd.cl\/cips\/wp-json\/wp\/v2\/tags?post=1279"}],"curies":[{"name":"wp","href":"https:\/\/api.w.org\/{rel}","templated":true}]}}