{"id":1225,"date":"2023-04-25T14:33:51","date_gmt":"2023-04-25T18:33:51","guid":{"rendered":"https:\/\/gobierno.udd.cl\/cips\/?p=1225"},"modified":"2023-04-25T14:33:52","modified_gmt":"2023-04-25T18:33:52","slug":"el-51-6-de-los-retrasos-ges-en-cancer-se-concentran-en-la-macrozona-centro-sur-del-pais","status":"publish","type":"post","link":"https:\/\/gobierno.udd.cl\/cips\/2023\/04\/25\/el-51-6-de-los-retrasos-ges-en-cancer-se-concentran-en-la-macrozona-centro-sur-del-pais\/","title":{"rendered":"El 51.6% de los retrasos ges en c\u00e1ncer se concentran en la macrozona centro sur del pa\u00eds"},"content":{"rendered":"\n<p><em>Casi siete mil garant\u00edas GES retrasadas de c\u00e1ncer se concentran en las regiones Metropolitana, O&#8217;Higgins, Maule, Biob\u00edo y \u00d1uble, lo que representa el 52% de las m\u00e1s de 13 mil 400 garant\u00edas ges retrasadas por esta enfermedad durante 2022. El c\u00e1ncer cervicouterino es el tipo de enfermedad que m\u00e1s retraso tiene en estas regiones y a nivel nacional, seg\u00fan un nuevo an\u00e1lisis del Centro de Pol\u00edticas P\u00fablicas e Innovaci\u00f3n en Salud (CIPS) de la Facultad de Gobierno UDD.<\/em><\/p>\n\n\n\n<p>El Centro de Pol\u00edticas P\u00fablicas e Innovaci\u00f3n en Salud (CIPS) ha estado analizando los retrasos GES retrasados entorno al c\u00e1ncer, enfermedad que m\u00e1s muertes causa en el pa\u00eds.<\/p>\n\n\n\n<p>De los datos analizados se observa un incremento nacional de garant\u00edas GES por c\u00e1ncer retrasadas de 33,9% entre 2021 y 2022. &nbsp;El 53,4% de estos retrasos son en la etapa de diagn\u00f3stico de c\u00e1ncer (7,195 retrasos); 25,8% en tratamiento (3.477 retrasos); 14,8% es en tamizaje (1.989); 4,9% es en consultas a especialistas (665) y 1,1% en seguimiento del c\u00e1ncer (143).<\/p>\n\n\n\n<p><em>\u201cEsto es sumamente grave. Son m\u00e1s de 10 mil retrasos entre diagn\u00f3stico y tratamiento. Estamos hablando que la vida de las personas corre riesgo si no se diagnostica y trata a tiempo\u201d<\/em>, dice Paula Daza, directora ejecutiva de CIPS-UDD.<\/p>\n\n\n\n<p>Dentro del an\u00e1lisis realizado por CIPS-UDD se encontr\u00f3 que es la zona centro sur donde se concentra la mayor cantidad de retrasos. Los lugares con mayor n\u00famero de retrasos GES son: Macrozona Centro Sur (O&#8217;Higgins, Maule, Biob\u00edo y \u00d1uble) 27,5% (3.655); Regi\u00f3n Metropolitana 24,8% (3.304); Macrozona Centro (Valpara\u00edso y Coquimbo) 24,1% (3.215); Macrozona Sur (Los Lagos, Los R\u00edos y Araucan\u00eda) 18,9% (2.517); Macrozona Norte (Arica, Atacama, Antofagasta y Tarapac\u00e1) 2,8% (371) y la macrozona austral (Ays\u00e9n y Magallanes) representa 1,9% de todos los retrasos GES del a\u00f1o 2022 (253).<\/p>\n\n\n\n<p>A nivel nacional como en estas regiones, es el c\u00e1ncer cervicouterino el que tiene mayor cantidad de retrasos. Entre 2021 y 2022 los retrasos GES por esta enfermedad aumentaron en 59% (2.735 a 4.346).<\/p>\n\n\n\n<p>En la macrozona norte (Arica, Atacama, Antofagasta y Tarapac\u00e1) los retrasos GES por c\u00e1ncer cervicouterino que componen un 63% de la lista de retrasos en c\u00e1ncer de esta zona (234 casos), Por otro lado, la macrozona centro sur (O\u2019Higgins, Maule, \u00d1uble y Biob\u00edo) el c\u00e1ncer cervicouterino representa el 38,5% (1.420) de los atrasos GES, seguido por c\u00e1ncer de mama 23,5% (23,5%) y c\u00e1ncer colorrectal 8,07% (295). Mientras tanto, en la macrozona sur (Araucan\u00eda, Los Lagos y Los R\u00edos) se evidencian prioridades similares, donde el c\u00e1ncer cervicouterino es la garant\u00eda de oportunidad m\u00e1s atrasada con 33,33% de los retrasos GES en c\u00e1ncer, seguido por c\u00e1ncer colorrectal que compone 17,24% (434) y las garant\u00edas por c\u00e1ncer de mama son 14,98% (377) del total de los atrasos GES en este lugar. En la macrozona austral (Ays\u00e9n y Magallanes) es donde se presenta la menor cantidad de retrasos GES, aunque de igual manera que la macrozona sur, el c\u00e1ncer cervicouterino es la garant\u00eda con m\u00e1s retrasos y representa el 50% (127) de los retrasos GES relacionados a c\u00e1ncer de esta macrozona.<\/p>\n\n\n\n<p><em>\u201cNo se le est\u00e1 tomando el peso, ni dimensionando lo que est\u00e1 ocurriendo con el c\u00e1ncer en Chile. Muestra de ellos es que no existe una estrategia activa y bien pensada para disminuir estos tiempos, sobre todo en las regiones y tipos de c\u00e1ncer mencionados. Ser\u00eda \u00f3ptimo partir por la zona centro sur y RM en c\u00e1ncer cervicouterino. Focalizar como prioridad los esfuerzos en estas zonas, con este c\u00e1ncer, sobre todo en diagn\u00f3stico y tratamiento. En paralelo es clave trabajar en prevenci\u00f3n con mujeres incentivando el PAP y VPH\u201d<\/em>, concluye Daza.\u00a0<\/p>\n\n\n\n<p>Revisa el informe completo <strong><a href=\"https:\/\/gobierno.udd.cl\/cips\/files\/2023\/04\/retrasos-ges-en-cancer-por-macrozonas-de-chile.pdf\" target=\"_blank\" rel=\"noreferrer noopener\">aqu\u00ed<\/a><\/strong>.<\/p>\n","protected":false},"excerpt":{"rendered":"<p>Casi siete mil garant\u00edas GES retrasadas de c\u00e1ncer se concentran en las regiones Metropolitana, O&#8217;Higgins, Maule, Biob\u00edo y \u00d1uble, lo que representa el 52% de las m\u00e1s de 13 mil 400 garant\u00edas ges retrasadas por esta enfermedad durante 2022. El c\u00e1ncer cervicouterino es el tipo de enfermedad que m\u00e1s retraso tiene en estas regiones y [&hellip;]<\/p>\n","protected":false},"author":9192236,"featured_media":1228,"comment_status":"closed","ping_status":"open","sticky":false,"template":"","format":"standard","meta":{"footnotes":""},"categories":[3],"tags":[15,71,14],"class_list":["post-1225","post","type-post","status-publish","format-standard","has-post-thumbnail","hentry","category-noticias","tag-cips","tag-cips-udd","tag-paula-daza"],"yoast_head":"<!-- This site is optimized with the Yoast SEO plugin v26.9 - https:\/\/yoast.com\/product\/yoast-seo-wordpress\/ -->\n<title>El 51.6% de los retrasos ges en c\u00e1ncer se concentran en la macrozona centro sur del pa\u00eds - Centro de Pol\u00edticas P\u00fablicas e Innovaci\u00f3n en Salud<\/title>\n<meta name=\"robots\" content=\"index, follow, max-snippet:-1, max-image-preview:large, max-video-preview:-1\" \/>\n<link rel=\"canonical\" href=\"https:\/\/gobierno.udd.cl\/cips\/2023\/04\/25\/el-51-6-de-los-retrasos-ges-en-cancer-se-concentran-en-la-macrozona-centro-sur-del-pais\/\" \/>\n<meta property=\"og:locale\" content=\"es_ES\" \/>\n<meta property=\"og:type\" content=\"article\" \/>\n<meta property=\"og:title\" content=\"El 51.6% de los retrasos ges en c\u00e1ncer se concentran en la macrozona centro sur del pa\u00eds - Centro de Pol\u00edticas P\u00fablicas e Innovaci\u00f3n en Salud\" \/>\n<meta property=\"og:description\" content=\"Casi siete mil garant\u00edas GES retrasadas de c\u00e1ncer se concentran en las regiones Metropolitana, O&#8217;Higgins, Maule, Biob\u00edo y \u00d1uble, lo que representa el 52% de las m\u00e1s de 13 mil 400 garant\u00edas ges retrasadas por esta enfermedad durante 2022. El c\u00e1ncer cervicouterino es el tipo de enfermedad que m\u00e1s retraso tiene en estas regiones y [&hellip;]\" \/>\n<meta property=\"og:url\" content=\"https:\/\/gobierno.udd.cl\/cips\/2023\/04\/25\/el-51-6-de-los-retrasos-ges-en-cancer-se-concentran-en-la-macrozona-centro-sur-del-pais\/\" \/>\n<meta property=\"og:site_name\" content=\"Centro de Pol\u00edticas P\u00fablicas e Innovaci\u00f3n en Salud\" \/>\n<meta property=\"article:publisher\" content=\"https:\/\/www.facebook.com\/CIPS.UDD\" \/>\n<meta property=\"article:published_time\" content=\"2023-04-25T18:33:51+00:00\" \/>\n<meta property=\"article:modified_time\" content=\"2023-04-25T18:33:52+00:00\" \/>\n<meta property=\"og:image\" content=\"https:\/\/gobierno.udd.cl\/cips\/files\/2023\/04\/image-18-e1682447619762.png\" \/>\n\t<meta property=\"og:image:width\" content=\"900\" \/>\n\t<meta property=\"og:image:height\" content=\"443\" \/>\n\t<meta property=\"og:image:type\" content=\"image\/png\" \/>\n<meta name=\"author\" content=\"ccararo\" \/>\n<meta name=\"twitter:card\" content=\"summary_large_image\" \/>\n<meta name=\"twitter:creator\" content=\"@CIPS_UDD\" \/>\n<meta name=\"twitter:site\" content=\"@CIPS_UDD\" \/>\n<meta name=\"twitter:label1\" content=\"Escrito por\" \/>\n\t<meta name=\"twitter:data1\" content=\"ccararo\" \/>\n\t<meta name=\"twitter:label2\" content=\"Tiempo de lectura\" \/>\n\t<meta name=\"twitter:data2\" content=\"3 minutos\" \/>\n<script type=\"application\/ld+json\" class=\"yoast-schema-graph\">{\"@context\":\"https:\/\/schema.org\",\"@graph\":[{\"@type\":\"Article\",\"@id\":\"https:\/\/gobierno.udd.cl\/cips\/2023\/04\/25\/el-51-6-de-los-retrasos-ges-en-cancer-se-concentran-en-la-macrozona-centro-sur-del-pais\/#article\",\"isPartOf\":{\"@id\":\"https:\/\/gobierno.udd.cl\/cips\/2023\/04\/25\/el-51-6-de-los-retrasos-ges-en-cancer-se-concentran-en-la-macrozona-centro-sur-del-pais\/\"},\"author\":{\"name\":\"ccararo\",\"@id\":\"https:\/\/gobierno.udd.cl\/cips\/#\/schema\/person\/9d509bb16e7d8299d075f0e90b5d7d00\"},\"headline\":\"El 51.6% de los retrasos ges en c\u00e1ncer se concentran en la macrozona centro sur del pa\u00eds\",\"datePublished\":\"2023-04-25T18:33:51+00:00\",\"dateModified\":\"2023-04-25T18:33:52+00:00\",\"mainEntityOfPage\":{\"@id\":\"https:\/\/gobierno.udd.cl\/cips\/2023\/04\/25\/el-51-6-de-los-retrasos-ges-en-cancer-se-concentran-en-la-macrozona-centro-sur-del-pais\/\"},\"wordCount\":632,\"image\":{\"@id\":\"https:\/\/gobierno.udd.cl\/cips\/2023\/04\/25\/el-51-6-de-los-retrasos-ges-en-cancer-se-concentran-en-la-macrozona-centro-sur-del-pais\/#primaryimage\"},\"thumbnailUrl\":\"https:\/\/gobierno.udd.cl\/cips\/files\/2023\/04\/image-18-e1682447619762.png\",\"keywords\":[\"CIPS\",\"CIPS-udd\",\"Paula Daza\"],\"articleSection\":[\"Noticias\"],\"inLanguage\":\"es\"},{\"@type\":\"WebPage\",\"@id\":\"https:\/\/gobierno.udd.cl\/cips\/2023\/04\/25\/el-51-6-de-los-retrasos-ges-en-cancer-se-concentran-en-la-macrozona-centro-sur-del-pais\/\",\"url\":\"https:\/\/gobierno.udd.cl\/cips\/2023\/04\/25\/el-51-6-de-los-retrasos-ges-en-cancer-se-concentran-en-la-macrozona-centro-sur-del-pais\/\",\"name\":\"El 51.6% de los retrasos ges en c\u00e1ncer se concentran en la macrozona centro sur del pa\u00eds - Centro de Pol\u00edticas P\u00fablicas e Innovaci\u00f3n en Salud\",\"isPartOf\":{\"@id\":\"https:\/\/gobierno.udd.cl\/cips\/#website\"},\"primaryImageOfPage\":{\"@id\":\"https:\/\/gobierno.udd.cl\/cips\/2023\/04\/25\/el-51-6-de-los-retrasos-ges-en-cancer-se-concentran-en-la-macrozona-centro-sur-del-pais\/#primaryimage\"},\"image\":{\"@id\":\"https:\/\/gobierno.udd.cl\/cips\/2023\/04\/25\/el-51-6-de-los-retrasos-ges-en-cancer-se-concentran-en-la-macrozona-centro-sur-del-pais\/#primaryimage\"},\"thumbnailUrl\":\"https:\/\/gobierno.udd.cl\/cips\/files\/2023\/04\/image-18-e1682447619762.png\",\"datePublished\":\"2023-04-25T18:33:51+00:00\",\"dateModified\":\"2023-04-25T18:33:52+00:00\",\"author\":{\"@id\":\"https:\/\/gobierno.udd.cl\/cips\/#\/schema\/person\/9d509bb16e7d8299d075f0e90b5d7d00\"},\"breadcrumb\":{\"@id\":\"https:\/\/gobierno.udd.cl\/cips\/2023\/04\/25\/el-51-6-de-los-retrasos-ges-en-cancer-se-concentran-en-la-macrozona-centro-sur-del-pais\/#breadcrumb\"},\"inLanguage\":\"es\",\"potentialAction\":[{\"@type\":\"ReadAction\",\"target\":[\"https:\/\/gobierno.udd.cl\/cips\/2023\/04\/25\/el-51-6-de-los-retrasos-ges-en-cancer-se-concentran-en-la-macrozona-centro-sur-del-pais\/\"]}]},{\"@type\":\"ImageObject\",\"inLanguage\":\"es\",\"@id\":\"https:\/\/gobierno.udd.cl\/cips\/2023\/04\/25\/el-51-6-de-los-retrasos-ges-en-cancer-se-concentran-en-la-macrozona-centro-sur-del-pais\/#primaryimage\",\"url\":\"https:\/\/gobierno.udd.cl\/cips\/files\/2023\/04\/image-18-e1682447619762.png\",\"contentUrl\":\"https:\/\/gobierno.udd.cl\/cips\/files\/2023\/04\/image-18-e1682447619762.png\",\"width\":900,\"height\":443},{\"@type\":\"BreadcrumbList\",\"@id\":\"https:\/\/gobierno.udd.cl\/cips\/2023\/04\/25\/el-51-6-de-los-retrasos-ges-en-cancer-se-concentran-en-la-macrozona-centro-sur-del-pais\/#breadcrumb\",\"itemListElement\":[{\"@type\":\"ListItem\",\"position\":1,\"name\":\"Portada\",\"item\":\"https:\/\/gobierno.udd.cl\/cips\/\"},{\"@type\":\"ListItem\",\"position\":2,\"name\":\"El 51.6% de los retrasos ges en c\u00e1ncer se concentran en la macrozona centro sur del pa\u00eds\"}]},{\"@type\":\"WebSite\",\"@id\":\"https:\/\/gobierno.udd.cl\/cips\/#website\",\"url\":\"https:\/\/gobierno.udd.cl\/cips\/\",\"name\":\"Centro de Pol\u00edticas P\u00fablicas e Innovaci\u00f3n en Salud\",\"description\":\"CIPS-UDD\",\"inLanguage\":\"es\"},{\"@type\":\"Person\",\"@id\":\"https:\/\/gobierno.udd.cl\/cips\/#\/schema\/person\/9d509bb16e7d8299d075f0e90b5d7d00\",\"name\":\"ccararo\",\"image\":{\"@type\":\"ImageObject\",\"inLanguage\":\"es\",\"@id\":\"https:\/\/gobierno.udd.cl\/cips\/#\/schema\/person\/image\/\",\"url\":\"https:\/\/secure.gravatar.com\/avatar\/fe809aec6c8a49b41db481a62d9671eec512578ac25cf41f7420b8069513828c?s=96&d=mm&r=g\",\"contentUrl\":\"https:\/\/secure.gravatar.com\/avatar\/fe809aec6c8a49b41db481a62d9671eec512578ac25cf41f7420b8069513828c?s=96&d=mm&r=g\",\"caption\":\"ccararo\"},\"url\":\"https:\/\/gobierno.udd.cl\/cips\/author\/ccararo\/\"}]}<\/script>\n<!-- \/ Yoast SEO plugin. -->","yoast_head_json":{"title":"El 51.6% de los retrasos ges en c\u00e1ncer se concentran en la macrozona centro sur del pa\u00eds - Centro de Pol\u00edticas P\u00fablicas e Innovaci\u00f3n en Salud","robots":{"index":"index","follow":"follow","max-snippet":"max-snippet:-1","max-image-preview":"max-image-preview:large","max-video-preview":"max-video-preview:-1"},"canonical":"https:\/\/gobierno.udd.cl\/cips\/2023\/04\/25\/el-51-6-de-los-retrasos-ges-en-cancer-se-concentran-en-la-macrozona-centro-sur-del-pais\/","og_locale":"es_ES","og_type":"article","og_title":"El 51.6% de los retrasos ges en c\u00e1ncer se concentran en la macrozona centro sur del pa\u00eds - Centro de Pol\u00edticas P\u00fablicas e Innovaci\u00f3n en Salud","og_description":"Casi siete mil garant\u00edas GES retrasadas de c\u00e1ncer se concentran en las regiones Metropolitana, O&#8217;Higgins, Maule, Biob\u00edo y \u00d1uble, lo que representa el 52% de las m\u00e1s de 13 mil 400 garant\u00edas ges retrasadas por esta enfermedad durante 2022. El c\u00e1ncer cervicouterino es el tipo de enfermedad que m\u00e1s retraso tiene en estas regiones y [&hellip;]","og_url":"https:\/\/gobierno.udd.cl\/cips\/2023\/04\/25\/el-51-6-de-los-retrasos-ges-en-cancer-se-concentran-en-la-macrozona-centro-sur-del-pais\/","og_site_name":"Centro de Pol\u00edticas P\u00fablicas e Innovaci\u00f3n en Salud","article_publisher":"https:\/\/www.facebook.com\/CIPS.UDD","article_published_time":"2023-04-25T18:33:51+00:00","article_modified_time":"2023-04-25T18:33:52+00:00","og_image":[{"width":900,"height":443,"url":"https:\/\/gobierno.udd.cl\/cips\/files\/2023\/04\/image-18-e1682447619762.png","type":"image\/png"}],"author":"ccararo","twitter_card":"summary_large_image","twitter_creator":"@CIPS_UDD","twitter_site":"@CIPS_UDD","twitter_misc":{"Escrito por":"ccararo","Tiempo de lectura":"3 minutos"},"schema":{"@context":"https:\/\/schema.org","@graph":[{"@type":"Article","@id":"https:\/\/gobierno.udd.cl\/cips\/2023\/04\/25\/el-51-6-de-los-retrasos-ges-en-cancer-se-concentran-en-la-macrozona-centro-sur-del-pais\/#article","isPartOf":{"@id":"https:\/\/gobierno.udd.cl\/cips\/2023\/04\/25\/el-51-6-de-los-retrasos-ges-en-cancer-se-concentran-en-la-macrozona-centro-sur-del-pais\/"},"author":{"name":"ccararo","@id":"https:\/\/gobierno.udd.cl\/cips\/#\/schema\/person\/9d509bb16e7d8299d075f0e90b5d7d00"},"headline":"El 51.6% de los retrasos ges en c\u00e1ncer se concentran en la macrozona centro sur del pa\u00eds","datePublished":"2023-04-25T18:33:51+00:00","dateModified":"2023-04-25T18:33:52+00:00","mainEntityOfPage":{"@id":"https:\/\/gobierno.udd.cl\/cips\/2023\/04\/25\/el-51-6-de-los-retrasos-ges-en-cancer-se-concentran-en-la-macrozona-centro-sur-del-pais\/"},"wordCount":632,"image":{"@id":"https:\/\/gobierno.udd.cl\/cips\/2023\/04\/25\/el-51-6-de-los-retrasos-ges-en-cancer-se-concentran-en-la-macrozona-centro-sur-del-pais\/#primaryimage"},"thumbnailUrl":"https:\/\/gobierno.udd.cl\/cips\/files\/2023\/04\/image-18-e1682447619762.png","keywords":["CIPS","CIPS-udd","Paula Daza"],"articleSection":["Noticias"],"inLanguage":"es"},{"@type":"WebPage","@id":"https:\/\/gobierno.udd.cl\/cips\/2023\/04\/25\/el-51-6-de-los-retrasos-ges-en-cancer-se-concentran-en-la-macrozona-centro-sur-del-pais\/","url":"https:\/\/gobierno.udd.cl\/cips\/2023\/04\/25\/el-51-6-de-los-retrasos-ges-en-cancer-se-concentran-en-la-macrozona-centro-sur-del-pais\/","name":"El 51.6% de los retrasos ges en c\u00e1ncer se concentran en la macrozona centro sur del pa\u00eds - Centro de Pol\u00edticas P\u00fablicas e Innovaci\u00f3n en Salud","isPartOf":{"@id":"https:\/\/gobierno.udd.cl\/cips\/#website"},"primaryImageOfPage":{"@id":"https:\/\/gobierno.udd.cl\/cips\/2023\/04\/25\/el-51-6-de-los-retrasos-ges-en-cancer-se-concentran-en-la-macrozona-centro-sur-del-pais\/#primaryimage"},"image":{"@id":"https:\/\/gobierno.udd.cl\/cips\/2023\/04\/25\/el-51-6-de-los-retrasos-ges-en-cancer-se-concentran-en-la-macrozona-centro-sur-del-pais\/#primaryimage"},"thumbnailUrl":"https:\/\/gobierno.udd.cl\/cips\/files\/2023\/04\/image-18-e1682447619762.png","datePublished":"2023-04-25T18:33:51+00:00","dateModified":"2023-04-25T18:33:52+00:00","author":{"@id":"https:\/\/gobierno.udd.cl\/cips\/#\/schema\/person\/9d509bb16e7d8299d075f0e90b5d7d00"},"breadcrumb":{"@id":"https:\/\/gobierno.udd.cl\/cips\/2023\/04\/25\/el-51-6-de-los-retrasos-ges-en-cancer-se-concentran-en-la-macrozona-centro-sur-del-pais\/#breadcrumb"},"inLanguage":"es","potentialAction":[{"@type":"ReadAction","target":["https:\/\/gobierno.udd.cl\/cips\/2023\/04\/25\/el-51-6-de-los-retrasos-ges-en-cancer-se-concentran-en-la-macrozona-centro-sur-del-pais\/"]}]},{"@type":"ImageObject","inLanguage":"es","@id":"https:\/\/gobierno.udd.cl\/cips\/2023\/04\/25\/el-51-6-de-los-retrasos-ges-en-cancer-se-concentran-en-la-macrozona-centro-sur-del-pais\/#primaryimage","url":"https:\/\/gobierno.udd.cl\/cips\/files\/2023\/04\/image-18-e1682447619762.png","contentUrl":"https:\/\/gobierno.udd.cl\/cips\/files\/2023\/04\/image-18-e1682447619762.png","width":900,"height":443},{"@type":"BreadcrumbList","@id":"https:\/\/gobierno.udd.cl\/cips\/2023\/04\/25\/el-51-6-de-los-retrasos-ges-en-cancer-se-concentran-en-la-macrozona-centro-sur-del-pais\/#breadcrumb","itemListElement":[{"@type":"ListItem","position":1,"name":"Portada","item":"https:\/\/gobierno.udd.cl\/cips\/"},{"@type":"ListItem","position":2,"name":"El 51.6% de los retrasos ges en c\u00e1ncer se concentran en la macrozona centro sur del pa\u00eds"}]},{"@type":"WebSite","@id":"https:\/\/gobierno.udd.cl\/cips\/#website","url":"https:\/\/gobierno.udd.cl\/cips\/","name":"Centro de Pol\u00edticas P\u00fablicas e Innovaci\u00f3n en Salud","description":"CIPS-UDD","inLanguage":"es"},{"@type":"Person","@id":"https:\/\/gobierno.udd.cl\/cips\/#\/schema\/person\/9d509bb16e7d8299d075f0e90b5d7d00","name":"ccararo","image":{"@type":"ImageObject","inLanguage":"es","@id":"https:\/\/gobierno.udd.cl\/cips\/#\/schema\/person\/image\/","url":"https:\/\/secure.gravatar.com\/avatar\/fe809aec6c8a49b41db481a62d9671eec512578ac25cf41f7420b8069513828c?s=96&d=mm&r=g","contentUrl":"https:\/\/secure.gravatar.com\/avatar\/fe809aec6c8a49b41db481a62d9671eec512578ac25cf41f7420b8069513828c?s=96&d=mm&r=g","caption":"ccararo"},"url":"https:\/\/gobierno.udd.cl\/cips\/author\/ccararo\/"}]}},"featured_image_url":"https:\/\/gobierno.udd.cl\/cips\/files\/2023\/04\/image-18-e1682447619762.png","_links":{"self":[{"href":"https:\/\/gobierno.udd.cl\/cips\/wp-json\/wp\/v2\/posts\/1225","targetHints":{"allow":["GET"]}}],"collection":[{"href":"https:\/\/gobierno.udd.cl\/cips\/wp-json\/wp\/v2\/posts"}],"about":[{"href":"https:\/\/gobierno.udd.cl\/cips\/wp-json\/wp\/v2\/types\/post"}],"author":[{"embeddable":true,"href":"https:\/\/gobierno.udd.cl\/cips\/wp-json\/wp\/v2\/users\/9192236"}],"replies":[{"embeddable":true,"href":"https:\/\/gobierno.udd.cl\/cips\/wp-json\/wp\/v2\/comments?post=1225"}],"version-history":[{"count":1,"href":"https:\/\/gobierno.udd.cl\/cips\/wp-json\/wp\/v2\/posts\/1225\/revisions"}],"predecessor-version":[{"id":1229,"href":"https:\/\/gobierno.udd.cl\/cips\/wp-json\/wp\/v2\/posts\/1225\/revisions\/1229"}],"wp:featuredmedia":[{"embeddable":true,"href":"https:\/\/gobierno.udd.cl\/cips\/wp-json\/wp\/v2\/media\/1228"}],"wp:attachment":[{"href":"https:\/\/gobierno.udd.cl\/cips\/wp-json\/wp\/v2\/media?parent=1225"}],"wp:term":[{"taxonomy":"category","embeddable":true,"href":"https:\/\/gobierno.udd.cl\/cips\/wp-json\/wp\/v2\/categories?post=1225"},{"taxonomy":"post_tag","embeddable":true,"href":"https:\/\/gobierno.udd.cl\/cips\/wp-json\/wp\/v2\/tags?post=1225"}],"curies":[{"name":"wp","href":"https:\/\/api.w.org\/{rel}","templated":true}]}}