{"id":1206,"date":"2023-04-20T14:43:45","date_gmt":"2023-04-20T18:43:45","guid":{"rendered":"https:\/\/gobierno.udd.cl\/cips\/?p=1206"},"modified":"2023-04-20T17:42:14","modified_gmt":"2023-04-20T21:42:14","slug":"daza-se-debe-quintuplicar-el-ritmo-de-vacunacion-de-la-dosis-bivalente-para-lograr-el-80-antes-de-que-empiece-el-invierno","status":"publish","type":"post","link":"https:\/\/gobierno.udd.cl\/cips\/2023\/04\/20\/daza-se-debe-quintuplicar-el-ritmo-de-vacunacion-de-la-dosis-bivalente-para-lograr-el-80-antes-de-que-empiece-el-invierno\/","title":{"rendered":"Daza: \u201cSe debe quintuplicar el ritmo de vacunaci\u00f3n de la dosis bivalente para lograr el 80% antes de que empiece el invierno\u201d"},"content":{"rendered":"\n<p><em>La directora ejecutiva de CIPS-UDD, Paula Daza, acompa\u00f1\u00f3 a la alcaldesa de Providencia, Evelyn Matthei, quien anunci\u00f3 medidas para incentivar la vacunaci\u00f3n tras la baja cobertura en dosis bivalente, influenza y vacunaci\u00f3n contra Covid-19 en la poblaci\u00f3n infantil.<\/em><\/p>\n\n\n\n<p>Al 17 de abril 2023 se registra una cobertura de 32,95% de toda la poblaci\u00f3n objetiva del pa\u00eds en dosis bivalente. Esta cobertura para los enfermos cr\u00f3nicos mayores de 50 a\u00f1os quienes son los que tienen m\u00e1s peligro de enfermar gravemente, no alcanza el 40% de cobertura, siendo que la campa\u00f1a comenz\u00f3 en octubre. Estos son parte de los datos abiertos que fueron analizados por el Centro de Pol\u00edticas P\u00fablicas e Innovaci\u00f3n en Salud (CIPS) de la Facultad de Gobierno UDD para lograr una estimaci\u00f3n de cantidad de personas inoculadas que se debe lograr en 40 d\u00edas para evitar el colapso de la red asistencial cuando aumente la circulaci\u00f3n de virus respiratorios.<\/p>\n\n\n\n<p>\u201c<em>Se nos est\u00e1 acabando el tiempo para estar protegidos en el invierno. Para aumentar la cobertura del 32% al 80% para el primero de junio en dosis bivalente, CIPS hizo una estimaci\u00f3n: Se debe llegar a inocular a m\u00e1s de 85.100 personas al d\u00eda. Eso implica que hay que aumentar el ritmo de vacunaci\u00f3n en cinco veces, yaque en marzo y abril, estamos teniendo unas 14 mil dosis bivalentes administradas al d\u00eda<\/em>\u201d dijo en un vacunatorio en Providencia, donde acompa\u00f1\u00f3 a la alcaldesa Evelyn Matthei quien anunci\u00f3 vacunaci\u00f3n domiciliaria a personas mayores, vacunaci\u00f3n de influenza en colegios y vacunaci\u00f3n de Covid los fines de semana en lugares p\u00fablicos.<\/p>\n\n\n<section class=\"wp-block-udd-gallery-carousel wp-carousel-gallery\">\n\t<div class=\"container\">\n\t\t<div\n\t\t\tclass=\"slick-carousel gallery-slick-carousel gallery-carousel--1\"\n\t\t\tdata-slick='{&quot;slidesToScroll&quot;:1,&quot;slidesToShow&quot;:1,&quot;appendDots&quot;:&quot;#dots-69f23a1a60084&quot;,&quot;prevArrow&quot;:&quot;&lt;button type=\\&quot;button\\&quot; class=\\&quot;btn btn-primary slick-prev\\&quot;&gt;&lt;svg class=\\&quot;svg-chevron-left-dims\\&quot;&gt;&lt;use xlink:href=&#039;https:\\\/\\\/gobierno.udd.cl\\\/cips\\\/wp-content\\\/themes\\\/facultades-2018\\\/assets\\\/img\\\/svg\\\/dist\\\/main.svg?version=1695853099#chevron-left&#039;&gt;&lt;\\\/use&gt;&lt;\\\/svg&gt;&lt;span class=\\&quot;sr-only\\&quot;&gt;Anterior&lt;\\\/span&gt;&lt;\\\/button&gt;&quot;,&quot;nextArrow&quot;:&quot;&lt;button type=\\&quot;button\\&quot; class=\\&quot;btn btn-primary slick-next\\&quot;&gt;&lt;svg class=\\&quot;svg-chevron-right-dims\\&quot;&gt;&lt;use xlink:href=&#039;https:\\\/\\\/gobierno.udd.cl\\\/cips\\\/wp-content\\\/themes\\\/facultades-2018\\\/assets\\\/img\\\/svg\\\/dist\\\/main.svg?version=1695853099#chevron-right&#039;&gt;&lt;\\\/use&gt;&lt;\\\/svg&gt;&lt;span class=\\&quot;sr-only\\&quot;&gt;Siguiente&lt;\\\/span&gt;&lt;\\\/button&gt;&quot;,&quot;infinite&quot;:true,&quot;dots&quot;:true}'\n\t\t>\n\t\t\t\t\t\t\t<figure>\n\t\t\t\t\t<img loading=\"lazy\" decoding=\"async\" width=\"1024\" height=\"683\" src=\"https:\/\/gobierno.udd.cl\/cips\/wp-content\/plugins\/wp-async-img-load\/blank.png\" class=\"attachment-1280x720 size-1280x720 lazyload\" alt=\"\" sizes=\"auto, (max-width: 1024px) 100vw, 1024px\" data-src=\"https:\/\/gobierno.udd.cl\/cips\/files\/2023\/04\/whatsapp-image-2023-04-20-at-15-01-01-1.jpeg\" data-srcset=\"https:\/\/gobierno.udd.cl\/cips\/files\/2023\/04\/whatsapp-image-2023-04-20-at-15-01-01-1.jpeg 1024w, https:\/\/gobierno.udd.cl\/cips\/files\/2023\/04\/whatsapp-image-2023-04-20-at-15-01-01-1-300x200.jpeg 300w, https:\/\/gobierno.udd.cl\/cips\/files\/2023\/04\/whatsapp-image-2023-04-20-at-15-01-01-1-768x512.jpeg 768w\" \/>\t\t\t\t\t\t\t\t\t<\/figure>\n\t\t\t\t\t\t\t<figure>\n\t\t\t\t\t<img loading=\"lazy\" decoding=\"async\" width=\"1024\" height=\"683\" src=\"https:\/\/gobierno.udd.cl\/cips\/wp-content\/plugins\/wp-async-img-load\/blank.png\" class=\"attachment-1280x720 size-1280x720 lazyload\" alt=\"\" sizes=\"auto, (max-width: 1024px) 100vw, 1024px\" data-src=\"https:\/\/gobierno.udd.cl\/cips\/files\/2023\/04\/whatsapp-image-2023-04-20-at-15-01-01.jpeg\" data-srcset=\"https:\/\/gobierno.udd.cl\/cips\/files\/2023\/04\/whatsapp-image-2023-04-20-at-15-01-01.jpeg 1024w, https:\/\/gobierno.udd.cl\/cips\/files\/2023\/04\/whatsapp-image-2023-04-20-at-15-01-01-300x200.jpeg 300w, https:\/\/gobierno.udd.cl\/cips\/files\/2023\/04\/whatsapp-image-2023-04-20-at-15-01-01-768x512.jpeg 768w\" \/>\t\t\t\t\t\t\t\t\t<\/figure>\n\t\t\t\t\t\t\t<figure>\n\t\t\t\t\t<img loading=\"lazy\" decoding=\"async\" width=\"1024\" height=\"683\" src=\"https:\/\/gobierno.udd.cl\/cips\/wp-content\/plugins\/wp-async-img-load\/blank.png\" class=\"attachment-1280x720 size-1280x720 lazyload\" alt=\"\" sizes=\"auto, (max-width: 1024px) 100vw, 1024px\" data-src=\"https:\/\/gobierno.udd.cl\/cips\/files\/2023\/04\/whatsapp-image-2023-04-20-at-15-01-01-3.jpeg\" data-srcset=\"https:\/\/gobierno.udd.cl\/cips\/files\/2023\/04\/whatsapp-image-2023-04-20-at-15-01-01-3.jpeg 1024w, https:\/\/gobierno.udd.cl\/cips\/files\/2023\/04\/whatsapp-image-2023-04-20-at-15-01-01-3-300x200.jpeg 300w, https:\/\/gobierno.udd.cl\/cips\/files\/2023\/04\/whatsapp-image-2023-04-20-at-15-01-01-3-768x512.jpeg 768w\" \/>\t\t\t\t\t\t\t\t\t<\/figure>\n\t\t\t\t\t\t\t<figure>\n\t\t\t\t\t<img loading=\"lazy\" decoding=\"async\" width=\"1024\" height=\"683\" src=\"https:\/\/gobierno.udd.cl\/cips\/wp-content\/plugins\/wp-async-img-load\/blank.png\" class=\"attachment-1280x720 size-1280x720 lazyload\" alt=\"\" sizes=\"auto, (max-width: 1024px) 100vw, 1024px\" data-src=\"https:\/\/gobierno.udd.cl\/cips\/files\/2023\/04\/whatsapp-image-2023-04-20-at-15-01-02.jpeg\" data-srcset=\"https:\/\/gobierno.udd.cl\/cips\/files\/2023\/04\/whatsapp-image-2023-04-20-at-15-01-02.jpeg 1024w, https:\/\/gobierno.udd.cl\/cips\/files\/2023\/04\/whatsapp-image-2023-04-20-at-15-01-02-300x200.jpeg 300w, https:\/\/gobierno.udd.cl\/cips\/files\/2023\/04\/whatsapp-image-2023-04-20-at-15-01-02-768x512.jpeg 768w\" \/>\t\t\t\t\t\t\t\t\t<\/figure>\n\t\t\t\t\t<\/div>\n\t\t<div\n\t\t\tclass=\"carousel-gallery--carousel-dots\"\n\t\t\tid=\"dots-69f23a1a60084\"\n\t\t><\/div>\n\t<\/div>\n<\/section>\n\n\n\n<p>\u201c<em>En esta l\u00ednea es muy plausible todas las estrategias que la alcaldesa est\u00e1 planteando en una comuna donde tambi\u00e9n hay mucha movilidad y en donde quienes viven y trabajan o est\u00e1n de paso pueden aprovechar estos diferentes puntos, horarios y d\u00edas para vacunarse. Porque tambi\u00e9n hay que incentivar la vacunaci\u00f3n contra la influenza cuya cobertura es de 33%<\/em>\u201d agreg\u00f3 Daza.<\/p>\n\n\n\n<p><strong>VACUNACI\u00d3N INFANTIL<\/strong><\/p>\n\n\n\n<p>El an\u00e1lisis de CIPS UDD detect\u00f3 la baja cobertura en tercera y cuarta dosis para preescolares (de 3 a 5 a\u00f1os) y ni\u00f1os y ni\u00f1as de 6 a 11 a\u00f1os. En todo el pa\u00eds s\u00f3lo se han administrado 198.771 dosis de refuerzo a ni\u00f1os de 3 a 5 a\u00f1os, lo que representa apenas un 27% de cobertura en ni\u00f1os preescolares. \u201c<em>Los datos son peores para los ni\u00f1os de 3 a 5 a\u00f1os que deben ponerse la cuarta dosis: solo tenemos el 4,1% de cobertura, menos de 30 mil ni\u00f1os con cuarta dosis. Tenemos m\u00e1s de 415 mil de estos ni\u00f1os rezagados en tercera y cuarta dosis. Prevengamos que se enfermen y pongamos al d\u00eda con sus vacunas a los m\u00e1s peque\u00f1os quienes tambi\u00e9n deben recibir la dosis contra la Influenza<\/em>\u201d, coment\u00f3 Daza<\/p>\n\n\n\n<p>Similar situaci\u00f3n ocurre con los ni\u00f1os y ni\u00f1as entre 6 a 11 a\u00f1os en donde, si bien la cobertura de dosis de refuerzo es de 62%, en la cuarta dosis apenas alcanza el 12%. \u201cEso es muy bajo. En t\u00e9rminos concretos su inmunidad ha decrecido. Son ni\u00f1os que est\u00e1n desprotegidos. Contribuyamos a alcanzar la meta de ni\u00f1os vacunados al 80% para el 1 de junio. Para llegar a una cobertura de 80% de dosis de refuerzo, necesitamos administrar entre 6 mil a 8 mil dosis diarias en ni\u00f1os prescolares y de 6 a 11 a\u00f1os. Es un gran desaf\u00edo\u201d, sentenci\u00f3 Daza.<\/p>\n\n\n\n<p>Mira el informe semanal <strong><a href=\"https:\/\/gobierno.udd.cl\/cips\/files\/2023\/04\/informe-vacunacion-abril.pdf\" target=\"_blank\" rel=\"noreferrer noopener\">aqu\u00ed<\/a><\/strong>.<\/p>\n","protected":false},"excerpt":{"rendered":"<p>La directora ejecutiva de CIPS-UDD, Paula Daza, acompa\u00f1\u00f3 a la alcaldesa de Providencia, Evelyn Matthei, quien anunci\u00f3 medidas para incentivar la vacunaci\u00f3n tras la baja cobertura en dosis bivalente, influenza y vacunaci\u00f3n contra Covid-19 en la poblaci\u00f3n infantil. Al 17 de abril 2023 se registra una cobertura de 32,95% de toda la poblaci\u00f3n objetiva del [&hellip;]<\/p>\n","protected":false},"author":9192236,"featured_media":1215,"comment_status":"closed","ping_status":"open","sticky":false,"template":"","format":"standard","meta":{"footnotes":""},"categories":[3],"tags":[15,87,71,26,14,154,23,40],"class_list":["post-1206","post","type-post","status-publish","format-standard","has-post-thumbnail","hentry","category-noticias","tag-cips","tag-cips_udd","tag-cips-udd","tag-evelyn-matthei","tag-paula-daza","tag-providencia","tag-universidad-del-desarrollo","tag-vacunacion"],"yoast_head":"<!-- This site is optimized with the Yoast SEO plugin v26.9 - https:\/\/yoast.com\/product\/yoast-seo-wordpress\/ -->\n<title>Daza: \u201cSe debe quintuplicar el ritmo de vacunaci\u00f3n de la dosis bivalente para lograr el 80% antes de que empiece el invierno\u201d - Centro de Pol\u00edticas P\u00fablicas e Innovaci\u00f3n en Salud<\/title>\n<meta name=\"robots\" content=\"index, follow, max-snippet:-1, max-image-preview:large, max-video-preview:-1\" \/>\n<link rel=\"canonical\" href=\"https:\/\/gobierno.udd.cl\/cips\/2023\/04\/20\/daza-se-debe-quintuplicar-el-ritmo-de-vacunacion-de-la-dosis-bivalente-para-lograr-el-80-antes-de-que-empiece-el-invierno\/\" \/>\n<meta property=\"og:locale\" content=\"es_ES\" \/>\n<meta property=\"og:type\" content=\"article\" \/>\n<meta property=\"og:title\" content=\"Daza: \u201cSe debe quintuplicar el ritmo de vacunaci\u00f3n de la dosis bivalente para lograr el 80% antes de que empiece el invierno\u201d - Centro de Pol\u00edticas P\u00fablicas e Innovaci\u00f3n en Salud\" \/>\n<meta property=\"og:description\" content=\"La directora ejecutiva de CIPS-UDD, Paula Daza, acompa\u00f1\u00f3 a la alcaldesa de Providencia, Evelyn Matthei, quien anunci\u00f3 medidas para incentivar la vacunaci\u00f3n tras la baja cobertura en dosis bivalente, influenza y vacunaci\u00f3n contra Covid-19 en la poblaci\u00f3n infantil. Al 17 de abril 2023 se registra una cobertura de 32,95% de toda la poblaci\u00f3n objetiva del [&hellip;]\" \/>\n<meta property=\"og:url\" content=\"https:\/\/gobierno.udd.cl\/cips\/2023\/04\/20\/daza-se-debe-quintuplicar-el-ritmo-de-vacunacion-de-la-dosis-bivalente-para-lograr-el-80-antes-de-que-empiece-el-invierno\/\" \/>\n<meta property=\"og:site_name\" content=\"Centro de Pol\u00edticas P\u00fablicas e Innovaci\u00f3n en Salud\" \/>\n<meta property=\"article:publisher\" content=\"https:\/\/www.facebook.com\/CIPS.UDD\" \/>\n<meta property=\"article:published_time\" content=\"2023-04-20T18:43:45+00:00\" \/>\n<meta property=\"article:modified_time\" content=\"2023-04-20T21:42:14+00:00\" \/>\n<meta property=\"og:image\" content=\"https:\/\/gobierno.udd.cl\/cips\/files\/2023\/04\/whatsapp-image-2023-04-20-at-15-01-01.jpeg\" \/>\n\t<meta property=\"og:image:width\" content=\"1024\" \/>\n\t<meta property=\"og:image:height\" content=\"683\" \/>\n\t<meta property=\"og:image:type\" content=\"image\/jpeg\" \/>\n<meta name=\"author\" content=\"ccararo\" \/>\n<meta name=\"twitter:card\" content=\"summary_large_image\" \/>\n<meta name=\"twitter:creator\" content=\"@CIPS_UDD\" \/>\n<meta name=\"twitter:site\" content=\"@CIPS_UDD\" \/>\n<meta name=\"twitter:label1\" content=\"Escrito por\" \/>\n\t<meta name=\"twitter:data1\" content=\"ccararo\" \/>\n\t<meta name=\"twitter:label2\" content=\"Tiempo de lectura\" \/>\n\t<meta name=\"twitter:data2\" content=\"4 minutos\" \/>\n<script type=\"application\/ld+json\" class=\"yoast-schema-graph\">{\"@context\":\"https:\/\/schema.org\",\"@graph\":[{\"@type\":\"Article\",\"@id\":\"https:\/\/gobierno.udd.cl\/cips\/2023\/04\/20\/daza-se-debe-quintuplicar-el-ritmo-de-vacunacion-de-la-dosis-bivalente-para-lograr-el-80-antes-de-que-empiece-el-invierno\/#article\",\"isPartOf\":{\"@id\":\"https:\/\/gobierno.udd.cl\/cips\/2023\/04\/20\/daza-se-debe-quintuplicar-el-ritmo-de-vacunacion-de-la-dosis-bivalente-para-lograr-el-80-antes-de-que-empiece-el-invierno\/\"},\"author\":{\"name\":\"ccararo\",\"@id\":\"https:\/\/gobierno.udd.cl\/cips\/#\/schema\/person\/9d509bb16e7d8299d075f0e90b5d7d00\"},\"headline\":\"Daza: \u201cSe debe quintuplicar el ritmo de vacunaci\u00f3n de la dosis bivalente para lograr el 80% antes de que empiece el invierno\u201d\",\"datePublished\":\"2023-04-20T18:43:45+00:00\",\"dateModified\":\"2023-04-20T21:42:14+00:00\",\"mainEntityOfPage\":{\"@id\":\"https:\/\/gobierno.udd.cl\/cips\/2023\/04\/20\/daza-se-debe-quintuplicar-el-ritmo-de-vacunacion-de-la-dosis-bivalente-para-lograr-el-80-antes-de-que-empiece-el-invierno\/\"},\"wordCount\":606,\"image\":{\"@id\":\"https:\/\/gobierno.udd.cl\/cips\/2023\/04\/20\/daza-se-debe-quintuplicar-el-ritmo-de-vacunacion-de-la-dosis-bivalente-para-lograr-el-80-antes-de-que-empiece-el-invierno\/#primaryimage\"},\"thumbnailUrl\":\"https:\/\/gobierno.udd.cl\/cips\/files\/2023\/04\/whatsapp-image-2023-04-20-at-15-01-01.jpeg\",\"keywords\":[\"CIPS\",\"cips_udd\",\"CIPS-udd\",\"evelyn matthei\",\"Paula Daza\",\"providencia\",\"Universidad del Desarrollo\",\"vacunaci\u00f3n\"],\"articleSection\":[\"Noticias\"],\"inLanguage\":\"es\"},{\"@type\":\"WebPage\",\"@id\":\"https:\/\/gobierno.udd.cl\/cips\/2023\/04\/20\/daza-se-debe-quintuplicar-el-ritmo-de-vacunacion-de-la-dosis-bivalente-para-lograr-el-80-antes-de-que-empiece-el-invierno\/\",\"url\":\"https:\/\/gobierno.udd.cl\/cips\/2023\/04\/20\/daza-se-debe-quintuplicar-el-ritmo-de-vacunacion-de-la-dosis-bivalente-para-lograr-el-80-antes-de-que-empiece-el-invierno\/\",\"name\":\"Daza: \u201cSe debe quintuplicar el ritmo de vacunaci\u00f3n de la dosis bivalente para lograr el 80% antes de que empiece el invierno\u201d - Centro de Pol\u00edticas P\u00fablicas e Innovaci\u00f3n en Salud\",\"isPartOf\":{\"@id\":\"https:\/\/gobierno.udd.cl\/cips\/#website\"},\"primaryImageOfPage\":{\"@id\":\"https:\/\/gobierno.udd.cl\/cips\/2023\/04\/20\/daza-se-debe-quintuplicar-el-ritmo-de-vacunacion-de-la-dosis-bivalente-para-lograr-el-80-antes-de-que-empiece-el-invierno\/#primaryimage\"},\"image\":{\"@id\":\"https:\/\/gobierno.udd.cl\/cips\/2023\/04\/20\/daza-se-debe-quintuplicar-el-ritmo-de-vacunacion-de-la-dosis-bivalente-para-lograr-el-80-antes-de-que-empiece-el-invierno\/#primaryimage\"},\"thumbnailUrl\":\"https:\/\/gobierno.udd.cl\/cips\/files\/2023\/04\/whatsapp-image-2023-04-20-at-15-01-01.jpeg\",\"datePublished\":\"2023-04-20T18:43:45+00:00\",\"dateModified\":\"2023-04-20T21:42:14+00:00\",\"author\":{\"@id\":\"https:\/\/gobierno.udd.cl\/cips\/#\/schema\/person\/9d509bb16e7d8299d075f0e90b5d7d00\"},\"breadcrumb\":{\"@id\":\"https:\/\/gobierno.udd.cl\/cips\/2023\/04\/20\/daza-se-debe-quintuplicar-el-ritmo-de-vacunacion-de-la-dosis-bivalente-para-lograr-el-80-antes-de-que-empiece-el-invierno\/#breadcrumb\"},\"inLanguage\":\"es\",\"potentialAction\":[{\"@type\":\"ReadAction\",\"target\":[\"https:\/\/gobierno.udd.cl\/cips\/2023\/04\/20\/daza-se-debe-quintuplicar-el-ritmo-de-vacunacion-de-la-dosis-bivalente-para-lograr-el-80-antes-de-que-empiece-el-invierno\/\"]}]},{\"@type\":\"ImageObject\",\"inLanguage\":\"es\",\"@id\":\"https:\/\/gobierno.udd.cl\/cips\/2023\/04\/20\/daza-se-debe-quintuplicar-el-ritmo-de-vacunacion-de-la-dosis-bivalente-para-lograr-el-80-antes-de-que-empiece-el-invierno\/#primaryimage\",\"url\":\"https:\/\/gobierno.udd.cl\/cips\/files\/2023\/04\/whatsapp-image-2023-04-20-at-15-01-01.jpeg\",\"contentUrl\":\"https:\/\/gobierno.udd.cl\/cips\/files\/2023\/04\/whatsapp-image-2023-04-20-at-15-01-01.jpeg\",\"width\":1024,\"height\":683},{\"@type\":\"BreadcrumbList\",\"@id\":\"https:\/\/gobierno.udd.cl\/cips\/2023\/04\/20\/daza-se-debe-quintuplicar-el-ritmo-de-vacunacion-de-la-dosis-bivalente-para-lograr-el-80-antes-de-que-empiece-el-invierno\/#breadcrumb\",\"itemListElement\":[{\"@type\":\"ListItem\",\"position\":1,\"name\":\"Portada\",\"item\":\"https:\/\/gobierno.udd.cl\/cips\/\"},{\"@type\":\"ListItem\",\"position\":2,\"name\":\"Daza: \u201cSe debe quintuplicar el ritmo de vacunaci\u00f3n de la dosis bivalente para lograr el 80% antes de que empiece el invierno\u201d\"}]},{\"@type\":\"WebSite\",\"@id\":\"https:\/\/gobierno.udd.cl\/cips\/#website\",\"url\":\"https:\/\/gobierno.udd.cl\/cips\/\",\"name\":\"Centro de Pol\u00edticas P\u00fablicas e Innovaci\u00f3n en Salud\",\"description\":\"CIPS-UDD\",\"inLanguage\":\"es\"},{\"@type\":\"Person\",\"@id\":\"https:\/\/gobierno.udd.cl\/cips\/#\/schema\/person\/9d509bb16e7d8299d075f0e90b5d7d00\",\"name\":\"ccararo\",\"image\":{\"@type\":\"ImageObject\",\"inLanguage\":\"es\",\"@id\":\"https:\/\/gobierno.udd.cl\/cips\/#\/schema\/person\/image\/\",\"url\":\"https:\/\/secure.gravatar.com\/avatar\/fe809aec6c8a49b41db481a62d9671eec512578ac25cf41f7420b8069513828c?s=96&d=mm&r=g\",\"contentUrl\":\"https:\/\/secure.gravatar.com\/avatar\/fe809aec6c8a49b41db481a62d9671eec512578ac25cf41f7420b8069513828c?s=96&d=mm&r=g\",\"caption\":\"ccararo\"},\"url\":\"https:\/\/gobierno.udd.cl\/cips\/author\/ccararo\/\"}]}<\/script>\n<!-- \/ Yoast SEO plugin. -->","yoast_head_json":{"title":"Daza: \u201cSe debe quintuplicar el ritmo de vacunaci\u00f3n de la dosis bivalente para lograr el 80% antes de que empiece el invierno\u201d - Centro de Pol\u00edticas P\u00fablicas e Innovaci\u00f3n en Salud","robots":{"index":"index","follow":"follow","max-snippet":"max-snippet:-1","max-image-preview":"max-image-preview:large","max-video-preview":"max-video-preview:-1"},"canonical":"https:\/\/gobierno.udd.cl\/cips\/2023\/04\/20\/daza-se-debe-quintuplicar-el-ritmo-de-vacunacion-de-la-dosis-bivalente-para-lograr-el-80-antes-de-que-empiece-el-invierno\/","og_locale":"es_ES","og_type":"article","og_title":"Daza: \u201cSe debe quintuplicar el ritmo de vacunaci\u00f3n de la dosis bivalente para lograr el 80% antes de que empiece el invierno\u201d - Centro de Pol\u00edticas P\u00fablicas e Innovaci\u00f3n en Salud","og_description":"La directora ejecutiva de CIPS-UDD, Paula Daza, acompa\u00f1\u00f3 a la alcaldesa de Providencia, Evelyn Matthei, quien anunci\u00f3 medidas para incentivar la vacunaci\u00f3n tras la baja cobertura en dosis bivalente, influenza y vacunaci\u00f3n contra Covid-19 en la poblaci\u00f3n infantil. Al 17 de abril 2023 se registra una cobertura de 32,95% de toda la poblaci\u00f3n objetiva del [&hellip;]","og_url":"https:\/\/gobierno.udd.cl\/cips\/2023\/04\/20\/daza-se-debe-quintuplicar-el-ritmo-de-vacunacion-de-la-dosis-bivalente-para-lograr-el-80-antes-de-que-empiece-el-invierno\/","og_site_name":"Centro de Pol\u00edticas P\u00fablicas e Innovaci\u00f3n en Salud","article_publisher":"https:\/\/www.facebook.com\/CIPS.UDD","article_published_time":"2023-04-20T18:43:45+00:00","article_modified_time":"2023-04-20T21:42:14+00:00","og_image":[{"width":1024,"height":683,"url":"https:\/\/gobierno.udd.cl\/cips\/files\/2023\/04\/whatsapp-image-2023-04-20-at-15-01-01.jpeg","type":"image\/jpeg"}],"author":"ccararo","twitter_card":"summary_large_image","twitter_creator":"@CIPS_UDD","twitter_site":"@CIPS_UDD","twitter_misc":{"Escrito por":"ccararo","Tiempo de lectura":"4 minutos"},"schema":{"@context":"https:\/\/schema.org","@graph":[{"@type":"Article","@id":"https:\/\/gobierno.udd.cl\/cips\/2023\/04\/20\/daza-se-debe-quintuplicar-el-ritmo-de-vacunacion-de-la-dosis-bivalente-para-lograr-el-80-antes-de-que-empiece-el-invierno\/#article","isPartOf":{"@id":"https:\/\/gobierno.udd.cl\/cips\/2023\/04\/20\/daza-se-debe-quintuplicar-el-ritmo-de-vacunacion-de-la-dosis-bivalente-para-lograr-el-80-antes-de-que-empiece-el-invierno\/"},"author":{"name":"ccararo","@id":"https:\/\/gobierno.udd.cl\/cips\/#\/schema\/person\/9d509bb16e7d8299d075f0e90b5d7d00"},"headline":"Daza: \u201cSe debe quintuplicar el ritmo de vacunaci\u00f3n de la dosis bivalente para lograr el 80% antes de que empiece el invierno\u201d","datePublished":"2023-04-20T18:43:45+00:00","dateModified":"2023-04-20T21:42:14+00:00","mainEntityOfPage":{"@id":"https:\/\/gobierno.udd.cl\/cips\/2023\/04\/20\/daza-se-debe-quintuplicar-el-ritmo-de-vacunacion-de-la-dosis-bivalente-para-lograr-el-80-antes-de-que-empiece-el-invierno\/"},"wordCount":606,"image":{"@id":"https:\/\/gobierno.udd.cl\/cips\/2023\/04\/20\/daza-se-debe-quintuplicar-el-ritmo-de-vacunacion-de-la-dosis-bivalente-para-lograr-el-80-antes-de-que-empiece-el-invierno\/#primaryimage"},"thumbnailUrl":"https:\/\/gobierno.udd.cl\/cips\/files\/2023\/04\/whatsapp-image-2023-04-20-at-15-01-01.jpeg","keywords":["CIPS","cips_udd","CIPS-udd","evelyn matthei","Paula Daza","providencia","Universidad del Desarrollo","vacunaci\u00f3n"],"articleSection":["Noticias"],"inLanguage":"es"},{"@type":"WebPage","@id":"https:\/\/gobierno.udd.cl\/cips\/2023\/04\/20\/daza-se-debe-quintuplicar-el-ritmo-de-vacunacion-de-la-dosis-bivalente-para-lograr-el-80-antes-de-que-empiece-el-invierno\/","url":"https:\/\/gobierno.udd.cl\/cips\/2023\/04\/20\/daza-se-debe-quintuplicar-el-ritmo-de-vacunacion-de-la-dosis-bivalente-para-lograr-el-80-antes-de-que-empiece-el-invierno\/","name":"Daza: \u201cSe debe quintuplicar el ritmo de vacunaci\u00f3n de la dosis bivalente para lograr el 80% antes de que empiece el invierno\u201d - Centro de Pol\u00edticas P\u00fablicas e Innovaci\u00f3n en Salud","isPartOf":{"@id":"https:\/\/gobierno.udd.cl\/cips\/#website"},"primaryImageOfPage":{"@id":"https:\/\/gobierno.udd.cl\/cips\/2023\/04\/20\/daza-se-debe-quintuplicar-el-ritmo-de-vacunacion-de-la-dosis-bivalente-para-lograr-el-80-antes-de-que-empiece-el-invierno\/#primaryimage"},"image":{"@id":"https:\/\/gobierno.udd.cl\/cips\/2023\/04\/20\/daza-se-debe-quintuplicar-el-ritmo-de-vacunacion-de-la-dosis-bivalente-para-lograr-el-80-antes-de-que-empiece-el-invierno\/#primaryimage"},"thumbnailUrl":"https:\/\/gobierno.udd.cl\/cips\/files\/2023\/04\/whatsapp-image-2023-04-20-at-15-01-01.jpeg","datePublished":"2023-04-20T18:43:45+00:00","dateModified":"2023-04-20T21:42:14+00:00","author":{"@id":"https:\/\/gobierno.udd.cl\/cips\/#\/schema\/person\/9d509bb16e7d8299d075f0e90b5d7d00"},"breadcrumb":{"@id":"https:\/\/gobierno.udd.cl\/cips\/2023\/04\/20\/daza-se-debe-quintuplicar-el-ritmo-de-vacunacion-de-la-dosis-bivalente-para-lograr-el-80-antes-de-que-empiece-el-invierno\/#breadcrumb"},"inLanguage":"es","potentialAction":[{"@type":"ReadAction","target":["https:\/\/gobierno.udd.cl\/cips\/2023\/04\/20\/daza-se-debe-quintuplicar-el-ritmo-de-vacunacion-de-la-dosis-bivalente-para-lograr-el-80-antes-de-que-empiece-el-invierno\/"]}]},{"@type":"ImageObject","inLanguage":"es","@id":"https:\/\/gobierno.udd.cl\/cips\/2023\/04\/20\/daza-se-debe-quintuplicar-el-ritmo-de-vacunacion-de-la-dosis-bivalente-para-lograr-el-80-antes-de-que-empiece-el-invierno\/#primaryimage","url":"https:\/\/gobierno.udd.cl\/cips\/files\/2023\/04\/whatsapp-image-2023-04-20-at-15-01-01.jpeg","contentUrl":"https:\/\/gobierno.udd.cl\/cips\/files\/2023\/04\/whatsapp-image-2023-04-20-at-15-01-01.jpeg","width":1024,"height":683},{"@type":"BreadcrumbList","@id":"https:\/\/gobierno.udd.cl\/cips\/2023\/04\/20\/daza-se-debe-quintuplicar-el-ritmo-de-vacunacion-de-la-dosis-bivalente-para-lograr-el-80-antes-de-que-empiece-el-invierno\/#breadcrumb","itemListElement":[{"@type":"ListItem","position":1,"name":"Portada","item":"https:\/\/gobierno.udd.cl\/cips\/"},{"@type":"ListItem","position":2,"name":"Daza: \u201cSe debe quintuplicar el ritmo de vacunaci\u00f3n de la dosis bivalente para lograr el 80% antes de que empiece el invierno\u201d"}]},{"@type":"WebSite","@id":"https:\/\/gobierno.udd.cl\/cips\/#website","url":"https:\/\/gobierno.udd.cl\/cips\/","name":"Centro de Pol\u00edticas P\u00fablicas e Innovaci\u00f3n en Salud","description":"CIPS-UDD","inLanguage":"es"},{"@type":"Person","@id":"https:\/\/gobierno.udd.cl\/cips\/#\/schema\/person\/9d509bb16e7d8299d075f0e90b5d7d00","name":"ccararo","image":{"@type":"ImageObject","inLanguage":"es","@id":"https:\/\/gobierno.udd.cl\/cips\/#\/schema\/person\/image\/","url":"https:\/\/secure.gravatar.com\/avatar\/fe809aec6c8a49b41db481a62d9671eec512578ac25cf41f7420b8069513828c?s=96&d=mm&r=g","contentUrl":"https:\/\/secure.gravatar.com\/avatar\/fe809aec6c8a49b41db481a62d9671eec512578ac25cf41f7420b8069513828c?s=96&d=mm&r=g","caption":"ccararo"},"url":"https:\/\/gobierno.udd.cl\/cips\/author\/ccararo\/"}]}},"featured_image_url":"https:\/\/gobierno.udd.cl\/cips\/files\/2023\/04\/whatsapp-image-2023-04-20-at-15-01-01.jpeg","_links":{"self":[{"href":"https:\/\/gobierno.udd.cl\/cips\/wp-json\/wp\/v2\/posts\/1206","targetHints":{"allow":["GET"]}}],"collection":[{"href":"https:\/\/gobierno.udd.cl\/cips\/wp-json\/wp\/v2\/posts"}],"about":[{"href":"https:\/\/gobierno.udd.cl\/cips\/wp-json\/wp\/v2\/types\/post"}],"author":[{"embeddable":true,"href":"https:\/\/gobierno.udd.cl\/cips\/wp-json\/wp\/v2\/users\/9192236"}],"replies":[{"embeddable":true,"href":"https:\/\/gobierno.udd.cl\/cips\/wp-json\/wp\/v2\/comments?post=1206"}],"version-history":[{"count":4,"href":"https:\/\/gobierno.udd.cl\/cips\/wp-json\/wp\/v2\/posts\/1206\/revisions"}],"predecessor-version":[{"id":1220,"href":"https:\/\/gobierno.udd.cl\/cips\/wp-json\/wp\/v2\/posts\/1206\/revisions\/1220"}],"wp:featuredmedia":[{"embeddable":true,"href":"https:\/\/gobierno.udd.cl\/cips\/wp-json\/wp\/v2\/media\/1215"}],"wp:attachment":[{"href":"https:\/\/gobierno.udd.cl\/cips\/wp-json\/wp\/v2\/media?parent=1206"}],"wp:term":[{"taxonomy":"category","embeddable":true,"href":"https:\/\/gobierno.udd.cl\/cips\/wp-json\/wp\/v2\/categories?post=1206"},{"taxonomy":"post_tag","embeddable":true,"href":"https:\/\/gobierno.udd.cl\/cips\/wp-json\/wp\/v2\/tags?post=1206"}],"curies":[{"name":"wp","href":"https:\/\/api.w.org\/{rel}","templated":true}]}}