{"id":1201,"date":"2023-04-19T09:16:12","date_gmt":"2023-04-19T13:16:12","guid":{"rendered":"https:\/\/gobierno.udd.cl\/cips\/?p=1201"},"modified":"2023-04-19T09:19:25","modified_gmt":"2023-04-19T13:19:25","slug":"directora-ejecutiva-de-cips-udd-expone-en-seminario-de-cancer-cervicouterino-en-estados-unidos","status":"publish","type":"post","link":"https:\/\/gobierno.udd.cl\/cips\/2023\/04\/19\/directora-ejecutiva-de-cips-udd-expone-en-seminario-de-cancer-cervicouterino-en-estados-unidos\/","title":{"rendered":"Directora Ejecutiva de CIPS-UDD expone en seminario de c\u00e1ncer cervicouterino en Estados Unidos"},"content":{"rendered":"\n<p><em>Paula Daza lleg\u00f3 hasta Washington DC para participar en la 35\u00b0 Conferencia Internacional sobre el Virus del Papiloma y mesas redondas de Ciencias B\u00e1sicas, Investigaci\u00f3n Cl\u00ednica y de Salud P\u00fablica.<\/em><\/p>\n\n\n\n<p>La <strong>Directora Ejecutiva de CIPS<\/strong> particip\u00f3 hoy en la mesa redonda \u201cMejorando las estrategias de eliminaci\u00f3n del C\u00e1ncer Cervicouterino en Am\u00e9rica Latina y el Caribe\u00bb, la cual forma parte de la 35\u00b0 Conferencia Internacional sobre el Virus del Papiloma llevada a cabo en Estados Unidos.<\/p>\n\n\n\n<p>En la oportunidad, Daza dio expuso sobre el contexto Latinoamericanos y chileno, enfoc\u00e1ndose en los programas de diagn\u00f3stico y prevenci\u00f3n que tiene el pa\u00eds, pero tambi\u00e9n analiz\u00f3 los desaf\u00edos que se tienen tanto a nivel local como internacional.<\/p>\n\n\n\n<p><em>\u201cAl c\u00e1ncer cervicouterino hay que darle la misma importancia que tiene el c\u00e1ncer de mama desde el punto de vista comunicacional. Para eso es clave mostrar la evidencia, para que produzca un cambio de comportamiento en las mujeres orientado al diagn\u00f3stico precoz y la prevenci\u00f3n\u201d<\/em>, dijo.<\/p>\n\n\n\n<p>Cientos de profesionales de distintas partes del mundo se han reunido para dar a conocer los distintos avances en la investigaci\u00f3n de VPH, as\u00ed como tambi\u00e9n pol\u00edticas p\u00fablicas en materia de prevenci\u00f3n y control global de enfermedades vinculadas con este c\u00e1ncer.<\/p>\n\n\n\n<p>El prop\u00f3sito de la conferencia es unirse para eliminar el VPH ampliando el conocimiento de todos los profesionales presentes. <em>\u201cSin duda lo que aqu\u00ed se expuso resulta clave para CIPS UDD que ha estado analizando los retrasos en diagn\u00f3stico y tratamiento de los distintos tipos de C\u00e1ncer que est\u00e1n en el GES y en donde este c\u00e1ncer aparece con mayor cantidad de atrasos. Conocer otras experiencias nos impulsar\u00e1 como centro a crear alianzas p\u00fablico- privadas y acad\u00e9micas para contribuir en disminuir este tipo de c\u00e1ncer en Chile\u201d<\/em>, comenta <strong>Daza <\/strong>desde Washington.<\/p>\n\n\n\n<p>Su participaci\u00f3n se suma a otro evento realizado a finales de marzo, en donde tambi\u00e9n se abord\u00f3 los desaf\u00edos de c\u00e1ncer cervicouterino dentro del Foro Latinoamericano por la Prevenci\u00f3n del C\u00e1ncer de Cuello Uterino. Un evento en que participaron nueve pa\u00edses de la regi\u00f3n comentando experiencias y avances para prevenir y disminuir los casos y fallecimientos por esta enfermedad.<\/p>\n\n\n\n<p>Revisa los informes de CIPS por c\u00e1ncer <strong><a href=\"https:\/\/gobierno.udd.cl\/cips\/publicaciones\/\" target=\"_blank\" rel=\"noreferrer noopener\">aqu\u00ed<\/a><\/strong>.<\/p>\n","protected":false},"excerpt":{"rendered":"<p>Paula Daza lleg\u00f3 hasta Washington DC para participar en la 35\u00b0 Conferencia Internacional sobre el Virus del Papiloma y mesas redondas de Ciencias B\u00e1sicas, Investigaci\u00f3n Cl\u00ednica y de Salud P\u00fablica. La Directora Ejecutiva de CIPS particip\u00f3 hoy en la mesa redonda \u201cMejorando las estrategias de eliminaci\u00f3n del C\u00e1ncer Cervicouterino en Am\u00e9rica Latina y el Caribe\u00bb, [&hellip;]<\/p>\n","protected":false},"author":9192236,"featured_media":1202,"comment_status":"closed","ping_status":"open","sticky":false,"template":"","format":"standard","meta":{"footnotes":""},"categories":[3],"tags":[135,15,87,71,14],"class_list":["post-1201","post","type-post","status-publish","format-standard","has-post-thumbnail","hentry","category-noticias","tag-cancer","tag-cips","tag-cips_udd","tag-cips-udd","tag-paula-daza"],"yoast_head":"<!-- This site is optimized with the Yoast SEO plugin v26.9 - https:\/\/yoast.com\/product\/yoast-seo-wordpress\/ -->\n<title>Directora Ejecutiva de CIPS-UDD expone en seminario de c\u00e1ncer cervicouterino en Estados Unidos - Centro de Pol\u00edticas P\u00fablicas e Innovaci\u00f3n en Salud<\/title>\n<meta name=\"robots\" content=\"index, follow, max-snippet:-1, max-image-preview:large, max-video-preview:-1\" \/>\n<link rel=\"canonical\" href=\"https:\/\/gobierno.udd.cl\/cips\/2023\/04\/19\/directora-ejecutiva-de-cips-udd-expone-en-seminario-de-cancer-cervicouterino-en-estados-unidos\/\" \/>\n<meta property=\"og:locale\" content=\"es_ES\" \/>\n<meta property=\"og:type\" content=\"article\" \/>\n<meta property=\"og:title\" content=\"Directora Ejecutiva de CIPS-UDD expone en seminario de c\u00e1ncer cervicouterino en Estados Unidos - Centro de Pol\u00edticas P\u00fablicas e Innovaci\u00f3n en Salud\" \/>\n<meta property=\"og:description\" content=\"Paula Daza lleg\u00f3 hasta Washington DC para participar en la 35\u00b0 Conferencia Internacional sobre el Virus del Papiloma y mesas redondas de Ciencias B\u00e1sicas, Investigaci\u00f3n Cl\u00ednica y de Salud P\u00fablica. La Directora Ejecutiva de CIPS particip\u00f3 hoy en la mesa redonda \u201cMejorando las estrategias de eliminaci\u00f3n del C\u00e1ncer Cervicouterino en Am\u00e9rica Latina y el Caribe\u00bb, [&hellip;]\" \/>\n<meta property=\"og:url\" content=\"https:\/\/gobierno.udd.cl\/cips\/2023\/04\/19\/directora-ejecutiva-de-cips-udd-expone-en-seminario-de-cancer-cervicouterino-en-estados-unidos\/\" \/>\n<meta property=\"og:site_name\" content=\"Centro de Pol\u00edticas P\u00fablicas e Innovaci\u00f3n en Salud\" \/>\n<meta property=\"article:publisher\" content=\"https:\/\/www.facebook.com\/CIPS.UDD\" \/>\n<meta property=\"article:published_time\" content=\"2023-04-19T13:16:12+00:00\" \/>\n<meta property=\"article:modified_time\" content=\"2023-04-19T13:19:25+00:00\" \/>\n<meta property=\"og:image\" content=\"https:\/\/gobierno.udd.cl\/cips\/files\/2023\/04\/image-13-e1681910165808.png\" \/>\n\t<meta property=\"og:image:width\" content=\"770\" \/>\n\t<meta property=\"og:image:height\" content=\"524\" \/>\n\t<meta property=\"og:image:type\" content=\"image\/png\" \/>\n<meta name=\"author\" content=\"ccararo\" \/>\n<meta name=\"twitter:card\" content=\"summary_large_image\" \/>\n<meta name=\"twitter:creator\" content=\"@CIPS_UDD\" \/>\n<meta name=\"twitter:site\" content=\"@CIPS_UDD\" \/>\n<meta name=\"twitter:label1\" content=\"Escrito por\" \/>\n\t<meta name=\"twitter:data1\" content=\"ccararo\" \/>\n\t<meta name=\"twitter:label2\" content=\"Tiempo de lectura\" \/>\n\t<meta name=\"twitter:data2\" content=\"2 minutos\" \/>\n<script type=\"application\/ld+json\" class=\"yoast-schema-graph\">{\"@context\":\"https:\/\/schema.org\",\"@graph\":[{\"@type\":\"Article\",\"@id\":\"https:\/\/gobierno.udd.cl\/cips\/2023\/04\/19\/directora-ejecutiva-de-cips-udd-expone-en-seminario-de-cancer-cervicouterino-en-estados-unidos\/#article\",\"isPartOf\":{\"@id\":\"https:\/\/gobierno.udd.cl\/cips\/2023\/04\/19\/directora-ejecutiva-de-cips-udd-expone-en-seminario-de-cancer-cervicouterino-en-estados-unidos\/\"},\"author\":{\"name\":\"ccararo\",\"@id\":\"https:\/\/gobierno.udd.cl\/cips\/#\/schema\/person\/9d509bb16e7d8299d075f0e90b5d7d00\"},\"headline\":\"Directora Ejecutiva de CIPS-UDD expone en seminario de c\u00e1ncer cervicouterino en Estados Unidos\",\"datePublished\":\"2023-04-19T13:16:12+00:00\",\"dateModified\":\"2023-04-19T13:19:25+00:00\",\"mainEntityOfPage\":{\"@id\":\"https:\/\/gobierno.udd.cl\/cips\/2023\/04\/19\/directora-ejecutiva-de-cips-udd-expone-en-seminario-de-cancer-cervicouterino-en-estados-unidos\/\"},\"wordCount\":410,\"image\":{\"@id\":\"https:\/\/gobierno.udd.cl\/cips\/2023\/04\/19\/directora-ejecutiva-de-cips-udd-expone-en-seminario-de-cancer-cervicouterino-en-estados-unidos\/#primaryimage\"},\"thumbnailUrl\":\"https:\/\/gobierno.udd.cl\/cips\/files\/2023\/04\/image-13-e1681910165808.png\",\"keywords\":[\"cancer\",\"CIPS\",\"cips_udd\",\"CIPS-udd\",\"Paula Daza\"],\"articleSection\":[\"Noticias\"],\"inLanguage\":\"es\"},{\"@type\":\"WebPage\",\"@id\":\"https:\/\/gobierno.udd.cl\/cips\/2023\/04\/19\/directora-ejecutiva-de-cips-udd-expone-en-seminario-de-cancer-cervicouterino-en-estados-unidos\/\",\"url\":\"https:\/\/gobierno.udd.cl\/cips\/2023\/04\/19\/directora-ejecutiva-de-cips-udd-expone-en-seminario-de-cancer-cervicouterino-en-estados-unidos\/\",\"name\":\"Directora Ejecutiva de CIPS-UDD expone en seminario de c\u00e1ncer cervicouterino en Estados Unidos - Centro de Pol\u00edticas P\u00fablicas e Innovaci\u00f3n en Salud\",\"isPartOf\":{\"@id\":\"https:\/\/gobierno.udd.cl\/cips\/#website\"},\"primaryImageOfPage\":{\"@id\":\"https:\/\/gobierno.udd.cl\/cips\/2023\/04\/19\/directora-ejecutiva-de-cips-udd-expone-en-seminario-de-cancer-cervicouterino-en-estados-unidos\/#primaryimage\"},\"image\":{\"@id\":\"https:\/\/gobierno.udd.cl\/cips\/2023\/04\/19\/directora-ejecutiva-de-cips-udd-expone-en-seminario-de-cancer-cervicouterino-en-estados-unidos\/#primaryimage\"},\"thumbnailUrl\":\"https:\/\/gobierno.udd.cl\/cips\/files\/2023\/04\/image-13-e1681910165808.png\",\"datePublished\":\"2023-04-19T13:16:12+00:00\",\"dateModified\":\"2023-04-19T13:19:25+00:00\",\"author\":{\"@id\":\"https:\/\/gobierno.udd.cl\/cips\/#\/schema\/person\/9d509bb16e7d8299d075f0e90b5d7d00\"},\"breadcrumb\":{\"@id\":\"https:\/\/gobierno.udd.cl\/cips\/2023\/04\/19\/directora-ejecutiva-de-cips-udd-expone-en-seminario-de-cancer-cervicouterino-en-estados-unidos\/#breadcrumb\"},\"inLanguage\":\"es\",\"potentialAction\":[{\"@type\":\"ReadAction\",\"target\":[\"https:\/\/gobierno.udd.cl\/cips\/2023\/04\/19\/directora-ejecutiva-de-cips-udd-expone-en-seminario-de-cancer-cervicouterino-en-estados-unidos\/\"]}]},{\"@type\":\"ImageObject\",\"inLanguage\":\"es\",\"@id\":\"https:\/\/gobierno.udd.cl\/cips\/2023\/04\/19\/directora-ejecutiva-de-cips-udd-expone-en-seminario-de-cancer-cervicouterino-en-estados-unidos\/#primaryimage\",\"url\":\"https:\/\/gobierno.udd.cl\/cips\/files\/2023\/04\/image-13-e1681910165808.png\",\"contentUrl\":\"https:\/\/gobierno.udd.cl\/cips\/files\/2023\/04\/image-13-e1681910165808.png\",\"width\":770,\"height\":524},{\"@type\":\"BreadcrumbList\",\"@id\":\"https:\/\/gobierno.udd.cl\/cips\/2023\/04\/19\/directora-ejecutiva-de-cips-udd-expone-en-seminario-de-cancer-cervicouterino-en-estados-unidos\/#breadcrumb\",\"itemListElement\":[{\"@type\":\"ListItem\",\"position\":1,\"name\":\"Portada\",\"item\":\"https:\/\/gobierno.udd.cl\/cips\/\"},{\"@type\":\"ListItem\",\"position\":2,\"name\":\"Directora Ejecutiva de CIPS-UDD expone en seminario de c\u00e1ncer cervicouterino en Estados Unidos\"}]},{\"@type\":\"WebSite\",\"@id\":\"https:\/\/gobierno.udd.cl\/cips\/#website\",\"url\":\"https:\/\/gobierno.udd.cl\/cips\/\",\"name\":\"Centro de Pol\u00edticas P\u00fablicas e Innovaci\u00f3n en Salud\",\"description\":\"CIPS-UDD\",\"inLanguage\":\"es\"},{\"@type\":\"Person\",\"@id\":\"https:\/\/gobierno.udd.cl\/cips\/#\/schema\/person\/9d509bb16e7d8299d075f0e90b5d7d00\",\"name\":\"ccararo\",\"image\":{\"@type\":\"ImageObject\",\"inLanguage\":\"es\",\"@id\":\"https:\/\/gobierno.udd.cl\/cips\/#\/schema\/person\/image\/\",\"url\":\"https:\/\/secure.gravatar.com\/avatar\/fe809aec6c8a49b41db481a62d9671eec512578ac25cf41f7420b8069513828c?s=96&d=mm&r=g\",\"contentUrl\":\"https:\/\/secure.gravatar.com\/avatar\/fe809aec6c8a49b41db481a62d9671eec512578ac25cf41f7420b8069513828c?s=96&d=mm&r=g\",\"caption\":\"ccararo\"},\"url\":\"https:\/\/gobierno.udd.cl\/cips\/author\/ccararo\/\"}]}<\/script>\n<!-- \/ Yoast SEO plugin. -->","yoast_head_json":{"title":"Directora Ejecutiva de CIPS-UDD expone en seminario de c\u00e1ncer cervicouterino en Estados Unidos - Centro de Pol\u00edticas P\u00fablicas e Innovaci\u00f3n en Salud","robots":{"index":"index","follow":"follow","max-snippet":"max-snippet:-1","max-image-preview":"max-image-preview:large","max-video-preview":"max-video-preview:-1"},"canonical":"https:\/\/gobierno.udd.cl\/cips\/2023\/04\/19\/directora-ejecutiva-de-cips-udd-expone-en-seminario-de-cancer-cervicouterino-en-estados-unidos\/","og_locale":"es_ES","og_type":"article","og_title":"Directora Ejecutiva de CIPS-UDD expone en seminario de c\u00e1ncer cervicouterino en Estados Unidos - Centro de Pol\u00edticas P\u00fablicas e Innovaci\u00f3n en Salud","og_description":"Paula Daza lleg\u00f3 hasta Washington DC para participar en la 35\u00b0 Conferencia Internacional sobre el Virus del Papiloma y mesas redondas de Ciencias B\u00e1sicas, Investigaci\u00f3n Cl\u00ednica y de Salud P\u00fablica. La Directora Ejecutiva de CIPS particip\u00f3 hoy en la mesa redonda \u201cMejorando las estrategias de eliminaci\u00f3n del C\u00e1ncer Cervicouterino en Am\u00e9rica Latina y el Caribe\u00bb, [&hellip;]","og_url":"https:\/\/gobierno.udd.cl\/cips\/2023\/04\/19\/directora-ejecutiva-de-cips-udd-expone-en-seminario-de-cancer-cervicouterino-en-estados-unidos\/","og_site_name":"Centro de Pol\u00edticas P\u00fablicas e Innovaci\u00f3n en Salud","article_publisher":"https:\/\/www.facebook.com\/CIPS.UDD","article_published_time":"2023-04-19T13:16:12+00:00","article_modified_time":"2023-04-19T13:19:25+00:00","og_image":[{"width":770,"height":524,"url":"https:\/\/gobierno.udd.cl\/cips\/files\/2023\/04\/image-13-e1681910165808.png","type":"image\/png"}],"author":"ccararo","twitter_card":"summary_large_image","twitter_creator":"@CIPS_UDD","twitter_site":"@CIPS_UDD","twitter_misc":{"Escrito por":"ccararo","Tiempo de lectura":"2 minutos"},"schema":{"@context":"https:\/\/schema.org","@graph":[{"@type":"Article","@id":"https:\/\/gobierno.udd.cl\/cips\/2023\/04\/19\/directora-ejecutiva-de-cips-udd-expone-en-seminario-de-cancer-cervicouterino-en-estados-unidos\/#article","isPartOf":{"@id":"https:\/\/gobierno.udd.cl\/cips\/2023\/04\/19\/directora-ejecutiva-de-cips-udd-expone-en-seminario-de-cancer-cervicouterino-en-estados-unidos\/"},"author":{"name":"ccararo","@id":"https:\/\/gobierno.udd.cl\/cips\/#\/schema\/person\/9d509bb16e7d8299d075f0e90b5d7d00"},"headline":"Directora Ejecutiva de CIPS-UDD expone en seminario de c\u00e1ncer cervicouterino en Estados Unidos","datePublished":"2023-04-19T13:16:12+00:00","dateModified":"2023-04-19T13:19:25+00:00","mainEntityOfPage":{"@id":"https:\/\/gobierno.udd.cl\/cips\/2023\/04\/19\/directora-ejecutiva-de-cips-udd-expone-en-seminario-de-cancer-cervicouterino-en-estados-unidos\/"},"wordCount":410,"image":{"@id":"https:\/\/gobierno.udd.cl\/cips\/2023\/04\/19\/directora-ejecutiva-de-cips-udd-expone-en-seminario-de-cancer-cervicouterino-en-estados-unidos\/#primaryimage"},"thumbnailUrl":"https:\/\/gobierno.udd.cl\/cips\/files\/2023\/04\/image-13-e1681910165808.png","keywords":["cancer","CIPS","cips_udd","CIPS-udd","Paula Daza"],"articleSection":["Noticias"],"inLanguage":"es"},{"@type":"WebPage","@id":"https:\/\/gobierno.udd.cl\/cips\/2023\/04\/19\/directora-ejecutiva-de-cips-udd-expone-en-seminario-de-cancer-cervicouterino-en-estados-unidos\/","url":"https:\/\/gobierno.udd.cl\/cips\/2023\/04\/19\/directora-ejecutiva-de-cips-udd-expone-en-seminario-de-cancer-cervicouterino-en-estados-unidos\/","name":"Directora Ejecutiva de CIPS-UDD expone en seminario de c\u00e1ncer cervicouterino en Estados Unidos - Centro de Pol\u00edticas P\u00fablicas e Innovaci\u00f3n en Salud","isPartOf":{"@id":"https:\/\/gobierno.udd.cl\/cips\/#website"},"primaryImageOfPage":{"@id":"https:\/\/gobierno.udd.cl\/cips\/2023\/04\/19\/directora-ejecutiva-de-cips-udd-expone-en-seminario-de-cancer-cervicouterino-en-estados-unidos\/#primaryimage"},"image":{"@id":"https:\/\/gobierno.udd.cl\/cips\/2023\/04\/19\/directora-ejecutiva-de-cips-udd-expone-en-seminario-de-cancer-cervicouterino-en-estados-unidos\/#primaryimage"},"thumbnailUrl":"https:\/\/gobierno.udd.cl\/cips\/files\/2023\/04\/image-13-e1681910165808.png","datePublished":"2023-04-19T13:16:12+00:00","dateModified":"2023-04-19T13:19:25+00:00","author":{"@id":"https:\/\/gobierno.udd.cl\/cips\/#\/schema\/person\/9d509bb16e7d8299d075f0e90b5d7d00"},"breadcrumb":{"@id":"https:\/\/gobierno.udd.cl\/cips\/2023\/04\/19\/directora-ejecutiva-de-cips-udd-expone-en-seminario-de-cancer-cervicouterino-en-estados-unidos\/#breadcrumb"},"inLanguage":"es","potentialAction":[{"@type":"ReadAction","target":["https:\/\/gobierno.udd.cl\/cips\/2023\/04\/19\/directora-ejecutiva-de-cips-udd-expone-en-seminario-de-cancer-cervicouterino-en-estados-unidos\/"]}]},{"@type":"ImageObject","inLanguage":"es","@id":"https:\/\/gobierno.udd.cl\/cips\/2023\/04\/19\/directora-ejecutiva-de-cips-udd-expone-en-seminario-de-cancer-cervicouterino-en-estados-unidos\/#primaryimage","url":"https:\/\/gobierno.udd.cl\/cips\/files\/2023\/04\/image-13-e1681910165808.png","contentUrl":"https:\/\/gobierno.udd.cl\/cips\/files\/2023\/04\/image-13-e1681910165808.png","width":770,"height":524},{"@type":"BreadcrumbList","@id":"https:\/\/gobierno.udd.cl\/cips\/2023\/04\/19\/directora-ejecutiva-de-cips-udd-expone-en-seminario-de-cancer-cervicouterino-en-estados-unidos\/#breadcrumb","itemListElement":[{"@type":"ListItem","position":1,"name":"Portada","item":"https:\/\/gobierno.udd.cl\/cips\/"},{"@type":"ListItem","position":2,"name":"Directora Ejecutiva de CIPS-UDD expone en seminario de c\u00e1ncer cervicouterino en Estados Unidos"}]},{"@type":"WebSite","@id":"https:\/\/gobierno.udd.cl\/cips\/#website","url":"https:\/\/gobierno.udd.cl\/cips\/","name":"Centro de Pol\u00edticas P\u00fablicas e Innovaci\u00f3n en Salud","description":"CIPS-UDD","inLanguage":"es"},{"@type":"Person","@id":"https:\/\/gobierno.udd.cl\/cips\/#\/schema\/person\/9d509bb16e7d8299d075f0e90b5d7d00","name":"ccararo","image":{"@type":"ImageObject","inLanguage":"es","@id":"https:\/\/gobierno.udd.cl\/cips\/#\/schema\/person\/image\/","url":"https:\/\/secure.gravatar.com\/avatar\/fe809aec6c8a49b41db481a62d9671eec512578ac25cf41f7420b8069513828c?s=96&d=mm&r=g","contentUrl":"https:\/\/secure.gravatar.com\/avatar\/fe809aec6c8a49b41db481a62d9671eec512578ac25cf41f7420b8069513828c?s=96&d=mm&r=g","caption":"ccararo"},"url":"https:\/\/gobierno.udd.cl\/cips\/author\/ccararo\/"}]}},"featured_image_url":"https:\/\/gobierno.udd.cl\/cips\/files\/2023\/04\/image-13-e1681910165808.png","_links":{"self":[{"href":"https:\/\/gobierno.udd.cl\/cips\/wp-json\/wp\/v2\/posts\/1201","targetHints":{"allow":["GET"]}}],"collection":[{"href":"https:\/\/gobierno.udd.cl\/cips\/wp-json\/wp\/v2\/posts"}],"about":[{"href":"https:\/\/gobierno.udd.cl\/cips\/wp-json\/wp\/v2\/types\/post"}],"author":[{"embeddable":true,"href":"https:\/\/gobierno.udd.cl\/cips\/wp-json\/wp\/v2\/users\/9192236"}],"replies":[{"embeddable":true,"href":"https:\/\/gobierno.udd.cl\/cips\/wp-json\/wp\/v2\/comments?post=1201"}],"version-history":[{"count":2,"href":"https:\/\/gobierno.udd.cl\/cips\/wp-json\/wp\/v2\/posts\/1201\/revisions"}],"predecessor-version":[{"id":1204,"href":"https:\/\/gobierno.udd.cl\/cips\/wp-json\/wp\/v2\/posts\/1201\/revisions\/1204"}],"wp:featuredmedia":[{"embeddable":true,"href":"https:\/\/gobierno.udd.cl\/cips\/wp-json\/wp\/v2\/media\/1202"}],"wp:attachment":[{"href":"https:\/\/gobierno.udd.cl\/cips\/wp-json\/wp\/v2\/media?parent=1201"}],"wp:term":[{"taxonomy":"category","embeddable":true,"href":"https:\/\/gobierno.udd.cl\/cips\/wp-json\/wp\/v2\/categories?post=1201"},{"taxonomy":"post_tag","embeddable":true,"href":"https:\/\/gobierno.udd.cl\/cips\/wp-json\/wp\/v2\/tags?post=1201"}],"curies":[{"name":"wp","href":"https:\/\/api.w.org\/{rel}","templated":true}]}}