{"id":1183,"date":"2023-04-14T10:34:48","date_gmt":"2023-04-14T14:34:48","guid":{"rendered":"https:\/\/gobierno.udd.cl\/cips\/?p=1183"},"modified":"2023-04-14T10:36:32","modified_gmt":"2023-04-14T14:36:32","slug":"directora-ejecutiva-de-cips-expone-ante-subcomision-de-derechos-economicos-sociales-culturales-y-ambientales-del-proceso-constitucional","status":"publish","type":"post","link":"https:\/\/gobierno.udd.cl\/cips\/2023\/04\/14\/directora-ejecutiva-de-cips-expone-ante-subcomision-de-derechos-economicos-sociales-culturales-y-ambientales-del-proceso-constitucional\/","title":{"rendered":"Directora Ejecutiva de CIPS expone ante Subcomisi\u00f3n de Derechos Econ\u00f3micos, Sociales, Culturales y Ambientales del proceso constitucional"},"content":{"rendered":"\n<p><em>Paula Daza fue invitada como experta en pol\u00edticas p\u00fablicas en salud para abordar las materias de derecho a la salud contempladas en el inciso 16 del art\u00edculo 17 del texto aprobado en general por la Comisi\u00f3n Experta.<\/em><\/p>\n\n\n\n<p>La <strong>Directora Ejecutiva del Centro de Pol\u00edticas P\u00fablicas e Innovaci\u00f3n en Salud (CIPS) de la Facultad de Gobierno<\/strong> UDD expuso el an\u00e1lisis que ha realizado la instituci\u00f3n que encabeza en relaci\u00f3n al texto aprobado en general por la comisi\u00f3n experta en temas de salud.<\/p>\n\n\n\n<p>En particular se explay\u00f3 en el inciso 16 que habla sobre la protecci\u00f3n de la salud f\u00edsica, mental y social en donde hizo \u00e9nfasis en defender que se mantenga lo expuesto en el texto cuando habla de que \u201ccada persona puede elegir el r\u00e9gimen de salud al cual adscribirse, sea estatal o privado\u201d.<\/p>\n\n\n\n<p><em>\u00abEs sumamente relevante para la conversaci\u00f3n de hoy. Hay objetivos que se deben alcanzar en un sistema de salud, que satisface las necesidades m\u00e9dicas y no m\u00e9dicas. Garantizar las preferencias individuales de las personas en sus sistemas y preferencias de ellas. Debemos tener en cuenta la voz del ciudadano en la toma de decisiones de salud, elecci\u00f3n del proveedor y c\u00f3mo los pacientes son co productores en el proceso de su propio tratamiento. Esto es lo que la constituci\u00f3n debe resguardar\u201d<\/em>.<\/p>\n\n\n<section class=\"wp-block-udd-gallery-carousel wp-carousel-gallery\">\n\t<div class=\"container\">\n\t\t<div\n\t\t\tclass=\"slick-carousel gallery-slick-carousel gallery-carousel--1\"\n\t\t\tdata-slick='{&quot;slidesToScroll&quot;:1,&quot;slidesToShow&quot;:1,&quot;appendDots&quot;:&quot;#dots-69f23a19cfc81&quot;,&quot;prevArrow&quot;:&quot;&lt;button type=\\&quot;button\\&quot; class=\\&quot;btn btn-primary slick-prev\\&quot;&gt;&lt;svg class=\\&quot;svg-chevron-left-dims\\&quot;&gt;&lt;use xlink:href=&#039;https:\\\/\\\/gobierno.udd.cl\\\/cips\\\/wp-content\\\/themes\\\/facultades-2018\\\/assets\\\/img\\\/svg\\\/dist\\\/main.svg?version=1695853099#chevron-left&#039;&gt;&lt;\\\/use&gt;&lt;\\\/svg&gt;&lt;span class=\\&quot;sr-only\\&quot;&gt;Anterior&lt;\\\/span&gt;&lt;\\\/button&gt;&quot;,&quot;nextArrow&quot;:&quot;&lt;button type=\\&quot;button\\&quot; class=\\&quot;btn btn-primary slick-next\\&quot;&gt;&lt;svg class=\\&quot;svg-chevron-right-dims\\&quot;&gt;&lt;use xlink:href=&#039;https:\\\/\\\/gobierno.udd.cl\\\/cips\\\/wp-content\\\/themes\\\/facultades-2018\\\/assets\\\/img\\\/svg\\\/dist\\\/main.svg?version=1695853099#chevron-right&#039;&gt;&lt;\\\/use&gt;&lt;\\\/svg&gt;&lt;span class=\\&quot;sr-only\\&quot;&gt;Siguiente&lt;\\\/span&gt;&lt;\\\/button&gt;&quot;,&quot;infinite&quot;:true,&quot;dots&quot;:true}'\n\t\t>\n\t\t\t\t\t\t\t<figure>\n\t\t\t\t\t<img loading=\"lazy\" decoding=\"async\" width=\"1160\" height=\"649\" src=\"https:\/\/gobierno.udd.cl\/cips\/wp-content\/plugins\/wp-async-img-load\/blank.png\" class=\"attachment-1280x720 size-1280x720 lazyload\" alt=\"\" sizes=\"auto, (max-width: 1160px) 100vw, 1160px\" data-src=\"https:\/\/gobierno.udd.cl\/cips\/files\/2023\/04\/image-10.png\" data-srcset=\"https:\/\/gobierno.udd.cl\/cips\/files\/2023\/04\/image-10.png 1160w, https:\/\/gobierno.udd.cl\/cips\/files\/2023\/04\/image-10-300x168.png 300w, https:\/\/gobierno.udd.cl\/cips\/files\/2023\/04\/image-10-1024x573.png 1024w, https:\/\/gobierno.udd.cl\/cips\/files\/2023\/04\/image-10-768x430.png 768w, https:\/\/gobierno.udd.cl\/cips\/files\/2023\/04\/image-10-952x534.png 952w\" \/>\t\t\t\t\t\t\t\t\t<\/figure>\n\t\t\t\t\t\t\t<figure>\n\t\t\t\t\t<img loading=\"lazy\" decoding=\"async\" width=\"1161\" height=\"648\" src=\"https:\/\/gobierno.udd.cl\/cips\/wp-content\/plugins\/wp-async-img-load\/blank.png\" class=\"attachment-1280x720 size-1280x720 lazyload\" alt=\"\" sizes=\"auto, (max-width: 1161px) 100vw, 1161px\" data-src=\"https:\/\/gobierno.udd.cl\/cips\/files\/2023\/04\/image-9.png\" data-srcset=\"https:\/\/gobierno.udd.cl\/cips\/files\/2023\/04\/image-9.png 1161w, https:\/\/gobierno.udd.cl\/cips\/files\/2023\/04\/image-9-300x167.png 300w, https:\/\/gobierno.udd.cl\/cips\/files\/2023\/04\/image-9-1024x572.png 1024w, https:\/\/gobierno.udd.cl\/cips\/files\/2023\/04\/image-9-768x429.png 768w\" \/>\t\t\t\t\t\t\t\t\t<\/figure>\n\t\t\t\t\t\t\t<figure>\n\t\t\t\t\t<img loading=\"lazy\" decoding=\"async\" width=\"1156\" height=\"637\" src=\"https:\/\/gobierno.udd.cl\/cips\/wp-content\/plugins\/wp-async-img-load\/blank.png\" class=\"attachment-1280x720 size-1280x720 lazyload\" alt=\"\" sizes=\"auto, (max-width: 1156px) 100vw, 1156px\" data-src=\"https:\/\/gobierno.udd.cl\/cips\/files\/2023\/04\/image-8.png\" data-srcset=\"https:\/\/gobierno.udd.cl\/cips\/files\/2023\/04\/image-8.png 1156w, https:\/\/gobierno.udd.cl\/cips\/files\/2023\/04\/image-8-300x165.png 300w, https:\/\/gobierno.udd.cl\/cips\/files\/2023\/04\/image-8-1024x564.png 1024w, https:\/\/gobierno.udd.cl\/cips\/files\/2023\/04\/image-8-768x423.png 768w\" \/>\t\t\t\t\t\t\t\t\t<\/figure>\n\t\t\t\t\t\t\t<figure>\n\t\t\t\t\t<img loading=\"lazy\" decoding=\"async\" width=\"1163\" height=\"647\" src=\"https:\/\/gobierno.udd.cl\/cips\/wp-content\/plugins\/wp-async-img-load\/blank.png\" class=\"attachment-1280x720 size-1280x720 lazyload\" alt=\"\" sizes=\"auto, (max-width: 1163px) 100vw, 1163px\" data-src=\"https:\/\/gobierno.udd.cl\/cips\/files\/2023\/04\/image-7.png\" data-srcset=\"https:\/\/gobierno.udd.cl\/cips\/files\/2023\/04\/image-7.png 1163w, https:\/\/gobierno.udd.cl\/cips\/files\/2023\/04\/image-7-300x167.png 300w, https:\/\/gobierno.udd.cl\/cips\/files\/2023\/04\/image-7-1024x570.png 1024w, https:\/\/gobierno.udd.cl\/cips\/files\/2023\/04\/image-7-768x427.png 768w\" \/>\t\t\t\t\t\t\t\t\t<\/figure>\n\t\t\t\t\t<\/div>\n\t\t<div\n\t\t\tclass=\"carousel-gallery--carousel-dots\"\n\t\t\tid=\"dots-69f23a19cfc81\"\n\t\t><\/div>\n\t<\/div>\n<\/section>\n\n\n\n<p>En su presentaci\u00f3n tambi\u00e9n coment\u00f3 las conversaciones que se llevan a cabo en Comunidad CIPS y en una encuesta de CIPS y Panel Ciudadano en donde el 63% de los encuestados prefiere poder elegir entre salud p\u00fablica y privada (Fonasa 64%) Isapre (61%). <em>\u201cLas personas quer\u00edan tener alternativas para decidir donde atenderse, donde ellas sean protagonistas del cuidado de su salud, no s\u00f3lo en la enfermedad. Para cerrar mi intervenci\u00f3n me parece que la Constituci\u00f3n debiera resguardar el derecho a un sistema de protecci\u00f3n de salud que brinde a las personas oportunidades iguales para disfrutar del m\u00e1s alto nivel posible de salud, con equidad y resguardando siempre sus preferencias, necesidades y valores individuales\u201d<\/em>.<\/p>\n\n\n\n<p>La subcomisi\u00f3n est\u00e1 presidida por <strong>Alejandra Krauss <\/strong>y la componen <strong>Jaime Arancibia, Alexis Cort\u00e9s, Bettina Horst, Flavio Quezada y Teodoro Rivera<\/strong> quienes le realizaron preguntas entorno a su exposici\u00f3n. <em>\u201cHay que resguardar el derecho de las personas m\u00e1s vulnerables. Son ellas que tenemos que dejarles resguardados en la constituci\u00f3n sus derechos de atenci\u00f3n oportuna y tener un rol relevante en sus preferencias, ya sea su prestador o su seguro. No es solo que necesitan, sino tambi\u00e9n lo que quieren\u201d<\/em>.<\/p>\n\n\n\n<p><strong><a href=\"https:\/\/www.youtube.com\/watch?v=Iu4WxPQKtkI&amp;ab_channel=Canal3-ProcesoConstitucional\">Revisa su exposici\u00f3n completa aqu\u00ed<\/a><\/strong><\/p>\n","protected":false},"excerpt":{"rendered":"<p>Paula Daza fue invitada como experta en pol\u00edticas p\u00fablicas en salud para abordar las materias de derecho a la salud contempladas en el inciso 16 del art\u00edculo 17 del texto aprobado en general por la Comisi\u00f3n Experta. La Directora Ejecutiva del Centro de Pol\u00edticas P\u00fablicas e Innovaci\u00f3n en Salud (CIPS) de la Facultad de Gobierno [&hellip;]<\/p>\n","protected":false},"author":9192236,"featured_media":1184,"comment_status":"closed","ping_status":"open","sticky":false,"template":"","format":"standard","meta":{"footnotes":""},"categories":[3],"tags":[15,87,71,14],"class_list":["post-1183","post","type-post","status-publish","format-standard","has-post-thumbnail","hentry","category-noticias","tag-cips","tag-cips_udd","tag-cips-udd","tag-paula-daza"],"yoast_head":"<!-- This site is optimized with the Yoast SEO plugin v26.9 - https:\/\/yoast.com\/product\/yoast-seo-wordpress\/ -->\n<title>Directora Ejecutiva de CIPS expone ante Subcomisi\u00f3n de Derechos Econ\u00f3micos, Sociales, Culturales y Ambientales del proceso constitucional - Centro de Pol\u00edticas P\u00fablicas e Innovaci\u00f3n en Salud<\/title>\n<meta name=\"robots\" content=\"index, follow, max-snippet:-1, max-image-preview:large, max-video-preview:-1\" \/>\n<link rel=\"canonical\" href=\"https:\/\/gobierno.udd.cl\/cips\/2023\/04\/14\/directora-ejecutiva-de-cips-expone-ante-subcomision-de-derechos-economicos-sociales-culturales-y-ambientales-del-proceso-constitucional\/\" \/>\n<meta property=\"og:locale\" content=\"es_ES\" \/>\n<meta property=\"og:type\" content=\"article\" \/>\n<meta property=\"og:title\" content=\"Directora Ejecutiva de CIPS expone ante Subcomisi\u00f3n de Derechos Econ\u00f3micos, Sociales, Culturales y Ambientales del proceso constitucional - Centro de Pol\u00edticas P\u00fablicas e Innovaci\u00f3n en Salud\" \/>\n<meta property=\"og:description\" content=\"Paula Daza fue invitada como experta en pol\u00edticas p\u00fablicas en salud para abordar las materias de derecho a la salud contempladas en el inciso 16 del art\u00edculo 17 del texto aprobado en general por la Comisi\u00f3n Experta. La Directora Ejecutiva del Centro de Pol\u00edticas P\u00fablicas e Innovaci\u00f3n en Salud (CIPS) de la Facultad de Gobierno [&hellip;]\" \/>\n<meta property=\"og:url\" content=\"https:\/\/gobierno.udd.cl\/cips\/2023\/04\/14\/directora-ejecutiva-de-cips-expone-ante-subcomision-de-derechos-economicos-sociales-culturales-y-ambientales-del-proceso-constitucional\/\" \/>\n<meta property=\"og:site_name\" content=\"Centro de Pol\u00edticas P\u00fablicas e Innovaci\u00f3n en Salud\" \/>\n<meta property=\"article:publisher\" content=\"https:\/\/www.facebook.com\/CIPS.UDD\" \/>\n<meta property=\"article:published_time\" content=\"2023-04-14T14:34:48+00:00\" \/>\n<meta property=\"article:modified_time\" content=\"2023-04-14T14:36:32+00:00\" \/>\n<meta property=\"og:image\" content=\"https:\/\/gobierno.udd.cl\/cips\/files\/2023\/04\/image-6.png\" \/>\n\t<meta property=\"og:image:width\" content=\"1163\" \/>\n\t<meta property=\"og:image:height\" content=\"647\" \/>\n\t<meta property=\"og:image:type\" content=\"image\/png\" \/>\n<meta name=\"author\" content=\"ccararo\" \/>\n<meta name=\"twitter:card\" content=\"summary_large_image\" \/>\n<meta name=\"twitter:creator\" content=\"@CIPS_UDD\" \/>\n<meta name=\"twitter:site\" content=\"@CIPS_UDD\" \/>\n<meta name=\"twitter:label1\" content=\"Escrito por\" \/>\n\t<meta name=\"twitter:data1\" content=\"ccararo\" \/>\n\t<meta name=\"twitter:label2\" content=\"Tiempo de lectura\" \/>\n\t<meta name=\"twitter:data2\" content=\"3 minutos\" \/>\n<script type=\"application\/ld+json\" class=\"yoast-schema-graph\">{\"@context\":\"https:\/\/schema.org\",\"@graph\":[{\"@type\":\"Article\",\"@id\":\"https:\/\/gobierno.udd.cl\/cips\/2023\/04\/14\/directora-ejecutiva-de-cips-expone-ante-subcomision-de-derechos-economicos-sociales-culturales-y-ambientales-del-proceso-constitucional\/#article\",\"isPartOf\":{\"@id\":\"https:\/\/gobierno.udd.cl\/cips\/2023\/04\/14\/directora-ejecutiva-de-cips-expone-ante-subcomision-de-derechos-economicos-sociales-culturales-y-ambientales-del-proceso-constitucional\/\"},\"author\":{\"name\":\"ccararo\",\"@id\":\"https:\/\/gobierno.udd.cl\/cips\/#\/schema\/person\/9d509bb16e7d8299d075f0e90b5d7d00\"},\"headline\":\"Directora Ejecutiva de CIPS expone ante Subcomisi\u00f3n de Derechos Econ\u00f3micos, Sociales, Culturales y Ambientales del proceso constitucional\",\"datePublished\":\"2023-04-14T14:34:48+00:00\",\"dateModified\":\"2023-04-14T14:36:32+00:00\",\"mainEntityOfPage\":{\"@id\":\"https:\/\/gobierno.udd.cl\/cips\/2023\/04\/14\/directora-ejecutiva-de-cips-expone-ante-subcomision-de-derechos-economicos-sociales-culturales-y-ambientales-del-proceso-constitucional\/\"},\"wordCount\":462,\"image\":{\"@id\":\"https:\/\/gobierno.udd.cl\/cips\/2023\/04\/14\/directora-ejecutiva-de-cips-expone-ante-subcomision-de-derechos-economicos-sociales-culturales-y-ambientales-del-proceso-constitucional\/#primaryimage\"},\"thumbnailUrl\":\"https:\/\/gobierno.udd.cl\/cips\/files\/2023\/04\/image-6.png\",\"keywords\":[\"CIPS\",\"cips_udd\",\"CIPS-udd\",\"Paula Daza\"],\"articleSection\":[\"Noticias\"],\"inLanguage\":\"es\"},{\"@type\":\"WebPage\",\"@id\":\"https:\/\/gobierno.udd.cl\/cips\/2023\/04\/14\/directora-ejecutiva-de-cips-expone-ante-subcomision-de-derechos-economicos-sociales-culturales-y-ambientales-del-proceso-constitucional\/\",\"url\":\"https:\/\/gobierno.udd.cl\/cips\/2023\/04\/14\/directora-ejecutiva-de-cips-expone-ante-subcomision-de-derechos-economicos-sociales-culturales-y-ambientales-del-proceso-constitucional\/\",\"name\":\"Directora Ejecutiva de CIPS expone ante Subcomisi\u00f3n de Derechos Econ\u00f3micos, Sociales, Culturales y Ambientales del proceso constitucional - Centro de Pol\u00edticas P\u00fablicas e Innovaci\u00f3n en Salud\",\"isPartOf\":{\"@id\":\"https:\/\/gobierno.udd.cl\/cips\/#website\"},\"primaryImageOfPage\":{\"@id\":\"https:\/\/gobierno.udd.cl\/cips\/2023\/04\/14\/directora-ejecutiva-de-cips-expone-ante-subcomision-de-derechos-economicos-sociales-culturales-y-ambientales-del-proceso-constitucional\/#primaryimage\"},\"image\":{\"@id\":\"https:\/\/gobierno.udd.cl\/cips\/2023\/04\/14\/directora-ejecutiva-de-cips-expone-ante-subcomision-de-derechos-economicos-sociales-culturales-y-ambientales-del-proceso-constitucional\/#primaryimage\"},\"thumbnailUrl\":\"https:\/\/gobierno.udd.cl\/cips\/files\/2023\/04\/image-6.png\",\"datePublished\":\"2023-04-14T14:34:48+00:00\",\"dateModified\":\"2023-04-14T14:36:32+00:00\",\"author\":{\"@id\":\"https:\/\/gobierno.udd.cl\/cips\/#\/schema\/person\/9d509bb16e7d8299d075f0e90b5d7d00\"},\"breadcrumb\":{\"@id\":\"https:\/\/gobierno.udd.cl\/cips\/2023\/04\/14\/directora-ejecutiva-de-cips-expone-ante-subcomision-de-derechos-economicos-sociales-culturales-y-ambientales-del-proceso-constitucional\/#breadcrumb\"},\"inLanguage\":\"es\",\"potentialAction\":[{\"@type\":\"ReadAction\",\"target\":[\"https:\/\/gobierno.udd.cl\/cips\/2023\/04\/14\/directora-ejecutiva-de-cips-expone-ante-subcomision-de-derechos-economicos-sociales-culturales-y-ambientales-del-proceso-constitucional\/\"]}]},{\"@type\":\"ImageObject\",\"inLanguage\":\"es\",\"@id\":\"https:\/\/gobierno.udd.cl\/cips\/2023\/04\/14\/directora-ejecutiva-de-cips-expone-ante-subcomision-de-derechos-economicos-sociales-culturales-y-ambientales-del-proceso-constitucional\/#primaryimage\",\"url\":\"https:\/\/gobierno.udd.cl\/cips\/files\/2023\/04\/image-6.png\",\"contentUrl\":\"https:\/\/gobierno.udd.cl\/cips\/files\/2023\/04\/image-6.png\",\"width\":1163,\"height\":647},{\"@type\":\"BreadcrumbList\",\"@id\":\"https:\/\/gobierno.udd.cl\/cips\/2023\/04\/14\/directora-ejecutiva-de-cips-expone-ante-subcomision-de-derechos-economicos-sociales-culturales-y-ambientales-del-proceso-constitucional\/#breadcrumb\",\"itemListElement\":[{\"@type\":\"ListItem\",\"position\":1,\"name\":\"Portada\",\"item\":\"https:\/\/gobierno.udd.cl\/cips\/\"},{\"@type\":\"ListItem\",\"position\":2,\"name\":\"Directora Ejecutiva de CIPS expone ante Subcomisi\u00f3n de Derechos Econ\u00f3micos, Sociales, Culturales y Ambientales del proceso constitucional\"}]},{\"@type\":\"WebSite\",\"@id\":\"https:\/\/gobierno.udd.cl\/cips\/#website\",\"url\":\"https:\/\/gobierno.udd.cl\/cips\/\",\"name\":\"Centro de Pol\u00edticas P\u00fablicas e Innovaci\u00f3n en Salud\",\"description\":\"CIPS-UDD\",\"inLanguage\":\"es\"},{\"@type\":\"Person\",\"@id\":\"https:\/\/gobierno.udd.cl\/cips\/#\/schema\/person\/9d509bb16e7d8299d075f0e90b5d7d00\",\"name\":\"ccararo\",\"image\":{\"@type\":\"ImageObject\",\"inLanguage\":\"es\",\"@id\":\"https:\/\/gobierno.udd.cl\/cips\/#\/schema\/person\/image\/\",\"url\":\"https:\/\/secure.gravatar.com\/avatar\/fe809aec6c8a49b41db481a62d9671eec512578ac25cf41f7420b8069513828c?s=96&d=mm&r=g\",\"contentUrl\":\"https:\/\/secure.gravatar.com\/avatar\/fe809aec6c8a49b41db481a62d9671eec512578ac25cf41f7420b8069513828c?s=96&d=mm&r=g\",\"caption\":\"ccararo\"},\"url\":\"https:\/\/gobierno.udd.cl\/cips\/author\/ccararo\/\"}]}<\/script>\n<!-- \/ Yoast SEO plugin. -->","yoast_head_json":{"title":"Directora Ejecutiva de CIPS expone ante Subcomisi\u00f3n de Derechos Econ\u00f3micos, Sociales, Culturales y Ambientales del proceso constitucional - Centro de Pol\u00edticas P\u00fablicas e Innovaci\u00f3n en Salud","robots":{"index":"index","follow":"follow","max-snippet":"max-snippet:-1","max-image-preview":"max-image-preview:large","max-video-preview":"max-video-preview:-1"},"canonical":"https:\/\/gobierno.udd.cl\/cips\/2023\/04\/14\/directora-ejecutiva-de-cips-expone-ante-subcomision-de-derechos-economicos-sociales-culturales-y-ambientales-del-proceso-constitucional\/","og_locale":"es_ES","og_type":"article","og_title":"Directora Ejecutiva de CIPS expone ante Subcomisi\u00f3n de Derechos Econ\u00f3micos, Sociales, Culturales y Ambientales del proceso constitucional - Centro de Pol\u00edticas P\u00fablicas e Innovaci\u00f3n en Salud","og_description":"Paula Daza fue invitada como experta en pol\u00edticas p\u00fablicas en salud para abordar las materias de derecho a la salud contempladas en el inciso 16 del art\u00edculo 17 del texto aprobado en general por la Comisi\u00f3n Experta. La Directora Ejecutiva del Centro de Pol\u00edticas P\u00fablicas e Innovaci\u00f3n en Salud (CIPS) de la Facultad de Gobierno [&hellip;]","og_url":"https:\/\/gobierno.udd.cl\/cips\/2023\/04\/14\/directora-ejecutiva-de-cips-expone-ante-subcomision-de-derechos-economicos-sociales-culturales-y-ambientales-del-proceso-constitucional\/","og_site_name":"Centro de Pol\u00edticas P\u00fablicas e Innovaci\u00f3n en Salud","article_publisher":"https:\/\/www.facebook.com\/CIPS.UDD","article_published_time":"2023-04-14T14:34:48+00:00","article_modified_time":"2023-04-14T14:36:32+00:00","og_image":[{"width":1163,"height":647,"url":"https:\/\/gobierno.udd.cl\/cips\/files\/2023\/04\/image-6.png","type":"image\/png"}],"author":"ccararo","twitter_card":"summary_large_image","twitter_creator":"@CIPS_UDD","twitter_site":"@CIPS_UDD","twitter_misc":{"Escrito por":"ccararo","Tiempo de lectura":"3 minutos"},"schema":{"@context":"https:\/\/schema.org","@graph":[{"@type":"Article","@id":"https:\/\/gobierno.udd.cl\/cips\/2023\/04\/14\/directora-ejecutiva-de-cips-expone-ante-subcomision-de-derechos-economicos-sociales-culturales-y-ambientales-del-proceso-constitucional\/#article","isPartOf":{"@id":"https:\/\/gobierno.udd.cl\/cips\/2023\/04\/14\/directora-ejecutiva-de-cips-expone-ante-subcomision-de-derechos-economicos-sociales-culturales-y-ambientales-del-proceso-constitucional\/"},"author":{"name":"ccararo","@id":"https:\/\/gobierno.udd.cl\/cips\/#\/schema\/person\/9d509bb16e7d8299d075f0e90b5d7d00"},"headline":"Directora Ejecutiva de CIPS expone ante Subcomisi\u00f3n de Derechos Econ\u00f3micos, Sociales, Culturales y Ambientales del proceso constitucional","datePublished":"2023-04-14T14:34:48+00:00","dateModified":"2023-04-14T14:36:32+00:00","mainEntityOfPage":{"@id":"https:\/\/gobierno.udd.cl\/cips\/2023\/04\/14\/directora-ejecutiva-de-cips-expone-ante-subcomision-de-derechos-economicos-sociales-culturales-y-ambientales-del-proceso-constitucional\/"},"wordCount":462,"image":{"@id":"https:\/\/gobierno.udd.cl\/cips\/2023\/04\/14\/directora-ejecutiva-de-cips-expone-ante-subcomision-de-derechos-economicos-sociales-culturales-y-ambientales-del-proceso-constitucional\/#primaryimage"},"thumbnailUrl":"https:\/\/gobierno.udd.cl\/cips\/files\/2023\/04\/image-6.png","keywords":["CIPS","cips_udd","CIPS-udd","Paula Daza"],"articleSection":["Noticias"],"inLanguage":"es"},{"@type":"WebPage","@id":"https:\/\/gobierno.udd.cl\/cips\/2023\/04\/14\/directora-ejecutiva-de-cips-expone-ante-subcomision-de-derechos-economicos-sociales-culturales-y-ambientales-del-proceso-constitucional\/","url":"https:\/\/gobierno.udd.cl\/cips\/2023\/04\/14\/directora-ejecutiva-de-cips-expone-ante-subcomision-de-derechos-economicos-sociales-culturales-y-ambientales-del-proceso-constitucional\/","name":"Directora Ejecutiva de CIPS expone ante Subcomisi\u00f3n de Derechos Econ\u00f3micos, Sociales, Culturales y Ambientales del proceso constitucional - Centro de Pol\u00edticas P\u00fablicas e Innovaci\u00f3n en Salud","isPartOf":{"@id":"https:\/\/gobierno.udd.cl\/cips\/#website"},"primaryImageOfPage":{"@id":"https:\/\/gobierno.udd.cl\/cips\/2023\/04\/14\/directora-ejecutiva-de-cips-expone-ante-subcomision-de-derechos-economicos-sociales-culturales-y-ambientales-del-proceso-constitucional\/#primaryimage"},"image":{"@id":"https:\/\/gobierno.udd.cl\/cips\/2023\/04\/14\/directora-ejecutiva-de-cips-expone-ante-subcomision-de-derechos-economicos-sociales-culturales-y-ambientales-del-proceso-constitucional\/#primaryimage"},"thumbnailUrl":"https:\/\/gobierno.udd.cl\/cips\/files\/2023\/04\/image-6.png","datePublished":"2023-04-14T14:34:48+00:00","dateModified":"2023-04-14T14:36:32+00:00","author":{"@id":"https:\/\/gobierno.udd.cl\/cips\/#\/schema\/person\/9d509bb16e7d8299d075f0e90b5d7d00"},"breadcrumb":{"@id":"https:\/\/gobierno.udd.cl\/cips\/2023\/04\/14\/directora-ejecutiva-de-cips-expone-ante-subcomision-de-derechos-economicos-sociales-culturales-y-ambientales-del-proceso-constitucional\/#breadcrumb"},"inLanguage":"es","potentialAction":[{"@type":"ReadAction","target":["https:\/\/gobierno.udd.cl\/cips\/2023\/04\/14\/directora-ejecutiva-de-cips-expone-ante-subcomision-de-derechos-economicos-sociales-culturales-y-ambientales-del-proceso-constitucional\/"]}]},{"@type":"ImageObject","inLanguage":"es","@id":"https:\/\/gobierno.udd.cl\/cips\/2023\/04\/14\/directora-ejecutiva-de-cips-expone-ante-subcomision-de-derechos-economicos-sociales-culturales-y-ambientales-del-proceso-constitucional\/#primaryimage","url":"https:\/\/gobierno.udd.cl\/cips\/files\/2023\/04\/image-6.png","contentUrl":"https:\/\/gobierno.udd.cl\/cips\/files\/2023\/04\/image-6.png","width":1163,"height":647},{"@type":"BreadcrumbList","@id":"https:\/\/gobierno.udd.cl\/cips\/2023\/04\/14\/directora-ejecutiva-de-cips-expone-ante-subcomision-de-derechos-economicos-sociales-culturales-y-ambientales-del-proceso-constitucional\/#breadcrumb","itemListElement":[{"@type":"ListItem","position":1,"name":"Portada","item":"https:\/\/gobierno.udd.cl\/cips\/"},{"@type":"ListItem","position":2,"name":"Directora Ejecutiva de CIPS expone ante Subcomisi\u00f3n de Derechos Econ\u00f3micos, Sociales, Culturales y Ambientales del proceso constitucional"}]},{"@type":"WebSite","@id":"https:\/\/gobierno.udd.cl\/cips\/#website","url":"https:\/\/gobierno.udd.cl\/cips\/","name":"Centro de Pol\u00edticas P\u00fablicas e Innovaci\u00f3n en Salud","description":"CIPS-UDD","inLanguage":"es"},{"@type":"Person","@id":"https:\/\/gobierno.udd.cl\/cips\/#\/schema\/person\/9d509bb16e7d8299d075f0e90b5d7d00","name":"ccararo","image":{"@type":"ImageObject","inLanguage":"es","@id":"https:\/\/gobierno.udd.cl\/cips\/#\/schema\/person\/image\/","url":"https:\/\/secure.gravatar.com\/avatar\/fe809aec6c8a49b41db481a62d9671eec512578ac25cf41f7420b8069513828c?s=96&d=mm&r=g","contentUrl":"https:\/\/secure.gravatar.com\/avatar\/fe809aec6c8a49b41db481a62d9671eec512578ac25cf41f7420b8069513828c?s=96&d=mm&r=g","caption":"ccararo"},"url":"https:\/\/gobierno.udd.cl\/cips\/author\/ccararo\/"}]}},"featured_image_url":"https:\/\/gobierno.udd.cl\/cips\/files\/2023\/04\/image-6.png","_links":{"self":[{"href":"https:\/\/gobierno.udd.cl\/cips\/wp-json\/wp\/v2\/posts\/1183","targetHints":{"allow":["GET"]}}],"collection":[{"href":"https:\/\/gobierno.udd.cl\/cips\/wp-json\/wp\/v2\/posts"}],"about":[{"href":"https:\/\/gobierno.udd.cl\/cips\/wp-json\/wp\/v2\/types\/post"}],"author":[{"embeddable":true,"href":"https:\/\/gobierno.udd.cl\/cips\/wp-json\/wp\/v2\/users\/9192236"}],"replies":[{"embeddable":true,"href":"https:\/\/gobierno.udd.cl\/cips\/wp-json\/wp\/v2\/comments?post=1183"}],"version-history":[{"count":4,"href":"https:\/\/gobierno.udd.cl\/cips\/wp-json\/wp\/v2\/posts\/1183\/revisions"}],"predecessor-version":[{"id":1193,"href":"https:\/\/gobierno.udd.cl\/cips\/wp-json\/wp\/v2\/posts\/1183\/revisions\/1193"}],"wp:featuredmedia":[{"embeddable":true,"href":"https:\/\/gobierno.udd.cl\/cips\/wp-json\/wp\/v2\/media\/1184"}],"wp:attachment":[{"href":"https:\/\/gobierno.udd.cl\/cips\/wp-json\/wp\/v2\/media?parent=1183"}],"wp:term":[{"taxonomy":"category","embeddable":true,"href":"https:\/\/gobierno.udd.cl\/cips\/wp-json\/wp\/v2\/categories?post=1183"},{"taxonomy":"post_tag","embeddable":true,"href":"https:\/\/gobierno.udd.cl\/cips\/wp-json\/wp\/v2\/tags?post=1183"}],"curies":[{"name":"wp","href":"https:\/\/api.w.org\/{rel}","templated":true}]}}