{"id":1123,"date":"2023-03-14T12:31:09","date_gmt":"2023-03-14T15:31:09","guid":{"rendered":"https:\/\/gobierno.udd.cl\/cips\/?p=1123"},"modified":"2023-03-14T12:39:15","modified_gmt":"2023-03-14T15:39:15","slug":"cips-udd-expone-en-comision-de-salud-del-senado-por-fallo-de-la-corte-suprema-a-las-isapres","status":"publish","type":"post","link":"https:\/\/gobierno.udd.cl\/cips\/2023\/03\/14\/cips-udd-expone-en-comision-de-salud-del-senado-por-fallo-de-la-corte-suprema-a-las-isapres\/","title":{"rendered":"CIPS UDD expone en Comisi\u00f3n de Salud del Senado por fallo de la Corte Suprema a las Isapres"},"content":{"rendered":"\n<p><em>Durante la jornada de hoy, Paula Daza, directora ejecutiva de CIPS-UDD y Emilio Santelices, miembro del comit\u00e9 ejecutivo del centro, estuvieron presentes junto a autoridades nacionales en la comisi\u00f3n extendida para exponer los ejes claves que propone CIPS para resguardar el sistema de salud ante fallo de la Corte Suprema.<\/em><\/p>\n\n\n\n<p>Ex superintendentes, ex autoridades de salud, representantes de cl\u00ednicas, isapres, expertos de la academia fueron invitados para exponer sus puntos de vista en la Comisi\u00f3n de Salud del Senado, para aportar en el plan que debe ejecutar la superintendencia de salud tras el fallo emitido el a\u00f1o pasado contra las isapres.<\/p>\n\n\n\n<p>En la ocasi\u00f3n expusieron, por parte del Gobierno, la ministra de Salud, <strong>Ximena Aguilera<\/strong>; el director de Fonasa, <strong>Camilo Cid <\/strong>y el superintendente de Salud, <strong>V\u00edctor Torres<\/strong>.<\/p>\n\n\n\n<p>En esta jornada tambi\u00e9n particip\u00f3 <strong>Paula Daza<\/strong>, directora ejecutiva del Centro de Pol\u00edticas P\u00fablicas e Innovaci\u00f3n en Salud (CIPS) de la Facultad de Gobierno UDD y <strong>Emilio Santelices<\/strong>, ex ministro de salud y miembro del comit\u00e9 ejecutivo de CIPS-UDD.<\/p>\n\n\n\n<p>El primero de ambos en exponer fue el doctor Santelices, quien plante\u00f3 la propuesta de CIPS de cuatro ejes para resolver la urgencia del sistema privado de salud en el corto plazo. (<a href=\"https:\/\/gobierno.udd.cl\/cips\/files\/2023\/03\/cuatro-ejes-para-resolver-la-urgencia-del-sistema-privado-de-salud-en-el-corto-plazo.pdf\" target=\"_blank\" rel=\"noreferrer noopener\">Revisa la propuesta completa aqu\u00ed<\/a>) <\/p>\n\n\n\n<p>En su presentaci\u00f3n enfatiz\u00f3 en que existe un grave problema, que es el desconocimiento ante la cifra real en dinero que tienen que devolver las isapres y que \u00e9ste es el primer paso para poder crear, posteriormente, un plan.&nbsp; <em>\u201cEste es un espacio de esperanza para los chilenos, el que estemos todos reunidos aqu\u00ed, para generar un sistema robusto y resiliente. En ese sentido desde CIPS nos ponemos a disposici\u00f3n\u201d<\/em>, dijo Santelices. Adem\u00e1s, agreg\u00f3 que es el momento oportuno para<em> \u201cavanzar y profundizar en el seguro catastr\u00f3fico cuyo objetivo es aumentar la cobertura a beneficiarios de Fonasa<\/em>\u00ab.<\/p>\n\n\n\n<p>En su presentaci\u00f3n <strong>Paula Daza<\/strong> tambi\u00e9n reforz\u00f3 la importancia de darle urgencia al proyecto. Frente al fallo de la Corte Suprema, Daza mencion\u00f3 que <em>\u201cla voluntad de buscar soluciones del Estado, Privado y academia es muy positivo. Aqu\u00ed hay otro acuerdo: todos estamos de acuerdo en acatar el fallo, de forma gradual y responsable. Me parece importante\u00a0 la sostenibilidad del sistema porque eso impacta a todas las personas, tanto del sector p\u00fablico como del privado. Buscar una soluci\u00f3n urgente, pero responsable\u201d<\/em>.<\/p>\n\n\n\n<p>La ministra <strong>Aguilera<\/strong> valor\u00f3 la instancia y destac\u00f3 la participaci\u00f3n <em>\u00abno s\u00f3lo de los ex superintendentes, sino que tambi\u00e9n la asistencia de ex autoridades y la academia<\/em>\u00ab.<\/p>\n\n\n\n<figure class=\"wp-block-gallery has-nested-images columns-default is-cropped wp-block-gallery-1 is-layout-flex wp-block-gallery-is-layout-flex\">\n<figure class=\"wp-block-image size-large\"><img loading=\"lazy\" decoding=\"async\" width=\"1024\" height=\"572\" data-id=\"1131\" src=\"https:\/\/gobierno.udd.cl\/cips\/files\/2023\/03\/senado3.jpeg\" alt=\"\" class=\"wp-image-1131\" srcset=\"https:\/\/gobierno.udd.cl\/cips\/files\/2023\/03\/senado3.jpeg 1024w, https:\/\/gobierno.udd.cl\/cips\/files\/2023\/03\/senado3-300x168.jpeg 300w, https:\/\/gobierno.udd.cl\/cips\/files\/2023\/03\/senado3-768x429.jpeg 768w\" sizes=\"auto, (max-width: 1024px) 100vw, 1024px\" \/><\/figure>\n\n\n\n<figure class=\"wp-block-image size-large\"><img loading=\"lazy\" decoding=\"async\" width=\"1024\" height=\"683\" data-id=\"1129\" src=\"https:\/\/gobierno.udd.cl\/cips\/files\/2023\/03\/senado4.jpeg\" alt=\"\" class=\"wp-image-1129\" srcset=\"https:\/\/gobierno.udd.cl\/cips\/files\/2023\/03\/senado4.jpeg 1024w, https:\/\/gobierno.udd.cl\/cips\/files\/2023\/03\/senado4-300x200.jpeg 300w, https:\/\/gobierno.udd.cl\/cips\/files\/2023\/03\/senado4-768x512.jpeg 768w\" sizes=\"auto, (max-width: 1024px) 100vw, 1024px\" \/><\/figure>\n<\/figure>\n","protected":false},"excerpt":{"rendered":"<p>Durante la jornada de hoy, Paula Daza, directora ejecutiva de CIPS-UDD y Emilio Santelices, miembro del comit\u00e9 ejecutivo del centro, estuvieron presentes junto a autoridades nacionales en la comisi\u00f3n extendida para exponer los ejes claves que propone CIPS para resguardar el sistema de salud ante fallo de la Corte Suprema. Ex superintendentes, ex autoridades de [&hellip;]<\/p>\n","protected":false},"author":9192236,"featured_media":1125,"comment_status":"closed","ping_status":"open","sticky":false,"template":"","format":"standard","meta":{"footnotes":""},"categories":[3],"tags":[15,87,71,147,31,14,23,40],"class_list":["post-1123","post","type-post","status-publish","format-standard","has-post-thumbnail","hentry","category-noticias","tag-cips","tag-cips_udd","tag-cips-udd","tag-isapres","tag-ministerio-de-salud","tag-paula-daza","tag-universidad-del-desarrollo","tag-vacunacion"],"yoast_head":"<!-- This site is optimized with the Yoast SEO plugin v26.9 - https:\/\/yoast.com\/product\/yoast-seo-wordpress\/ -->\n<title>CIPS UDD expone en Comisi\u00f3n de Salud del Senado por fallo de la Corte Suprema a las Isapres - Centro de Pol\u00edticas P\u00fablicas e Innovaci\u00f3n en Salud<\/title>\n<meta name=\"robots\" content=\"index, follow, max-snippet:-1, max-image-preview:large, max-video-preview:-1\" \/>\n<link rel=\"canonical\" href=\"https:\/\/gobierno.udd.cl\/cips\/2023\/03\/14\/cips-udd-expone-en-comision-de-salud-del-senado-por-fallo-de-la-corte-suprema-a-las-isapres\/\" \/>\n<meta property=\"og:locale\" content=\"es_ES\" \/>\n<meta property=\"og:type\" content=\"article\" \/>\n<meta property=\"og:title\" content=\"CIPS UDD expone en Comisi\u00f3n de Salud del Senado por fallo de la Corte Suprema a las Isapres - Centro de Pol\u00edticas P\u00fablicas e Innovaci\u00f3n en Salud\" \/>\n<meta property=\"og:description\" content=\"Durante la jornada de hoy, Paula Daza, directora ejecutiva de CIPS-UDD y Emilio Santelices, miembro del comit\u00e9 ejecutivo del centro, estuvieron presentes junto a autoridades nacionales en la comisi\u00f3n extendida para exponer los ejes claves que propone CIPS para resguardar el sistema de salud ante fallo de la Corte Suprema. Ex superintendentes, ex autoridades de [&hellip;]\" \/>\n<meta property=\"og:url\" content=\"https:\/\/gobierno.udd.cl\/cips\/2023\/03\/14\/cips-udd-expone-en-comision-de-salud-del-senado-por-fallo-de-la-corte-suprema-a-las-isapres\/\" \/>\n<meta property=\"og:site_name\" content=\"Centro de Pol\u00edticas P\u00fablicas e Innovaci\u00f3n en Salud\" \/>\n<meta property=\"article:publisher\" content=\"https:\/\/www.facebook.com\/CIPS.UDD\" \/>\n<meta property=\"article:published_time\" content=\"2023-03-14T15:31:09+00:00\" \/>\n<meta property=\"article:modified_time\" content=\"2023-03-14T15:39:15+00:00\" \/>\n<meta property=\"og:image\" content=\"https:\/\/gobierno.udd.cl\/cips\/files\/2023\/03\/portada1.jpeg\" \/>\n\t<meta property=\"og:image:width\" content=\"1024\" \/>\n\t<meta property=\"og:image:height\" content=\"766\" \/>\n\t<meta property=\"og:image:type\" content=\"image\/jpeg\" \/>\n<meta name=\"author\" content=\"ccararo\" \/>\n<meta name=\"twitter:card\" content=\"summary_large_image\" \/>\n<meta name=\"twitter:creator\" content=\"@CIPS_UDD\" \/>\n<meta name=\"twitter:site\" content=\"@CIPS_UDD\" \/>\n<meta name=\"twitter:label1\" content=\"Escrito por\" \/>\n\t<meta name=\"twitter:data1\" content=\"ccararo\" \/>\n\t<meta name=\"twitter:label2\" content=\"Tiempo de lectura\" \/>\n\t<meta name=\"twitter:data2\" content=\"3 minutos\" \/>\n<script type=\"application\/ld+json\" class=\"yoast-schema-graph\">{\"@context\":\"https:\/\/schema.org\",\"@graph\":[{\"@type\":\"Article\",\"@id\":\"https:\/\/gobierno.udd.cl\/cips\/2023\/03\/14\/cips-udd-expone-en-comision-de-salud-del-senado-por-fallo-de-la-corte-suprema-a-las-isapres\/#article\",\"isPartOf\":{\"@id\":\"https:\/\/gobierno.udd.cl\/cips\/2023\/03\/14\/cips-udd-expone-en-comision-de-salud-del-senado-por-fallo-de-la-corte-suprema-a-las-isapres\/\"},\"author\":{\"name\":\"ccararo\",\"@id\":\"https:\/\/gobierno.udd.cl\/cips\/#\/schema\/person\/9d509bb16e7d8299d075f0e90b5d7d00\"},\"headline\":\"CIPS UDD expone en Comisi\u00f3n de Salud del Senado por fallo de la Corte Suprema a las Isapres\",\"datePublished\":\"2023-03-14T15:31:09+00:00\",\"dateModified\":\"2023-03-14T15:39:15+00:00\",\"mainEntityOfPage\":{\"@id\":\"https:\/\/gobierno.udd.cl\/cips\/2023\/03\/14\/cips-udd-expone-en-comision-de-salud-del-senado-por-fallo-de-la-corte-suprema-a-las-isapres\/\"},\"wordCount\":450,\"image\":{\"@id\":\"https:\/\/gobierno.udd.cl\/cips\/2023\/03\/14\/cips-udd-expone-en-comision-de-salud-del-senado-por-fallo-de-la-corte-suprema-a-las-isapres\/#primaryimage\"},\"thumbnailUrl\":\"https:\/\/gobierno.udd.cl\/cips\/files\/2023\/03\/portada1.jpeg\",\"keywords\":[\"CIPS\",\"cips_udd\",\"CIPS-udd\",\"Isapres\",\"ministerio de salud\",\"Paula Daza\",\"Universidad del Desarrollo\",\"vacunaci\u00f3n\"],\"articleSection\":[\"Noticias\"],\"inLanguage\":\"es\"},{\"@type\":\"WebPage\",\"@id\":\"https:\/\/gobierno.udd.cl\/cips\/2023\/03\/14\/cips-udd-expone-en-comision-de-salud-del-senado-por-fallo-de-la-corte-suprema-a-las-isapres\/\",\"url\":\"https:\/\/gobierno.udd.cl\/cips\/2023\/03\/14\/cips-udd-expone-en-comision-de-salud-del-senado-por-fallo-de-la-corte-suprema-a-las-isapres\/\",\"name\":\"CIPS UDD expone en Comisi\u00f3n de Salud del Senado por fallo de la Corte Suprema a las Isapres - Centro de Pol\u00edticas P\u00fablicas e Innovaci\u00f3n en Salud\",\"isPartOf\":{\"@id\":\"https:\/\/gobierno.udd.cl\/cips\/#website\"},\"primaryImageOfPage\":{\"@id\":\"https:\/\/gobierno.udd.cl\/cips\/2023\/03\/14\/cips-udd-expone-en-comision-de-salud-del-senado-por-fallo-de-la-corte-suprema-a-las-isapres\/#primaryimage\"},\"image\":{\"@id\":\"https:\/\/gobierno.udd.cl\/cips\/2023\/03\/14\/cips-udd-expone-en-comision-de-salud-del-senado-por-fallo-de-la-corte-suprema-a-las-isapres\/#primaryimage\"},\"thumbnailUrl\":\"https:\/\/gobierno.udd.cl\/cips\/files\/2023\/03\/portada1.jpeg\",\"datePublished\":\"2023-03-14T15:31:09+00:00\",\"dateModified\":\"2023-03-14T15:39:15+00:00\",\"author\":{\"@id\":\"https:\/\/gobierno.udd.cl\/cips\/#\/schema\/person\/9d509bb16e7d8299d075f0e90b5d7d00\"},\"breadcrumb\":{\"@id\":\"https:\/\/gobierno.udd.cl\/cips\/2023\/03\/14\/cips-udd-expone-en-comision-de-salud-del-senado-por-fallo-de-la-corte-suprema-a-las-isapres\/#breadcrumb\"},\"inLanguage\":\"es\",\"potentialAction\":[{\"@type\":\"ReadAction\",\"target\":[\"https:\/\/gobierno.udd.cl\/cips\/2023\/03\/14\/cips-udd-expone-en-comision-de-salud-del-senado-por-fallo-de-la-corte-suprema-a-las-isapres\/\"]}]},{\"@type\":\"ImageObject\",\"inLanguage\":\"es\",\"@id\":\"https:\/\/gobierno.udd.cl\/cips\/2023\/03\/14\/cips-udd-expone-en-comision-de-salud-del-senado-por-fallo-de-la-corte-suprema-a-las-isapres\/#primaryimage\",\"url\":\"https:\/\/gobierno.udd.cl\/cips\/files\/2023\/03\/portada1.jpeg\",\"contentUrl\":\"https:\/\/gobierno.udd.cl\/cips\/files\/2023\/03\/portada1.jpeg\",\"width\":1024,\"height\":766},{\"@type\":\"BreadcrumbList\",\"@id\":\"https:\/\/gobierno.udd.cl\/cips\/2023\/03\/14\/cips-udd-expone-en-comision-de-salud-del-senado-por-fallo-de-la-corte-suprema-a-las-isapres\/#breadcrumb\",\"itemListElement\":[{\"@type\":\"ListItem\",\"position\":1,\"name\":\"Portada\",\"item\":\"https:\/\/gobierno.udd.cl\/cips\/\"},{\"@type\":\"ListItem\",\"position\":2,\"name\":\"CIPS UDD expone en Comisi\u00f3n de Salud del Senado por fallo de la Corte Suprema a las Isapres\"}]},{\"@type\":\"WebSite\",\"@id\":\"https:\/\/gobierno.udd.cl\/cips\/#website\",\"url\":\"https:\/\/gobierno.udd.cl\/cips\/\",\"name\":\"Centro de Pol\u00edticas P\u00fablicas e Innovaci\u00f3n en Salud\",\"description\":\"CIPS-UDD\",\"inLanguage\":\"es\"},{\"@type\":\"Person\",\"@id\":\"https:\/\/gobierno.udd.cl\/cips\/#\/schema\/person\/9d509bb16e7d8299d075f0e90b5d7d00\",\"name\":\"ccararo\",\"image\":{\"@type\":\"ImageObject\",\"inLanguage\":\"es\",\"@id\":\"https:\/\/gobierno.udd.cl\/cips\/#\/schema\/person\/image\/\",\"url\":\"https:\/\/secure.gravatar.com\/avatar\/fe809aec6c8a49b41db481a62d9671eec512578ac25cf41f7420b8069513828c?s=96&d=mm&r=g\",\"contentUrl\":\"https:\/\/secure.gravatar.com\/avatar\/fe809aec6c8a49b41db481a62d9671eec512578ac25cf41f7420b8069513828c?s=96&d=mm&r=g\",\"caption\":\"ccararo\"},\"url\":\"https:\/\/gobierno.udd.cl\/cips\/author\/ccararo\/\"}]}<\/script>\n<!-- \/ Yoast SEO plugin. -->","yoast_head_json":{"title":"CIPS UDD expone en Comisi\u00f3n de Salud del Senado por fallo de la Corte Suprema a las Isapres - Centro de Pol\u00edticas P\u00fablicas e Innovaci\u00f3n en Salud","robots":{"index":"index","follow":"follow","max-snippet":"max-snippet:-1","max-image-preview":"max-image-preview:large","max-video-preview":"max-video-preview:-1"},"canonical":"https:\/\/gobierno.udd.cl\/cips\/2023\/03\/14\/cips-udd-expone-en-comision-de-salud-del-senado-por-fallo-de-la-corte-suprema-a-las-isapres\/","og_locale":"es_ES","og_type":"article","og_title":"CIPS UDD expone en Comisi\u00f3n de Salud del Senado por fallo de la Corte Suprema a las Isapres - Centro de Pol\u00edticas P\u00fablicas e Innovaci\u00f3n en Salud","og_description":"Durante la jornada de hoy, Paula Daza, directora ejecutiva de CIPS-UDD y Emilio Santelices, miembro del comit\u00e9 ejecutivo del centro, estuvieron presentes junto a autoridades nacionales en la comisi\u00f3n extendida para exponer los ejes claves que propone CIPS para resguardar el sistema de salud ante fallo de la Corte Suprema. Ex superintendentes, ex autoridades de [&hellip;]","og_url":"https:\/\/gobierno.udd.cl\/cips\/2023\/03\/14\/cips-udd-expone-en-comision-de-salud-del-senado-por-fallo-de-la-corte-suprema-a-las-isapres\/","og_site_name":"Centro de Pol\u00edticas P\u00fablicas e Innovaci\u00f3n en Salud","article_publisher":"https:\/\/www.facebook.com\/CIPS.UDD","article_published_time":"2023-03-14T15:31:09+00:00","article_modified_time":"2023-03-14T15:39:15+00:00","og_image":[{"width":1024,"height":766,"url":"https:\/\/gobierno.udd.cl\/cips\/files\/2023\/03\/portada1.jpeg","type":"image\/jpeg"}],"author":"ccararo","twitter_card":"summary_large_image","twitter_creator":"@CIPS_UDD","twitter_site":"@CIPS_UDD","twitter_misc":{"Escrito por":"ccararo","Tiempo de lectura":"3 minutos"},"schema":{"@context":"https:\/\/schema.org","@graph":[{"@type":"Article","@id":"https:\/\/gobierno.udd.cl\/cips\/2023\/03\/14\/cips-udd-expone-en-comision-de-salud-del-senado-por-fallo-de-la-corte-suprema-a-las-isapres\/#article","isPartOf":{"@id":"https:\/\/gobierno.udd.cl\/cips\/2023\/03\/14\/cips-udd-expone-en-comision-de-salud-del-senado-por-fallo-de-la-corte-suprema-a-las-isapres\/"},"author":{"name":"ccararo","@id":"https:\/\/gobierno.udd.cl\/cips\/#\/schema\/person\/9d509bb16e7d8299d075f0e90b5d7d00"},"headline":"CIPS UDD expone en Comisi\u00f3n de Salud del Senado por fallo de la Corte Suprema a las Isapres","datePublished":"2023-03-14T15:31:09+00:00","dateModified":"2023-03-14T15:39:15+00:00","mainEntityOfPage":{"@id":"https:\/\/gobierno.udd.cl\/cips\/2023\/03\/14\/cips-udd-expone-en-comision-de-salud-del-senado-por-fallo-de-la-corte-suprema-a-las-isapres\/"},"wordCount":450,"image":{"@id":"https:\/\/gobierno.udd.cl\/cips\/2023\/03\/14\/cips-udd-expone-en-comision-de-salud-del-senado-por-fallo-de-la-corte-suprema-a-las-isapres\/#primaryimage"},"thumbnailUrl":"https:\/\/gobierno.udd.cl\/cips\/files\/2023\/03\/portada1.jpeg","keywords":["CIPS","cips_udd","CIPS-udd","Isapres","ministerio de salud","Paula Daza","Universidad del Desarrollo","vacunaci\u00f3n"],"articleSection":["Noticias"],"inLanguage":"es"},{"@type":"WebPage","@id":"https:\/\/gobierno.udd.cl\/cips\/2023\/03\/14\/cips-udd-expone-en-comision-de-salud-del-senado-por-fallo-de-la-corte-suprema-a-las-isapres\/","url":"https:\/\/gobierno.udd.cl\/cips\/2023\/03\/14\/cips-udd-expone-en-comision-de-salud-del-senado-por-fallo-de-la-corte-suprema-a-las-isapres\/","name":"CIPS UDD expone en Comisi\u00f3n de Salud del Senado por fallo de la Corte Suprema a las Isapres - Centro de Pol\u00edticas P\u00fablicas e Innovaci\u00f3n en Salud","isPartOf":{"@id":"https:\/\/gobierno.udd.cl\/cips\/#website"},"primaryImageOfPage":{"@id":"https:\/\/gobierno.udd.cl\/cips\/2023\/03\/14\/cips-udd-expone-en-comision-de-salud-del-senado-por-fallo-de-la-corte-suprema-a-las-isapres\/#primaryimage"},"image":{"@id":"https:\/\/gobierno.udd.cl\/cips\/2023\/03\/14\/cips-udd-expone-en-comision-de-salud-del-senado-por-fallo-de-la-corte-suprema-a-las-isapres\/#primaryimage"},"thumbnailUrl":"https:\/\/gobierno.udd.cl\/cips\/files\/2023\/03\/portada1.jpeg","datePublished":"2023-03-14T15:31:09+00:00","dateModified":"2023-03-14T15:39:15+00:00","author":{"@id":"https:\/\/gobierno.udd.cl\/cips\/#\/schema\/person\/9d509bb16e7d8299d075f0e90b5d7d00"},"breadcrumb":{"@id":"https:\/\/gobierno.udd.cl\/cips\/2023\/03\/14\/cips-udd-expone-en-comision-de-salud-del-senado-por-fallo-de-la-corte-suprema-a-las-isapres\/#breadcrumb"},"inLanguage":"es","potentialAction":[{"@type":"ReadAction","target":["https:\/\/gobierno.udd.cl\/cips\/2023\/03\/14\/cips-udd-expone-en-comision-de-salud-del-senado-por-fallo-de-la-corte-suprema-a-las-isapres\/"]}]},{"@type":"ImageObject","inLanguage":"es","@id":"https:\/\/gobierno.udd.cl\/cips\/2023\/03\/14\/cips-udd-expone-en-comision-de-salud-del-senado-por-fallo-de-la-corte-suprema-a-las-isapres\/#primaryimage","url":"https:\/\/gobierno.udd.cl\/cips\/files\/2023\/03\/portada1.jpeg","contentUrl":"https:\/\/gobierno.udd.cl\/cips\/files\/2023\/03\/portada1.jpeg","width":1024,"height":766},{"@type":"BreadcrumbList","@id":"https:\/\/gobierno.udd.cl\/cips\/2023\/03\/14\/cips-udd-expone-en-comision-de-salud-del-senado-por-fallo-de-la-corte-suprema-a-las-isapres\/#breadcrumb","itemListElement":[{"@type":"ListItem","position":1,"name":"Portada","item":"https:\/\/gobierno.udd.cl\/cips\/"},{"@type":"ListItem","position":2,"name":"CIPS UDD expone en Comisi\u00f3n de Salud del Senado por fallo de la Corte Suprema a las Isapres"}]},{"@type":"WebSite","@id":"https:\/\/gobierno.udd.cl\/cips\/#website","url":"https:\/\/gobierno.udd.cl\/cips\/","name":"Centro de Pol\u00edticas P\u00fablicas e Innovaci\u00f3n en Salud","description":"CIPS-UDD","inLanguage":"es"},{"@type":"Person","@id":"https:\/\/gobierno.udd.cl\/cips\/#\/schema\/person\/9d509bb16e7d8299d075f0e90b5d7d00","name":"ccararo","image":{"@type":"ImageObject","inLanguage":"es","@id":"https:\/\/gobierno.udd.cl\/cips\/#\/schema\/person\/image\/","url":"https:\/\/secure.gravatar.com\/avatar\/fe809aec6c8a49b41db481a62d9671eec512578ac25cf41f7420b8069513828c?s=96&d=mm&r=g","contentUrl":"https:\/\/secure.gravatar.com\/avatar\/fe809aec6c8a49b41db481a62d9671eec512578ac25cf41f7420b8069513828c?s=96&d=mm&r=g","caption":"ccararo"},"url":"https:\/\/gobierno.udd.cl\/cips\/author\/ccararo\/"}]}},"featured_image_url":"https:\/\/gobierno.udd.cl\/cips\/files\/2023\/03\/portada1.jpeg","_links":{"self":[{"href":"https:\/\/gobierno.udd.cl\/cips\/wp-json\/wp\/v2\/posts\/1123","targetHints":{"allow":["GET"]}}],"collection":[{"href":"https:\/\/gobierno.udd.cl\/cips\/wp-json\/wp\/v2\/posts"}],"about":[{"href":"https:\/\/gobierno.udd.cl\/cips\/wp-json\/wp\/v2\/types\/post"}],"author":[{"embeddable":true,"href":"https:\/\/gobierno.udd.cl\/cips\/wp-json\/wp\/v2\/users\/9192236"}],"replies":[{"embeddable":true,"href":"https:\/\/gobierno.udd.cl\/cips\/wp-json\/wp\/v2\/comments?post=1123"}],"version-history":[{"count":5,"href":"https:\/\/gobierno.udd.cl\/cips\/wp-json\/wp\/v2\/posts\/1123\/revisions"}],"predecessor-version":[{"id":1134,"href":"https:\/\/gobierno.udd.cl\/cips\/wp-json\/wp\/v2\/posts\/1123\/revisions\/1134"}],"wp:featuredmedia":[{"embeddable":true,"href":"https:\/\/gobierno.udd.cl\/cips\/wp-json\/wp\/v2\/media\/1125"}],"wp:attachment":[{"href":"https:\/\/gobierno.udd.cl\/cips\/wp-json\/wp\/v2\/media?parent=1123"}],"wp:term":[{"taxonomy":"category","embeddable":true,"href":"https:\/\/gobierno.udd.cl\/cips\/wp-json\/wp\/v2\/categories?post=1123"},{"taxonomy":"post_tag","embeddable":true,"href":"https:\/\/gobierno.udd.cl\/cips\/wp-json\/wp\/v2\/tags?post=1123"}],"curies":[{"name":"wp","href":"https:\/\/api.w.org\/{rel}","templated":true}]}}