{"id":1097,"date":"2023-02-28T16:46:08","date_gmt":"2023-02-28T19:46:08","guid":{"rendered":"https:\/\/gobierno.udd.cl\/cips\/?p=1097"},"modified":"2023-02-28T16:46:18","modified_gmt":"2023-02-28T19:46:18","slug":"solo-el-29-de-los-prescolares-estan-vacunados-con-su-cuarta-dosis","status":"publish","type":"post","link":"https:\/\/gobierno.udd.cl\/cips\/2023\/02\/28\/solo-el-29-de-los-prescolares-estan-vacunados-con-su-cuarta-dosis\/","title":{"rendered":"Solo el 2,9% de los prescolares est\u00e1n vacunados con su cuarta dosis"},"content":{"rendered":"\n<p><em>Por otra parte, la vacunaci\u00f3n bivalente alcanza el 25% de cobertura y en un mes no ha superado las 99 mil dosis semanales.<\/em><\/p>\n\n\n\n<p>En la semana de retorno de clases, el Centro de Pol\u00edticas P\u00fablicas e Innovaci\u00f3n en Salud (CIPS) de la Facultad de Gobierno UDD realiz\u00f3 un informe sobre el estado de la vacunaci\u00f3n y pandemia en el pa\u00eds a trav\u00e9s de los datos abiertos disponibles del Ministerio de Salud.<\/p>\n\n\n\n<p>Se analizaron las cifras de cobertura de vacunaci\u00f3n de dosis de refuerzo y cuarta dosis para los menores de edad. Si bien en septiembre comenz\u00f3 la vacunaci\u00f3n de cuarta dosis para prescolares de 3 a 5 a\u00f1os, en seis meses la cobertura alcanza apenas el 2,9%. Es decir que, apenas 21.300 ni\u00f1os de este grupo etario en Chile est\u00e1n con todas sus vacunas al d\u00eda. En los ni\u00f1os de 6 a 11 a\u00f1os el escenario es similar: la cobertura de cuarta dosis, que comenz\u00f3 en agosto para este grupo, es de 12%.<\/p>\n\n\n\n<p><em>\u201cLa informaci\u00f3n poco clara sumada a la baja percepci\u00f3n de riesgo, podr\u00edan explicar estas coberturas que son casi inexistentes. Se debe reforzar y comunicar a los padres que las dosis de refuerzo y cuarta dosis son importantes para proteger a los ni\u00f1os y no colapsar a la red asistencial pedi\u00e1trica para el pr\u00f3ximo invierno\u201d<\/em>, dice <strong>Paula Daza<\/strong>, directora ejecutiva de CIPS-UDD.<\/p>\n\n\n\n<p>En el informe se analiz\u00f3, adem\u00e1s, la cobertura de la vacuna bivalente, la cual parti\u00f3 en octubre y cuya cobertura alcanza el 25%. En el \u00faltimo mes no se han superado las 99 mil dosis semanales y reci\u00e9n la semana pasada hubo un leve aumento tras cuatro semanas a la baja, pero con apenas 69 mil dosis.<\/p>\n\n\n\n<p><em>\u201cEl subsecretario de Salud P\u00fablica, Crist\u00f3bal Cuadrado, dijo que quer\u00eda \u00b4llegar a un 80% de las personas de alto riesgo, vacunadas antes de la pr\u00f3xima ola invernal\u00b4. Desde CIPS vemos dif\u00edcil cumplir con esa meta en la vacunaci\u00f3n bivalente si se ponen 100 mil dosis semanales y si tenemos coberturas en cr\u00f3nicos que est\u00e1n en\u00a0 13,4% o mayores de 50 que alcanza el 30%\u201d<\/em>, agrega Daza.<\/p>\n\n\n\n<p>Para ver el informe completo, revisa <a href=\"https:\/\/gobierno.udd.cl\/cips\/files\/2023\/02\/informe-vacunacion-febrero.pdf\" target=\"_blank\" rel=\"noreferrer noopener\">aqu\u00ed<\/a><\/p>\n","protected":false},"excerpt":{"rendered":"<p>Por otra parte, la vacunaci\u00f3n bivalente alcanza el 25% de cobertura y en un mes no ha superado las 99 mil dosis semanales. En la semana de retorno de clases, el Centro de Pol\u00edticas P\u00fablicas e Innovaci\u00f3n en Salud (CIPS) de la Facultad de Gobierno UDD realiz\u00f3 un informe sobre el estado de la vacunaci\u00f3n [&hellip;]<\/p>\n","protected":false},"author":9192237,"featured_media":1101,"comment_status":"closed","ping_status":"open","sticky":false,"template":"","format":"standard","meta":{"footnotes":""},"categories":[3],"tags":[129,15,87,71,38,34,14,40],"class_list":["post-1097","post","type-post","status-publish","format-standard","has-post-thumbnail","hentry","category-noticias","tag-bivalente","tag-cips","tag-cips_udd","tag-cips-udd","tag-covid","tag-covid-19","tag-paula-daza","tag-vacunacion"],"yoast_head":"<!-- This site is optimized with the Yoast SEO plugin v26.9 - https:\/\/yoast.com\/product\/yoast-seo-wordpress\/ -->\n<title>Solo el 2,9% de los prescolares est\u00e1n vacunados con su cuarta dosis - Centro de Pol\u00edticas P\u00fablicas e Innovaci\u00f3n en Salud<\/title>\n<meta name=\"robots\" content=\"index, follow, max-snippet:-1, max-image-preview:large, max-video-preview:-1\" \/>\n<link rel=\"canonical\" href=\"https:\/\/gobierno.udd.cl\/cips\/2023\/02\/28\/solo-el-29-de-los-prescolares-estan-vacunados-con-su-cuarta-dosis\/\" \/>\n<meta property=\"og:locale\" content=\"es_ES\" \/>\n<meta property=\"og:type\" content=\"article\" \/>\n<meta property=\"og:title\" content=\"Solo el 2,9% de los prescolares est\u00e1n vacunados con su cuarta dosis - Centro de Pol\u00edticas P\u00fablicas e Innovaci\u00f3n en Salud\" \/>\n<meta property=\"og:description\" content=\"Por otra parte, la vacunaci\u00f3n bivalente alcanza el 25% de cobertura y en un mes no ha superado las 99 mil dosis semanales. En la semana de retorno de clases, el Centro de Pol\u00edticas P\u00fablicas e Innovaci\u00f3n en Salud (CIPS) de la Facultad de Gobierno UDD realiz\u00f3 un informe sobre el estado de la vacunaci\u00f3n [&hellip;]\" \/>\n<meta property=\"og:url\" content=\"https:\/\/gobierno.udd.cl\/cips\/2023\/02\/28\/solo-el-29-de-los-prescolares-estan-vacunados-con-su-cuarta-dosis\/\" \/>\n<meta property=\"og:site_name\" content=\"Centro de Pol\u00edticas P\u00fablicas e Innovaci\u00f3n en Salud\" \/>\n<meta property=\"article:publisher\" content=\"https:\/\/www.facebook.com\/CIPS.UDD\" \/>\n<meta property=\"article:published_time\" content=\"2023-02-28T19:46:08+00:00\" \/>\n<meta property=\"article:modified_time\" content=\"2023-02-28T19:46:18+00:00\" \/>\n<meta property=\"og:image\" content=\"https:\/\/gobierno.udd.cl\/cips\/files\/2023\/02\/vacunacion-scaled.jpg\" \/>\n\t<meta property=\"og:image:width\" content=\"2560\" \/>\n\t<meta property=\"og:image:height\" content=\"1707\" \/>\n\t<meta property=\"og:image:type\" content=\"image\/jpeg\" \/>\n<meta name=\"author\" content=\"noeliazunino\" \/>\n<meta name=\"twitter:card\" content=\"summary_large_image\" \/>\n<meta name=\"twitter:creator\" content=\"@CIPS_UDD\" \/>\n<meta name=\"twitter:site\" content=\"@CIPS_UDD\" \/>\n<meta name=\"twitter:label1\" content=\"Escrito por\" \/>\n\t<meta name=\"twitter:data1\" content=\"noeliazunino\" \/>\n\t<meta name=\"twitter:label2\" content=\"Tiempo de lectura\" \/>\n\t<meta name=\"twitter:data2\" content=\"2 minutos\" \/>\n<script type=\"application\/ld+json\" class=\"yoast-schema-graph\">{\"@context\":\"https:\/\/schema.org\",\"@graph\":[{\"@type\":\"Article\",\"@id\":\"https:\/\/gobierno.udd.cl\/cips\/2023\/02\/28\/solo-el-29-de-los-prescolares-estan-vacunados-con-su-cuarta-dosis\/#article\",\"isPartOf\":{\"@id\":\"https:\/\/gobierno.udd.cl\/cips\/2023\/02\/28\/solo-el-29-de-los-prescolares-estan-vacunados-con-su-cuarta-dosis\/\"},\"author\":{\"name\":\"noeliazunino\",\"@id\":\"https:\/\/gobierno.udd.cl\/cips\/#\/schema\/person\/762da3918eafb33feb573290aa231dee\"},\"headline\":\"Solo el 2,9% de los prescolares est\u00e1n vacunados con su cuarta dosis\",\"datePublished\":\"2023-02-28T19:46:08+00:00\",\"dateModified\":\"2023-02-28T19:46:18+00:00\",\"mainEntityOfPage\":{\"@id\":\"https:\/\/gobierno.udd.cl\/cips\/2023\/02\/28\/solo-el-29-de-los-prescolares-estan-vacunados-con-su-cuarta-dosis\/\"},\"wordCount\":380,\"image\":{\"@id\":\"https:\/\/gobierno.udd.cl\/cips\/2023\/02\/28\/solo-el-29-de-los-prescolares-estan-vacunados-con-su-cuarta-dosis\/#primaryimage\"},\"thumbnailUrl\":\"https:\/\/gobierno.udd.cl\/cips\/files\/2023\/02\/vacunacion-scaled.jpg\",\"keywords\":[\"bivalente\",\"CIPS\",\"cips_udd\",\"CIPS-udd\",\"covid\",\"covid 19\",\"Paula Daza\",\"vacunaci\u00f3n\"],\"articleSection\":[\"Noticias\"],\"inLanguage\":\"es\"},{\"@type\":\"WebPage\",\"@id\":\"https:\/\/gobierno.udd.cl\/cips\/2023\/02\/28\/solo-el-29-de-los-prescolares-estan-vacunados-con-su-cuarta-dosis\/\",\"url\":\"https:\/\/gobierno.udd.cl\/cips\/2023\/02\/28\/solo-el-29-de-los-prescolares-estan-vacunados-con-su-cuarta-dosis\/\",\"name\":\"Solo el 2,9% de los prescolares est\u00e1n vacunados con su cuarta dosis - Centro de Pol\u00edticas P\u00fablicas e Innovaci\u00f3n en Salud\",\"isPartOf\":{\"@id\":\"https:\/\/gobierno.udd.cl\/cips\/#website\"},\"primaryImageOfPage\":{\"@id\":\"https:\/\/gobierno.udd.cl\/cips\/2023\/02\/28\/solo-el-29-de-los-prescolares-estan-vacunados-con-su-cuarta-dosis\/#primaryimage\"},\"image\":{\"@id\":\"https:\/\/gobierno.udd.cl\/cips\/2023\/02\/28\/solo-el-29-de-los-prescolares-estan-vacunados-con-su-cuarta-dosis\/#primaryimage\"},\"thumbnailUrl\":\"https:\/\/gobierno.udd.cl\/cips\/files\/2023\/02\/vacunacion-scaled.jpg\",\"datePublished\":\"2023-02-28T19:46:08+00:00\",\"dateModified\":\"2023-02-28T19:46:18+00:00\",\"author\":{\"@id\":\"https:\/\/gobierno.udd.cl\/cips\/#\/schema\/person\/762da3918eafb33feb573290aa231dee\"},\"breadcrumb\":{\"@id\":\"https:\/\/gobierno.udd.cl\/cips\/2023\/02\/28\/solo-el-29-de-los-prescolares-estan-vacunados-con-su-cuarta-dosis\/#breadcrumb\"},\"inLanguage\":\"es\",\"potentialAction\":[{\"@type\":\"ReadAction\",\"target\":[\"https:\/\/gobierno.udd.cl\/cips\/2023\/02\/28\/solo-el-29-de-los-prescolares-estan-vacunados-con-su-cuarta-dosis\/\"]}]},{\"@type\":\"ImageObject\",\"inLanguage\":\"es\",\"@id\":\"https:\/\/gobierno.udd.cl\/cips\/2023\/02\/28\/solo-el-29-de-los-prescolares-estan-vacunados-con-su-cuarta-dosis\/#primaryimage\",\"url\":\"https:\/\/gobierno.udd.cl\/cips\/files\/2023\/02\/vacunacion-scaled.jpg\",\"contentUrl\":\"https:\/\/gobierno.udd.cl\/cips\/files\/2023\/02\/vacunacion-scaled.jpg\",\"width\":2560,\"height\":1707},{\"@type\":\"BreadcrumbList\",\"@id\":\"https:\/\/gobierno.udd.cl\/cips\/2023\/02\/28\/solo-el-29-de-los-prescolares-estan-vacunados-con-su-cuarta-dosis\/#breadcrumb\",\"itemListElement\":[{\"@type\":\"ListItem\",\"position\":1,\"name\":\"Portada\",\"item\":\"https:\/\/gobierno.udd.cl\/cips\/\"},{\"@type\":\"ListItem\",\"position\":2,\"name\":\"Solo el 2,9% de los prescolares est\u00e1n vacunados con su cuarta dosis\"}]},{\"@type\":\"WebSite\",\"@id\":\"https:\/\/gobierno.udd.cl\/cips\/#website\",\"url\":\"https:\/\/gobierno.udd.cl\/cips\/\",\"name\":\"Centro de Pol\u00edticas P\u00fablicas e Innovaci\u00f3n en Salud\",\"description\":\"CIPS-UDD\",\"inLanguage\":\"es\"},{\"@type\":\"Person\",\"@id\":\"https:\/\/gobierno.udd.cl\/cips\/#\/schema\/person\/762da3918eafb33feb573290aa231dee\",\"name\":\"noeliazunino\",\"image\":{\"@type\":\"ImageObject\",\"inLanguage\":\"es\",\"@id\":\"https:\/\/gobierno.udd.cl\/cips\/#\/schema\/person\/image\/\",\"url\":\"https:\/\/secure.gravatar.com\/avatar\/e64e90f9b2b0352dcc8ce3f0db101b4437cfff130fdeba871091434d0c61a07d?s=96&d=mm&r=g\",\"contentUrl\":\"https:\/\/secure.gravatar.com\/avatar\/e64e90f9b2b0352dcc8ce3f0db101b4437cfff130fdeba871091434d0c61a07d?s=96&d=mm&r=g\",\"caption\":\"noeliazunino\"},\"url\":\"https:\/\/gobierno.udd.cl\/cips\/author\/noeliazunino\/\"}]}<\/script>\n<!-- \/ Yoast SEO plugin. -->","yoast_head_json":{"title":"Solo el 2,9% de los prescolares est\u00e1n vacunados con su cuarta dosis - Centro de Pol\u00edticas P\u00fablicas e Innovaci\u00f3n en Salud","robots":{"index":"index","follow":"follow","max-snippet":"max-snippet:-1","max-image-preview":"max-image-preview:large","max-video-preview":"max-video-preview:-1"},"canonical":"https:\/\/gobierno.udd.cl\/cips\/2023\/02\/28\/solo-el-29-de-los-prescolares-estan-vacunados-con-su-cuarta-dosis\/","og_locale":"es_ES","og_type":"article","og_title":"Solo el 2,9% de los prescolares est\u00e1n vacunados con su cuarta dosis - Centro de Pol\u00edticas P\u00fablicas e Innovaci\u00f3n en Salud","og_description":"Por otra parte, la vacunaci\u00f3n bivalente alcanza el 25% de cobertura y en un mes no ha superado las 99 mil dosis semanales. En la semana de retorno de clases, el Centro de Pol\u00edticas P\u00fablicas e Innovaci\u00f3n en Salud (CIPS) de la Facultad de Gobierno UDD realiz\u00f3 un informe sobre el estado de la vacunaci\u00f3n [&hellip;]","og_url":"https:\/\/gobierno.udd.cl\/cips\/2023\/02\/28\/solo-el-29-de-los-prescolares-estan-vacunados-con-su-cuarta-dosis\/","og_site_name":"Centro de Pol\u00edticas P\u00fablicas e Innovaci\u00f3n en Salud","article_publisher":"https:\/\/www.facebook.com\/CIPS.UDD","article_published_time":"2023-02-28T19:46:08+00:00","article_modified_time":"2023-02-28T19:46:18+00:00","og_image":[{"width":2560,"height":1707,"url":"https:\/\/gobierno.udd.cl\/cips\/files\/2023\/02\/vacunacion-scaled.jpg","type":"image\/jpeg"}],"author":"noeliazunino","twitter_card":"summary_large_image","twitter_creator":"@CIPS_UDD","twitter_site":"@CIPS_UDD","twitter_misc":{"Escrito por":"noeliazunino","Tiempo de lectura":"2 minutos"},"schema":{"@context":"https:\/\/schema.org","@graph":[{"@type":"Article","@id":"https:\/\/gobierno.udd.cl\/cips\/2023\/02\/28\/solo-el-29-de-los-prescolares-estan-vacunados-con-su-cuarta-dosis\/#article","isPartOf":{"@id":"https:\/\/gobierno.udd.cl\/cips\/2023\/02\/28\/solo-el-29-de-los-prescolares-estan-vacunados-con-su-cuarta-dosis\/"},"author":{"name":"noeliazunino","@id":"https:\/\/gobierno.udd.cl\/cips\/#\/schema\/person\/762da3918eafb33feb573290aa231dee"},"headline":"Solo el 2,9% de los prescolares est\u00e1n vacunados con su cuarta dosis","datePublished":"2023-02-28T19:46:08+00:00","dateModified":"2023-02-28T19:46:18+00:00","mainEntityOfPage":{"@id":"https:\/\/gobierno.udd.cl\/cips\/2023\/02\/28\/solo-el-29-de-los-prescolares-estan-vacunados-con-su-cuarta-dosis\/"},"wordCount":380,"image":{"@id":"https:\/\/gobierno.udd.cl\/cips\/2023\/02\/28\/solo-el-29-de-los-prescolares-estan-vacunados-con-su-cuarta-dosis\/#primaryimage"},"thumbnailUrl":"https:\/\/gobierno.udd.cl\/cips\/files\/2023\/02\/vacunacion-scaled.jpg","keywords":["bivalente","CIPS","cips_udd","CIPS-udd","covid","covid 19","Paula Daza","vacunaci\u00f3n"],"articleSection":["Noticias"],"inLanguage":"es"},{"@type":"WebPage","@id":"https:\/\/gobierno.udd.cl\/cips\/2023\/02\/28\/solo-el-29-de-los-prescolares-estan-vacunados-con-su-cuarta-dosis\/","url":"https:\/\/gobierno.udd.cl\/cips\/2023\/02\/28\/solo-el-29-de-los-prescolares-estan-vacunados-con-su-cuarta-dosis\/","name":"Solo el 2,9% de los prescolares est\u00e1n vacunados con su cuarta dosis - Centro de Pol\u00edticas P\u00fablicas e Innovaci\u00f3n en Salud","isPartOf":{"@id":"https:\/\/gobierno.udd.cl\/cips\/#website"},"primaryImageOfPage":{"@id":"https:\/\/gobierno.udd.cl\/cips\/2023\/02\/28\/solo-el-29-de-los-prescolares-estan-vacunados-con-su-cuarta-dosis\/#primaryimage"},"image":{"@id":"https:\/\/gobierno.udd.cl\/cips\/2023\/02\/28\/solo-el-29-de-los-prescolares-estan-vacunados-con-su-cuarta-dosis\/#primaryimage"},"thumbnailUrl":"https:\/\/gobierno.udd.cl\/cips\/files\/2023\/02\/vacunacion-scaled.jpg","datePublished":"2023-02-28T19:46:08+00:00","dateModified":"2023-02-28T19:46:18+00:00","author":{"@id":"https:\/\/gobierno.udd.cl\/cips\/#\/schema\/person\/762da3918eafb33feb573290aa231dee"},"breadcrumb":{"@id":"https:\/\/gobierno.udd.cl\/cips\/2023\/02\/28\/solo-el-29-de-los-prescolares-estan-vacunados-con-su-cuarta-dosis\/#breadcrumb"},"inLanguage":"es","potentialAction":[{"@type":"ReadAction","target":["https:\/\/gobierno.udd.cl\/cips\/2023\/02\/28\/solo-el-29-de-los-prescolares-estan-vacunados-con-su-cuarta-dosis\/"]}]},{"@type":"ImageObject","inLanguage":"es","@id":"https:\/\/gobierno.udd.cl\/cips\/2023\/02\/28\/solo-el-29-de-los-prescolares-estan-vacunados-con-su-cuarta-dosis\/#primaryimage","url":"https:\/\/gobierno.udd.cl\/cips\/files\/2023\/02\/vacunacion-scaled.jpg","contentUrl":"https:\/\/gobierno.udd.cl\/cips\/files\/2023\/02\/vacunacion-scaled.jpg","width":2560,"height":1707},{"@type":"BreadcrumbList","@id":"https:\/\/gobierno.udd.cl\/cips\/2023\/02\/28\/solo-el-29-de-los-prescolares-estan-vacunados-con-su-cuarta-dosis\/#breadcrumb","itemListElement":[{"@type":"ListItem","position":1,"name":"Portada","item":"https:\/\/gobierno.udd.cl\/cips\/"},{"@type":"ListItem","position":2,"name":"Solo el 2,9% de los prescolares est\u00e1n vacunados con su cuarta dosis"}]},{"@type":"WebSite","@id":"https:\/\/gobierno.udd.cl\/cips\/#website","url":"https:\/\/gobierno.udd.cl\/cips\/","name":"Centro de Pol\u00edticas P\u00fablicas e Innovaci\u00f3n en Salud","description":"CIPS-UDD","inLanguage":"es"},{"@type":"Person","@id":"https:\/\/gobierno.udd.cl\/cips\/#\/schema\/person\/762da3918eafb33feb573290aa231dee","name":"noeliazunino","image":{"@type":"ImageObject","inLanguage":"es","@id":"https:\/\/gobierno.udd.cl\/cips\/#\/schema\/person\/image\/","url":"https:\/\/secure.gravatar.com\/avatar\/e64e90f9b2b0352dcc8ce3f0db101b4437cfff130fdeba871091434d0c61a07d?s=96&d=mm&r=g","contentUrl":"https:\/\/secure.gravatar.com\/avatar\/e64e90f9b2b0352dcc8ce3f0db101b4437cfff130fdeba871091434d0c61a07d?s=96&d=mm&r=g","caption":"noeliazunino"},"url":"https:\/\/gobierno.udd.cl\/cips\/author\/noeliazunino\/"}]}},"featured_image_url":"https:\/\/gobierno.udd.cl\/cips\/files\/2023\/02\/vacunacion-scaled.jpg","_links":{"self":[{"href":"https:\/\/gobierno.udd.cl\/cips\/wp-json\/wp\/v2\/posts\/1097","targetHints":{"allow":["GET"]}}],"collection":[{"href":"https:\/\/gobierno.udd.cl\/cips\/wp-json\/wp\/v2\/posts"}],"about":[{"href":"https:\/\/gobierno.udd.cl\/cips\/wp-json\/wp\/v2\/types\/post"}],"author":[{"embeddable":true,"href":"https:\/\/gobierno.udd.cl\/cips\/wp-json\/wp\/v2\/users\/9192237"}],"replies":[{"embeddable":true,"href":"https:\/\/gobierno.udd.cl\/cips\/wp-json\/wp\/v2\/comments?post=1097"}],"version-history":[{"count":2,"href":"https:\/\/gobierno.udd.cl\/cips\/wp-json\/wp\/v2\/posts\/1097\/revisions"}],"predecessor-version":[{"id":1103,"href":"https:\/\/gobierno.udd.cl\/cips\/wp-json\/wp\/v2\/posts\/1097\/revisions\/1103"}],"wp:featuredmedia":[{"embeddable":true,"href":"https:\/\/gobierno.udd.cl\/cips\/wp-json\/wp\/v2\/media\/1101"}],"wp:attachment":[{"href":"https:\/\/gobierno.udd.cl\/cips\/wp-json\/wp\/v2\/media?parent=1097"}],"wp:term":[{"taxonomy":"category","embeddable":true,"href":"https:\/\/gobierno.udd.cl\/cips\/wp-json\/wp\/v2\/categories?post=1097"},{"taxonomy":"post_tag","embeddable":true,"href":"https:\/\/gobierno.udd.cl\/cips\/wp-json\/wp\/v2\/tags?post=1097"}],"curies":[{"name":"wp","href":"https:\/\/api.w.org\/{rel}","templated":true}]}}