{"id":1063,"date":"2023-01-27T16:10:29","date_gmt":"2023-01-27T19:10:29","guid":{"rendered":"https:\/\/gobierno.udd.cl\/cips\/?p=1063"},"modified":"2023-01-27T16:42:05","modified_gmt":"2023-01-27T19:42:05","slug":"lista-de-espera-el-55-de-los-retrasos-ges-en-cancer-son-por-diagnostico","status":"publish","type":"post","link":"https:\/\/gobierno.udd.cl\/cips\/2023\/01\/27\/lista-de-espera-el-55-de-los-retrasos-ges-en-cancer-son-por-diagnostico\/","title":{"rendered":"Lista de espera: el 55% de los retrasos GES en c\u00e1ncer son por diagn\u00f3stico"},"content":{"rendered":"\n<p><em>CIPS analiz\u00f3 en qu\u00e9 etapa o intervenci\u00f3n que otorga el GES se tiene mayor cantidad de retrasos en c\u00e1ncer. M\u00e1s de 8 mil prestaciones de c\u00e1ncer est\u00e1n retrasadas en diagn\u00f3stico, principalmente en c\u00e1ncer g\u00e1strico y de mama. En tanto el 25% de los retrasos GES en c\u00e1ncer est\u00e1n asociados al tratamiento.<\/em><\/p>\n\n\n\n<p>El c\u00e1ncer en Chile se ha vuelto una de las enfermedades m\u00e1s mortales, donde se posicion\u00f3 como la principal causa de muerte en las Estad\u00edsticas Vitales del 2019 del INE.&nbsp; En noviembre el Centro de Pol\u00edticas P\u00fablicas e Innovaci\u00f3n en Salud (CIPS) de la Facultad de Gobierno de la Universidad del Desarrollo, realiz\u00f3 un an\u00e1lisis entorno a la intervenci\u00f3n sanitaria de los retrasos de garant\u00edas GES (Garant\u00edas Expl\u00edcitas en Salud) relacionadas con c\u00e1ncer, a trav\u00e9s de los datos otorgados por transparencia. En este se encontr\u00f3 que, entre el tercer trimestre del 2021 y el tercer trimestre del 2022, aument\u00f3 81% el total de retrasos en garant\u00edas GES en c\u00e1ncer y principalmente en c\u00e1ncer cervicouterino con una variaci\u00f3n de 110%.<\/p>\n\n\n\n<p>En un nuevo informe, CIPS profundiz\u00f3 en qu\u00e9 etapa o intervenci\u00f3n de las prestaciones asociadas a esta enfermedad es mayor la lista de espera: el 55,5% de las garant\u00edas retrasadas en c\u00e1ncer, que equivale a m\u00e1s de 8 mil prestaciones, tienen relaci\u00f3n con el diagn\u00f3stico.&nbsp; De este total de retrasos en diagn\u00f3stico, el 22,7% (1.849) son de c\u00e1ncer g\u00e1strico; 22,4% (1.820) por c\u00e1ncer de mama; 20,1% (1.635) por c\u00e1ncer cervicouterino; 17,8% (1.447) por c\u00e1ncer colorrectal en personas de 15 a\u00f1os y m\u00e1s y 5,3% (433) por c\u00e1ncer de pulm\u00f3n.<\/p>\n\n\n\n<p>El tratamiento es otra etapa en que hay gran cantidad de garant\u00edas retrasadas en c\u00e1ncer: m\u00e1s de 3.700, lo que equivale al 25% del total de retrasos en esta enfermedad.&nbsp; De este total, 20,5% (776) de los retrasos por tratamiento son de c\u00e1ncer de mama; 15% (570) por c\u00e1ncer de pr\u00f3stata, 12,8% (484) por c\u00e1ncer cervicouterino; 12,6% (478) por c\u00e1ncer colorrectal 15 a\u00f1os y m\u00e1s y; 8,7% (331) c\u00e1ncer g\u00e1strico.<\/p>\n\n\n\n<p><em>\u201cEsta semana el gobierno dio a conocer la inversi\u00f3n que har\u00e1 para disminuir los tiempos y d\u00edas en las listas de espera. Con estos datos a la mano, como CIPS recomendamos poner prioridad a todos aquellos atrasos relacionados con el diagn\u00f3stico y tratamiento de c\u00e1ncer. No basta con reducir los d\u00edas y las garant\u00edas retrasadas en general. Hay que priorizar los pacientes de mayor gravedad, como aquellos que tienen c\u00e1ncer. Aqu\u00ed lo que prima es hacer una estrategia bien pensada y pulcra para salvar la mayor cantidad de vidas y detener el deterioro en la salud de quienes est\u00e1n esperando ser atendidos\u201d<\/em> dice Paula Daza, directora ejecutiva de CIPS.<\/p>\n\n\n\n<p><strong><a href=\"https:\/\/gobierno.udd.cl\/cips\/files\/2023\/01\/retrasos-ges-en-cancer-por-intervencion_cips.pdf\" target=\"_blank\" rel=\"noreferrer noopener\">LEE EL INFORME COMPLETO AQU\u00cd.<\/a><\/strong><\/p>\n","protected":false},"excerpt":{"rendered":"<p>CIPS analiz\u00f3 en qu\u00e9 etapa o intervenci\u00f3n que otorga el GES se tiene mayor cantidad de retrasos en c\u00e1ncer. M\u00e1s de 8 mil prestaciones de c\u00e1ncer est\u00e1n retrasadas en diagn\u00f3stico, principalmente en c\u00e1ncer g\u00e1strico y de mama. En tanto el 25% de los retrasos GES en c\u00e1ncer est\u00e1n asociados al tratamiento. El c\u00e1ncer en Chile [&hellip;]<\/p>\n","protected":false},"author":9192237,"featured_media":1064,"comment_status":"open","ping_status":"open","sticky":false,"template":"","format":"standard","meta":{"footnotes":""},"categories":[3],"tags":[15,87,71,125,31,14,23],"class_list":["post-1063","post","type-post","status-publish","format-standard","has-post-thumbnail","hentry","category-noticias","tag-cips","tag-cips_udd","tag-cips-udd","tag-ges","tag-ministerio-de-salud","tag-paula-daza","tag-universidad-del-desarrollo"],"yoast_head":"<!-- This site is optimized with the Yoast SEO plugin v26.9 - https:\/\/yoast.com\/product\/yoast-seo-wordpress\/ -->\n<title>Lista de espera: el 55% de los retrasos GES en c\u00e1ncer son por diagn\u00f3stico - Centro de Pol\u00edticas P\u00fablicas e Innovaci\u00f3n en Salud<\/title>\n<meta name=\"robots\" content=\"index, follow, max-snippet:-1, max-image-preview:large, max-video-preview:-1\" \/>\n<link rel=\"canonical\" href=\"https:\/\/gobierno.udd.cl\/cips\/2023\/01\/27\/lista-de-espera-el-55-de-los-retrasos-ges-en-cancer-son-por-diagnostico\/\" \/>\n<meta property=\"og:locale\" content=\"es_ES\" \/>\n<meta property=\"og:type\" content=\"article\" \/>\n<meta property=\"og:title\" content=\"Lista de espera: el 55% de los retrasos GES en c\u00e1ncer son por diagn\u00f3stico - Centro de Pol\u00edticas P\u00fablicas e Innovaci\u00f3n en Salud\" \/>\n<meta property=\"og:description\" content=\"CIPS analiz\u00f3 en qu\u00e9 etapa o intervenci\u00f3n que otorga el GES se tiene mayor cantidad de retrasos en c\u00e1ncer. M\u00e1s de 8 mil prestaciones de c\u00e1ncer est\u00e1n retrasadas en diagn\u00f3stico, principalmente en c\u00e1ncer g\u00e1strico y de mama. En tanto el 25% de los retrasos GES en c\u00e1ncer est\u00e1n asociados al tratamiento. El c\u00e1ncer en Chile [&hellip;]\" \/>\n<meta property=\"og:url\" content=\"https:\/\/gobierno.udd.cl\/cips\/2023\/01\/27\/lista-de-espera-el-55-de-los-retrasos-ges-en-cancer-son-por-diagnostico\/\" \/>\n<meta property=\"og:site_name\" content=\"Centro de Pol\u00edticas P\u00fablicas e Innovaci\u00f3n en Salud\" \/>\n<meta property=\"article:publisher\" content=\"https:\/\/www.facebook.com\/CIPS.UDD\" \/>\n<meta property=\"article:published_time\" content=\"2023-01-27T19:10:29+00:00\" \/>\n<meta property=\"article:modified_time\" content=\"2023-01-27T19:42:05+00:00\" \/>\n<meta property=\"og:image\" content=\"https:\/\/gobierno.udd.cl\/cips\/files\/2023\/01\/cancer3-scaled.jpg\" \/>\n\t<meta property=\"og:image:width\" content=\"2560\" \/>\n\t<meta property=\"og:image:height\" content=\"1707\" \/>\n\t<meta property=\"og:image:type\" content=\"image\/jpeg\" \/>\n<meta name=\"author\" content=\"noeliazunino\" \/>\n<meta name=\"twitter:card\" content=\"summary_large_image\" \/>\n<meta name=\"twitter:creator\" content=\"@CIPS_UDD\" \/>\n<meta name=\"twitter:site\" content=\"@CIPS_UDD\" \/>\n<meta name=\"twitter:label1\" content=\"Escrito por\" \/>\n\t<meta name=\"twitter:data1\" content=\"noeliazunino\" \/>\n\t<meta name=\"twitter:label2\" content=\"Tiempo de lectura\" \/>\n\t<meta name=\"twitter:data2\" content=\"3 minutos\" \/>\n<script type=\"application\/ld+json\" class=\"yoast-schema-graph\">{\"@context\":\"https:\/\/schema.org\",\"@graph\":[{\"@type\":\"Article\",\"@id\":\"https:\/\/gobierno.udd.cl\/cips\/2023\/01\/27\/lista-de-espera-el-55-de-los-retrasos-ges-en-cancer-son-por-diagnostico\/#article\",\"isPartOf\":{\"@id\":\"https:\/\/gobierno.udd.cl\/cips\/2023\/01\/27\/lista-de-espera-el-55-de-los-retrasos-ges-en-cancer-son-por-diagnostico\/\"},\"author\":{\"name\":\"noeliazunino\",\"@id\":\"https:\/\/gobierno.udd.cl\/cips\/#\/schema\/person\/762da3918eafb33feb573290aa231dee\"},\"headline\":\"Lista de espera: el 55% de los retrasos GES en c\u00e1ncer son por diagn\u00f3stico\",\"datePublished\":\"2023-01-27T19:10:29+00:00\",\"dateModified\":\"2023-01-27T19:42:05+00:00\",\"mainEntityOfPage\":{\"@id\":\"https:\/\/gobierno.udd.cl\/cips\/2023\/01\/27\/lista-de-espera-el-55-de-los-retrasos-ges-en-cancer-son-por-diagnostico\/\"},\"wordCount\":491,\"commentCount\":0,\"image\":{\"@id\":\"https:\/\/gobierno.udd.cl\/cips\/2023\/01\/27\/lista-de-espera-el-55-de-los-retrasos-ges-en-cancer-son-por-diagnostico\/#primaryimage\"},\"thumbnailUrl\":\"https:\/\/gobierno.udd.cl\/cips\/files\/2023\/01\/cancer3-scaled.jpg\",\"keywords\":[\"CIPS\",\"cips_udd\",\"CIPS-udd\",\"ges\",\"ministerio de salud\",\"Paula Daza\",\"Universidad del Desarrollo\"],\"articleSection\":[\"Noticias\"],\"inLanguage\":\"es\",\"potentialAction\":[{\"@type\":\"CommentAction\",\"name\":\"Comment\",\"target\":[\"https:\/\/gobierno.udd.cl\/cips\/2023\/01\/27\/lista-de-espera-el-55-de-los-retrasos-ges-en-cancer-son-por-diagnostico\/#respond\"]}]},{\"@type\":\"WebPage\",\"@id\":\"https:\/\/gobierno.udd.cl\/cips\/2023\/01\/27\/lista-de-espera-el-55-de-los-retrasos-ges-en-cancer-son-por-diagnostico\/\",\"url\":\"https:\/\/gobierno.udd.cl\/cips\/2023\/01\/27\/lista-de-espera-el-55-de-los-retrasos-ges-en-cancer-son-por-diagnostico\/\",\"name\":\"Lista de espera: el 55% de los retrasos GES en c\u00e1ncer son por diagn\u00f3stico - Centro de Pol\u00edticas P\u00fablicas e Innovaci\u00f3n en Salud\",\"isPartOf\":{\"@id\":\"https:\/\/gobierno.udd.cl\/cips\/#website\"},\"primaryImageOfPage\":{\"@id\":\"https:\/\/gobierno.udd.cl\/cips\/2023\/01\/27\/lista-de-espera-el-55-de-los-retrasos-ges-en-cancer-son-por-diagnostico\/#primaryimage\"},\"image\":{\"@id\":\"https:\/\/gobierno.udd.cl\/cips\/2023\/01\/27\/lista-de-espera-el-55-de-los-retrasos-ges-en-cancer-son-por-diagnostico\/#primaryimage\"},\"thumbnailUrl\":\"https:\/\/gobierno.udd.cl\/cips\/files\/2023\/01\/cancer3-scaled.jpg\",\"datePublished\":\"2023-01-27T19:10:29+00:00\",\"dateModified\":\"2023-01-27T19:42:05+00:00\",\"author\":{\"@id\":\"https:\/\/gobierno.udd.cl\/cips\/#\/schema\/person\/762da3918eafb33feb573290aa231dee\"},\"breadcrumb\":{\"@id\":\"https:\/\/gobierno.udd.cl\/cips\/2023\/01\/27\/lista-de-espera-el-55-de-los-retrasos-ges-en-cancer-son-por-diagnostico\/#breadcrumb\"},\"inLanguage\":\"es\",\"potentialAction\":[{\"@type\":\"ReadAction\",\"target\":[\"https:\/\/gobierno.udd.cl\/cips\/2023\/01\/27\/lista-de-espera-el-55-de-los-retrasos-ges-en-cancer-son-por-diagnostico\/\"]}]},{\"@type\":\"ImageObject\",\"inLanguage\":\"es\",\"@id\":\"https:\/\/gobierno.udd.cl\/cips\/2023\/01\/27\/lista-de-espera-el-55-de-los-retrasos-ges-en-cancer-son-por-diagnostico\/#primaryimage\",\"url\":\"https:\/\/gobierno.udd.cl\/cips\/files\/2023\/01\/cancer3-scaled.jpg\",\"contentUrl\":\"https:\/\/gobierno.udd.cl\/cips\/files\/2023\/01\/cancer3-scaled.jpg\",\"width\":2560,\"height\":1707},{\"@type\":\"BreadcrumbList\",\"@id\":\"https:\/\/gobierno.udd.cl\/cips\/2023\/01\/27\/lista-de-espera-el-55-de-los-retrasos-ges-en-cancer-son-por-diagnostico\/#breadcrumb\",\"itemListElement\":[{\"@type\":\"ListItem\",\"position\":1,\"name\":\"Portada\",\"item\":\"https:\/\/gobierno.udd.cl\/cips\/\"},{\"@type\":\"ListItem\",\"position\":2,\"name\":\"Lista de espera: el 55% de los retrasos GES en c\u00e1ncer son por diagn\u00f3stico\"}]},{\"@type\":\"WebSite\",\"@id\":\"https:\/\/gobierno.udd.cl\/cips\/#website\",\"url\":\"https:\/\/gobierno.udd.cl\/cips\/\",\"name\":\"Centro de Pol\u00edticas P\u00fablicas e Innovaci\u00f3n en Salud\",\"description\":\"CIPS-UDD\",\"inLanguage\":\"es\"},{\"@type\":\"Person\",\"@id\":\"https:\/\/gobierno.udd.cl\/cips\/#\/schema\/person\/762da3918eafb33feb573290aa231dee\",\"name\":\"noeliazunino\",\"image\":{\"@type\":\"ImageObject\",\"inLanguage\":\"es\",\"@id\":\"https:\/\/gobierno.udd.cl\/cips\/#\/schema\/person\/image\/\",\"url\":\"https:\/\/secure.gravatar.com\/avatar\/e64e90f9b2b0352dcc8ce3f0db101b4437cfff130fdeba871091434d0c61a07d?s=96&d=mm&r=g\",\"contentUrl\":\"https:\/\/secure.gravatar.com\/avatar\/e64e90f9b2b0352dcc8ce3f0db101b4437cfff130fdeba871091434d0c61a07d?s=96&d=mm&r=g\",\"caption\":\"noeliazunino\"},\"url\":\"https:\/\/gobierno.udd.cl\/cips\/author\/noeliazunino\/\"}]}<\/script>\n<!-- \/ Yoast SEO plugin. -->","yoast_head_json":{"title":"Lista de espera: el 55% de los retrasos GES en c\u00e1ncer son por diagn\u00f3stico - Centro de Pol\u00edticas P\u00fablicas e Innovaci\u00f3n en Salud","robots":{"index":"index","follow":"follow","max-snippet":"max-snippet:-1","max-image-preview":"max-image-preview:large","max-video-preview":"max-video-preview:-1"},"canonical":"https:\/\/gobierno.udd.cl\/cips\/2023\/01\/27\/lista-de-espera-el-55-de-los-retrasos-ges-en-cancer-son-por-diagnostico\/","og_locale":"es_ES","og_type":"article","og_title":"Lista de espera: el 55% de los retrasos GES en c\u00e1ncer son por diagn\u00f3stico - Centro de Pol\u00edticas P\u00fablicas e Innovaci\u00f3n en Salud","og_description":"CIPS analiz\u00f3 en qu\u00e9 etapa o intervenci\u00f3n que otorga el GES se tiene mayor cantidad de retrasos en c\u00e1ncer. M\u00e1s de 8 mil prestaciones de c\u00e1ncer est\u00e1n retrasadas en diagn\u00f3stico, principalmente en c\u00e1ncer g\u00e1strico y de mama. En tanto el 25% de los retrasos GES en c\u00e1ncer est\u00e1n asociados al tratamiento. El c\u00e1ncer en Chile [&hellip;]","og_url":"https:\/\/gobierno.udd.cl\/cips\/2023\/01\/27\/lista-de-espera-el-55-de-los-retrasos-ges-en-cancer-son-por-diagnostico\/","og_site_name":"Centro de Pol\u00edticas P\u00fablicas e Innovaci\u00f3n en Salud","article_publisher":"https:\/\/www.facebook.com\/CIPS.UDD","article_published_time":"2023-01-27T19:10:29+00:00","article_modified_time":"2023-01-27T19:42:05+00:00","og_image":[{"width":2560,"height":1707,"url":"https:\/\/gobierno.udd.cl\/cips\/files\/2023\/01\/cancer3-scaled.jpg","type":"image\/jpeg"}],"author":"noeliazunino","twitter_card":"summary_large_image","twitter_creator":"@CIPS_UDD","twitter_site":"@CIPS_UDD","twitter_misc":{"Escrito por":"noeliazunino","Tiempo de lectura":"3 minutos"},"schema":{"@context":"https:\/\/schema.org","@graph":[{"@type":"Article","@id":"https:\/\/gobierno.udd.cl\/cips\/2023\/01\/27\/lista-de-espera-el-55-de-los-retrasos-ges-en-cancer-son-por-diagnostico\/#article","isPartOf":{"@id":"https:\/\/gobierno.udd.cl\/cips\/2023\/01\/27\/lista-de-espera-el-55-de-los-retrasos-ges-en-cancer-son-por-diagnostico\/"},"author":{"name":"noeliazunino","@id":"https:\/\/gobierno.udd.cl\/cips\/#\/schema\/person\/762da3918eafb33feb573290aa231dee"},"headline":"Lista de espera: el 55% de los retrasos GES en c\u00e1ncer son por diagn\u00f3stico","datePublished":"2023-01-27T19:10:29+00:00","dateModified":"2023-01-27T19:42:05+00:00","mainEntityOfPage":{"@id":"https:\/\/gobierno.udd.cl\/cips\/2023\/01\/27\/lista-de-espera-el-55-de-los-retrasos-ges-en-cancer-son-por-diagnostico\/"},"wordCount":491,"commentCount":0,"image":{"@id":"https:\/\/gobierno.udd.cl\/cips\/2023\/01\/27\/lista-de-espera-el-55-de-los-retrasos-ges-en-cancer-son-por-diagnostico\/#primaryimage"},"thumbnailUrl":"https:\/\/gobierno.udd.cl\/cips\/files\/2023\/01\/cancer3-scaled.jpg","keywords":["CIPS","cips_udd","CIPS-udd","ges","ministerio de salud","Paula Daza","Universidad del Desarrollo"],"articleSection":["Noticias"],"inLanguage":"es","potentialAction":[{"@type":"CommentAction","name":"Comment","target":["https:\/\/gobierno.udd.cl\/cips\/2023\/01\/27\/lista-de-espera-el-55-de-los-retrasos-ges-en-cancer-son-por-diagnostico\/#respond"]}]},{"@type":"WebPage","@id":"https:\/\/gobierno.udd.cl\/cips\/2023\/01\/27\/lista-de-espera-el-55-de-los-retrasos-ges-en-cancer-son-por-diagnostico\/","url":"https:\/\/gobierno.udd.cl\/cips\/2023\/01\/27\/lista-de-espera-el-55-de-los-retrasos-ges-en-cancer-son-por-diagnostico\/","name":"Lista de espera: el 55% de los retrasos GES en c\u00e1ncer son por diagn\u00f3stico - Centro de Pol\u00edticas P\u00fablicas e Innovaci\u00f3n en Salud","isPartOf":{"@id":"https:\/\/gobierno.udd.cl\/cips\/#website"},"primaryImageOfPage":{"@id":"https:\/\/gobierno.udd.cl\/cips\/2023\/01\/27\/lista-de-espera-el-55-de-los-retrasos-ges-en-cancer-son-por-diagnostico\/#primaryimage"},"image":{"@id":"https:\/\/gobierno.udd.cl\/cips\/2023\/01\/27\/lista-de-espera-el-55-de-los-retrasos-ges-en-cancer-son-por-diagnostico\/#primaryimage"},"thumbnailUrl":"https:\/\/gobierno.udd.cl\/cips\/files\/2023\/01\/cancer3-scaled.jpg","datePublished":"2023-01-27T19:10:29+00:00","dateModified":"2023-01-27T19:42:05+00:00","author":{"@id":"https:\/\/gobierno.udd.cl\/cips\/#\/schema\/person\/762da3918eafb33feb573290aa231dee"},"breadcrumb":{"@id":"https:\/\/gobierno.udd.cl\/cips\/2023\/01\/27\/lista-de-espera-el-55-de-los-retrasos-ges-en-cancer-son-por-diagnostico\/#breadcrumb"},"inLanguage":"es","potentialAction":[{"@type":"ReadAction","target":["https:\/\/gobierno.udd.cl\/cips\/2023\/01\/27\/lista-de-espera-el-55-de-los-retrasos-ges-en-cancer-son-por-diagnostico\/"]}]},{"@type":"ImageObject","inLanguage":"es","@id":"https:\/\/gobierno.udd.cl\/cips\/2023\/01\/27\/lista-de-espera-el-55-de-los-retrasos-ges-en-cancer-son-por-diagnostico\/#primaryimage","url":"https:\/\/gobierno.udd.cl\/cips\/files\/2023\/01\/cancer3-scaled.jpg","contentUrl":"https:\/\/gobierno.udd.cl\/cips\/files\/2023\/01\/cancer3-scaled.jpg","width":2560,"height":1707},{"@type":"BreadcrumbList","@id":"https:\/\/gobierno.udd.cl\/cips\/2023\/01\/27\/lista-de-espera-el-55-de-los-retrasos-ges-en-cancer-son-por-diagnostico\/#breadcrumb","itemListElement":[{"@type":"ListItem","position":1,"name":"Portada","item":"https:\/\/gobierno.udd.cl\/cips\/"},{"@type":"ListItem","position":2,"name":"Lista de espera: el 55% de los retrasos GES en c\u00e1ncer son por diagn\u00f3stico"}]},{"@type":"WebSite","@id":"https:\/\/gobierno.udd.cl\/cips\/#website","url":"https:\/\/gobierno.udd.cl\/cips\/","name":"Centro de Pol\u00edticas P\u00fablicas e Innovaci\u00f3n en Salud","description":"CIPS-UDD","inLanguage":"es"},{"@type":"Person","@id":"https:\/\/gobierno.udd.cl\/cips\/#\/schema\/person\/762da3918eafb33feb573290aa231dee","name":"noeliazunino","image":{"@type":"ImageObject","inLanguage":"es","@id":"https:\/\/gobierno.udd.cl\/cips\/#\/schema\/person\/image\/","url":"https:\/\/secure.gravatar.com\/avatar\/e64e90f9b2b0352dcc8ce3f0db101b4437cfff130fdeba871091434d0c61a07d?s=96&d=mm&r=g","contentUrl":"https:\/\/secure.gravatar.com\/avatar\/e64e90f9b2b0352dcc8ce3f0db101b4437cfff130fdeba871091434d0c61a07d?s=96&d=mm&r=g","caption":"noeliazunino"},"url":"https:\/\/gobierno.udd.cl\/cips\/author\/noeliazunino\/"}]}},"featured_image_url":"https:\/\/gobierno.udd.cl\/cips\/files\/2023\/01\/cancer3-scaled.jpg","_links":{"self":[{"href":"https:\/\/gobierno.udd.cl\/cips\/wp-json\/wp\/v2\/posts\/1063","targetHints":{"allow":["GET"]}}],"collection":[{"href":"https:\/\/gobierno.udd.cl\/cips\/wp-json\/wp\/v2\/posts"}],"about":[{"href":"https:\/\/gobierno.udd.cl\/cips\/wp-json\/wp\/v2\/types\/post"}],"author":[{"embeddable":true,"href":"https:\/\/gobierno.udd.cl\/cips\/wp-json\/wp\/v2\/users\/9192237"}],"replies":[{"embeddable":true,"href":"https:\/\/gobierno.udd.cl\/cips\/wp-json\/wp\/v2\/comments?post=1063"}],"version-history":[{"count":2,"href":"https:\/\/gobierno.udd.cl\/cips\/wp-json\/wp\/v2\/posts\/1063\/revisions"}],"predecessor-version":[{"id":1068,"href":"https:\/\/gobierno.udd.cl\/cips\/wp-json\/wp\/v2\/posts\/1063\/revisions\/1068"}],"wp:featuredmedia":[{"embeddable":true,"href":"https:\/\/gobierno.udd.cl\/cips\/wp-json\/wp\/v2\/media\/1064"}],"wp:attachment":[{"href":"https:\/\/gobierno.udd.cl\/cips\/wp-json\/wp\/v2\/media?parent=1063"}],"wp:term":[{"taxonomy":"category","embeddable":true,"href":"https:\/\/gobierno.udd.cl\/cips\/wp-json\/wp\/v2\/categories?post=1063"},{"taxonomy":"post_tag","embeddable":true,"href":"https:\/\/gobierno.udd.cl\/cips\/wp-json\/wp\/v2\/tags?post=1063"}],"curies":[{"name":"wp","href":"https:\/\/api.w.org\/{rel}","templated":true}]}}