{"id":1025,"date":"2023-01-16T12:47:13","date_gmt":"2023-01-16T15:47:13","guid":{"rendered":"https:\/\/gobierno.udd.cl\/cips\/?p=1025"},"modified":"2023-01-16T12:47:15","modified_gmt":"2023-01-16T15:47:15","slug":"paula-daza-expone-en-camara-de-diputados-propuesta-para-reducir-el-gasto-en-medicamentos","status":"publish","type":"post","link":"https:\/\/gobierno.udd.cl\/cips\/2023\/01\/16\/paula-daza-expone-en-camara-de-diputados-propuesta-para-reducir-el-gasto-en-medicamentos\/","title":{"rendered":"Paula Daza expone en C\u00e1mara de Diputados propuesta para reducir el gasto en medicamentos"},"content":{"rendered":"\n<p><em>El Plan Universal de Medicamentos (PUMA) elaborado por CIPS-UDD busca ser una alternativa a corto plazo que ayude a disminuir el gasto en los medicamentos ambulatorios con receta que m\u00e1s se venden en el mercado farmac\u00e9utico. Tras la presentaci\u00f3n en la comisi\u00f3n de salud de la C\u00e1mara, su presidente Tom\u00e1s Lagomarsino propuso que los equipos legislativos de la c\u00e1mara pudieran reunirse y entregarles una propuesta de ley al ministerio de Salud para que el Ejecutivo pueda presentar. <\/em><\/p>\n\n\n\n<p>Durante la tarde de hoy, <strong>Paula Daza<\/strong>, Directora Ejecutiva del <strong>Centro de Pol\u00edticas P\u00fablicas e Innovaci\u00f3n en Salud (CIPS)<\/strong> de la Facultad de Gobierno de la Universidad del Desarrollo, fue invitada a la Comisi\u00f3n de Salud de la C\u00e1mara de Diputados para exponer la propuesta de Plan Universal de Medicamentos Ambulatorios (PUMA), la cual busca disminuir, en el corto plazo, el gasto de bolsillo de toda persona beneficiaria o afiliada a alguna previsi\u00f3n de salud (Fonasa, Isapre y FFAA),<\/p>\n\n\n\n<p>PUMA pretende disminuir el precio a pagar en farmacias por medicamentos ambulatorios. Estos f\u00e1rmacos son aquellos que las personas no hospitalizadas consumen para tratamiento o enfermedad. Los medicamentos ambulatorios que est\u00e1n incluidos en este beneficio, son aquellos que requieren receta m\u00e9dica y que tienen mayor cantidad de ventas. El uso de este beneficio es sin l\u00edmites de uso ni pago de deducibles.<\/p>\n\n\n\n<p>El proyecto PUMA propone que, a trav\u00e9s de un fondo de medicamentos, se financie el 60% del precio de los medicamentos que se incorporan para su cobertura. De esta forma, la persona copagar\u00e1 el 40%, permitiendo un ahorro que podr\u00eda llegar hasta a 75% en los medicamentos considerados, seg\u00fan estimaciones que est\u00e1n en el Plan Universal de Medicamentos Ambulatorios.<\/p>\n\n\n\n<p>Por ejemplo, si actualmente la persona paga $6.409 por un medicamento ambulatorio con recta, con la puesta en marcha de PUMA, el copago promedio podr\u00eda ser de $1.664 pesos por medicamento.<\/p>\n\n\n\n<p><em>\u201cHay personas que pudiendo sacar sus medicamentos de forma gratuita en consultorios, no lo hace por brechas que hay en la ruta del paciente. Se debe disminuir las barreras de acceso a f\u00e1rmacos y analizar todo su sistema: desde la regulaci\u00f3n pasando por la distribuci\u00f3n y las brechas de acceso para los pacientes. Todo este proceso de nuevas pol\u00edticas p\u00fablicas que acorten estas barreras, requiere m\u00e1s tiempo, pero las personas no pueden esperar. Por eso CIPS \u2013 UDD propone esta propuesta que aliviar\u00e1 el bolsillo de muchos chilenos, pero adem\u00e1s evitar\u00e1 que la gente no deje sus tratamientos por falta de cobertura o compren en lugares no autorizados que pueden provocar un peligro en la salud p\u00fablica\u201d<\/em>, expresa la directora ejecutiva de CIPS UDD.<\/p>\n\n\n\n<p>Tras la exposici\u00f3n la diputada Marta Bravo dijo agradeci\u00f3 la presentaci\u00f3n y el trabajo de CIPS UDD en esta materia:  <em>\u201cQuiero agradecer y darle el valor que la academia est\u00e9 presente en crear nuevas estrategias de salud p\u00fablica y que se muestre la importancia de la alianza p\u00fablico \u2013 privado para resolver problemas\u201d<\/em>.<\/p>\n\n\n\n<p>En tanto el diputado Daniel Lilayu enfatiz\u00f3 en que \u201c<em>Creo que en este a\u00f1o que se nos viene la salud es fundamental y el tema de medicamentos\u00a0 lo debemos abordar. Nadie se va a restar de cualquier proyecto de ley que venga del Ejecutivo para que el bolsillo de los chilenos se vea aliviado\u201d<\/em>.<\/p>\n\n\n\n<p>Al ser un proyecto de ley que debe presentarse desde el Ejecutivo, el presidente de la comisi\u00f3n, Tom\u00e1s Lagomarsino, propuso que los equipos legislativos de la c\u00e1mara pudieran reunirse y entregarles una propuesta de ley al ministerio de Salud para que el Ejecutivo pueda presentar.<\/p>\n\n\n<section class=\"wp-block-udd-gallery-carousel wp-carousel-gallery\">\n\t<div class=\"container\">\n\t\t<div\n\t\t\tclass=\"slick-carousel gallery-slick-carousel gallery-carousel--1\"\n\t\t\tdata-slick='{&quot;slidesToScroll&quot;:1,&quot;slidesToShow&quot;:1,&quot;appendDots&quot;:&quot;#dots-69f2f689407b6&quot;,&quot;prevArrow&quot;:&quot;&lt;button type=\\&quot;button\\&quot; class=\\&quot;btn btn-primary slick-prev\\&quot;&gt;&lt;svg class=\\&quot;svg-chevron-left-dims\\&quot;&gt;&lt;use xlink:href=&#039;https:\\\/\\\/gobierno.udd.cl\\\/cips\\\/wp-content\\\/themes\\\/facultades-2018\\\/assets\\\/img\\\/svg\\\/dist\\\/main.svg?version=1695853099#chevron-left&#039;&gt;&lt;\\\/use&gt;&lt;\\\/svg&gt;&lt;span class=\\&quot;sr-only\\&quot;&gt;Anterior&lt;\\\/span&gt;&lt;\\\/button&gt;&quot;,&quot;nextArrow&quot;:&quot;&lt;button type=\\&quot;button\\&quot; class=\\&quot;btn btn-primary slick-next\\&quot;&gt;&lt;svg class=\\&quot;svg-chevron-right-dims\\&quot;&gt;&lt;use xlink:href=&#039;https:\\\/\\\/gobierno.udd.cl\\\/cips\\\/wp-content\\\/themes\\\/facultades-2018\\\/assets\\\/img\\\/svg\\\/dist\\\/main.svg?version=1695853099#chevron-right&#039;&gt;&lt;\\\/use&gt;&lt;\\\/svg&gt;&lt;span class=\\&quot;sr-only\\&quot;&gt;Siguiente&lt;\\\/span&gt;&lt;\\\/button&gt;&quot;,&quot;infinite&quot;:true,&quot;dots&quot;:true}'\n\t\t>\n\t\t\t\t\t\t\t<figure>\n\t\t\t\t\t<img loading=\"lazy\" decoding=\"async\" width=\"1165\" height=\"632\" src=\"https:\/\/gobierno.udd.cl\/cips\/wp-content\/plugins\/wp-async-img-load\/blank.png\" class=\"attachment-1280x720 size-1280x720 lazyload\" alt=\"\" sizes=\"auto, (max-width: 1165px) 100vw, 1165px\" data-src=\"https:\/\/gobierno.udd.cl\/cips\/files\/2023\/01\/diputados1.png\" data-srcset=\"https:\/\/gobierno.udd.cl\/cips\/files\/2023\/01\/diputados1.png 1165w, https:\/\/gobierno.udd.cl\/cips\/files\/2023\/01\/diputados1-300x163.png 300w, https:\/\/gobierno.udd.cl\/cips\/files\/2023\/01\/diputados1-1024x556.png 1024w, https:\/\/gobierno.udd.cl\/cips\/files\/2023\/01\/diputados1-768x417.png 768w\" \/>\t\t\t\t\t\t\t\t\t<\/figure>\n\t\t\t\t\t\t\t<figure>\n\t\t\t\t\t<img loading=\"lazy\" decoding=\"async\" width=\"1007\" height=\"607\" src=\"https:\/\/gobierno.udd.cl\/cips\/wp-content\/plugins\/wp-async-img-load\/blank.png\" class=\"attachment-1280x720 size-1280x720 lazyload\" alt=\"\" sizes=\"auto, (max-width: 1007px) 100vw, 1007px\" data-src=\"https:\/\/gobierno.udd.cl\/cips\/files\/2023\/01\/diputados6.png\" data-srcset=\"https:\/\/gobierno.udd.cl\/cips\/files\/2023\/01\/diputados6.png 1007w, https:\/\/gobierno.udd.cl\/cips\/files\/2023\/01\/diputados6-300x181.png 300w, https:\/\/gobierno.udd.cl\/cips\/files\/2023\/01\/diputados6-768x463.png 768w\" \/>\t\t\t\t\t\t\t\t\t<\/figure>\n\t\t\t\t\t\t\t<figure>\n\t\t\t\t\t<img loading=\"lazy\" decoding=\"async\" width=\"1162\" height=\"638\" src=\"https:\/\/gobierno.udd.cl\/cips\/wp-content\/plugins\/wp-async-img-load\/blank.png\" class=\"attachment-1280x720 size-1280x720 lazyload\" alt=\"\" sizes=\"auto, (max-width: 1162px) 100vw, 1162px\" data-src=\"https:\/\/gobierno.udd.cl\/cips\/files\/2023\/01\/diputados7.png\" data-srcset=\"https:\/\/gobierno.udd.cl\/cips\/files\/2023\/01\/diputados7.png 1162w, https:\/\/gobierno.udd.cl\/cips\/files\/2023\/01\/diputados7-300x165.png 300w, https:\/\/gobierno.udd.cl\/cips\/files\/2023\/01\/diputados7-1024x562.png 1024w, https:\/\/gobierno.udd.cl\/cips\/files\/2023\/01\/diputados7-768x422.png 768w\" \/>\t\t\t\t\t\t\t\t\t<\/figure>\n\t\t\t\t\t\t\t<figure>\n\t\t\t\t\t<img loading=\"lazy\" decoding=\"async\" width=\"1116\" height=\"601\" src=\"https:\/\/gobierno.udd.cl\/cips\/wp-content\/plugins\/wp-async-img-load\/blank.png\" class=\"attachment-1280x720 size-1280x720 lazyload\" alt=\"\" sizes=\"auto, (max-width: 1116px) 100vw, 1116px\" data-src=\"https:\/\/gobierno.udd.cl\/cips\/files\/2023\/01\/diputados8.png\" data-srcset=\"https:\/\/gobierno.udd.cl\/cips\/files\/2023\/01\/diputados8.png 1116w, https:\/\/gobierno.udd.cl\/cips\/files\/2023\/01\/diputados8-300x162.png 300w, https:\/\/gobierno.udd.cl\/cips\/files\/2023\/01\/diputados8-1024x551.png 1024w, https:\/\/gobierno.udd.cl\/cips\/files\/2023\/01\/diputados8-768x414.png 768w\" \/>\t\t\t\t\t\t\t\t\t<\/figure>\n\t\t\t\t\t\t\t<figure>\n\t\t\t\t\t<img loading=\"lazy\" decoding=\"async\" width=\"1143\" height=\"607\" src=\"https:\/\/gobierno.udd.cl\/cips\/wp-content\/plugins\/wp-async-img-load\/blank.png\" class=\"attachment-1280x720 size-1280x720 lazyload\" alt=\"\" sizes=\"auto, (max-width: 1143px) 100vw, 1143px\" data-src=\"https:\/\/gobierno.udd.cl\/cips\/files\/2023\/01\/diputados9.png\" data-srcset=\"https:\/\/gobierno.udd.cl\/cips\/files\/2023\/01\/diputados9.png 1143w, https:\/\/gobierno.udd.cl\/cips\/files\/2023\/01\/diputados9-300x159.png 300w, https:\/\/gobierno.udd.cl\/cips\/files\/2023\/01\/diputados9-1024x544.png 1024w, https:\/\/gobierno.udd.cl\/cips\/files\/2023\/01\/diputados9-768x408.png 768w\" \/>\t\t\t\t\t\t\t\t\t<\/figure>\n\t\t\t\t\t<\/div>\n\t\t<div\n\t\t\tclass=\"carousel-gallery--carousel-dots\"\n\t\t\tid=\"dots-69f2f689407b6\"\n\t\t><\/div>\n\t<\/div>\n<\/section>\n\n\n\n<p><strong>SOLUCI\u00d3N DE RA\u00cdZ<\/strong><\/p>\n\n\n\n<p>Una de las \u00e1reas de estudio que ha desarrollado CIPS-UDD es el acceso a medicamentos por parte de la ciudadan\u00eda. El gasto de bolsillo en salud, es decir, el gasto no reembolsable que realiza cada individuo para el cuidado de su salud, es uno de los m\u00e1s altos entre los pa\u00edses de la OCDE. Adem\u00e1s, la evidencia nacional ha mostrado en diferentes estudios que, en promedio, entre el 30% y 36% de ese gasto, corresponde a la adquisici\u00f3n de f\u00e1rmacos, siendo el \u00edtem que m\u00e1s gasto le genera a las personas.<\/p>\n\n\n\n<p>Teniendo en cuenta que 2022 fue un a\u00f1o econ\u00f3micamente complejo, en CIPS-UDD, se realiz\u00f3 una encuesta para medir la percepci\u00f3n de este gasto en salud. El 88% de los casi mil encuestados afirm\u00f3 que el gasto en medicamentos es un gasto importante para \u00e9l o ella o alg\u00fan integrante de su familia. En el sondeo se profundiz\u00f3 en c\u00f3mo la compra de medicamentos influye en su presupuesto familiar. Las personas pod\u00edan marcar m\u00e1s de una opci\u00f3n. Y las alternativas m\u00e1s mencionadas fueron: en dejar de consumir otras cosas (50%) y en endeudarse (30%). <a href=\"https:\/\/gobierno.udd.cl\/cips\/files\/2022\/12\/gastos-en-medicamentos.pdf\" target=\"_blank\" rel=\"noreferrer noopener\">REVISA AQU\u00cd LA ENCUESTA<\/a><\/p>\n\n\n\n<p><em>\u201cAqu\u00ed vale preguntarse por qu\u00e9 la gente est\u00e1 dejando de consumir bienes y servicios e incluso se est\u00e1 endeudando para poder continuar con su tratamiento, sobre todo si el 80% de la poblaci\u00f3n est\u00e1 en Fonasa y en donde hay un sistema que debiese darle sus medicamentos de forma gratuita a sus beneficiarios\u201d<\/em>, coment\u00f3 el decano de la Facultad de Gobierno, <strong>Eugenio Guzm\u00e1n<\/strong>.<\/p>\n\n\n\n<p>El problema de acceso a medicamentos ambulatorio en el sector p\u00fablico se evidenci\u00f3 en una encuesta de Fonasa de 2021. El 38% de beneficiaros Fonasa que respondi\u00f3 la encuesta, dijeron que no adquirieron sus medicamentos en el consultorio u hospital. El 32% de ellos dijo que opt\u00f3 en comprarlos para obtenerlos m\u00e1s r\u00e1pido y 21% que los compr\u00f3 porque no estaban disponibles en el consultorio. <em>\u201cEsto nos muestra que hay un tema de gesti\u00f3n a largo plazo que debemos mejorar en cuanto a la disponibilidad de medicamentos, tanto en tiempo como en disponibilidad. Hay muchos ecosistemas que confluyen en el \u00e1rea de medicamentos. Por tanto, PUMA apunta a ser una soluci\u00f3n de transici\u00f3n, mientras se acortan las brechas en la ruta del paciente para la adquisici\u00f3n de sus medicamentos, donde la implementaci\u00f3n de \u00e9stas requerir\u00e1 de m\u00e1s tiempo\u201d<\/em>, explica <strong>Daza<\/strong>.<\/p>\n","protected":false},"excerpt":{"rendered":"<p>El Plan Universal de Medicamentos (PUMA) elaborado por CIPS-UDD busca ser una alternativa a corto plazo que ayude a disminuir el gasto en los medicamentos ambulatorios con receta que m\u00e1s se venden en el mercado farmac\u00e9utico. Tras la presentaci\u00f3n en la comisi\u00f3n de salud de la C\u00e1mara, su presidente Tom\u00e1s Lagomarsino propuso que los equipos [&hellip;]<\/p>\n","protected":false},"author":9192237,"featured_media":1026,"comment_status":"open","ping_status":"open","sticky":false,"template":"","format":"standard","meta":{"footnotes":""},"categories":[3],"tags":[15,87,71,38,34,31,14,23],"class_list":["post-1025","post","type-post","status-publish","format-standard","has-post-thumbnail","hentry","category-noticias","tag-cips","tag-cips_udd","tag-cips-udd","tag-covid","tag-covid-19","tag-ministerio-de-salud","tag-paula-daza","tag-universidad-del-desarrollo"],"yoast_head":"<!-- This site is optimized with the Yoast SEO plugin v26.9 - https:\/\/yoast.com\/product\/yoast-seo-wordpress\/ -->\n<title>Paula Daza expone en C\u00e1mara de Diputados propuesta para reducir el gasto en medicamentos - Centro de Pol\u00edticas P\u00fablicas e Innovaci\u00f3n en Salud<\/title>\n<meta name=\"robots\" content=\"index, follow, max-snippet:-1, max-image-preview:large, max-video-preview:-1\" \/>\n<link rel=\"canonical\" href=\"https:\/\/gobierno.udd.cl\/cips\/2023\/01\/16\/paula-daza-expone-en-camara-de-diputados-propuesta-para-reducir-el-gasto-en-medicamentos\/\" \/>\n<meta property=\"og:locale\" content=\"es_ES\" \/>\n<meta property=\"og:type\" content=\"article\" \/>\n<meta property=\"og:title\" content=\"Paula Daza expone en C\u00e1mara de Diputados propuesta para reducir el gasto en medicamentos - Centro de Pol\u00edticas P\u00fablicas e Innovaci\u00f3n en Salud\" \/>\n<meta property=\"og:description\" content=\"El Plan Universal de Medicamentos (PUMA) elaborado por CIPS-UDD busca ser una alternativa a corto plazo que ayude a disminuir el gasto en los medicamentos ambulatorios con receta que m\u00e1s se venden en el mercado farmac\u00e9utico. Tras la presentaci\u00f3n en la comisi\u00f3n de salud de la C\u00e1mara, su presidente Tom\u00e1s Lagomarsino propuso que los equipos [&hellip;]\" \/>\n<meta property=\"og:url\" content=\"https:\/\/gobierno.udd.cl\/cips\/2023\/01\/16\/paula-daza-expone-en-camara-de-diputados-propuesta-para-reducir-el-gasto-en-medicamentos\/\" \/>\n<meta property=\"og:site_name\" content=\"Centro de Pol\u00edticas P\u00fablicas e Innovaci\u00f3n en Salud\" \/>\n<meta property=\"article:publisher\" content=\"https:\/\/www.facebook.com\/CIPS.UDD\" \/>\n<meta property=\"article:published_time\" content=\"2023-01-16T15:47:13+00:00\" \/>\n<meta property=\"article:modified_time\" content=\"2023-01-16T15:47:15+00:00\" \/>\n<meta property=\"og:image\" content=\"https:\/\/gobierno.udd.cl\/cips\/files\/2023\/01\/puma2.jpg\" \/>\n\t<meta property=\"og:image:width\" content=\"1600\" \/>\n\t<meta property=\"og:image:height\" content=\"1200\" \/>\n\t<meta property=\"og:image:type\" content=\"image\/jpeg\" \/>\n<meta name=\"author\" content=\"noeliazunino\" \/>\n<meta name=\"twitter:card\" content=\"summary_large_image\" \/>\n<meta name=\"twitter:creator\" content=\"@CIPS_UDD\" \/>\n<meta name=\"twitter:site\" content=\"@CIPS_UDD\" \/>\n<meta name=\"twitter:label1\" content=\"Escrito por\" \/>\n\t<meta name=\"twitter:data1\" content=\"noeliazunino\" \/>\n\t<meta name=\"twitter:label2\" content=\"Tiempo de lectura\" \/>\n\t<meta name=\"twitter:data2\" content=\"6 minutos\" \/>\n<script type=\"application\/ld+json\" class=\"yoast-schema-graph\">{\"@context\":\"https:\/\/schema.org\",\"@graph\":[{\"@type\":\"Article\",\"@id\":\"https:\/\/gobierno.udd.cl\/cips\/2023\/01\/16\/paula-daza-expone-en-camara-de-diputados-propuesta-para-reducir-el-gasto-en-medicamentos\/#article\",\"isPartOf\":{\"@id\":\"https:\/\/gobierno.udd.cl\/cips\/2023\/01\/16\/paula-daza-expone-en-camara-de-diputados-propuesta-para-reducir-el-gasto-en-medicamentos\/\"},\"author\":{\"name\":\"noeliazunino\",\"@id\":\"https:\/\/gobierno.udd.cl\/cips\/#\/schema\/person\/762da3918eafb33feb573290aa231dee\"},\"headline\":\"Paula Daza expone en C\u00e1mara de Diputados propuesta para reducir el gasto en medicamentos\",\"datePublished\":\"2023-01-16T15:47:13+00:00\",\"dateModified\":\"2023-01-16T15:47:15+00:00\",\"mainEntityOfPage\":{\"@id\":\"https:\/\/gobierno.udd.cl\/cips\/2023\/01\/16\/paula-daza-expone-en-camara-de-diputados-propuesta-para-reducir-el-gasto-en-medicamentos\/\"},\"wordCount\":1042,\"commentCount\":0,\"image\":{\"@id\":\"https:\/\/gobierno.udd.cl\/cips\/2023\/01\/16\/paula-daza-expone-en-camara-de-diputados-propuesta-para-reducir-el-gasto-en-medicamentos\/#primaryimage\"},\"thumbnailUrl\":\"https:\/\/gobierno.udd.cl\/cips\/files\/2023\/01\/puma2.jpg\",\"keywords\":[\"CIPS\",\"cips_udd\",\"CIPS-udd\",\"covid\",\"covid 19\",\"ministerio de salud\",\"Paula Daza\",\"Universidad del Desarrollo\"],\"articleSection\":[\"Noticias\"],\"inLanguage\":\"es\",\"potentialAction\":[{\"@type\":\"CommentAction\",\"name\":\"Comment\",\"target\":[\"https:\/\/gobierno.udd.cl\/cips\/2023\/01\/16\/paula-daza-expone-en-camara-de-diputados-propuesta-para-reducir-el-gasto-en-medicamentos\/#respond\"]}]},{\"@type\":\"WebPage\",\"@id\":\"https:\/\/gobierno.udd.cl\/cips\/2023\/01\/16\/paula-daza-expone-en-camara-de-diputados-propuesta-para-reducir-el-gasto-en-medicamentos\/\",\"url\":\"https:\/\/gobierno.udd.cl\/cips\/2023\/01\/16\/paula-daza-expone-en-camara-de-diputados-propuesta-para-reducir-el-gasto-en-medicamentos\/\",\"name\":\"Paula Daza expone en C\u00e1mara de Diputados propuesta para reducir el gasto en medicamentos - Centro de Pol\u00edticas P\u00fablicas e Innovaci\u00f3n en Salud\",\"isPartOf\":{\"@id\":\"https:\/\/gobierno.udd.cl\/cips\/#website\"},\"primaryImageOfPage\":{\"@id\":\"https:\/\/gobierno.udd.cl\/cips\/2023\/01\/16\/paula-daza-expone-en-camara-de-diputados-propuesta-para-reducir-el-gasto-en-medicamentos\/#primaryimage\"},\"image\":{\"@id\":\"https:\/\/gobierno.udd.cl\/cips\/2023\/01\/16\/paula-daza-expone-en-camara-de-diputados-propuesta-para-reducir-el-gasto-en-medicamentos\/#primaryimage\"},\"thumbnailUrl\":\"https:\/\/gobierno.udd.cl\/cips\/files\/2023\/01\/puma2.jpg\",\"datePublished\":\"2023-01-16T15:47:13+00:00\",\"dateModified\":\"2023-01-16T15:47:15+00:00\",\"author\":{\"@id\":\"https:\/\/gobierno.udd.cl\/cips\/#\/schema\/person\/762da3918eafb33feb573290aa231dee\"},\"breadcrumb\":{\"@id\":\"https:\/\/gobierno.udd.cl\/cips\/2023\/01\/16\/paula-daza-expone-en-camara-de-diputados-propuesta-para-reducir-el-gasto-en-medicamentos\/#breadcrumb\"},\"inLanguage\":\"es\",\"potentialAction\":[{\"@type\":\"ReadAction\",\"target\":[\"https:\/\/gobierno.udd.cl\/cips\/2023\/01\/16\/paula-daza-expone-en-camara-de-diputados-propuesta-para-reducir-el-gasto-en-medicamentos\/\"]}]},{\"@type\":\"ImageObject\",\"inLanguage\":\"es\",\"@id\":\"https:\/\/gobierno.udd.cl\/cips\/2023\/01\/16\/paula-daza-expone-en-camara-de-diputados-propuesta-para-reducir-el-gasto-en-medicamentos\/#primaryimage\",\"url\":\"https:\/\/gobierno.udd.cl\/cips\/files\/2023\/01\/puma2.jpg\",\"contentUrl\":\"https:\/\/gobierno.udd.cl\/cips\/files\/2023\/01\/puma2.jpg\",\"width\":1600,\"height\":1200},{\"@type\":\"BreadcrumbList\",\"@id\":\"https:\/\/gobierno.udd.cl\/cips\/2023\/01\/16\/paula-daza-expone-en-camara-de-diputados-propuesta-para-reducir-el-gasto-en-medicamentos\/#breadcrumb\",\"itemListElement\":[{\"@type\":\"ListItem\",\"position\":1,\"name\":\"Portada\",\"item\":\"https:\/\/gobierno.udd.cl\/cips\/\"},{\"@type\":\"ListItem\",\"position\":2,\"name\":\"Paula Daza expone en C\u00e1mara de Diputados propuesta para reducir el gasto en medicamentos\"}]},{\"@type\":\"WebSite\",\"@id\":\"https:\/\/gobierno.udd.cl\/cips\/#website\",\"url\":\"https:\/\/gobierno.udd.cl\/cips\/\",\"name\":\"Centro de Pol\u00edticas P\u00fablicas e Innovaci\u00f3n en Salud\",\"description\":\"CIPS-UDD\",\"inLanguage\":\"es\"},{\"@type\":\"Person\",\"@id\":\"https:\/\/gobierno.udd.cl\/cips\/#\/schema\/person\/762da3918eafb33feb573290aa231dee\",\"name\":\"noeliazunino\",\"image\":{\"@type\":\"ImageObject\",\"inLanguage\":\"es\",\"@id\":\"https:\/\/gobierno.udd.cl\/cips\/#\/schema\/person\/image\/\",\"url\":\"https:\/\/secure.gravatar.com\/avatar\/e64e90f9b2b0352dcc8ce3f0db101b4437cfff130fdeba871091434d0c61a07d?s=96&d=mm&r=g\",\"contentUrl\":\"https:\/\/secure.gravatar.com\/avatar\/e64e90f9b2b0352dcc8ce3f0db101b4437cfff130fdeba871091434d0c61a07d?s=96&d=mm&r=g\",\"caption\":\"noeliazunino\"},\"url\":\"https:\/\/gobierno.udd.cl\/cips\/author\/noeliazunino\/\"}]}<\/script>\n<!-- \/ Yoast SEO plugin. -->","yoast_head_json":{"title":"Paula Daza expone en C\u00e1mara de Diputados propuesta para reducir el gasto en medicamentos - Centro de Pol\u00edticas P\u00fablicas e Innovaci\u00f3n en Salud","robots":{"index":"index","follow":"follow","max-snippet":"max-snippet:-1","max-image-preview":"max-image-preview:large","max-video-preview":"max-video-preview:-1"},"canonical":"https:\/\/gobierno.udd.cl\/cips\/2023\/01\/16\/paula-daza-expone-en-camara-de-diputados-propuesta-para-reducir-el-gasto-en-medicamentos\/","og_locale":"es_ES","og_type":"article","og_title":"Paula Daza expone en C\u00e1mara de Diputados propuesta para reducir el gasto en medicamentos - Centro de Pol\u00edticas P\u00fablicas e Innovaci\u00f3n en Salud","og_description":"El Plan Universal de Medicamentos (PUMA) elaborado por CIPS-UDD busca ser una alternativa a corto plazo que ayude a disminuir el gasto en los medicamentos ambulatorios con receta que m\u00e1s se venden en el mercado farmac\u00e9utico. Tras la presentaci\u00f3n en la comisi\u00f3n de salud de la C\u00e1mara, su presidente Tom\u00e1s Lagomarsino propuso que los equipos [&hellip;]","og_url":"https:\/\/gobierno.udd.cl\/cips\/2023\/01\/16\/paula-daza-expone-en-camara-de-diputados-propuesta-para-reducir-el-gasto-en-medicamentos\/","og_site_name":"Centro de Pol\u00edticas P\u00fablicas e Innovaci\u00f3n en Salud","article_publisher":"https:\/\/www.facebook.com\/CIPS.UDD","article_published_time":"2023-01-16T15:47:13+00:00","article_modified_time":"2023-01-16T15:47:15+00:00","og_image":[{"width":1600,"height":1200,"url":"https:\/\/gobierno.udd.cl\/cips\/files\/2023\/01\/puma2.jpg","type":"image\/jpeg"}],"author":"noeliazunino","twitter_card":"summary_large_image","twitter_creator":"@CIPS_UDD","twitter_site":"@CIPS_UDD","twitter_misc":{"Escrito por":"noeliazunino","Tiempo de lectura":"6 minutos"},"schema":{"@context":"https:\/\/schema.org","@graph":[{"@type":"Article","@id":"https:\/\/gobierno.udd.cl\/cips\/2023\/01\/16\/paula-daza-expone-en-camara-de-diputados-propuesta-para-reducir-el-gasto-en-medicamentos\/#article","isPartOf":{"@id":"https:\/\/gobierno.udd.cl\/cips\/2023\/01\/16\/paula-daza-expone-en-camara-de-diputados-propuesta-para-reducir-el-gasto-en-medicamentos\/"},"author":{"name":"noeliazunino","@id":"https:\/\/gobierno.udd.cl\/cips\/#\/schema\/person\/762da3918eafb33feb573290aa231dee"},"headline":"Paula Daza expone en C\u00e1mara de Diputados propuesta para reducir el gasto en medicamentos","datePublished":"2023-01-16T15:47:13+00:00","dateModified":"2023-01-16T15:47:15+00:00","mainEntityOfPage":{"@id":"https:\/\/gobierno.udd.cl\/cips\/2023\/01\/16\/paula-daza-expone-en-camara-de-diputados-propuesta-para-reducir-el-gasto-en-medicamentos\/"},"wordCount":1042,"commentCount":0,"image":{"@id":"https:\/\/gobierno.udd.cl\/cips\/2023\/01\/16\/paula-daza-expone-en-camara-de-diputados-propuesta-para-reducir-el-gasto-en-medicamentos\/#primaryimage"},"thumbnailUrl":"https:\/\/gobierno.udd.cl\/cips\/files\/2023\/01\/puma2.jpg","keywords":["CIPS","cips_udd","CIPS-udd","covid","covid 19","ministerio de salud","Paula Daza","Universidad del Desarrollo"],"articleSection":["Noticias"],"inLanguage":"es","potentialAction":[{"@type":"CommentAction","name":"Comment","target":["https:\/\/gobierno.udd.cl\/cips\/2023\/01\/16\/paula-daza-expone-en-camara-de-diputados-propuesta-para-reducir-el-gasto-en-medicamentos\/#respond"]}]},{"@type":"WebPage","@id":"https:\/\/gobierno.udd.cl\/cips\/2023\/01\/16\/paula-daza-expone-en-camara-de-diputados-propuesta-para-reducir-el-gasto-en-medicamentos\/","url":"https:\/\/gobierno.udd.cl\/cips\/2023\/01\/16\/paula-daza-expone-en-camara-de-diputados-propuesta-para-reducir-el-gasto-en-medicamentos\/","name":"Paula Daza expone en C\u00e1mara de Diputados propuesta para reducir el gasto en medicamentos - Centro de Pol\u00edticas P\u00fablicas e Innovaci\u00f3n en Salud","isPartOf":{"@id":"https:\/\/gobierno.udd.cl\/cips\/#website"},"primaryImageOfPage":{"@id":"https:\/\/gobierno.udd.cl\/cips\/2023\/01\/16\/paula-daza-expone-en-camara-de-diputados-propuesta-para-reducir-el-gasto-en-medicamentos\/#primaryimage"},"image":{"@id":"https:\/\/gobierno.udd.cl\/cips\/2023\/01\/16\/paula-daza-expone-en-camara-de-diputados-propuesta-para-reducir-el-gasto-en-medicamentos\/#primaryimage"},"thumbnailUrl":"https:\/\/gobierno.udd.cl\/cips\/files\/2023\/01\/puma2.jpg","datePublished":"2023-01-16T15:47:13+00:00","dateModified":"2023-01-16T15:47:15+00:00","author":{"@id":"https:\/\/gobierno.udd.cl\/cips\/#\/schema\/person\/762da3918eafb33feb573290aa231dee"},"breadcrumb":{"@id":"https:\/\/gobierno.udd.cl\/cips\/2023\/01\/16\/paula-daza-expone-en-camara-de-diputados-propuesta-para-reducir-el-gasto-en-medicamentos\/#breadcrumb"},"inLanguage":"es","potentialAction":[{"@type":"ReadAction","target":["https:\/\/gobierno.udd.cl\/cips\/2023\/01\/16\/paula-daza-expone-en-camara-de-diputados-propuesta-para-reducir-el-gasto-en-medicamentos\/"]}]},{"@type":"ImageObject","inLanguage":"es","@id":"https:\/\/gobierno.udd.cl\/cips\/2023\/01\/16\/paula-daza-expone-en-camara-de-diputados-propuesta-para-reducir-el-gasto-en-medicamentos\/#primaryimage","url":"https:\/\/gobierno.udd.cl\/cips\/files\/2023\/01\/puma2.jpg","contentUrl":"https:\/\/gobierno.udd.cl\/cips\/files\/2023\/01\/puma2.jpg","width":1600,"height":1200},{"@type":"BreadcrumbList","@id":"https:\/\/gobierno.udd.cl\/cips\/2023\/01\/16\/paula-daza-expone-en-camara-de-diputados-propuesta-para-reducir-el-gasto-en-medicamentos\/#breadcrumb","itemListElement":[{"@type":"ListItem","position":1,"name":"Portada","item":"https:\/\/gobierno.udd.cl\/cips\/"},{"@type":"ListItem","position":2,"name":"Paula Daza expone en C\u00e1mara de Diputados propuesta para reducir el gasto en medicamentos"}]},{"@type":"WebSite","@id":"https:\/\/gobierno.udd.cl\/cips\/#website","url":"https:\/\/gobierno.udd.cl\/cips\/","name":"Centro de Pol\u00edticas P\u00fablicas e Innovaci\u00f3n en Salud","description":"CIPS-UDD","inLanguage":"es"},{"@type":"Person","@id":"https:\/\/gobierno.udd.cl\/cips\/#\/schema\/person\/762da3918eafb33feb573290aa231dee","name":"noeliazunino","image":{"@type":"ImageObject","inLanguage":"es","@id":"https:\/\/gobierno.udd.cl\/cips\/#\/schema\/person\/image\/","url":"https:\/\/secure.gravatar.com\/avatar\/e64e90f9b2b0352dcc8ce3f0db101b4437cfff130fdeba871091434d0c61a07d?s=96&d=mm&r=g","contentUrl":"https:\/\/secure.gravatar.com\/avatar\/e64e90f9b2b0352dcc8ce3f0db101b4437cfff130fdeba871091434d0c61a07d?s=96&d=mm&r=g","caption":"noeliazunino"},"url":"https:\/\/gobierno.udd.cl\/cips\/author\/noeliazunino\/"}]}},"featured_image_url":"https:\/\/gobierno.udd.cl\/cips\/files\/2023\/01\/puma2.jpg","_links":{"self":[{"href":"https:\/\/gobierno.udd.cl\/cips\/wp-json\/wp\/v2\/posts\/1025","targetHints":{"allow":["GET"]}}],"collection":[{"href":"https:\/\/gobierno.udd.cl\/cips\/wp-json\/wp\/v2\/posts"}],"about":[{"href":"https:\/\/gobierno.udd.cl\/cips\/wp-json\/wp\/v2\/types\/post"}],"author":[{"embeddable":true,"href":"https:\/\/gobierno.udd.cl\/cips\/wp-json\/wp\/v2\/users\/9192237"}],"replies":[{"embeddable":true,"href":"https:\/\/gobierno.udd.cl\/cips\/wp-json\/wp\/v2\/comments?post=1025"}],"version-history":[{"count":1,"href":"https:\/\/gobierno.udd.cl\/cips\/wp-json\/wp\/v2\/posts\/1025\/revisions"}],"predecessor-version":[{"id":1032,"href":"https:\/\/gobierno.udd.cl\/cips\/wp-json\/wp\/v2\/posts\/1025\/revisions\/1032"}],"wp:featuredmedia":[{"embeddable":true,"href":"https:\/\/gobierno.udd.cl\/cips\/wp-json\/wp\/v2\/media\/1026"}],"wp:attachment":[{"href":"https:\/\/gobierno.udd.cl\/cips\/wp-json\/wp\/v2\/media?parent=1025"}],"wp:term":[{"taxonomy":"category","embeddable":true,"href":"https:\/\/gobierno.udd.cl\/cips\/wp-json\/wp\/v2\/categories?post=1025"},{"taxonomy":"post_tag","embeddable":true,"href":"https:\/\/gobierno.udd.cl\/cips\/wp-json\/wp\/v2\/tags?post=1025"}],"curies":[{"name":"wp","href":"https:\/\/api.w.org\/{rel}","templated":true}]}}