{"id":1001,"date":"2023-01-10T15:02:00","date_gmt":"2023-01-10T18:02:00","guid":{"rendered":"https:\/\/gobierno.udd.cl\/cips\/?p=1001"},"modified":"2023-01-12T16:15:46","modified_gmt":"2023-01-12T19:15:46","slug":"directora-ejecutiva-de-cips-participa-en-voluntariado-sonrie-udd","status":"publish","type":"post","link":"https:\/\/gobierno.udd.cl\/cips\/2023\/01\/10\/directora-ejecutiva-de-cips-participa-en-voluntariado-sonrie-udd\/","title":{"rendered":"Directora Ejecutiva de CIPS participa en voluntariado Sonr\u00ede UDD"},"content":{"rendered":"\n<p><em>Hasta la comuna de LLay LLay lleg\u00f3 Paula Daza, directora del Centro de Pol\u00edticas P\u00fablicas e Innovaci\u00f3n en Salud (CIPS) de la Facultad de Gobierno, para compartir y ser tutora cl\u00ednica de los alumnos que est\u00e1n realizando el voluntariado.<\/em><\/p>\n\n\n\n<p><strong>Sonr\u00ede UDD<\/strong> es un operativo masivo de ayuda a la comunidad, en el cual alumnos de las distintas carreras de la UDD prestan servicios gratuitos y de calidad a la gente m\u00e1s necesitada de una comuna determinada, ejerciendo lo aprendido en sus a\u00f1os acad\u00e9micos y pr\u00e1cticas profesionales.<\/p>\n\n\n\n<p>Una de las comunas donde este verano se realiz\u00f3 el operativo es en Llay Llay, regi\u00f3n de Valpara\u00edso, hasta donde lleg\u00f3 la doctora <strong><a href=\"https:\/\/gobierno.udd.cl\/cips\/quienes-somos-2\/\" target=\"_blank\" rel=\"noreferrer noopener\">Paula Daza<\/a><\/strong>, directora de CIPS y <strong><a href=\"https:\/\/gobierno.udd.cl\/cips\/quienes-somos-2\/\" target=\"_blank\" rel=\"noreferrer noopener\">Camila Skewes<\/a><\/strong>, enfermera matrona y coordinadora del centro.<\/p>\n\n\n\n<figure class=\"wp-block-gallery has-nested-images columns-2 is-cropped is-style-udd-gallery-carousel wp-block-gallery-1 is-layout-flex wp-block-gallery-is-layout-flex\">\n<figure class=\"wp-block-image size-large\"><img loading=\"lazy\" decoding=\"async\" width=\"1024\" height=\"768\" data-id=\"1009\" src=\"https:\/\/gobierno.udd.cl\/cips\/files\/2023\/01\/sonrie-1-1024x768.jpg\" alt=\"\" class=\"wp-image-1009\" srcset=\"https:\/\/gobierno.udd.cl\/cips\/files\/2023\/01\/sonrie-1-1024x768.jpg 1024w, https:\/\/gobierno.udd.cl\/cips\/files\/2023\/01\/sonrie-1-300x225.jpg 300w, https:\/\/gobierno.udd.cl\/cips\/files\/2023\/01\/sonrie-1-768x576.jpg 768w, https:\/\/gobierno.udd.cl\/cips\/files\/2023\/01\/sonrie-1.jpg 1280w\" sizes=\"auto, (max-width: 1024px) 100vw, 1024px\" \/><\/figure>\n\n\n\n<figure class=\"wp-block-image size-large\"><img loading=\"lazy\" decoding=\"async\" width=\"768\" height=\"1024\" data-id=\"1008\" src=\"https:\/\/gobierno.udd.cl\/cips\/files\/2023\/01\/sonrie2-1-768x1024.jpg\" alt=\"\" class=\"wp-image-1008\" srcset=\"https:\/\/gobierno.udd.cl\/cips\/files\/2023\/01\/sonrie2-1-768x1024.jpg 768w, https:\/\/gobierno.udd.cl\/cips\/files\/2023\/01\/sonrie2-1-225x300.jpg 225w, https:\/\/gobierno.udd.cl\/cips\/files\/2023\/01\/sonrie2-1.jpg 960w\" sizes=\"auto, (max-width: 768px) 100vw, 768px\" \/><\/figure>\n<\/figure>\n\n\n\n<p>Ambas estuvieron compartiendo con los estudiantes y atendiendo a pacientes de la comunidad.<\/p>\n\n\n\n<p><em>\u201cEstos operativos son experiencias en donde todos salen beneficiados: alumnos, profesores y vecinos. Ser tutora cl\u00ednica de los alumnos para guiarlos y acompa\u00f1arlos en la atenci\u00f3n de paciente es tambi\u00e9n un aprendizaje para uno como profesional y acad\u00e9mico\u201d<\/em>, dice Daza quien ya ha participado en dos oportunidades en este voluntariado desde su ingreso a la Universidad del Desarrollo en abril de 2022.<\/p>\n","protected":false},"excerpt":{"rendered":"<p>Hasta la comuna de LLay LLay lleg\u00f3 Paula Daza, directora del Centro de Pol\u00edticas P\u00fablicas e Innovaci\u00f3n en Salud (CIPS) de la Facultad de Gobierno, para compartir y ser tutora cl\u00ednica de los alumnos que est\u00e1n realizando el voluntariado. Sonr\u00ede UDD es un operativo masivo de ayuda a la comunidad, en el cual alumnos de [&hellip;]<\/p>\n","protected":false},"author":9192237,"featured_media":1003,"comment_status":"open","ping_status":"open","sticky":false,"template":"","format":"standard","meta":{"footnotes":""},"categories":[3],"tags":[15,87,71,14,148,23],"class_list":["post-1001","post","type-post","status-publish","format-standard","has-post-thumbnail","hentry","category-noticias","tag-cips","tag-cips_udd","tag-cips-udd","tag-paula-daza","tag-sonrie-udd-2","tag-universidad-del-desarrollo"],"yoast_head":"<!-- This site is optimized with the Yoast SEO plugin v26.9 - https:\/\/yoast.com\/product\/yoast-seo-wordpress\/ -->\n<title>Directora Ejecutiva de CIPS participa en voluntariado Sonr\u00ede UDD - Centro de Pol\u00edticas P\u00fablicas e Innovaci\u00f3n en Salud<\/title>\n<meta name=\"robots\" content=\"index, follow, max-snippet:-1, max-image-preview:large, max-video-preview:-1\" \/>\n<link rel=\"canonical\" href=\"https:\/\/gobierno.udd.cl\/cips\/2023\/01\/10\/directora-ejecutiva-de-cips-participa-en-voluntariado-sonrie-udd\/\" \/>\n<meta property=\"og:locale\" content=\"es_ES\" \/>\n<meta property=\"og:type\" content=\"article\" \/>\n<meta property=\"og:title\" content=\"Directora Ejecutiva de CIPS participa en voluntariado Sonr\u00ede UDD - Centro de Pol\u00edticas P\u00fablicas e Innovaci\u00f3n en Salud\" \/>\n<meta property=\"og:description\" content=\"Hasta la comuna de LLay LLay lleg\u00f3 Paula Daza, directora del Centro de Pol\u00edticas P\u00fablicas e Innovaci\u00f3n en Salud (CIPS) de la Facultad de Gobierno, para compartir y ser tutora cl\u00ednica de los alumnos que est\u00e1n realizando el voluntariado. Sonr\u00ede UDD es un operativo masivo de ayuda a la comunidad, en el cual alumnos de [&hellip;]\" \/>\n<meta property=\"og:url\" content=\"https:\/\/gobierno.udd.cl\/cips\/2023\/01\/10\/directora-ejecutiva-de-cips-participa-en-voluntariado-sonrie-udd\/\" \/>\n<meta property=\"og:site_name\" content=\"Centro de Pol\u00edticas P\u00fablicas e Innovaci\u00f3n en Salud\" \/>\n<meta property=\"article:publisher\" content=\"https:\/\/www.facebook.com\/CIPS.UDD\" \/>\n<meta property=\"article:published_time\" content=\"2023-01-10T18:02:00+00:00\" \/>\n<meta property=\"article:modified_time\" content=\"2023-01-12T19:15:46+00:00\" \/>\n<meta property=\"og:image\" content=\"https:\/\/gobierno.udd.cl\/cips\/files\/2023\/01\/sonrie.jpg\" \/>\n\t<meta property=\"og:image:width\" content=\"1280\" \/>\n\t<meta property=\"og:image:height\" content=\"960\" \/>\n\t<meta property=\"og:image:type\" content=\"image\/jpeg\" \/>\n<meta name=\"author\" content=\"noeliazunino\" \/>\n<meta name=\"twitter:card\" content=\"summary_large_image\" \/>\n<meta name=\"twitter:creator\" content=\"@CIPS_UDD\" \/>\n<meta name=\"twitter:site\" content=\"@CIPS_UDD\" \/>\n<meta name=\"twitter:label1\" content=\"Escrito por\" \/>\n\t<meta name=\"twitter:data1\" content=\"noeliazunino\" \/>\n\t<meta name=\"twitter:label2\" content=\"Tiempo de lectura\" \/>\n\t<meta name=\"twitter:data2\" content=\"2 minutos\" \/>\n<script type=\"application\/ld+json\" class=\"yoast-schema-graph\">{\"@context\":\"https:\/\/schema.org\",\"@graph\":[{\"@type\":\"Article\",\"@id\":\"https:\/\/gobierno.udd.cl\/cips\/2023\/01\/10\/directora-ejecutiva-de-cips-participa-en-voluntariado-sonrie-udd\/#article\",\"isPartOf\":{\"@id\":\"https:\/\/gobierno.udd.cl\/cips\/2023\/01\/10\/directora-ejecutiva-de-cips-participa-en-voluntariado-sonrie-udd\/\"},\"author\":{\"name\":\"noeliazunino\",\"@id\":\"https:\/\/gobierno.udd.cl\/cips\/#\/schema\/person\/762da3918eafb33feb573290aa231dee\"},\"headline\":\"Directora Ejecutiva de CIPS participa en voluntariado Sonr\u00ede UDD\",\"datePublished\":\"2023-01-10T18:02:00+00:00\",\"dateModified\":\"2023-01-12T19:15:46+00:00\",\"mainEntityOfPage\":{\"@id\":\"https:\/\/gobierno.udd.cl\/cips\/2023\/01\/10\/directora-ejecutiva-de-cips-participa-en-voluntariado-sonrie-udd\/\"},\"wordCount\":224,\"commentCount\":0,\"image\":{\"@id\":\"https:\/\/gobierno.udd.cl\/cips\/2023\/01\/10\/directora-ejecutiva-de-cips-participa-en-voluntariado-sonrie-udd\/#primaryimage\"},\"thumbnailUrl\":\"https:\/\/gobierno.udd.cl\/cips\/files\/2023\/01\/sonrie.jpg\",\"keywords\":[\"CIPS\",\"cips_udd\",\"CIPS-udd\",\"Paula Daza\",\"sonrie udd\",\"Universidad del Desarrollo\"],\"articleSection\":[\"Noticias\"],\"inLanguage\":\"es\",\"potentialAction\":[{\"@type\":\"CommentAction\",\"name\":\"Comment\",\"target\":[\"https:\/\/gobierno.udd.cl\/cips\/2023\/01\/10\/directora-ejecutiva-de-cips-participa-en-voluntariado-sonrie-udd\/#respond\"]}]},{\"@type\":\"WebPage\",\"@id\":\"https:\/\/gobierno.udd.cl\/cips\/2023\/01\/10\/directora-ejecutiva-de-cips-participa-en-voluntariado-sonrie-udd\/\",\"url\":\"https:\/\/gobierno.udd.cl\/cips\/2023\/01\/10\/directora-ejecutiva-de-cips-participa-en-voluntariado-sonrie-udd\/\",\"name\":\"Directora Ejecutiva de CIPS participa en voluntariado Sonr\u00ede UDD - Centro de Pol\u00edticas P\u00fablicas e Innovaci\u00f3n en Salud\",\"isPartOf\":{\"@id\":\"https:\/\/gobierno.udd.cl\/cips\/#website\"},\"primaryImageOfPage\":{\"@id\":\"https:\/\/gobierno.udd.cl\/cips\/2023\/01\/10\/directora-ejecutiva-de-cips-participa-en-voluntariado-sonrie-udd\/#primaryimage\"},\"image\":{\"@id\":\"https:\/\/gobierno.udd.cl\/cips\/2023\/01\/10\/directora-ejecutiva-de-cips-participa-en-voluntariado-sonrie-udd\/#primaryimage\"},\"thumbnailUrl\":\"https:\/\/gobierno.udd.cl\/cips\/files\/2023\/01\/sonrie.jpg\",\"datePublished\":\"2023-01-10T18:02:00+00:00\",\"dateModified\":\"2023-01-12T19:15:46+00:00\",\"author\":{\"@id\":\"https:\/\/gobierno.udd.cl\/cips\/#\/schema\/person\/762da3918eafb33feb573290aa231dee\"},\"breadcrumb\":{\"@id\":\"https:\/\/gobierno.udd.cl\/cips\/2023\/01\/10\/directora-ejecutiva-de-cips-participa-en-voluntariado-sonrie-udd\/#breadcrumb\"},\"inLanguage\":\"es\",\"potentialAction\":[{\"@type\":\"ReadAction\",\"target\":[\"https:\/\/gobierno.udd.cl\/cips\/2023\/01\/10\/directora-ejecutiva-de-cips-participa-en-voluntariado-sonrie-udd\/\"]}]},{\"@type\":\"ImageObject\",\"inLanguage\":\"es\",\"@id\":\"https:\/\/gobierno.udd.cl\/cips\/2023\/01\/10\/directora-ejecutiva-de-cips-participa-en-voluntariado-sonrie-udd\/#primaryimage\",\"url\":\"https:\/\/gobierno.udd.cl\/cips\/files\/2023\/01\/sonrie.jpg\",\"contentUrl\":\"https:\/\/gobierno.udd.cl\/cips\/files\/2023\/01\/sonrie.jpg\",\"width\":1280,\"height\":960},{\"@type\":\"BreadcrumbList\",\"@id\":\"https:\/\/gobierno.udd.cl\/cips\/2023\/01\/10\/directora-ejecutiva-de-cips-participa-en-voluntariado-sonrie-udd\/#breadcrumb\",\"itemListElement\":[{\"@type\":\"ListItem\",\"position\":1,\"name\":\"Portada\",\"item\":\"https:\/\/gobierno.udd.cl\/cips\/\"},{\"@type\":\"ListItem\",\"position\":2,\"name\":\"Directora Ejecutiva de CIPS participa en voluntariado Sonr\u00ede UDD\"}]},{\"@type\":\"WebSite\",\"@id\":\"https:\/\/gobierno.udd.cl\/cips\/#website\",\"url\":\"https:\/\/gobierno.udd.cl\/cips\/\",\"name\":\"Centro de Pol\u00edticas P\u00fablicas e Innovaci\u00f3n en Salud\",\"description\":\"CIPS-UDD\",\"inLanguage\":\"es\"},{\"@type\":\"Person\",\"@id\":\"https:\/\/gobierno.udd.cl\/cips\/#\/schema\/person\/762da3918eafb33feb573290aa231dee\",\"name\":\"noeliazunino\",\"image\":{\"@type\":\"ImageObject\",\"inLanguage\":\"es\",\"@id\":\"https:\/\/gobierno.udd.cl\/cips\/#\/schema\/person\/image\/\",\"url\":\"https:\/\/secure.gravatar.com\/avatar\/e64e90f9b2b0352dcc8ce3f0db101b4437cfff130fdeba871091434d0c61a07d?s=96&d=mm&r=g\",\"contentUrl\":\"https:\/\/secure.gravatar.com\/avatar\/e64e90f9b2b0352dcc8ce3f0db101b4437cfff130fdeba871091434d0c61a07d?s=96&d=mm&r=g\",\"caption\":\"noeliazunino\"},\"url\":\"https:\/\/gobierno.udd.cl\/cips\/author\/noeliazunino\/\"}]}<\/script>\n<!-- \/ Yoast SEO plugin. -->","yoast_head_json":{"title":"Directora Ejecutiva de CIPS participa en voluntariado Sonr\u00ede UDD - Centro de Pol\u00edticas P\u00fablicas e Innovaci\u00f3n en Salud","robots":{"index":"index","follow":"follow","max-snippet":"max-snippet:-1","max-image-preview":"max-image-preview:large","max-video-preview":"max-video-preview:-1"},"canonical":"https:\/\/gobierno.udd.cl\/cips\/2023\/01\/10\/directora-ejecutiva-de-cips-participa-en-voluntariado-sonrie-udd\/","og_locale":"es_ES","og_type":"article","og_title":"Directora Ejecutiva de CIPS participa en voluntariado Sonr\u00ede UDD - Centro de Pol\u00edticas P\u00fablicas e Innovaci\u00f3n en Salud","og_description":"Hasta la comuna de LLay LLay lleg\u00f3 Paula Daza, directora del Centro de Pol\u00edticas P\u00fablicas e Innovaci\u00f3n en Salud (CIPS) de la Facultad de Gobierno, para compartir y ser tutora cl\u00ednica de los alumnos que est\u00e1n realizando el voluntariado. Sonr\u00ede UDD es un operativo masivo de ayuda a la comunidad, en el cual alumnos de [&hellip;]","og_url":"https:\/\/gobierno.udd.cl\/cips\/2023\/01\/10\/directora-ejecutiva-de-cips-participa-en-voluntariado-sonrie-udd\/","og_site_name":"Centro de Pol\u00edticas P\u00fablicas e Innovaci\u00f3n en Salud","article_publisher":"https:\/\/www.facebook.com\/CIPS.UDD","article_published_time":"2023-01-10T18:02:00+00:00","article_modified_time":"2023-01-12T19:15:46+00:00","og_image":[{"width":1280,"height":960,"url":"https:\/\/gobierno.udd.cl\/cips\/files\/2023\/01\/sonrie.jpg","type":"image\/jpeg"}],"author":"noeliazunino","twitter_card":"summary_large_image","twitter_creator":"@CIPS_UDD","twitter_site":"@CIPS_UDD","twitter_misc":{"Escrito por":"noeliazunino","Tiempo de lectura":"2 minutos"},"schema":{"@context":"https:\/\/schema.org","@graph":[{"@type":"Article","@id":"https:\/\/gobierno.udd.cl\/cips\/2023\/01\/10\/directora-ejecutiva-de-cips-participa-en-voluntariado-sonrie-udd\/#article","isPartOf":{"@id":"https:\/\/gobierno.udd.cl\/cips\/2023\/01\/10\/directora-ejecutiva-de-cips-participa-en-voluntariado-sonrie-udd\/"},"author":{"name":"noeliazunino","@id":"https:\/\/gobierno.udd.cl\/cips\/#\/schema\/person\/762da3918eafb33feb573290aa231dee"},"headline":"Directora Ejecutiva de CIPS participa en voluntariado Sonr\u00ede UDD","datePublished":"2023-01-10T18:02:00+00:00","dateModified":"2023-01-12T19:15:46+00:00","mainEntityOfPage":{"@id":"https:\/\/gobierno.udd.cl\/cips\/2023\/01\/10\/directora-ejecutiva-de-cips-participa-en-voluntariado-sonrie-udd\/"},"wordCount":224,"commentCount":0,"image":{"@id":"https:\/\/gobierno.udd.cl\/cips\/2023\/01\/10\/directora-ejecutiva-de-cips-participa-en-voluntariado-sonrie-udd\/#primaryimage"},"thumbnailUrl":"https:\/\/gobierno.udd.cl\/cips\/files\/2023\/01\/sonrie.jpg","keywords":["CIPS","cips_udd","CIPS-udd","Paula Daza","sonrie udd","Universidad del Desarrollo"],"articleSection":["Noticias"],"inLanguage":"es","potentialAction":[{"@type":"CommentAction","name":"Comment","target":["https:\/\/gobierno.udd.cl\/cips\/2023\/01\/10\/directora-ejecutiva-de-cips-participa-en-voluntariado-sonrie-udd\/#respond"]}]},{"@type":"WebPage","@id":"https:\/\/gobierno.udd.cl\/cips\/2023\/01\/10\/directora-ejecutiva-de-cips-participa-en-voluntariado-sonrie-udd\/","url":"https:\/\/gobierno.udd.cl\/cips\/2023\/01\/10\/directora-ejecutiva-de-cips-participa-en-voluntariado-sonrie-udd\/","name":"Directora Ejecutiva de CIPS participa en voluntariado Sonr\u00ede UDD - Centro de Pol\u00edticas P\u00fablicas e Innovaci\u00f3n en Salud","isPartOf":{"@id":"https:\/\/gobierno.udd.cl\/cips\/#website"},"primaryImageOfPage":{"@id":"https:\/\/gobierno.udd.cl\/cips\/2023\/01\/10\/directora-ejecutiva-de-cips-participa-en-voluntariado-sonrie-udd\/#primaryimage"},"image":{"@id":"https:\/\/gobierno.udd.cl\/cips\/2023\/01\/10\/directora-ejecutiva-de-cips-participa-en-voluntariado-sonrie-udd\/#primaryimage"},"thumbnailUrl":"https:\/\/gobierno.udd.cl\/cips\/files\/2023\/01\/sonrie.jpg","datePublished":"2023-01-10T18:02:00+00:00","dateModified":"2023-01-12T19:15:46+00:00","author":{"@id":"https:\/\/gobierno.udd.cl\/cips\/#\/schema\/person\/762da3918eafb33feb573290aa231dee"},"breadcrumb":{"@id":"https:\/\/gobierno.udd.cl\/cips\/2023\/01\/10\/directora-ejecutiva-de-cips-participa-en-voluntariado-sonrie-udd\/#breadcrumb"},"inLanguage":"es","potentialAction":[{"@type":"ReadAction","target":["https:\/\/gobierno.udd.cl\/cips\/2023\/01\/10\/directora-ejecutiva-de-cips-participa-en-voluntariado-sonrie-udd\/"]}]},{"@type":"ImageObject","inLanguage":"es","@id":"https:\/\/gobierno.udd.cl\/cips\/2023\/01\/10\/directora-ejecutiva-de-cips-participa-en-voluntariado-sonrie-udd\/#primaryimage","url":"https:\/\/gobierno.udd.cl\/cips\/files\/2023\/01\/sonrie.jpg","contentUrl":"https:\/\/gobierno.udd.cl\/cips\/files\/2023\/01\/sonrie.jpg","width":1280,"height":960},{"@type":"BreadcrumbList","@id":"https:\/\/gobierno.udd.cl\/cips\/2023\/01\/10\/directora-ejecutiva-de-cips-participa-en-voluntariado-sonrie-udd\/#breadcrumb","itemListElement":[{"@type":"ListItem","position":1,"name":"Portada","item":"https:\/\/gobierno.udd.cl\/cips\/"},{"@type":"ListItem","position":2,"name":"Directora Ejecutiva de CIPS participa en voluntariado Sonr\u00ede UDD"}]},{"@type":"WebSite","@id":"https:\/\/gobierno.udd.cl\/cips\/#website","url":"https:\/\/gobierno.udd.cl\/cips\/","name":"Centro de Pol\u00edticas P\u00fablicas e Innovaci\u00f3n en Salud","description":"CIPS-UDD","inLanguage":"es"},{"@type":"Person","@id":"https:\/\/gobierno.udd.cl\/cips\/#\/schema\/person\/762da3918eafb33feb573290aa231dee","name":"noeliazunino","image":{"@type":"ImageObject","inLanguage":"es","@id":"https:\/\/gobierno.udd.cl\/cips\/#\/schema\/person\/image\/","url":"https:\/\/secure.gravatar.com\/avatar\/e64e90f9b2b0352dcc8ce3f0db101b4437cfff130fdeba871091434d0c61a07d?s=96&d=mm&r=g","contentUrl":"https:\/\/secure.gravatar.com\/avatar\/e64e90f9b2b0352dcc8ce3f0db101b4437cfff130fdeba871091434d0c61a07d?s=96&d=mm&r=g","caption":"noeliazunino"},"url":"https:\/\/gobierno.udd.cl\/cips\/author\/noeliazunino\/"}]}},"featured_image_url":"https:\/\/gobierno.udd.cl\/cips\/files\/2023\/01\/sonrie.jpg","_links":{"self":[{"href":"https:\/\/gobierno.udd.cl\/cips\/wp-json\/wp\/v2\/posts\/1001","targetHints":{"allow":["GET"]}}],"collection":[{"href":"https:\/\/gobierno.udd.cl\/cips\/wp-json\/wp\/v2\/posts"}],"about":[{"href":"https:\/\/gobierno.udd.cl\/cips\/wp-json\/wp\/v2\/types\/post"}],"author":[{"embeddable":true,"href":"https:\/\/gobierno.udd.cl\/cips\/wp-json\/wp\/v2\/users\/9192237"}],"replies":[{"embeddable":true,"href":"https:\/\/gobierno.udd.cl\/cips\/wp-json\/wp\/v2\/comments?post=1001"}],"version-history":[{"count":3,"href":"https:\/\/gobierno.udd.cl\/cips\/wp-json\/wp\/v2\/posts\/1001\/revisions"}],"predecessor-version":[{"id":1011,"href":"https:\/\/gobierno.udd.cl\/cips\/wp-json\/wp\/v2\/posts\/1001\/revisions\/1011"}],"wp:featuredmedia":[{"embeddable":true,"href":"https:\/\/gobierno.udd.cl\/cips\/wp-json\/wp\/v2\/media\/1003"}],"wp:attachment":[{"href":"https:\/\/gobierno.udd.cl\/cips\/wp-json\/wp\/v2\/media?parent=1001"}],"wp:term":[{"taxonomy":"category","embeddable":true,"href":"https:\/\/gobierno.udd.cl\/cips\/wp-json\/wp\/v2\/categories?post=1001"},{"taxonomy":"post_tag","embeddable":true,"href":"https:\/\/gobierno.udd.cl\/cips\/wp-json\/wp\/v2\/tags?post=1001"}],"curies":[{"name":"wp","href":"https:\/\/api.w.org\/{rel}","templated":true}]}}